{"id":1368,"date":"2016-02-08T16:00:44","date_gmt":"2016-02-08T15:00:44","guid":{"rendered":"http:\/\/wp.kristdemokraterna.se\/mjolby\/?p=1368"},"modified":"2019-01-18T17:48:16","modified_gmt":"2019-01-18T16:48:16","slug":"rapport-fran-arsmotet-2016","status":"publish","type":"post","link":"https:\/\/wp.kristdemokraterna.se\/mjolby\/rapport-fran-arsmotet-2016\/","title":{"rendered":"Rapport fr\u00e5n \u00e5rsm\u00f6tet 2016"},"content":{"rendered":"<div id=\"attachment_1375\" style=\"width: 200px\" class=\"wp-caption alignright\"><img loading=\"lazy\" decoding=\"async\" aria-describedby=\"caption-attachment-1375\" class=\"wp-image-1375\" src=\"http:\/\/wp.kristdemokraterna.se\/mjolby\/files\/2016\/02\/20160206_arsmotebild2_kdmjolby_768px-150x150.jpg\" alt=\"Foto: Gunvor Grans\u00f6 - 20160206_arsmotebild2_kdmjolby_768px\" width=\"190\" height=\"253\" srcset=\"https:\/\/wp.kristdemokraterna.se\/mjolby\/files\/2016\/02\/20160206_arsmotebild2_kdmjolby_768px-225x300.jpg 225w, https:\/\/wp.kristdemokraterna.se\/mjolby\/files\/2016\/02\/20160206_arsmotebild2_kdmjolby_768px.jpg 768w, https:\/\/wp.kristdemokraterna.se\/mjolby\/files\/2016\/02\/20160206_arsmotebild2_kdmjolby_768px-405x540.jpg 405w, https:\/\/wp.kristdemokraterna.se\/mjolby\/files\/2016\/02\/20160206_arsmotebild2_kdmjolby_768px-260x346.jpg 260w, https:\/\/wp.kristdemokraterna.se\/mjolby\/files\/2016\/02\/20160206_arsmotebild2_kdmjolby_768px-84x112.jpg 84w\" sizes=\"auto, (max-width: 190px) 100vw, 190px\" \/><p id=\"caption-attachment-1375\" class=\"wp-caption-text\">Nils-Ingvar Graan blir avtackad av Birger Hagstr\u00f6m f\u00f6r ett sp\u00e4nnande f\u00f6redrag om den kristdemokratiska resan i \u00d6stg\u00f6ta bygd.<\/p><\/div>\n<p>I l\u00f6rdags hade partiavdelningen f\u00f6r Kristdemokraterna i Mj\u00f6lby kommun sitt \u00e5rliga \u00e5rsm\u00f6te.\u00a0Till ordf\u00f6rande f\u00f6r partiet omvaldes Birger Hagstr\u00f6m fr\u00e5n Mantorp.<\/p>\n<p>Som g\u00e4sttalare vid \u00e5rsm\u00f6tet kom Nils-Ingvar &#8221;Nisse&#8221; Graan fr\u00e5n Motala. Han tog oss med p\u00e5 en sp\u00e4nnande politisk resa genom \u00d6sterg\u00f6tland \u00f6ver tid. Han ber\u00e4ttade om sin tid som Kristdemokratisk politiker, allt ifr\u00e5n starten av KDU Mj\u00f6lby med bl.a. Hans Alexandersson (barnbarn till Lewi Petrus) till landstinget och Motala kommun. Vi lyssnade med stort intresse till vad det g\u00e5r att utr\u00e4tta i politiken.<\/p>\n<p>Ulla Claesson, som \u00e4ven varit en av st\u00f6ttepelarna f\u00f6r Kristdemokraterna i Mj\u00f6lbyavdelningen, avtackades efter sina 25 \u00e5r. Hon var avdelningens sekreterare i m\u00e5nga \u00e5r och d\u00e4r haft medlemsansvar. Det \u00e4r av Ulla som kort och blommor har kommit i r\u00e4tt dag och r\u00e4tt tid till medlemmarna.<\/p>\n<p>Partiavdelnings<span style=\"color: #000000\">styrelsen f\u00f6r perioden 2016\/2017 valdes<br \/>\n* Birger Hagstr\u00f6m, ordf\u00f6rande<br \/>\n* Therese Gustafsson, vice ordf\u00f6rande<br \/>\n* Tommy Enback, Bengt-Olof Idmyr, Gunvor Grans\u00f6, ledamot<br \/>\n* Isac Gustafsson, ers\u00e4ttare\u00a0<\/span><\/p>\n<div id=\"attachment_1373\" style=\"width: 310px\" class=\"wp-caption alignnone\"><img loading=\"lazy\" decoding=\"async\" aria-describedby=\"caption-attachment-1373\" class=\"wp-image-1373 size-medium\" src=\"http:\/\/wp.kristdemokraterna.se\/mjolby\/files\/2016\/02\/20160206_arsmotebild1_kdmjolby_819px-300x225.jpg\" alt=\"Foto: Gunvor Grans\u00f6 - 20160206_arsmotebild1_kdmjolby_819px\" width=\"300\" height=\"225\" srcset=\"https:\/\/wp.kristdemokraterna.se\/mjolby\/files\/2016\/02\/20160206_arsmotebild1_kdmjolby_819px-300x225.jpg 300w, https:\/\/wp.kristdemokraterna.se\/mjolby\/files\/2016\/02\/20160206_arsmotebild1_kdmjolby_819px-768x576.jpg 768w, https:\/\/wp.kristdemokraterna.se\/mjolby\/files\/2016\/02\/20160206_arsmotebild1_kdmjolby_819px-540x405.jpg 540w, https:\/\/wp.kristdemokraterna.se\/mjolby\/files\/2016\/02\/20160206_arsmotebild1_kdmjolby_819px-462x346.jpg 462w, https:\/\/wp.kristdemokraterna.se\/mjolby\/files\/2016\/02\/20160206_arsmotebild1_kdmjolby_819px-149x112.jpg 149w, https:\/\/wp.kristdemokraterna.se\/mjolby\/files\/2016\/02\/20160206_arsmotebild1_kdmjolby_819px.jpg 819w\" sizes=\"auto, (max-width: 300px) 100vw, 300px\" \/><p id=\"caption-attachment-1373\" class=\"wp-caption-text\">Nils-Ingvar &#8221;Nisse&#8221; Graan, Ulla Claesson, avtackas av ordf\u00f6rande Birger Hagstr\u00f6m f\u00f6r deras insatser.<\/p><\/div>\n<p><strong><span style=\"color: #0000ff\">Kristdemokraterna<\/span> Mj\u00f6lby<\/strong><\/p>\n","protected":false},"excerpt":{"rendered":"<p>I l\u00f6rdags hade partiavdelningen f\u00f6r Kristdemokraterna i Mj\u00f6lby kommun sitt \u00e5rliga \u00e5rsm\u00f6te.\u00a0Till ordf\u00f6rande f\u00f6r partiet omvaldes Birger Hagstr\u00f6m fr\u00e5n Mantorp. Som g\u00e4sttalare vid \u00e5rsm\u00f6tet kom Nils-Ingvar &#8221;Nisse&#8221; Graan fr\u00e5n Motala. Han tog oss med p\u00e5 en sp\u00e4nnande politisk resa genom \u00d6sterg\u00f6tland \u00f6ver tid. Han ber\u00e4ttade om sin tid som Kristdemokratisk politiker, allt ifr\u00e5n starten av <a class=\"read-more-link\" href=\"https:\/\/wp.kristdemokraterna.se\/mjolby\/rapport-fran-arsmotet-2016\/\">Read More<\/a><\/p>\n","protected":false},"author":433,"featured_media":0,"comment_status":"closed","ping_status":"closed","sticky":false,"template":"","format":"standard","meta":{"_acf_changed":false,"footnotes":""},"categories":[17],"tags":[6],"class_list":["post-1368","post","type-post","status-publish","format-standard","hentry","category-arsmote","tag-arsmote"],"acf":[],"yoast_head":"<!-- This site is optimized with the Yoast SEO plugin v27.4 - https:\/\/yoast.com\/product\/yoast-seo-wordpress\/ -->\n<title>Rapport fr\u00e5n \u00e5rsm\u00f6tet 2016 - Mj\u00f6lby<\/title>\n<meta name=\"robots\" content=\"index, follow, max-snippet:-1, max-image-preview:large, max-video-preview:-1\" \/>\n<link rel=\"canonical\" href=\"https:\/\/wp.kristdemokraterna.se\/mjolby\/rapport-fran-arsmotet-2016\/\" \/>\n<meta property=\"og:locale\" content=\"sv_SE\" \/>\n<meta property=\"og:type\" content=\"article\" \/>\n<meta property=\"og:title\" content=\"Rapport fr\u00e5n \u00e5rsm\u00f6tet 2016 - Mj\u00f6lby\" \/>\n<meta property=\"og:description\" content=\"I l\u00f6rdags hade partiavdelningen f\u00f6r Kristdemokraterna i Mj\u00f6lby kommun sitt \u00e5rliga \u00e5rsm\u00f6te.\u00a0Till ordf\u00f6rande f\u00f6r partiet omvaldes Birger Hagstr\u00f6m fr\u00e5n Mantorp. Som g\u00e4sttalare vid \u00e5rsm\u00f6tet kom Nils-Ingvar &#8221;Nisse&#8221; Graan fr\u00e5n Motala. Han tog oss med p\u00e5 en sp\u00e4nnande politisk resa genom \u00d6sterg\u00f6tland \u00f6ver tid. Han ber\u00e4ttade om sin tid som Kristdemokratisk politiker, allt ifr\u00e5n starten av Read More\" \/>\n<meta property=\"og:url\" content=\"https:\/\/wp.kristdemokraterna.se\/mjolby\/rapport-fran-arsmotet-2016\/\" \/>\n<meta property=\"og:site_name\" content=\"Mj\u00f6lby\" \/>\n<meta property=\"article:published_time\" content=\"2016-02-08T15:00:44+00:00\" \/>\n<meta property=\"article:modified_time\" content=\"2019-01-18T16:48:16+00:00\" \/>\n<meta property=\"og:image\" content=\"http:\/\/wp.kristdemokraterna.se\/mjolby\/files\/2016\/02\/20160206_arsmotebild2_kdmjolby_768px-150x150.jpg\" \/>\n<meta name=\"author\" content=\"mjolby\" \/>\n<meta name=\"twitter:card\" content=\"summary_large_image\" \/>\n<meta name=\"twitter:label1\" content=\"Skriven av\" \/>\n\t<meta name=\"twitter:data1\" content=\"mjolby\" \/>\n\t<meta name=\"twitter:label2\" content=\"Ber\u00e4knad l\u00e4stid\" \/>\n\t<meta name=\"twitter:data2\" content=\"1 minut\" \/>\n<script type=\"application\/ld+json\" class=\"yoast-schema-graph\">{\"@context\":\"https:\\\/\\\/schema.org\",\"@graph\":[{\"@type\":\"Article\",\"@id\":\"https:\\\/\\\/wp.kristdemokraterna.se\\\/mjolby\\\/rapport-fran-arsmotet-2016\\\/#article\",\"isPartOf\":{\"@id\":\"https:\\\/\\\/wp.kristdemokraterna.se\\\/mjolby\\\/rapport-fran-arsmotet-2016\\\/\"},\"author\":{\"name\":\"mjolby\",\"@id\":\"https:\\\/\\\/wp.kristdemokraterna.se\\\/mjolby\\\/#\\\/schema\\\/person\\\/6d62e169e57d7eb21252f7fb8e9fb167\"},\"headline\":\"Rapport fr\u00e5n \u00e5rsm\u00f6tet 2016\",\"datePublished\":\"2016-02-08T15:00:44+00:00\",\"dateModified\":\"2019-01-18T16:48:16+00:00\",\"mainEntityOfPage\":{\"@id\":\"https:\\\/\\\/wp.kristdemokraterna.se\\\/mjolby\\\/rapport-fran-arsmotet-2016\\\/\"},\"wordCount\":242,\"image\":{\"@id\":\"https:\\\/\\\/wp.kristdemokraterna.se\\\/mjolby\\\/rapport-fran-arsmotet-2016\\\/#primaryimage\"},\"thumbnailUrl\":\"http:\\\/\\\/wp.kristdemokraterna.se\\\/mjolby\\\/files\\\/2016\\\/02\\\/20160206_arsmotebild2_kdmjolby_768px-150x150.jpg\",\"keywords\":[\"\u00c5rsm\u00f6te\"],\"articleSection\":[\"\u00c5rsm\u00f6te\"],\"inLanguage\":\"sv-SE\"},{\"@type\":\"WebPage\",\"@id\":\"https:\\\/\\\/wp.kristdemokraterna.se\\\/mjolby\\\/rapport-fran-arsmotet-2016\\\/\",\"url\":\"https:\\\/\\\/wp.kristdemokraterna.se\\\/mjolby\\\/rapport-fran-arsmotet-2016\\\/\",\"name\":\"Rapport fr\u00e5n \u00e5rsm\u00f6tet 2016 - Mj\u00f6lby\",\"isPartOf\":{\"@id\":\"https:\\\/\\\/wp.kristdemokraterna.se\\\/mjolby\\\/#website\"},\"primaryImageOfPage\":{\"@id\":\"https:\\\/\\\/wp.kristdemokraterna.se\\\/mjolby\\\/rapport-fran-arsmotet-2016\\\/#primaryimage\"},\"image\":{\"@id\":\"https:\\\/\\\/wp.kristdemokraterna.se\\\/mjolby\\\/rapport-fran-arsmotet-2016\\\/#primaryimage\"},\"thumbnailUrl\":\"http:\\\/\\\/wp.kristdemokraterna.se\\\/mjolby\\\/files\\\/2016\\\/02\\\/20160206_arsmotebild2_kdmjolby_768px-150x150.jpg\",\"datePublished\":\"2016-02-08T15:00:44+00:00\",\"dateModified\":\"2019-01-18T16:48:16+00:00\",\"author\":{\"@id\":\"https:\\\/\\\/wp.kristdemokraterna.se\\\/mjolby\\\/#\\\/schema\\\/person\\\/6d62e169e57d7eb21252f7fb8e9fb167\"},\"breadcrumb\":{\"@id\":\"https:\\\/\\\/wp.kristdemokraterna.se\\\/mjolby\\\/rapport-fran-arsmotet-2016\\\/#breadcrumb\"},\"inLanguage\":\"sv-SE\",\"potentialAction\":[{\"@type\":\"ReadAction\",\"target\":[\"https:\\\/\\\/wp.kristdemokraterna.se\\\/mjolby\\\/rapport-fran-arsmotet-2016\\\/\"]}]},{\"@type\":\"ImageObject\",\"inLanguage\":\"sv-SE\",\"@id\":\"https:\\\/\\\/wp.kristdemokraterna.se\\\/mjolby\\\/rapport-fran-arsmotet-2016\\\/#primaryimage\",\"url\":\"https:\\\/\\\/wp.kristdemokraterna.se\\\/mjolby\\\/files\\\/2016\\\/02\\\/20160206_arsmotebild2_kdmjolby_768px.jpg\",\"contentUrl\":\"https:\\\/\\\/wp.kristdemokraterna.se\\\/mjolby\\\/files\\\/2016\\\/02\\\/20160206_arsmotebild2_kdmjolby_768px.jpg\",\"width\":768,\"height\":1024},{\"@type\":\"BreadcrumbList\",\"@id\":\"https:\\\/\\\/wp.kristdemokraterna.se\\\/mjolby\\\/rapport-fran-arsmotet-2016\\\/#breadcrumb\",\"itemListElement\":[{\"@type\":\"ListItem\",\"position\":1,\"name\":\"Hem\",\"item\":\"https:\\\/\\\/wp.kristdemokraterna.se\\\/mjolby\\\/\"},{\"@type\":\"ListItem\",\"position\":2,\"name\":\"Rapport fr\u00e5n \u00e5rsm\u00f6tet 2016\"}]},{\"@type\":\"WebSite\",\"@id\":\"https:\\\/\\\/wp.kristdemokraterna.se\\\/mjolby\\\/#website\",\"url\":\"https:\\\/\\\/wp.kristdemokraterna.se\\\/mjolby\\\/\",\"name\":\"Mj\u00f6lby\",\"description\":\"Kristdemokraterna\",\"inLanguage\":\"sv-SE\"},{\"@type\":\"Person\",\"@id\":\"https:\\\/\\\/wp.kristdemokraterna.se\\\/mjolby\\\/#\\\/schema\\\/person\\\/6d62e169e57d7eb21252f7fb8e9fb167\",\"name\":\"mjolby\",\"image\":{\"@type\":\"ImageObject\",\"inLanguage\":\"sv-SE\",\"@id\":\"https:\\\/\\\/secure.gravatar.com\\\/avatar\\\/5b3f6ba44cd46bfc4328665043712cf669b54fc8192200eafbec52b20743e25e?s=96&d=mm&r=g\",\"url\":\"https:\\\/\\\/secure.gravatar.com\\\/avatar\\\/5b3f6ba44cd46bfc4328665043712cf669b54fc8192200eafbec52b20743e25e?s=96&d=mm&r=g\",\"contentUrl\":\"https:\\\/\\\/secure.gravatar.com\\\/avatar\\\/5b3f6ba44cd46bfc4328665043712cf669b54fc8192200eafbec52b20743e25e?s=96&d=mm&r=g\",\"caption\":\"mjolby\"},\"url\":\"https:\\\/\\\/wp.kristdemokraterna.se\\\/mjolby\\\/author\\\/mjolby\\\/\"}]}<\/script>\n<!-- \/ Yoast SEO plugin. -->","yoast_head_json":{"title":"Rapport fr\u00e5n \u00e5rsm\u00f6tet 2016 - Mj\u00f6lby","robots":{"index":"index","follow":"follow","max-snippet":"max-snippet:-1","max-image-preview":"max-image-preview:large","max-video-preview":"max-video-preview:-1"},"canonical":"https:\/\/wp.kristdemokraterna.se\/mjolby\/rapport-fran-arsmotet-2016\/","og_locale":"sv_SE","og_type":"article","og_title":"Rapport fr\u00e5n \u00e5rsm\u00f6tet 2016 - Mj\u00f6lby","og_description":"I l\u00f6rdags hade partiavdelningen f\u00f6r Kristdemokraterna i Mj\u00f6lby kommun sitt \u00e5rliga \u00e5rsm\u00f6te.\u00a0Till ordf\u00f6rande f\u00f6r partiet omvaldes Birger Hagstr\u00f6m fr\u00e5n Mantorp. Som g\u00e4sttalare vid \u00e5rsm\u00f6tet kom Nils-Ingvar &#8221;Nisse&#8221; Graan fr\u00e5n Motala. Han tog oss med p\u00e5 en sp\u00e4nnande politisk resa genom \u00d6sterg\u00f6tland \u00f6ver tid. Han ber\u00e4ttade om sin tid som Kristdemokratisk politiker, allt ifr\u00e5n starten av Read More","og_url":"https:\/\/wp.kristdemokraterna.se\/mjolby\/rapport-fran-arsmotet-2016\/","og_site_name":"Mj\u00f6lby","article_published_time":"2016-02-08T15:00:44+00:00","article_modified_time":"2019-01-18T16:48:16+00:00","og_image":[{"url":"http:\/\/wp.kristdemokraterna.se\/mjolby\/files\/2016\/02\/20160206_arsmotebild2_kdmjolby_768px-150x150.jpg","type":"","width":"","height":""}],"author":"mjolby","twitter_card":"summary_large_image","twitter_misc":{"Skriven av":"mjolby","Ber\u00e4knad l\u00e4stid":"1 minut"},"schema":{"@context":"https:\/\/schema.org","@graph":[{"@type":"Article","@id":"https:\/\/wp.kristdemokraterna.se\/mjolby\/rapport-fran-arsmotet-2016\/#article","isPartOf":{"@id":"https:\/\/wp.kristdemokraterna.se\/mjolby\/rapport-fran-arsmotet-2016\/"},"author":{"name":"mjolby","@id":"https:\/\/wp.kristdemokraterna.se\/mjolby\/#\/schema\/person\/6d62e169e57d7eb21252f7fb8e9fb167"},"headline":"Rapport fr\u00e5n \u00e5rsm\u00f6tet 2016","datePublished":"2016-02-08T15:00:44+00:00","dateModified":"2019-01-18T16:48:16+00:00","mainEntityOfPage":{"@id":"https:\/\/wp.kristdemokraterna.se\/mjolby\/rapport-fran-arsmotet-2016\/"},"wordCount":242,"image":{"@id":"https:\/\/wp.kristdemokraterna.se\/mjolby\/rapport-fran-arsmotet-2016\/#primaryimage"},"thumbnailUrl":"http:\/\/wp.kristdemokraterna.se\/mjolby\/files\/2016\/02\/20160206_arsmotebild2_kdmjolby_768px-150x150.jpg","keywords":["\u00c5rsm\u00f6te"],"articleSection":["\u00c5rsm\u00f6te"],"inLanguage":"sv-SE"},{"@type":"WebPage","@id":"https:\/\/wp.kristdemokraterna.se\/mjolby\/rapport-fran-arsmotet-2016\/","url":"https:\/\/wp.kristdemokraterna.se\/mjolby\/rapport-fran-arsmotet-2016\/","name":"Rapport fr\u00e5n \u00e5rsm\u00f6tet 2016 - Mj\u00f6lby","isPartOf":{"@id":"https:\/\/wp.kristdemokraterna.se\/mjolby\/#website"},"primaryImageOfPage":{"@id":"https:\/\/wp.kristdemokraterna.se\/mjolby\/rapport-fran-arsmotet-2016\/#primaryimage"},"image":{"@id":"https:\/\/wp.kristdemokraterna.se\/mjolby\/rapport-fran-arsmotet-2016\/#primaryimage"},"thumbnailUrl":"http:\/\/wp.kristdemokraterna.se\/mjolby\/files\/2016\/02\/20160206_arsmotebild2_kdmjolby_768px-150x150.jpg","datePublished":"2016-02-08T15:00:44+00:00","dateModified":"2019-01-18T16:48:16+00:00","author":{"@id":"https:\/\/wp.kristdemokraterna.se\/mjolby\/#\/schema\/person\/6d62e169e57d7eb21252f7fb8e9fb167"},"breadcrumb":{"@id":"https:\/\/wp.kristdemokraterna.se\/mjolby\/rapport-fran-arsmotet-2016\/#breadcrumb"},"inLanguage":"sv-SE","potentialAction":[{"@type":"ReadAction","target":["https:\/\/wp.kristdemokraterna.se\/mjolby\/rapport-fran-arsmotet-2016\/"]}]},{"@type":"ImageObject","inLanguage":"sv-SE","@id":"https:\/\/wp.kristdemokraterna.se\/mjolby\/rapport-fran-arsmotet-2016\/#primaryimage","url":"https:\/\/wp.kristdemokraterna.se\/mjolby\/files\/2016\/02\/20160206_arsmotebild2_kdmjolby_768px.jpg","contentUrl":"https:\/\/wp.kristdemokraterna.se\/mjolby\/files\/2016\/02\/20160206_arsmotebild2_kdmjolby_768px.jpg","width":768,"height":1024},{"@type":"BreadcrumbList","@id":"https:\/\/wp.kristdemokraterna.se\/mjolby\/rapport-fran-arsmotet-2016\/#breadcrumb","itemListElement":[{"@type":"ListItem","position":1,"name":"Hem","item":"https:\/\/wp.kristdemokraterna.se\/mjolby\/"},{"@type":"ListItem","position":2,"name":"Rapport fr\u00e5n \u00e5rsm\u00f6tet 2016"}]},{"@type":"WebSite","@id":"https:\/\/wp.kristdemokraterna.se\/mjolby\/#website","url":"https:\/\/wp.kristdemokraterna.se\/mjolby\/","name":"Mj\u00f6lby","description":"Kristdemokraterna","inLanguage":"sv-SE"},{"@type":"Person","@id":"https:\/\/wp.kristdemokraterna.se\/mjolby\/#\/schema\/person\/6d62e169e57d7eb21252f7fb8e9fb167","name":"mjolby","image":{"@type":"ImageObject","inLanguage":"sv-SE","@id":"https:\/\/secure.gravatar.com\/avatar\/5b3f6ba44cd46bfc4328665043712cf669b54fc8192200eafbec52b20743e25e?s=96&d=mm&r=g","url":"https:\/\/secure.gravatar.com\/avatar\/5b3f6ba44cd46bfc4328665043712cf669b54fc8192200eafbec52b20743e25e?s=96&d=mm&r=g","contentUrl":"https:\/\/secure.gravatar.com\/avatar\/5b3f6ba44cd46bfc4328665043712cf669b54fc8192200eafbec52b20743e25e?s=96&d=mm&r=g","caption":"mjolby"},"url":"https:\/\/wp.kristdemokraterna.se\/mjolby\/author\/mjolby\/"}]}},"_links":{"self":[{"href":"https:\/\/wp.kristdemokraterna.se\/mjolby\/wp-json\/wp\/v2\/posts\/1368","targetHints":{"allow":["GET"]}}],"collection":[{"href":"https:\/\/wp.kristdemokraterna.se\/mjolby\/wp-json\/wp\/v2\/posts"}],"about":[{"href":"https:\/\/wp.kristdemokraterna.se\/mjolby\/wp-json\/wp\/v2\/types\/post"}],"author":[{"embeddable":true,"href":"https:\/\/wp.kristdemokraterna.se\/mjolby\/wp-json\/wp\/v2\/users\/433"}],"replies":[{"embeddable":true,"href":"https:\/\/wp.kristdemokraterna.se\/mjolby\/wp-json\/wp\/v2\/comments?post=1368"}],"version-history":[{"count":22,"href":"https:\/\/wp.kristdemokraterna.se\/mjolby\/wp-json\/wp\/v2\/posts\/1368\/revisions"}],"predecessor-version":[{"id":1390,"href":"https:\/\/wp.kristdemokraterna.se\/mjolby\/wp-json\/wp\/v2\/posts\/1368\/revisions\/1390"}],"wp:attachment":[{"href":"https:\/\/wp.kristdemokraterna.se\/mjolby\/wp-json\/wp\/v2\/media?parent=1368"}],"wp:term":[{"taxonomy":"category","embeddable":true,"href":"https:\/\/wp.kristdemokraterna.se\/mjolby\/wp-json\/wp\/v2\/categories?post=1368"},{"taxonomy":"post_tag","embeddable":true,"href":"https:\/\/wp.kristdemokraterna.se\/mjolby\/wp-json\/wp\/v2\/tags?post=1368"}],"curies":[{"name":"wp","href":"https:\/\/api.w.org\/{rel}","templated":true}]}}