{"id":475,"date":"2013-10-16T15:21:10","date_gmt":"2013-10-16T13:21:10","guid":{"rendered":"http:\/\/wp.kristdemokraterna.se\/mjolby\/?p=475"},"modified":"2013-11-28T17:04:46","modified_gmt":"2013-11-28T16:04:46","slug":"medlemsmote20131024","status":"publish","type":"post","link":"https:\/\/wp.kristdemokraterna.se\/mjolby\/medlemsmote20131024\/","title":{"rendered":"Medlemsm\u00f6te tillsammans"},"content":{"rendered":"<p><strong>Medlemsbrev<\/strong><br \/>\nLokalavdelningarna i Motala och Mj\u00f6lby har \u00e5ter ett medlemsm\u00f6te tillsammans. Det \u00e4r nu mindre \u00e4n ett \u00e5r kvar till valet, s\u00e5 det kommer att handla om valf\u00f6rberedelser.<\/p>\n<p>Som ett led i detta har vi bjudit in Per Larsson, politisk sekreterare, och Liselotte Fager, distriktets ombudsman, f\u00f6r att f\u00e5 veta vad som planeras fr\u00e5n riks och distrikt.<\/p>\n<p><img loading=\"lazy\" decoding=\"async\" class=\"alignnone size-medium wp-image-476\" title=\"Per Larsson, Politisk sekreterare, Link\u00f6ping\" alt=\"perlarsson\" src=\"http:\/\/wp.kristdemokraterna.se\/mjolby\/files\/2013\/10\/perlarsson-227x300.jpg\" width=\"227\" height=\"300\" srcset=\"https:\/\/wp.kristdemokraterna.se\/mjolby\/files\/2013\/10\/perlarsson-227x300.jpg 227w, https:\/\/wp.kristdemokraterna.se\/mjolby\/files\/2013\/10\/perlarsson-85x112.jpg 85w, https:\/\/wp.kristdemokraterna.se\/mjolby\/files\/2013\/10\/perlarsson.jpg 237w\" sizes=\"auto, (max-width: 227px) 100vw, 227px\" \/>\u00a0\u00a0<img loading=\"lazy\" decoding=\"async\" class=\"alignnone size-medium wp-image-477\" title=\"Liselotte Fager, distriktets ombudsman, Link\u00f6ping | Foto: Per Larsson\" alt=\"liselottefager\" src=\"http:\/\/wp.kristdemokraterna.se\/mjolby\/files\/2013\/10\/liselottefager-206x300.jpg\" width=\"206\" height=\"300\" srcset=\"https:\/\/wp.kristdemokraterna.se\/mjolby\/files\/2013\/10\/liselottefager-206x300.jpg 206w, https:\/\/wp.kristdemokraterna.se\/mjolby\/files\/2013\/10\/liselottefager-238x346.jpg 238w, https:\/\/wp.kristdemokraterna.se\/mjolby\/files\/2013\/10\/liselottefager-77x112.jpg 77w, https:\/\/wp.kristdemokraterna.se\/mjolby\/files\/2013\/10\/liselottefager.jpg 276w\" sizes=\"auto, (max-width: 206px) 100vw, 206px\" \/><\/p>\n<p>Vi kommer ocks\u00e5 att prata om vad vi ska g\u00e5 fram med lokalt inf\u00f6r valet. Fundera och f\u00f6r g\u00e4rna fram f\u00f6rslag som du skulle vilja ha med i valprogrammet.<\/p>\n<p>Det \u00e4r viktigt att du kommer s\u00e5 vi f\u00e5r en bra start p\u00e5 valr\u00f6relsen!<\/p>\n<p>Vi tr\u00e4ffas<br \/>\n<strong>torsdag 24 oktober kl. 19:00-20:30\u00a0<\/strong><br \/>\n<strong>i Elimkyrkan, Klockv\u00e4gen 1, Mantorp<\/strong><\/p>\n<p><strong>V\u00e4gbeskrivning:<\/strong><br \/>\nSv\u00e4ng ned p\u00e5 H\u00e4radsv\u00e4gen vid Shellmacken och tag sedan in p\u00e5 Klockv\u00e4gen<\/p>\n<p>F\u00f6r ber\u00e4kning av fika \u00e4r det bra om du anm\u00e4ler dig till<br \/>\nMartina Axene tel. 070-38 19 801\u00a0 e-post: martina.axene@kristdemokraterna.se\u00a0\u00a0eller till Birger Hagstr\u00f6m 076-896 93 28.<\/p>\n<p>Kontakta Martina f\u00f6r sam\u00e5kning till Mantorp.<\/p>\n<p><em>Vill redan nu inbjuda till Adventsfest\/auktion i Motala l\u00f6rdag 23\/11\u00a0 kl 10.00. \u00c4ven Mj\u00f6lbymedlemmarna \u00e4r v\u00e4lkomna dit! Platsen \u00e4r 59:an i gamla stan.<\/em><\/p>\n<p><strong>V\u00e4lkommen!<\/strong><\/p>\n<p>Nisse Graan\u00a0\u00a0\u00a0\u00a0\u00a0\u00a0 \u00a0\u00a0\u00a0\u00a0\u00a0\u00a0\u00a0\u00a0\u00a0\u00a0\u00a0\u00a0 Birger Hagstr\u00f6m<br \/>\nordf\u00f6rande\u00a0\u00a0\u00a0\u00a0\u00a0\u00a0\u00a0\u00a0\u00a0 \u00a0\u00a0\u00a0\u00a0\u00a0\u00a0\u00a0\u00a0\u00a0\u00a0\u00a0\u00a0 ordf\u00f6rande<br \/>\nMotalaavdelningen\u00a0\u00a0\u00a0 \u00a0\u00a0\u00a0\u00a0\u00a0\u00a0Mj\u00f6lbyavdelningen<\/p>\n<p><a href=\"http:\/\/wp.kristdemokraterna.se\/mjolby\/files\/2013\/10\/motala-mjolby_medlemsbrev_20131016.pdf\" target=\"_blank\">motala-mjolby_medlemsbrev_20131016<\/a><\/p>\n","protected":false},"excerpt":{"rendered":"<p>Medlemsbrev Lokalavdelningarna i Motala och Mj\u00f6lby har \u00e5ter ett medlemsm\u00f6te tillsammans. Det \u00e4r nu mindre \u00e4n ett \u00e5r kvar till valet, s\u00e5 det kommer att handla om valf\u00f6rberedelser. Som ett led i detta har vi bjudit in Per Larsson, politisk sekreterare, och Liselotte Fager, distriktets ombudsman, f\u00f6r att f\u00e5 veta vad som planeras fr\u00e5n riks <a class=\"read-more-link\" href=\"https:\/\/wp.kristdemokraterna.se\/mjolby\/medlemsmote20131024\/\">Read More<\/a><\/p>\n","protected":false},"author":433,"featured_media":0,"comment_status":"closed","ping_status":"open","sticky":false,"template":"","format":"standard","meta":{"_acf_changed":false,"footnotes":""},"categories":[7,8],"tags":[15,16],"class_list":["post-475","post","type-post","status-publish","format-standard","hentry","category-medlemsmote","category-motala","tag-medlemsmote","tag-motala"],"acf":[],"yoast_head":"<!-- This site is optimized with the Yoast SEO plugin v27.4 - https:\/\/yoast.com\/product\/yoast-seo-wordpress\/ -->\n<title>Medlemsm\u00f6te tillsammans - Mj\u00f6lby<\/title>\n<meta name=\"robots\" content=\"index, follow, max-snippet:-1, max-image-preview:large, max-video-preview:-1\" \/>\n<link rel=\"canonical\" href=\"https:\/\/wp.kristdemokraterna.se\/mjolby\/medlemsmote20131024\/\" \/>\n<meta property=\"og:locale\" content=\"sv_SE\" \/>\n<meta property=\"og:type\" content=\"article\" \/>\n<meta property=\"og:title\" content=\"Medlemsm\u00f6te tillsammans - Mj\u00f6lby\" \/>\n<meta property=\"og:description\" content=\"Medlemsbrev Lokalavdelningarna i Motala och Mj\u00f6lby har \u00e5ter ett medlemsm\u00f6te tillsammans. Det \u00e4r nu mindre \u00e4n ett \u00e5r kvar till valet, s\u00e5 det kommer att handla om valf\u00f6rberedelser. Som ett led i detta har vi bjudit in Per Larsson, politisk sekreterare, och Liselotte Fager, distriktets ombudsman, f\u00f6r att f\u00e5 veta vad som planeras fr\u00e5n riks Read More\" \/>\n<meta property=\"og:url\" content=\"https:\/\/wp.kristdemokraterna.se\/mjolby\/medlemsmote20131024\/\" \/>\n<meta property=\"og:site_name\" content=\"Mj\u00f6lby\" \/>\n<meta property=\"article:published_time\" content=\"2013-10-16T13:21:10+00:00\" \/>\n<meta property=\"article:modified_time\" content=\"2013-11-28T16:04:46+00:00\" \/>\n<meta property=\"og:image\" content=\"http:\/\/wp.kristdemokraterna.se\/mjolby\/files\/2013\/10\/perlarsson-227x300.jpg\" \/>\n<meta name=\"author\" content=\"mjolby\" \/>\n<meta name=\"twitter:card\" content=\"summary_large_image\" \/>\n<meta name=\"twitter:label1\" content=\"Skriven av\" \/>\n\t<meta name=\"twitter:data1\" content=\"mjolby\" \/>\n\t<meta name=\"twitter:label2\" content=\"Ber\u00e4knad l\u00e4stid\" \/>\n\t<meta name=\"twitter:data2\" content=\"1 minut\" \/>\n<script type=\"application\/ld+json\" class=\"yoast-schema-graph\">{\"@context\":\"https:\\\/\\\/schema.org\",\"@graph\":[{\"@type\":\"Article\",\"@id\":\"https:\\\/\\\/wp.kristdemokraterna.se\\\/mjolby\\\/medlemsmote20131024\\\/#article\",\"isPartOf\":{\"@id\":\"https:\\\/\\\/wp.kristdemokraterna.se\\\/mjolby\\\/medlemsmote20131024\\\/\"},\"author\":{\"name\":\"mjolby\",\"@id\":\"https:\\\/\\\/wp.kristdemokraterna.se\\\/mjolby\\\/#\\\/schema\\\/person\\\/6d62e169e57d7eb21252f7fb8e9fb167\"},\"headline\":\"Medlemsm\u00f6te tillsammans\",\"datePublished\":\"2013-10-16T13:21:10+00:00\",\"dateModified\":\"2013-11-28T16:04:46+00:00\",\"mainEntityOfPage\":{\"@id\":\"https:\\\/\\\/wp.kristdemokraterna.se\\\/mjolby\\\/medlemsmote20131024\\\/\"},\"wordCount\":223,\"image\":{\"@id\":\"https:\\\/\\\/wp.kristdemokraterna.se\\\/mjolby\\\/medlemsmote20131024\\\/#primaryimage\"},\"thumbnailUrl\":\"http:\\\/\\\/wp.kristdemokraterna.se\\\/mjolby\\\/files\\\/2013\\\/10\\\/perlarsson-227x300.jpg\",\"keywords\":[\"Medlemsm\u00f6te\",\"Motala\"],\"articleSection\":[\"Medlemsm\u00f6te\",\"Motala\"],\"inLanguage\":\"sv-SE\"},{\"@type\":\"WebPage\",\"@id\":\"https:\\\/\\\/wp.kristdemokraterna.se\\\/mjolby\\\/medlemsmote20131024\\\/\",\"url\":\"https:\\\/\\\/wp.kristdemokraterna.se\\\/mjolby\\\/medlemsmote20131024\\\/\",\"name\":\"Medlemsm\u00f6te tillsammans - Mj\u00f6lby\",\"isPartOf\":{\"@id\":\"https:\\\/\\\/wp.kristdemokraterna.se\\\/mjolby\\\/#website\"},\"primaryImageOfPage\":{\"@id\":\"https:\\\/\\\/wp.kristdemokraterna.se\\\/mjolby\\\/medlemsmote20131024\\\/#primaryimage\"},\"image\":{\"@id\":\"https:\\\/\\\/wp.kristdemokraterna.se\\\/mjolby\\\/medlemsmote20131024\\\/#primaryimage\"},\"thumbnailUrl\":\"http:\\\/\\\/wp.kristdemokraterna.se\\\/mjolby\\\/files\\\/2013\\\/10\\\/perlarsson-227x300.jpg\",\"datePublished\":\"2013-10-16T13:21:10+00:00\",\"dateModified\":\"2013-11-28T16:04:46+00:00\",\"author\":{\"@id\":\"https:\\\/\\\/wp.kristdemokraterna.se\\\/mjolby\\\/#\\\/schema\\\/person\\\/6d62e169e57d7eb21252f7fb8e9fb167\"},\"breadcrumb\":{\"@id\":\"https:\\\/\\\/wp.kristdemokraterna.se\\\/mjolby\\\/medlemsmote20131024\\\/#breadcrumb\"},\"inLanguage\":\"sv-SE\",\"potentialAction\":[{\"@type\":\"ReadAction\",\"target\":[\"https:\\\/\\\/wp.kristdemokraterna.se\\\/mjolby\\\/medlemsmote20131024\\\/\"]}]},{\"@type\":\"ImageObject\",\"inLanguage\":\"sv-SE\",\"@id\":\"https:\\\/\\\/wp.kristdemokraterna.se\\\/mjolby\\\/medlemsmote20131024\\\/#primaryimage\",\"url\":\"https:\\\/\\\/wp.kristdemokraterna.se\\\/mjolby\\\/files\\\/2013\\\/10\\\/perlarsson.jpg\",\"contentUrl\":\"https:\\\/\\\/wp.kristdemokraterna.se\\\/mjolby\\\/files\\\/2013\\\/10\\\/perlarsson.jpg\",\"width\":237,\"height\":312},{\"@type\":\"BreadcrumbList\",\"@id\":\"https:\\\/\\\/wp.kristdemokraterna.se\\\/mjolby\\\/medlemsmote20131024\\\/#breadcrumb\",\"itemListElement\":[{\"@type\":\"ListItem\",\"position\":1,\"name\":\"Hem\",\"item\":\"https:\\\/\\\/wp.kristdemokraterna.se\\\/mjolby\\\/\"},{\"@type\":\"ListItem\",\"position\":2,\"name\":\"Medlemsm\u00f6te tillsammans\"}]},{\"@type\":\"WebSite\",\"@id\":\"https:\\\/\\\/wp.kristdemokraterna.se\\\/mjolby\\\/#website\",\"url\":\"https:\\\/\\\/wp.kristdemokraterna.se\\\/mjolby\\\/\",\"name\":\"Mj\u00f6lby\",\"description\":\"Kristdemokraterna\",\"inLanguage\":\"sv-SE\"},{\"@type\":\"Person\",\"@id\":\"https:\\\/\\\/wp.kristdemokraterna.se\\\/mjolby\\\/#\\\/schema\\\/person\\\/6d62e169e57d7eb21252f7fb8e9fb167\",\"name\":\"mjolby\",\"image\":{\"@type\":\"ImageObject\",\"inLanguage\":\"sv-SE\",\"@id\":\"https:\\\/\\\/secure.gravatar.com\\\/avatar\\\/5b3f6ba44cd46bfc4328665043712cf669b54fc8192200eafbec52b20743e25e?s=96&d=mm&r=g\",\"url\":\"https:\\\/\\\/secure.gravatar.com\\\/avatar\\\/5b3f6ba44cd46bfc4328665043712cf669b54fc8192200eafbec52b20743e25e?s=96&d=mm&r=g\",\"contentUrl\":\"https:\\\/\\\/secure.gravatar.com\\\/avatar\\\/5b3f6ba44cd46bfc4328665043712cf669b54fc8192200eafbec52b20743e25e?s=96&d=mm&r=g\",\"caption\":\"mjolby\"},\"url\":\"https:\\\/\\\/wp.kristdemokraterna.se\\\/mjolby\\\/author\\\/mjolby\\\/\"}]}<\/script>\n<!-- \/ Yoast SEO plugin. -->","yoast_head_json":{"title":"Medlemsm\u00f6te tillsammans - Mj\u00f6lby","robots":{"index":"index","follow":"follow","max-snippet":"max-snippet:-1","max-image-preview":"max-image-preview:large","max-video-preview":"max-video-preview:-1"},"canonical":"https:\/\/wp.kristdemokraterna.se\/mjolby\/medlemsmote20131024\/","og_locale":"sv_SE","og_type":"article","og_title":"Medlemsm\u00f6te tillsammans - Mj\u00f6lby","og_description":"Medlemsbrev Lokalavdelningarna i Motala och Mj\u00f6lby har \u00e5ter ett medlemsm\u00f6te tillsammans. Det \u00e4r nu mindre \u00e4n ett \u00e5r kvar till valet, s\u00e5 det kommer att handla om valf\u00f6rberedelser. Som ett led i detta har vi bjudit in Per Larsson, politisk sekreterare, och Liselotte Fager, distriktets ombudsman, f\u00f6r att f\u00e5 veta vad som planeras fr\u00e5n riks Read More","og_url":"https:\/\/wp.kristdemokraterna.se\/mjolby\/medlemsmote20131024\/","og_site_name":"Mj\u00f6lby","article_published_time":"2013-10-16T13:21:10+00:00","article_modified_time":"2013-11-28T16:04:46+00:00","og_image":[{"url":"http:\/\/wp.kristdemokraterna.se\/mjolby\/files\/2013\/10\/perlarsson-227x300.jpg","type":"","width":"","height":""}],"author":"mjolby","twitter_card":"summary_large_image","twitter_misc":{"Skriven av":"mjolby","Ber\u00e4knad l\u00e4stid":"1 minut"},"schema":{"@context":"https:\/\/schema.org","@graph":[{"@type":"Article","@id":"https:\/\/wp.kristdemokraterna.se\/mjolby\/medlemsmote20131024\/#article","isPartOf":{"@id":"https:\/\/wp.kristdemokraterna.se\/mjolby\/medlemsmote20131024\/"},"author":{"name":"mjolby","@id":"https:\/\/wp.kristdemokraterna.se\/mjolby\/#\/schema\/person\/6d62e169e57d7eb21252f7fb8e9fb167"},"headline":"Medlemsm\u00f6te tillsammans","datePublished":"2013-10-16T13:21:10+00:00","dateModified":"2013-11-28T16:04:46+00:00","mainEntityOfPage":{"@id":"https:\/\/wp.kristdemokraterna.se\/mjolby\/medlemsmote20131024\/"},"wordCount":223,"image":{"@id":"https:\/\/wp.kristdemokraterna.se\/mjolby\/medlemsmote20131024\/#primaryimage"},"thumbnailUrl":"http:\/\/wp.kristdemokraterna.se\/mjolby\/files\/2013\/10\/perlarsson-227x300.jpg","keywords":["Medlemsm\u00f6te","Motala"],"articleSection":["Medlemsm\u00f6te","Motala"],"inLanguage":"sv-SE"},{"@type":"WebPage","@id":"https:\/\/wp.kristdemokraterna.se\/mjolby\/medlemsmote20131024\/","url":"https:\/\/wp.kristdemokraterna.se\/mjolby\/medlemsmote20131024\/","name":"Medlemsm\u00f6te tillsammans - Mj\u00f6lby","isPartOf":{"@id":"https:\/\/wp.kristdemokraterna.se\/mjolby\/#website"},"primaryImageOfPage":{"@id":"https:\/\/wp.kristdemokraterna.se\/mjolby\/medlemsmote20131024\/#primaryimage"},"image":{"@id":"https:\/\/wp.kristdemokraterna.se\/mjolby\/medlemsmote20131024\/#primaryimage"},"thumbnailUrl":"http:\/\/wp.kristdemokraterna.se\/mjolby\/files\/2013\/10\/perlarsson-227x300.jpg","datePublished":"2013-10-16T13:21:10+00:00","dateModified":"2013-11-28T16:04:46+00:00","author":{"@id":"https:\/\/wp.kristdemokraterna.se\/mjolby\/#\/schema\/person\/6d62e169e57d7eb21252f7fb8e9fb167"},"breadcrumb":{"@id":"https:\/\/wp.kristdemokraterna.se\/mjolby\/medlemsmote20131024\/#breadcrumb"},"inLanguage":"sv-SE","potentialAction":[{"@type":"ReadAction","target":["https:\/\/wp.kristdemokraterna.se\/mjolby\/medlemsmote20131024\/"]}]},{"@type":"ImageObject","inLanguage":"sv-SE","@id":"https:\/\/wp.kristdemokraterna.se\/mjolby\/medlemsmote20131024\/#primaryimage","url":"https:\/\/wp.kristdemokraterna.se\/mjolby\/files\/2013\/10\/perlarsson.jpg","contentUrl":"https:\/\/wp.kristdemokraterna.se\/mjolby\/files\/2013\/10\/perlarsson.jpg","width":237,"height":312},{"@type":"BreadcrumbList","@id":"https:\/\/wp.kristdemokraterna.se\/mjolby\/medlemsmote20131024\/#breadcrumb","itemListElement":[{"@type":"ListItem","position":1,"name":"Hem","item":"https:\/\/wp.kristdemokraterna.se\/mjolby\/"},{"@type":"ListItem","position":2,"name":"Medlemsm\u00f6te tillsammans"}]},{"@type":"WebSite","@id":"https:\/\/wp.kristdemokraterna.se\/mjolby\/#website","url":"https:\/\/wp.kristdemokraterna.se\/mjolby\/","name":"Mj\u00f6lby","description":"Kristdemokraterna","inLanguage":"sv-SE"},{"@type":"Person","@id":"https:\/\/wp.kristdemokraterna.se\/mjolby\/#\/schema\/person\/6d62e169e57d7eb21252f7fb8e9fb167","name":"mjolby","image":{"@type":"ImageObject","inLanguage":"sv-SE","@id":"https:\/\/secure.gravatar.com\/avatar\/5b3f6ba44cd46bfc4328665043712cf669b54fc8192200eafbec52b20743e25e?s=96&d=mm&r=g","url":"https:\/\/secure.gravatar.com\/avatar\/5b3f6ba44cd46bfc4328665043712cf669b54fc8192200eafbec52b20743e25e?s=96&d=mm&r=g","contentUrl":"https:\/\/secure.gravatar.com\/avatar\/5b3f6ba44cd46bfc4328665043712cf669b54fc8192200eafbec52b20743e25e?s=96&d=mm&r=g","caption":"mjolby"},"url":"https:\/\/wp.kristdemokraterna.se\/mjolby\/author\/mjolby\/"}]}},"_links":{"self":[{"href":"https:\/\/wp.kristdemokraterna.se\/mjolby\/wp-json\/wp\/v2\/posts\/475","targetHints":{"allow":["GET"]}}],"collection":[{"href":"https:\/\/wp.kristdemokraterna.se\/mjolby\/wp-json\/wp\/v2\/posts"}],"about":[{"href":"https:\/\/wp.kristdemokraterna.se\/mjolby\/wp-json\/wp\/v2\/types\/post"}],"author":[{"embeddable":true,"href":"https:\/\/wp.kristdemokraterna.se\/mjolby\/wp-json\/wp\/v2\/users\/433"}],"replies":[{"embeddable":true,"href":"https:\/\/wp.kristdemokraterna.se\/mjolby\/wp-json\/wp\/v2\/comments?post=475"}],"version-history":[{"count":14,"href":"https:\/\/wp.kristdemokraterna.se\/mjolby\/wp-json\/wp\/v2\/posts\/475\/revisions"}],"predecessor-version":[{"id":628,"href":"https:\/\/wp.kristdemokraterna.se\/mjolby\/wp-json\/wp\/v2\/posts\/475\/revisions\/628"}],"wp:attachment":[{"href":"https:\/\/wp.kristdemokraterna.se\/mjolby\/wp-json\/wp\/v2\/media?parent=475"}],"wp:term":[{"taxonomy":"category","embeddable":true,"href":"https:\/\/wp.kristdemokraterna.se\/mjolby\/wp-json\/wp\/v2\/categories?post=475"},{"taxonomy":"post_tag","embeddable":true,"href":"https:\/\/wp.kristdemokraterna.se\/mjolby\/wp-json\/wp\/v2\/tags?post=475"}],"curies":[{"name":"wp","href":"https:\/\/api.w.org\/{rel}","templated":true}]}}