{"id":629,"date":"2013-03-28T12:47:14","date_gmt":"2013-03-28T11:47:14","guid":{"rendered":"http:\/\/wp.kristdemokraterna.se\/mjolby\/?p=629"},"modified":"2013-11-29T11:38:30","modified_gmt":"2013-11-29T10:38:30","slug":"glad-pask-2013","status":"publish","type":"post","link":"https:\/\/wp.kristdemokraterna.se\/mjolby\/glad-pask-2013\/","title":{"rendered":"Glad P\u00e5sk"},"content":{"rendered":"<p><strong><img loading=\"lazy\" decoding=\"async\" class=\"alignnone  wp-image-632\" title=\"Glad P\u00e5sk | Foto Lars-Johan Sunnerberg\" alt=\"IMG_6620\" src=\"http:\/\/wp.kristdemokraterna.se\/mjolby\/files\/2013\/03\/IMG_6620-540x403.jpg\" width=\"540\" height=\"403\" srcset=\"https:\/\/wp.kristdemokraterna.se\/mjolby\/files\/2013\/03\/IMG_6620-540x403.jpg 540w, https:\/\/wp.kristdemokraterna.se\/mjolby\/files\/2013\/03\/IMG_6620-300x224.jpg 300w, https:\/\/wp.kristdemokraterna.se\/mjolby\/files\/2013\/03\/IMG_6620-600x448.jpg 600w, https:\/\/wp.kristdemokraterna.se\/mjolby\/files\/2013\/03\/IMG_6620-463x346.jpg 463w, https:\/\/wp.kristdemokraterna.se\/mjolby\/files\/2013\/03\/IMG_6620-149x112.jpg 149w\" sizes=\"auto, (max-width: 540px) 100vw, 540px\" \/><br \/>\nKristdemokraterna i Mj\u00f6lby<\/strong><br \/>\n\u00f6nskar er alla en h\u00e4rlig Glad P\u00e5sk.<\/p>\n","protected":false},"excerpt":{"rendered":"<p>Kristdemokraterna i Mj\u00f6lby \u00f6nskar er alla en h\u00e4rlig Glad P\u00e5sk.<\/p>\n","protected":false},"author":433,"featured_media":0,"comment_status":"closed","ping_status":"open","sticky":false,"template":"","format":"standard","meta":{"_acf_changed":false,"footnotes":""},"categories":[1],"tags":[],"class_list":["post-629","post","type-post","status-publish","format-standard","hentry","category-okategoriserade"],"acf":[],"yoast_head":"<!-- This site is optimized with the Yoast SEO plugin v27.4 - https:\/\/yoast.com\/product\/yoast-seo-wordpress\/ -->\n<title>Glad P\u00e5sk - Mj\u00f6lby<\/title>\n<meta name=\"robots\" content=\"index, follow, max-snippet:-1, max-image-preview:large, max-video-preview:-1\" \/>\n<link rel=\"canonical\" href=\"https:\/\/wp.kristdemokraterna.se\/mjolby\/glad-pask-2013\/\" \/>\n<meta property=\"og:locale\" content=\"sv_SE\" \/>\n<meta property=\"og:type\" content=\"article\" \/>\n<meta property=\"og:title\" content=\"Glad P\u00e5sk - Mj\u00f6lby\" \/>\n<meta property=\"og:description\" content=\"Kristdemokraterna i Mj\u00f6lby \u00f6nskar er alla en h\u00e4rlig Glad P\u00e5sk.\" \/>\n<meta property=\"og:url\" content=\"https:\/\/wp.kristdemokraterna.se\/mjolby\/glad-pask-2013\/\" \/>\n<meta property=\"og:site_name\" content=\"Mj\u00f6lby\" \/>\n<meta property=\"article:published_time\" content=\"2013-03-28T11:47:14+00:00\" \/>\n<meta property=\"article:modified_time\" content=\"2013-11-29T10:38:30+00:00\" \/>\n<meta property=\"og:image\" content=\"http:\/\/wp.kristdemokraterna.se\/mjolby\/files\/2013\/03\/IMG_6620-540x403.jpg\" \/>\n<meta name=\"author\" content=\"mjolby\" \/>\n<meta name=\"twitter:card\" content=\"summary_large_image\" \/>\n<meta name=\"twitter:label1\" content=\"Skriven av\" \/>\n\t<meta name=\"twitter:data1\" content=\"mjolby\" \/>\n<script type=\"application\/ld+json\" class=\"yoast-schema-graph\">{\"@context\":\"https:\\\/\\\/schema.org\",\"@graph\":[{\"@type\":\"Article\",\"@id\":\"https:\\\/\\\/wp.kristdemokraterna.se\\\/mjolby\\\/glad-pask-2013\\\/#article\",\"isPartOf\":{\"@id\":\"https:\\\/\\\/wp.kristdemokraterna.se\\\/mjolby\\\/glad-pask-2013\\\/\"},\"author\":{\"name\":\"mjolby\",\"@id\":\"https:\\\/\\\/wp.kristdemokraterna.se\\\/mjolby\\\/#\\\/schema\\\/person\\\/6d62e169e57d7eb21252f7fb8e9fb167\"},\"headline\":\"Glad P\u00e5sk\",\"datePublished\":\"2013-03-28T11:47:14+00:00\",\"dateModified\":\"2013-11-29T10:38:30+00:00\",\"mainEntityOfPage\":{\"@id\":\"https:\\\/\\\/wp.kristdemokraterna.se\\\/mjolby\\\/glad-pask-2013\\\/\"},\"wordCount\":16,\"image\":{\"@id\":\"https:\\\/\\\/wp.kristdemokraterna.se\\\/mjolby\\\/glad-pask-2013\\\/#primaryimage\"},\"thumbnailUrl\":\"http:\\\/\\\/wp.kristdemokraterna.se\\\/mjolby\\\/files\\\/2013\\\/03\\\/IMG_6620-540x403.jpg\",\"inLanguage\":\"sv-SE\"},{\"@type\":\"WebPage\",\"@id\":\"https:\\\/\\\/wp.kristdemokraterna.se\\\/mjolby\\\/glad-pask-2013\\\/\",\"url\":\"https:\\\/\\\/wp.kristdemokraterna.se\\\/mjolby\\\/glad-pask-2013\\\/\",\"name\":\"Glad P\u00e5sk - Mj\u00f6lby\",\"isPartOf\":{\"@id\":\"https:\\\/\\\/wp.kristdemokraterna.se\\\/mjolby\\\/#website\"},\"primaryImageOfPage\":{\"@id\":\"https:\\\/\\\/wp.kristdemokraterna.se\\\/mjolby\\\/glad-pask-2013\\\/#primaryimage\"},\"image\":{\"@id\":\"https:\\\/\\\/wp.kristdemokraterna.se\\\/mjolby\\\/glad-pask-2013\\\/#primaryimage\"},\"thumbnailUrl\":\"http:\\\/\\\/wp.kristdemokraterna.se\\\/mjolby\\\/files\\\/2013\\\/03\\\/IMG_6620-540x403.jpg\",\"datePublished\":\"2013-03-28T11:47:14+00:00\",\"dateModified\":\"2013-11-29T10:38:30+00:00\",\"author\":{\"@id\":\"https:\\\/\\\/wp.kristdemokraterna.se\\\/mjolby\\\/#\\\/schema\\\/person\\\/6d62e169e57d7eb21252f7fb8e9fb167\"},\"breadcrumb\":{\"@id\":\"https:\\\/\\\/wp.kristdemokraterna.se\\\/mjolby\\\/glad-pask-2013\\\/#breadcrumb\"},\"inLanguage\":\"sv-SE\",\"potentialAction\":[{\"@type\":\"ReadAction\",\"target\":[\"https:\\\/\\\/wp.kristdemokraterna.se\\\/mjolby\\\/glad-pask-2013\\\/\"]}]},{\"@type\":\"ImageObject\",\"inLanguage\":\"sv-SE\",\"@id\":\"https:\\\/\\\/wp.kristdemokraterna.se\\\/mjolby\\\/glad-pask-2013\\\/#primaryimage\",\"url\":\"https:\\\/\\\/wp.kristdemokraterna.se\\\/mjolby\\\/files\\\/2013\\\/03\\\/IMG_6620.jpg\",\"contentUrl\":\"https:\\\/\\\/wp.kristdemokraterna.se\\\/mjolby\\\/files\\\/2013\\\/03\\\/IMG_6620.jpg\",\"width\":2592,\"height\":1936},{\"@type\":\"BreadcrumbList\",\"@id\":\"https:\\\/\\\/wp.kristdemokraterna.se\\\/mjolby\\\/glad-pask-2013\\\/#breadcrumb\",\"itemListElement\":[{\"@type\":\"ListItem\",\"position\":1,\"name\":\"Hem\",\"item\":\"https:\\\/\\\/wp.kristdemokraterna.se\\\/mjolby\\\/\"},{\"@type\":\"ListItem\",\"position\":2,\"name\":\"Glad P\u00e5sk\"}]},{\"@type\":\"WebSite\",\"@id\":\"https:\\\/\\\/wp.kristdemokraterna.se\\\/mjolby\\\/#website\",\"url\":\"https:\\\/\\\/wp.kristdemokraterna.se\\\/mjolby\\\/\",\"name\":\"Mj\u00f6lby\",\"description\":\"Kristdemokraterna\",\"inLanguage\":\"sv-SE\"},{\"@type\":\"Person\",\"@id\":\"https:\\\/\\\/wp.kristdemokraterna.se\\\/mjolby\\\/#\\\/schema\\\/person\\\/6d62e169e57d7eb21252f7fb8e9fb167\",\"name\":\"mjolby\",\"image\":{\"@type\":\"ImageObject\",\"inLanguage\":\"sv-SE\",\"@id\":\"https:\\\/\\\/secure.gravatar.com\\\/avatar\\\/5b3f6ba44cd46bfc4328665043712cf669b54fc8192200eafbec52b20743e25e?s=96&d=mm&r=g\",\"url\":\"https:\\\/\\\/secure.gravatar.com\\\/avatar\\\/5b3f6ba44cd46bfc4328665043712cf669b54fc8192200eafbec52b20743e25e?s=96&d=mm&r=g\",\"contentUrl\":\"https:\\\/\\\/secure.gravatar.com\\\/avatar\\\/5b3f6ba44cd46bfc4328665043712cf669b54fc8192200eafbec52b20743e25e?s=96&d=mm&r=g\",\"caption\":\"mjolby\"},\"url\":\"https:\\\/\\\/wp.kristdemokraterna.se\\\/mjolby\\\/author\\\/mjolby\\\/\"}]}<\/script>\n<!-- \/ Yoast SEO plugin. -->","yoast_head_json":{"title":"Glad P\u00e5sk - Mj\u00f6lby","robots":{"index":"index","follow":"follow","max-snippet":"max-snippet:-1","max-image-preview":"max-image-preview:large","max-video-preview":"max-video-preview:-1"},"canonical":"https:\/\/wp.kristdemokraterna.se\/mjolby\/glad-pask-2013\/","og_locale":"sv_SE","og_type":"article","og_title":"Glad P\u00e5sk - Mj\u00f6lby","og_description":"Kristdemokraterna i Mj\u00f6lby \u00f6nskar er alla en h\u00e4rlig Glad P\u00e5sk.","og_url":"https:\/\/wp.kristdemokraterna.se\/mjolby\/glad-pask-2013\/","og_site_name":"Mj\u00f6lby","article_published_time":"2013-03-28T11:47:14+00:00","article_modified_time":"2013-11-29T10:38:30+00:00","og_image":[{"url":"http:\/\/wp.kristdemokraterna.se\/mjolby\/files\/2013\/03\/IMG_6620-540x403.jpg","type":"","width":"","height":""}],"author":"mjolby","twitter_card":"summary_large_image","twitter_misc":{"Skriven av":"mjolby"},"schema":{"@context":"https:\/\/schema.org","@graph":[{"@type":"Article","@id":"https:\/\/wp.kristdemokraterna.se\/mjolby\/glad-pask-2013\/#article","isPartOf":{"@id":"https:\/\/wp.kristdemokraterna.se\/mjolby\/glad-pask-2013\/"},"author":{"name":"mjolby","@id":"https:\/\/wp.kristdemokraterna.se\/mjolby\/#\/schema\/person\/6d62e169e57d7eb21252f7fb8e9fb167"},"headline":"Glad P\u00e5sk","datePublished":"2013-03-28T11:47:14+00:00","dateModified":"2013-11-29T10:38:30+00:00","mainEntityOfPage":{"@id":"https:\/\/wp.kristdemokraterna.se\/mjolby\/glad-pask-2013\/"},"wordCount":16,"image":{"@id":"https:\/\/wp.kristdemokraterna.se\/mjolby\/glad-pask-2013\/#primaryimage"},"thumbnailUrl":"http:\/\/wp.kristdemokraterna.se\/mjolby\/files\/2013\/03\/IMG_6620-540x403.jpg","inLanguage":"sv-SE"},{"@type":"WebPage","@id":"https:\/\/wp.kristdemokraterna.se\/mjolby\/glad-pask-2013\/","url":"https:\/\/wp.kristdemokraterna.se\/mjolby\/glad-pask-2013\/","name":"Glad P\u00e5sk - Mj\u00f6lby","isPartOf":{"@id":"https:\/\/wp.kristdemokraterna.se\/mjolby\/#website"},"primaryImageOfPage":{"@id":"https:\/\/wp.kristdemokraterna.se\/mjolby\/glad-pask-2013\/#primaryimage"},"image":{"@id":"https:\/\/wp.kristdemokraterna.se\/mjolby\/glad-pask-2013\/#primaryimage"},"thumbnailUrl":"http:\/\/wp.kristdemokraterna.se\/mjolby\/files\/2013\/03\/IMG_6620-540x403.jpg","datePublished":"2013-03-28T11:47:14+00:00","dateModified":"2013-11-29T10:38:30+00:00","author":{"@id":"https:\/\/wp.kristdemokraterna.se\/mjolby\/#\/schema\/person\/6d62e169e57d7eb21252f7fb8e9fb167"},"breadcrumb":{"@id":"https:\/\/wp.kristdemokraterna.se\/mjolby\/glad-pask-2013\/#breadcrumb"},"inLanguage":"sv-SE","potentialAction":[{"@type":"ReadAction","target":["https:\/\/wp.kristdemokraterna.se\/mjolby\/glad-pask-2013\/"]}]},{"@type":"ImageObject","inLanguage":"sv-SE","@id":"https:\/\/wp.kristdemokraterna.se\/mjolby\/glad-pask-2013\/#primaryimage","url":"https:\/\/wp.kristdemokraterna.se\/mjolby\/files\/2013\/03\/IMG_6620.jpg","contentUrl":"https:\/\/wp.kristdemokraterna.se\/mjolby\/files\/2013\/03\/IMG_6620.jpg","width":2592,"height":1936},{"@type":"BreadcrumbList","@id":"https:\/\/wp.kristdemokraterna.se\/mjolby\/glad-pask-2013\/#breadcrumb","itemListElement":[{"@type":"ListItem","position":1,"name":"Hem","item":"https:\/\/wp.kristdemokraterna.se\/mjolby\/"},{"@type":"ListItem","position":2,"name":"Glad P\u00e5sk"}]},{"@type":"WebSite","@id":"https:\/\/wp.kristdemokraterna.se\/mjolby\/#website","url":"https:\/\/wp.kristdemokraterna.se\/mjolby\/","name":"Mj\u00f6lby","description":"Kristdemokraterna","inLanguage":"sv-SE"},{"@type":"Person","@id":"https:\/\/wp.kristdemokraterna.se\/mjolby\/#\/schema\/person\/6d62e169e57d7eb21252f7fb8e9fb167","name":"mjolby","image":{"@type":"ImageObject","inLanguage":"sv-SE","@id":"https:\/\/secure.gravatar.com\/avatar\/5b3f6ba44cd46bfc4328665043712cf669b54fc8192200eafbec52b20743e25e?s=96&d=mm&r=g","url":"https:\/\/secure.gravatar.com\/avatar\/5b3f6ba44cd46bfc4328665043712cf669b54fc8192200eafbec52b20743e25e?s=96&d=mm&r=g","contentUrl":"https:\/\/secure.gravatar.com\/avatar\/5b3f6ba44cd46bfc4328665043712cf669b54fc8192200eafbec52b20743e25e?s=96&d=mm&r=g","caption":"mjolby"},"url":"https:\/\/wp.kristdemokraterna.se\/mjolby\/author\/mjolby\/"}]}},"_links":{"self":[{"href":"https:\/\/wp.kristdemokraterna.se\/mjolby\/wp-json\/wp\/v2\/posts\/629","targetHints":{"allow":["GET"]}}],"collection":[{"href":"https:\/\/wp.kristdemokraterna.se\/mjolby\/wp-json\/wp\/v2\/posts"}],"about":[{"href":"https:\/\/wp.kristdemokraterna.se\/mjolby\/wp-json\/wp\/v2\/types\/post"}],"author":[{"embeddable":true,"href":"https:\/\/wp.kristdemokraterna.se\/mjolby\/wp-json\/wp\/v2\/users\/433"}],"replies":[{"embeddable":true,"href":"https:\/\/wp.kristdemokraterna.se\/mjolby\/wp-json\/wp\/v2\/comments?post=629"}],"version-history":[{"count":3,"href":"https:\/\/wp.kristdemokraterna.se\/mjolby\/wp-json\/wp\/v2\/posts\/629\/revisions"}],"predecessor-version":[{"id":633,"href":"https:\/\/wp.kristdemokraterna.se\/mjolby\/wp-json\/wp\/v2\/posts\/629\/revisions\/633"}],"wp:attachment":[{"href":"https:\/\/wp.kristdemokraterna.se\/mjolby\/wp-json\/wp\/v2\/media?parent=629"}],"wp:term":[{"taxonomy":"category","embeddable":true,"href":"https:\/\/wp.kristdemokraterna.se\/mjolby\/wp-json\/wp\/v2\/categories?post=629"},{"taxonomy":"post_tag","embeddable":true,"href":"https:\/\/wp.kristdemokraterna.se\/mjolby\/wp-json\/wp\/v2\/tags?post=629"}],"curies":[{"name":"wp","href":"https:\/\/api.w.org\/{rel}","templated":true}]}}