{"id":767,"date":"2012-10-09T09:56:09","date_gmt":"2012-10-09T07:56:09","guid":{"rendered":"http:\/\/wp.kristdemokraterna.se\/mjolby\/?p=767"},"modified":"2014-01-15T14:37:27","modified_gmt":"2014-01-15T13:37:27","slug":"studiecirkel20121016","status":"publish","type":"post","link":"https:\/\/wp.kristdemokraterna.se\/mjolby\/studiecirkel20121016\/","title":{"rendered":"Studiecirkel &#8211; Tema Milj\u00f6"},"content":{"rendered":"<p>Program f\u00f6r gemensam studiecirkel f\u00f6r lokalavdelningarna i Motala och Mj\u00f6lby.<\/p>\n<p>Vi \u00e4r nu framme vid det fj\u00e4rde tillf\u00e4llet, av fyra, som handlar om Kristdemokraternas milj\u00f6politik. Vi har bjudit in kommunalr\u00e5det Lars Thunberg, Helsingborg som f\u00f6rel\u00e4sare.<br \/>\nOm du har ett partiprogram s\u00e5 titta g\u00e4rna lite p\u00e5 milj\u00f6avsnittet, om du vill vara lite f\u00f6rberedd. Tag sedan med partiprogrammet till m\u00f6tet. Har du inget s\u00e5 ordnar vi det n\u00e4r du kommer.<\/p>\n<p><img loading=\"lazy\" decoding=\"async\" class=\"alignright  wp-image-771\" title=\"Lars Thunberg, Kommunalr\u00e5d, Helsingborg | Foto: Simon Thunberg\" alt=\"Hav4c\" src=\"http:\/\/wp.kristdemokraterna.se\/mjolby\/files\/2012\/10\/Hav4c.jpg\" width=\"284\" height=\"238\" srcset=\"https:\/\/wp.kristdemokraterna.se\/mjolby\/files\/2012\/10\/Hav4c.jpg 473w, https:\/\/wp.kristdemokraterna.se\/mjolby\/files\/2012\/10\/Hav4c-300x251.jpg 300w, https:\/\/wp.kristdemokraterna.se\/mjolby\/files\/2012\/10\/Hav4c-412x346.jpg 412w, https:\/\/wp.kristdemokraterna.se\/mjolby\/files\/2012\/10\/Hav4c-133x112.jpg 133w\" sizes=\"auto, (max-width: 284px) 100vw, 284px\" \/>V\u00e4lkommen till en intressant utbildnings- och samtalskv\u00e4ll!<\/p>\n<p><strong>Tema Milj\u00f6<\/strong><br \/>\nTid: Tisdag 16 oktober kl. 18:30-20:30<br \/>\nPlats: Cafeterian, Stadshuset, Burensk\u00f6ldsv\u00e4gen 11, Mj\u00f6lby<\/p>\n<p>Medverkande:<br \/>\nKommunalr\u00e5d Lars Thunberg, Helsingborg.<\/p>\n<p>F\u00f6r ber\u00e4kning av mat och sam\u00e5kning, s\u00e5 vill vi g\u00e4rna att du anm\u00e4ler dig till: Martina Axene tel. 070-381 98 01<br \/>\ne-post: <span style=\"color: #3366ff\">martina.axene@kristdemokraterna.se<\/span><br \/>\neller Therese Gustafsson 0142-183 43.<\/p>\n<p>V\u00e4lkommen! (\u00e4ven icke medlemmar \u00e4r v\u00e4lkomna)<br \/>\nNisse Graan\u00a0\u00a0\u00a0\u00a0\u00a0\u00a0\u00a0\u00a0\u00a0\u00a0\u00a0\u00a0\u00a0\u00a0\u00a0\u00a0\u00a0\u00a0\u00a0 Therese Gustafsson<br \/>\nordf\u00f6rande\u00a0\u00a0\u00a0\u00a0\u00a0\u00a0\u00a0\u00a0\u00a0\u00a0\u00a0\u00a0\u00a0\u00a0\u00a0\u00a0\u00a0\u00a0\u00a0\u00a0\u00a0\u00a0 ordf\u00f6rande<br \/>\nMotalaavdelningen\u00a0\u00a0\u00a0\u00a0\u00a0\u00a0\u00a0\u00a0\u00a0 Mj\u00f6lbyavdelningen<\/p>\n<hr align=\"center\" size=\"2\" width=\"100%\" \/>\n<p><a href=\"http:\/\/wp.kristdemokraterna.se\/mjolby\/files\/2012\/10\/medlemsmote_studiecirkel_miljo_20121016.pdf\" target=\"_blank\">medlemsmote_studiecirkel_miljo_20121016<\/a><br \/>\n<a href=\"http:\/\/wp.kristdemokraterna.se\/mjolby\/files\/2012\/04\/studiecirkel2012_viktiga_fragor.pdf\" target=\"_blank\">studiecirkel2012_viktiga_fragor<\/a><\/p>\n","protected":false},"excerpt":{"rendered":"<p>Program f\u00f6r gemensam studiecirkel f\u00f6r lokalavdelningarna i Motala och Mj\u00f6lby. Vi \u00e4r nu framme vid det fj\u00e4rde tillf\u00e4llet, av fyra, som handlar om Kristdemokraternas milj\u00f6politik. Vi har bjudit in kommunalr\u00e5det Lars Thunberg, Helsingborg som f\u00f6rel\u00e4sare. Om du har ett partiprogram s\u00e5 titta g\u00e4rna lite p\u00e5 milj\u00f6avsnittet, om du vill vara lite f\u00f6rberedd. Tag sedan med <a class=\"read-more-link\" href=\"https:\/\/wp.kristdemokraterna.se\/mjolby\/studiecirkel20121016\/\">Read More<\/a><\/p>\n","protected":false},"author":433,"featured_media":0,"comment_status":"closed","ping_status":"open","sticky":false,"template":"","format":"standard","meta":{"_acf_changed":false,"footnotes":""},"categories":[8,9],"tags":[16,18],"class_list":["post-767","post","type-post","status-publish","format-standard","hentry","category-motala","category-studiecirkel","tag-motala","tag-studiecirkel"],"acf":[],"yoast_head":"<!-- This site is optimized with the Yoast SEO plugin v27.4 - https:\/\/yoast.com\/product\/yoast-seo-wordpress\/ -->\n<title>Studiecirkel - Tema Milj\u00f6 - Mj\u00f6lby<\/title>\n<meta name=\"robots\" content=\"index, follow, max-snippet:-1, max-image-preview:large, max-video-preview:-1\" \/>\n<link rel=\"canonical\" href=\"https:\/\/wp.kristdemokraterna.se\/mjolby\/studiecirkel20121016\/\" \/>\n<meta property=\"og:locale\" content=\"sv_SE\" \/>\n<meta property=\"og:type\" content=\"article\" \/>\n<meta property=\"og:title\" content=\"Studiecirkel - Tema Milj\u00f6 - Mj\u00f6lby\" \/>\n<meta property=\"og:description\" content=\"Program f\u00f6r gemensam studiecirkel f\u00f6r lokalavdelningarna i Motala och Mj\u00f6lby. Vi \u00e4r nu framme vid det fj\u00e4rde tillf\u00e4llet, av fyra, som handlar om Kristdemokraternas milj\u00f6politik. Vi har bjudit in kommunalr\u00e5det Lars Thunberg, Helsingborg som f\u00f6rel\u00e4sare. Om du har ett partiprogram s\u00e5 titta g\u00e4rna lite p\u00e5 milj\u00f6avsnittet, om du vill vara lite f\u00f6rberedd. Tag sedan med Read More\" \/>\n<meta property=\"og:url\" content=\"https:\/\/wp.kristdemokraterna.se\/mjolby\/studiecirkel20121016\/\" \/>\n<meta property=\"og:site_name\" content=\"Mj\u00f6lby\" \/>\n<meta property=\"article:published_time\" content=\"2012-10-09T07:56:09+00:00\" \/>\n<meta property=\"article:modified_time\" content=\"2014-01-15T13:37:27+00:00\" \/>\n<meta property=\"og:image\" content=\"http:\/\/wp.kristdemokraterna.se\/mjolby\/files\/2012\/10\/Hav4c.jpg\" \/>\n<meta name=\"author\" content=\"mjolby\" \/>\n<meta name=\"twitter:card\" content=\"summary_large_image\" \/>\n<meta name=\"twitter:label1\" content=\"Skriven av\" \/>\n\t<meta name=\"twitter:data1\" content=\"mjolby\" \/>\n\t<meta name=\"twitter:label2\" content=\"Ber\u00e4knad l\u00e4stid\" \/>\n\t<meta name=\"twitter:data2\" content=\"1 minut\" \/>\n<script type=\"application\/ld+json\" class=\"yoast-schema-graph\">{\"@context\":\"https:\\\/\\\/schema.org\",\"@graph\":[{\"@type\":\"Article\",\"@id\":\"https:\\\/\\\/wp.kristdemokraterna.se\\\/mjolby\\\/studiecirkel20121016\\\/#article\",\"isPartOf\":{\"@id\":\"https:\\\/\\\/wp.kristdemokraterna.se\\\/mjolby\\\/studiecirkel20121016\\\/\"},\"author\":{\"name\":\"mjolby\",\"@id\":\"https:\\\/\\\/wp.kristdemokraterna.se\\\/mjolby\\\/#\\\/schema\\\/person\\\/6d62e169e57d7eb21252f7fb8e9fb167\"},\"headline\":\"Studiecirkel &#8211; Tema Milj\u00f6\",\"datePublished\":\"2012-10-09T07:56:09+00:00\",\"dateModified\":\"2014-01-15T13:37:27+00:00\",\"mainEntityOfPage\":{\"@id\":\"https:\\\/\\\/wp.kristdemokraterna.se\\\/mjolby\\\/studiecirkel20121016\\\/\"},\"wordCount\":174,\"image\":{\"@id\":\"https:\\\/\\\/wp.kristdemokraterna.se\\\/mjolby\\\/studiecirkel20121016\\\/#primaryimage\"},\"thumbnailUrl\":\"http:\\\/\\\/wp.kristdemokraterna.se\\\/mjolby\\\/files\\\/2012\\\/10\\\/Hav4c.jpg\",\"keywords\":[\"Motala\",\"Studiecirkel\"],\"articleSection\":[\"Motala\",\"Studiecirkel\"],\"inLanguage\":\"sv-SE\"},{\"@type\":\"WebPage\",\"@id\":\"https:\\\/\\\/wp.kristdemokraterna.se\\\/mjolby\\\/studiecirkel20121016\\\/\",\"url\":\"https:\\\/\\\/wp.kristdemokraterna.se\\\/mjolby\\\/studiecirkel20121016\\\/\",\"name\":\"Studiecirkel - Tema Milj\u00f6 - Mj\u00f6lby\",\"isPartOf\":{\"@id\":\"https:\\\/\\\/wp.kristdemokraterna.se\\\/mjolby\\\/#website\"},\"primaryImageOfPage\":{\"@id\":\"https:\\\/\\\/wp.kristdemokraterna.se\\\/mjolby\\\/studiecirkel20121016\\\/#primaryimage\"},\"image\":{\"@id\":\"https:\\\/\\\/wp.kristdemokraterna.se\\\/mjolby\\\/studiecirkel20121016\\\/#primaryimage\"},\"thumbnailUrl\":\"http:\\\/\\\/wp.kristdemokraterna.se\\\/mjolby\\\/files\\\/2012\\\/10\\\/Hav4c.jpg\",\"datePublished\":\"2012-10-09T07:56:09+00:00\",\"dateModified\":\"2014-01-15T13:37:27+00:00\",\"author\":{\"@id\":\"https:\\\/\\\/wp.kristdemokraterna.se\\\/mjolby\\\/#\\\/schema\\\/person\\\/6d62e169e57d7eb21252f7fb8e9fb167\"},\"breadcrumb\":{\"@id\":\"https:\\\/\\\/wp.kristdemokraterna.se\\\/mjolby\\\/studiecirkel20121016\\\/#breadcrumb\"},\"inLanguage\":\"sv-SE\",\"potentialAction\":[{\"@type\":\"ReadAction\",\"target\":[\"https:\\\/\\\/wp.kristdemokraterna.se\\\/mjolby\\\/studiecirkel20121016\\\/\"]}]},{\"@type\":\"ImageObject\",\"inLanguage\":\"sv-SE\",\"@id\":\"https:\\\/\\\/wp.kristdemokraterna.se\\\/mjolby\\\/studiecirkel20121016\\\/#primaryimage\",\"url\":\"https:\\\/\\\/wp.kristdemokraterna.se\\\/mjolby\\\/files\\\/2012\\\/10\\\/Hav4c.jpg\",\"contentUrl\":\"https:\\\/\\\/wp.kristdemokraterna.se\\\/mjolby\\\/files\\\/2012\\\/10\\\/Hav4c.jpg\",\"width\":473,\"height\":397},{\"@type\":\"BreadcrumbList\",\"@id\":\"https:\\\/\\\/wp.kristdemokraterna.se\\\/mjolby\\\/studiecirkel20121016\\\/#breadcrumb\",\"itemListElement\":[{\"@type\":\"ListItem\",\"position\":1,\"name\":\"Hem\",\"item\":\"https:\\\/\\\/wp.kristdemokraterna.se\\\/mjolby\\\/\"},{\"@type\":\"ListItem\",\"position\":2,\"name\":\"Studiecirkel &#8211; Tema Milj\u00f6\"}]},{\"@type\":\"WebSite\",\"@id\":\"https:\\\/\\\/wp.kristdemokraterna.se\\\/mjolby\\\/#website\",\"url\":\"https:\\\/\\\/wp.kristdemokraterna.se\\\/mjolby\\\/\",\"name\":\"Mj\u00f6lby\",\"description\":\"Kristdemokraterna\",\"inLanguage\":\"sv-SE\"},{\"@type\":\"Person\",\"@id\":\"https:\\\/\\\/wp.kristdemokraterna.se\\\/mjolby\\\/#\\\/schema\\\/person\\\/6d62e169e57d7eb21252f7fb8e9fb167\",\"name\":\"mjolby\",\"image\":{\"@type\":\"ImageObject\",\"inLanguage\":\"sv-SE\",\"@id\":\"https:\\\/\\\/secure.gravatar.com\\\/avatar\\\/5b3f6ba44cd46bfc4328665043712cf669b54fc8192200eafbec52b20743e25e?s=96&d=mm&r=g\",\"url\":\"https:\\\/\\\/secure.gravatar.com\\\/avatar\\\/5b3f6ba44cd46bfc4328665043712cf669b54fc8192200eafbec52b20743e25e?s=96&d=mm&r=g\",\"contentUrl\":\"https:\\\/\\\/secure.gravatar.com\\\/avatar\\\/5b3f6ba44cd46bfc4328665043712cf669b54fc8192200eafbec52b20743e25e?s=96&d=mm&r=g\",\"caption\":\"mjolby\"},\"url\":\"https:\\\/\\\/wp.kristdemokraterna.se\\\/mjolby\\\/author\\\/mjolby\\\/\"}]}<\/script>\n<!-- \/ Yoast SEO plugin. -->","yoast_head_json":{"title":"Studiecirkel - Tema Milj\u00f6 - Mj\u00f6lby","robots":{"index":"index","follow":"follow","max-snippet":"max-snippet:-1","max-image-preview":"max-image-preview:large","max-video-preview":"max-video-preview:-1"},"canonical":"https:\/\/wp.kristdemokraterna.se\/mjolby\/studiecirkel20121016\/","og_locale":"sv_SE","og_type":"article","og_title":"Studiecirkel - Tema Milj\u00f6 - Mj\u00f6lby","og_description":"Program f\u00f6r gemensam studiecirkel f\u00f6r lokalavdelningarna i Motala och Mj\u00f6lby. Vi \u00e4r nu framme vid det fj\u00e4rde tillf\u00e4llet, av fyra, som handlar om Kristdemokraternas milj\u00f6politik. Vi har bjudit in kommunalr\u00e5det Lars Thunberg, Helsingborg som f\u00f6rel\u00e4sare. Om du har ett partiprogram s\u00e5 titta g\u00e4rna lite p\u00e5 milj\u00f6avsnittet, om du vill vara lite f\u00f6rberedd. Tag sedan med Read More","og_url":"https:\/\/wp.kristdemokraterna.se\/mjolby\/studiecirkel20121016\/","og_site_name":"Mj\u00f6lby","article_published_time":"2012-10-09T07:56:09+00:00","article_modified_time":"2014-01-15T13:37:27+00:00","og_image":[{"url":"http:\/\/wp.kristdemokraterna.se\/mjolby\/files\/2012\/10\/Hav4c.jpg","type":"","width":"","height":""}],"author":"mjolby","twitter_card":"summary_large_image","twitter_misc":{"Skriven av":"mjolby","Ber\u00e4knad l\u00e4stid":"1 minut"},"schema":{"@context":"https:\/\/schema.org","@graph":[{"@type":"Article","@id":"https:\/\/wp.kristdemokraterna.se\/mjolby\/studiecirkel20121016\/#article","isPartOf":{"@id":"https:\/\/wp.kristdemokraterna.se\/mjolby\/studiecirkel20121016\/"},"author":{"name":"mjolby","@id":"https:\/\/wp.kristdemokraterna.se\/mjolby\/#\/schema\/person\/6d62e169e57d7eb21252f7fb8e9fb167"},"headline":"Studiecirkel &#8211; Tema Milj\u00f6","datePublished":"2012-10-09T07:56:09+00:00","dateModified":"2014-01-15T13:37:27+00:00","mainEntityOfPage":{"@id":"https:\/\/wp.kristdemokraterna.se\/mjolby\/studiecirkel20121016\/"},"wordCount":174,"image":{"@id":"https:\/\/wp.kristdemokraterna.se\/mjolby\/studiecirkel20121016\/#primaryimage"},"thumbnailUrl":"http:\/\/wp.kristdemokraterna.se\/mjolby\/files\/2012\/10\/Hav4c.jpg","keywords":["Motala","Studiecirkel"],"articleSection":["Motala","Studiecirkel"],"inLanguage":"sv-SE"},{"@type":"WebPage","@id":"https:\/\/wp.kristdemokraterna.se\/mjolby\/studiecirkel20121016\/","url":"https:\/\/wp.kristdemokraterna.se\/mjolby\/studiecirkel20121016\/","name":"Studiecirkel - Tema Milj\u00f6 - Mj\u00f6lby","isPartOf":{"@id":"https:\/\/wp.kristdemokraterna.se\/mjolby\/#website"},"primaryImageOfPage":{"@id":"https:\/\/wp.kristdemokraterna.se\/mjolby\/studiecirkel20121016\/#primaryimage"},"image":{"@id":"https:\/\/wp.kristdemokraterna.se\/mjolby\/studiecirkel20121016\/#primaryimage"},"thumbnailUrl":"http:\/\/wp.kristdemokraterna.se\/mjolby\/files\/2012\/10\/Hav4c.jpg","datePublished":"2012-10-09T07:56:09+00:00","dateModified":"2014-01-15T13:37:27+00:00","author":{"@id":"https:\/\/wp.kristdemokraterna.se\/mjolby\/#\/schema\/person\/6d62e169e57d7eb21252f7fb8e9fb167"},"breadcrumb":{"@id":"https:\/\/wp.kristdemokraterna.se\/mjolby\/studiecirkel20121016\/#breadcrumb"},"inLanguage":"sv-SE","potentialAction":[{"@type":"ReadAction","target":["https:\/\/wp.kristdemokraterna.se\/mjolby\/studiecirkel20121016\/"]}]},{"@type":"ImageObject","inLanguage":"sv-SE","@id":"https:\/\/wp.kristdemokraterna.se\/mjolby\/studiecirkel20121016\/#primaryimage","url":"https:\/\/wp.kristdemokraterna.se\/mjolby\/files\/2012\/10\/Hav4c.jpg","contentUrl":"https:\/\/wp.kristdemokraterna.se\/mjolby\/files\/2012\/10\/Hav4c.jpg","width":473,"height":397},{"@type":"BreadcrumbList","@id":"https:\/\/wp.kristdemokraterna.se\/mjolby\/studiecirkel20121016\/#breadcrumb","itemListElement":[{"@type":"ListItem","position":1,"name":"Hem","item":"https:\/\/wp.kristdemokraterna.se\/mjolby\/"},{"@type":"ListItem","position":2,"name":"Studiecirkel &#8211; Tema Milj\u00f6"}]},{"@type":"WebSite","@id":"https:\/\/wp.kristdemokraterna.se\/mjolby\/#website","url":"https:\/\/wp.kristdemokraterna.se\/mjolby\/","name":"Mj\u00f6lby","description":"Kristdemokraterna","inLanguage":"sv-SE"},{"@type":"Person","@id":"https:\/\/wp.kristdemokraterna.se\/mjolby\/#\/schema\/person\/6d62e169e57d7eb21252f7fb8e9fb167","name":"mjolby","image":{"@type":"ImageObject","inLanguage":"sv-SE","@id":"https:\/\/secure.gravatar.com\/avatar\/5b3f6ba44cd46bfc4328665043712cf669b54fc8192200eafbec52b20743e25e?s=96&d=mm&r=g","url":"https:\/\/secure.gravatar.com\/avatar\/5b3f6ba44cd46bfc4328665043712cf669b54fc8192200eafbec52b20743e25e?s=96&d=mm&r=g","contentUrl":"https:\/\/secure.gravatar.com\/avatar\/5b3f6ba44cd46bfc4328665043712cf669b54fc8192200eafbec52b20743e25e?s=96&d=mm&r=g","caption":"mjolby"},"url":"https:\/\/wp.kristdemokraterna.se\/mjolby\/author\/mjolby\/"}]}},"_links":{"self":[{"href":"https:\/\/wp.kristdemokraterna.se\/mjolby\/wp-json\/wp\/v2\/posts\/767","targetHints":{"allow":["GET"]}}],"collection":[{"href":"https:\/\/wp.kristdemokraterna.se\/mjolby\/wp-json\/wp\/v2\/posts"}],"about":[{"href":"https:\/\/wp.kristdemokraterna.se\/mjolby\/wp-json\/wp\/v2\/types\/post"}],"author":[{"embeddable":true,"href":"https:\/\/wp.kristdemokraterna.se\/mjolby\/wp-json\/wp\/v2\/users\/433"}],"replies":[{"embeddable":true,"href":"https:\/\/wp.kristdemokraterna.se\/mjolby\/wp-json\/wp\/v2\/comments?post=767"}],"version-history":[{"count":11,"href":"https:\/\/wp.kristdemokraterna.se\/mjolby\/wp-json\/wp\/v2\/posts\/767\/revisions"}],"predecessor-version":[{"id":781,"href":"https:\/\/wp.kristdemokraterna.se\/mjolby\/wp-json\/wp\/v2\/posts\/767\/revisions\/781"}],"wp:attachment":[{"href":"https:\/\/wp.kristdemokraterna.se\/mjolby\/wp-json\/wp\/v2\/media?parent=767"}],"wp:term":[{"taxonomy":"category","embeddable":true,"href":"https:\/\/wp.kristdemokraterna.se\/mjolby\/wp-json\/wp\/v2\/categories?post=767"},{"taxonomy":"post_tag","embeddable":true,"href":"https:\/\/wp.kristdemokraterna.se\/mjolby\/wp-json\/wp\/v2\/tags?post=767"}],"curies":[{"name":"wp","href":"https:\/\/api.w.org\/{rel}","templated":true}]}}