{"id":1025,"date":"2018-12-13T23:36:14","date_gmt":"2018-12-13T22:36:14","guid":{"rendered":"http:\/\/wp.kristdemokraterna.se\/molndal\/?p=1025"},"modified":"2018-12-13T23:36:14","modified_gmt":"2018-12-13T22:36:14","slug":"namnder-for-mandatperioden-2019-2022","status":"publish","type":"post","link":"https:\/\/wp.kristdemokraterna.se\/molndal\/namnder-for-mandatperioden-2019-2022\/","title":{"rendered":"N\u00e4mnder f\u00f6r mandatperioden 2019-2022"},"content":{"rendered":"<p>P\u00e5 kommunfullm\u00e4ktigesammantr\u00e4det 2018-12-12 utf\u00f6rdes val till n\u00e4mnderna i M\u00f6lndal f\u00f6r kommande mandatperiod. F\u00f6r kristdemokratisk r\u00e4kning ser det ut p\u00e5 f\u00f6ljande s\u00e4tt:<\/p>\n<table style=\"border: 0px solid #cccccc\">\n<thead>\n<tr>\n<td><strong>N\u00e4mnd<\/strong><\/td>\n<td><strong>Namn<\/strong><\/td>\n<td><strong>Uppdrag<\/strong><\/td>\n<\/tr>\n<\/thead>\n<tbody>\n<tr>\n<td style=\"background-color: #eeeeee\">Byggnadsn\u00e4mnden<\/td>\n<td style=\"background-color: #eeeeee\">Adam F Laur\u00e9n<\/td>\n<td style=\"background-color: #eeeeee\">Ordf\u00f6rande<\/td>\n<\/tr>\n<tr>\n<td>Skoln\u00e4mnden<\/td>\n<td>Miriam Lilja<\/td>\n<td>Ledamot<\/td>\n<\/tr>\n<tr>\n<td style=\"background-color: #eeeeee\">Kultur- &amp; Fritidsn\u00e4mnden<\/td>\n<td style=\"background-color: #eeeeee\">Anders Karlsson<\/td>\n<td style=\"background-color: #eeeeee\">Ledamot\/AU<\/td>\n<\/tr>\n<tr>\n<td>Milj\u00f6n\u00e4mnden<\/td>\n<td>Peter Nyqvist<\/td>\n<td>Ers\u00e4ttare<\/td>\n<\/tr>\n<tr>\n<td style=\"background-color: #eeeeee\">Servicen\u00e4mnden<\/td>\n<td style=\"background-color: #eeeeee\">Jenny Holf<\/td>\n<td style=\"background-color: #eeeeee\">Ers\u00e4ttare<\/td>\n<\/tr>\n<tr>\n<td>Social- och arbetsmarknadsn\u00e4mnden<\/td>\n<td>Stina Lukassen<\/td>\n<td>Ledamot<\/td>\n<\/tr>\n<tr>\n<td style=\"background-color: #eeeeee\">Tekniska n\u00e4mnden<\/td>\n<td style=\"background-color: #eeeeee\">Peter Nyqvist<\/td>\n<td style=\"background-color: #eeeeee\">Ledamot<\/td>\n<\/tr>\n<tr>\n<td>Utbildningsn\u00e4mnden<\/td>\n<td>Ivar Gustafsson<\/td>\n<td>Ers\u00e4ttare<\/td>\n<\/tr>\n<tr>\n<td style=\"background-color: #eeeeee\">V\u00e5rd- och omsorgsn\u00e4mnden<\/td>\n<td style=\"background-color: #eeeeee\">Adam F Laur\u00e9n<\/td>\n<td style=\"background-color: #eeeeee\">Ledamot\/AU<\/td>\n<\/tr>\n<tr>\n<td>Krisledningsn\u00e4mnden<\/td>\n<td>Adam F Laur\u00e9n<\/td>\n<td>Ers\u00e4ttare<\/td>\n<\/tr>\n<tr>\n<td style=\"background-color: #eeeeee\">Valn\u00e4mnden<\/td>\n<td style=\"background-color: #eeeeee\">Anders Karlsson<\/td>\n<td style=\"background-color: #eeeeee\">Ordf\u00f6rande<\/td>\n<\/tr>\n<\/tbody>\n<\/table>\n","protected":false},"excerpt":{"rendered":"<p>P\u00e5 kommunfullm\u00e4ktigesammantr\u00e4det 2018-12-12 utf\u00f6rdes val till n\u00e4mnderna i M\u00f6lndal f\u00f6r kommande mandatperiod. F\u00f6r kristdemokratisk r\u00e4kning ser det ut p\u00e5 f\u00f6ljande s\u00e4tt: N\u00e4mnd Namn Uppdrag Byggnadsn\u00e4mnden Adam F Laur\u00e9n Ordf\u00f6rande Skoln\u00e4mnden Miriam Lilja Ledamot Kultur- &amp; Fritidsn\u00e4mnden Anders Karlsson Ledamot\/AU Milj\u00f6n\u00e4mnden Peter Nyqvist Ers\u00e4ttare Servicen\u00e4mnden Jenny Holf Ers\u00e4ttare Social- och arbetsmarknadsn\u00e4mnden Stina Lukassen Ledamot Tekniska n\u00e4mnden <a class=\"read-more-link\" href=\"https:\/\/wp.kristdemokraterna.se\/molndal\/namnder-for-mandatperioden-2019-2022\/\">Read More<\/a><\/p>\n","protected":false},"author":519,"featured_media":0,"comment_status":"closed","ping_status":"closed","sticky":false,"template":"","format":"standard","meta":{"_acf_changed":false,"footnotes":""},"categories":[1],"tags":[],"class_list":["post-1025","post","type-post","status-publish","format-standard","hentry","category-okategoriserade"],"acf":[],"yoast_head":"<!-- This site is optimized with the Yoast SEO plugin v27.4 - https:\/\/yoast.com\/product\/yoast-seo-wordpress\/ -->\n<title>N\u00e4mnder f\u00f6r mandatperioden 2019-2022 - M\u00f6lndal<\/title>\n<meta name=\"robots\" content=\"index, follow, max-snippet:-1, max-image-preview:large, max-video-preview:-1\" \/>\n<link rel=\"canonical\" href=\"https:\/\/wp.kristdemokraterna.se\/molndal\/namnder-for-mandatperioden-2019-2022\/\" \/>\n<meta property=\"og:locale\" content=\"sv_SE\" \/>\n<meta property=\"og:type\" content=\"article\" \/>\n<meta property=\"og:title\" content=\"N\u00e4mnder f\u00f6r mandatperioden 2019-2022 - M\u00f6lndal\" \/>\n<meta property=\"og:description\" content=\"P\u00e5 kommunfullm\u00e4ktigesammantr\u00e4det 2018-12-12 utf\u00f6rdes val till n\u00e4mnderna i M\u00f6lndal f\u00f6r kommande mandatperiod. F\u00f6r kristdemokratisk r\u00e4kning ser det ut p\u00e5 f\u00f6ljande s\u00e4tt: N\u00e4mnd Namn Uppdrag Byggnadsn\u00e4mnden Adam F Laur\u00e9n Ordf\u00f6rande Skoln\u00e4mnden Miriam Lilja Ledamot Kultur- &amp; Fritidsn\u00e4mnden Anders Karlsson Ledamot\/AU Milj\u00f6n\u00e4mnden Peter Nyqvist Ers\u00e4ttare Servicen\u00e4mnden Jenny Holf Ers\u00e4ttare Social- och arbetsmarknadsn\u00e4mnden Stina Lukassen Ledamot Tekniska n\u00e4mnden Read More\" \/>\n<meta property=\"og:url\" content=\"https:\/\/wp.kristdemokraterna.se\/molndal\/namnder-for-mandatperioden-2019-2022\/\" \/>\n<meta property=\"og:site_name\" content=\"M\u00f6lndal\" \/>\n<meta property=\"article:published_time\" content=\"2018-12-13T22:36:14+00:00\" \/>\n<meta name=\"author\" content=\"molndal\" \/>\n<meta name=\"twitter:card\" content=\"summary_large_image\" \/>\n<meta name=\"twitter:label1\" content=\"Skriven av\" \/>\n\t<meta name=\"twitter:data1\" content=\"molndal\" \/>\n\t<meta name=\"twitter:label2\" content=\"Ber\u00e4knad l\u00e4stid\" \/>\n\t<meta name=\"twitter:data2\" content=\"1 minut\" \/>\n<script type=\"application\/ld+json\" class=\"yoast-schema-graph\">{\"@context\":\"https:\\\/\\\/schema.org\",\"@graph\":[{\"@type\":\"Article\",\"@id\":\"https:\\\/\\\/wp.kristdemokraterna.se\\\/molndal\\\/namnder-for-mandatperioden-2019-2022\\\/#article\",\"isPartOf\":{\"@id\":\"https:\\\/\\\/wp.kristdemokraterna.se\\\/molndal\\\/namnder-for-mandatperioden-2019-2022\\\/\"},\"author\":{\"name\":\"molndal\",\"@id\":\"https:\\\/\\\/wp.kristdemokraterna.se\\\/molndal\\\/#\\\/schema\\\/person\\\/76072d253d64b4589d22b0b231cadbf9\"},\"headline\":\"N\u00e4mnder f\u00f6r mandatperioden 2019-2022\",\"datePublished\":\"2018-12-13T22:36:14+00:00\",\"mainEntityOfPage\":{\"@id\":\"https:\\\/\\\/wp.kristdemokraterna.se\\\/molndal\\\/namnder-for-mandatperioden-2019-2022\\\/\"},\"wordCount\":120,\"inLanguage\":\"sv-SE\"},{\"@type\":\"WebPage\",\"@id\":\"https:\\\/\\\/wp.kristdemokraterna.se\\\/molndal\\\/namnder-for-mandatperioden-2019-2022\\\/\",\"url\":\"https:\\\/\\\/wp.kristdemokraterna.se\\\/molndal\\\/namnder-for-mandatperioden-2019-2022\\\/\",\"name\":\"N\u00e4mnder f\u00f6r mandatperioden 2019-2022 - M\u00f6lndal\",\"isPartOf\":{\"@id\":\"https:\\\/\\\/wp.kristdemokraterna.se\\\/molndal\\\/#website\"},\"datePublished\":\"2018-12-13T22:36:14+00:00\",\"author\":{\"@id\":\"https:\\\/\\\/wp.kristdemokraterna.se\\\/molndal\\\/#\\\/schema\\\/person\\\/76072d253d64b4589d22b0b231cadbf9\"},\"breadcrumb\":{\"@id\":\"https:\\\/\\\/wp.kristdemokraterna.se\\\/molndal\\\/namnder-for-mandatperioden-2019-2022\\\/#breadcrumb\"},\"inLanguage\":\"sv-SE\",\"potentialAction\":[{\"@type\":\"ReadAction\",\"target\":[\"https:\\\/\\\/wp.kristdemokraterna.se\\\/molndal\\\/namnder-for-mandatperioden-2019-2022\\\/\"]}]},{\"@type\":\"BreadcrumbList\",\"@id\":\"https:\\\/\\\/wp.kristdemokraterna.se\\\/molndal\\\/namnder-for-mandatperioden-2019-2022\\\/#breadcrumb\",\"itemListElement\":[{\"@type\":\"ListItem\",\"position\":1,\"name\":\"Hem\",\"item\":\"https:\\\/\\\/wp.kristdemokraterna.se\\\/molndal\\\/\"},{\"@type\":\"ListItem\",\"position\":2,\"name\":\"N\u00e4mnder f\u00f6r mandatperioden 2019-2022\"}]},{\"@type\":\"WebSite\",\"@id\":\"https:\\\/\\\/wp.kristdemokraterna.se\\\/molndal\\\/#website\",\"url\":\"https:\\\/\\\/wp.kristdemokraterna.se\\\/molndal\\\/\",\"name\":\"M\u00f6lndal\",\"description\":\"\",\"inLanguage\":\"sv-SE\"},{\"@type\":\"Person\",\"@id\":\"https:\\\/\\\/wp.kristdemokraterna.se\\\/molndal\\\/#\\\/schema\\\/person\\\/76072d253d64b4589d22b0b231cadbf9\",\"name\":\"molndal\",\"image\":{\"@type\":\"ImageObject\",\"inLanguage\":\"sv-SE\",\"@id\":\"https:\\\/\\\/secure.gravatar.com\\\/avatar\\\/649fc4fe965fc624270d6aaba9855b785586101deb1ef0cdc229dbf6c66baa96?s=96&d=mm&r=g\",\"url\":\"https:\\\/\\\/secure.gravatar.com\\\/avatar\\\/649fc4fe965fc624270d6aaba9855b785586101deb1ef0cdc229dbf6c66baa96?s=96&d=mm&r=g\",\"contentUrl\":\"https:\\\/\\\/secure.gravatar.com\\\/avatar\\\/649fc4fe965fc624270d6aaba9855b785586101deb1ef0cdc229dbf6c66baa96?s=96&d=mm&r=g\",\"caption\":\"molndal\"},\"url\":\"https:\\\/\\\/wp.kristdemokraterna.se\\\/molndal\\\/author\\\/molndal\\\/\"}]}<\/script>\n<!-- \/ Yoast SEO plugin. -->","yoast_head_json":{"title":"N\u00e4mnder f\u00f6r mandatperioden 2019-2022 - M\u00f6lndal","robots":{"index":"index","follow":"follow","max-snippet":"max-snippet:-1","max-image-preview":"max-image-preview:large","max-video-preview":"max-video-preview:-1"},"canonical":"https:\/\/wp.kristdemokraterna.se\/molndal\/namnder-for-mandatperioden-2019-2022\/","og_locale":"sv_SE","og_type":"article","og_title":"N\u00e4mnder f\u00f6r mandatperioden 2019-2022 - M\u00f6lndal","og_description":"P\u00e5 kommunfullm\u00e4ktigesammantr\u00e4det 2018-12-12 utf\u00f6rdes val till n\u00e4mnderna i M\u00f6lndal f\u00f6r kommande mandatperiod. F\u00f6r kristdemokratisk r\u00e4kning ser det ut p\u00e5 f\u00f6ljande s\u00e4tt: N\u00e4mnd Namn Uppdrag Byggnadsn\u00e4mnden Adam F Laur\u00e9n Ordf\u00f6rande Skoln\u00e4mnden Miriam Lilja Ledamot Kultur- &amp; Fritidsn\u00e4mnden Anders Karlsson Ledamot\/AU Milj\u00f6n\u00e4mnden Peter Nyqvist Ers\u00e4ttare Servicen\u00e4mnden Jenny Holf Ers\u00e4ttare Social- och arbetsmarknadsn\u00e4mnden Stina Lukassen Ledamot Tekniska n\u00e4mnden Read More","og_url":"https:\/\/wp.kristdemokraterna.se\/molndal\/namnder-for-mandatperioden-2019-2022\/","og_site_name":"M\u00f6lndal","article_published_time":"2018-12-13T22:36:14+00:00","author":"molndal","twitter_card":"summary_large_image","twitter_misc":{"Skriven av":"molndal","Ber\u00e4knad l\u00e4stid":"1 minut"},"schema":{"@context":"https:\/\/schema.org","@graph":[{"@type":"Article","@id":"https:\/\/wp.kristdemokraterna.se\/molndal\/namnder-for-mandatperioden-2019-2022\/#article","isPartOf":{"@id":"https:\/\/wp.kristdemokraterna.se\/molndal\/namnder-for-mandatperioden-2019-2022\/"},"author":{"name":"molndal","@id":"https:\/\/wp.kristdemokraterna.se\/molndal\/#\/schema\/person\/76072d253d64b4589d22b0b231cadbf9"},"headline":"N\u00e4mnder f\u00f6r mandatperioden 2019-2022","datePublished":"2018-12-13T22:36:14+00:00","mainEntityOfPage":{"@id":"https:\/\/wp.kristdemokraterna.se\/molndal\/namnder-for-mandatperioden-2019-2022\/"},"wordCount":120,"inLanguage":"sv-SE"},{"@type":"WebPage","@id":"https:\/\/wp.kristdemokraterna.se\/molndal\/namnder-for-mandatperioden-2019-2022\/","url":"https:\/\/wp.kristdemokraterna.se\/molndal\/namnder-for-mandatperioden-2019-2022\/","name":"N\u00e4mnder f\u00f6r mandatperioden 2019-2022 - M\u00f6lndal","isPartOf":{"@id":"https:\/\/wp.kristdemokraterna.se\/molndal\/#website"},"datePublished":"2018-12-13T22:36:14+00:00","author":{"@id":"https:\/\/wp.kristdemokraterna.se\/molndal\/#\/schema\/person\/76072d253d64b4589d22b0b231cadbf9"},"breadcrumb":{"@id":"https:\/\/wp.kristdemokraterna.se\/molndal\/namnder-for-mandatperioden-2019-2022\/#breadcrumb"},"inLanguage":"sv-SE","potentialAction":[{"@type":"ReadAction","target":["https:\/\/wp.kristdemokraterna.se\/molndal\/namnder-for-mandatperioden-2019-2022\/"]}]},{"@type":"BreadcrumbList","@id":"https:\/\/wp.kristdemokraterna.se\/molndal\/namnder-for-mandatperioden-2019-2022\/#breadcrumb","itemListElement":[{"@type":"ListItem","position":1,"name":"Hem","item":"https:\/\/wp.kristdemokraterna.se\/molndal\/"},{"@type":"ListItem","position":2,"name":"N\u00e4mnder f\u00f6r mandatperioden 2019-2022"}]},{"@type":"WebSite","@id":"https:\/\/wp.kristdemokraterna.se\/molndal\/#website","url":"https:\/\/wp.kristdemokraterna.se\/molndal\/","name":"M\u00f6lndal","description":"","inLanguage":"sv-SE"},{"@type":"Person","@id":"https:\/\/wp.kristdemokraterna.se\/molndal\/#\/schema\/person\/76072d253d64b4589d22b0b231cadbf9","name":"molndal","image":{"@type":"ImageObject","inLanguage":"sv-SE","@id":"https:\/\/secure.gravatar.com\/avatar\/649fc4fe965fc624270d6aaba9855b785586101deb1ef0cdc229dbf6c66baa96?s=96&d=mm&r=g","url":"https:\/\/secure.gravatar.com\/avatar\/649fc4fe965fc624270d6aaba9855b785586101deb1ef0cdc229dbf6c66baa96?s=96&d=mm&r=g","contentUrl":"https:\/\/secure.gravatar.com\/avatar\/649fc4fe965fc624270d6aaba9855b785586101deb1ef0cdc229dbf6c66baa96?s=96&d=mm&r=g","caption":"molndal"},"url":"https:\/\/wp.kristdemokraterna.se\/molndal\/author\/molndal\/"}]}},"_links":{"self":[{"href":"https:\/\/wp.kristdemokraterna.se\/molndal\/wp-json\/wp\/v2\/posts\/1025","targetHints":{"allow":["GET"]}}],"collection":[{"href":"https:\/\/wp.kristdemokraterna.se\/molndal\/wp-json\/wp\/v2\/posts"}],"about":[{"href":"https:\/\/wp.kristdemokraterna.se\/molndal\/wp-json\/wp\/v2\/types\/post"}],"author":[{"embeddable":true,"href":"https:\/\/wp.kristdemokraterna.se\/molndal\/wp-json\/wp\/v2\/users\/519"}],"replies":[{"embeddable":true,"href":"https:\/\/wp.kristdemokraterna.se\/molndal\/wp-json\/wp\/v2\/comments?post=1025"}],"version-history":[{"count":6,"href":"https:\/\/wp.kristdemokraterna.se\/molndal\/wp-json\/wp\/v2\/posts\/1025\/revisions"}],"predecessor-version":[{"id":1031,"href":"https:\/\/wp.kristdemokraterna.se\/molndal\/wp-json\/wp\/v2\/posts\/1025\/revisions\/1031"}],"wp:attachment":[{"href":"https:\/\/wp.kristdemokraterna.se\/molndal\/wp-json\/wp\/v2\/media?parent=1025"}],"wp:term":[{"taxonomy":"category","embeddable":true,"href":"https:\/\/wp.kristdemokraterna.se\/molndal\/wp-json\/wp\/v2\/categories?post=1025"},{"taxonomy":"post_tag","embeddable":true,"href":"https:\/\/wp.kristdemokraterna.se\/molndal\/wp-json\/wp\/v2\/tags?post=1025"}],"curies":[{"name":"wp","href":"https:\/\/api.w.org\/{rel}","templated":true}]}}