{"id":1053,"date":"2019-10-24T21:52:36","date_gmt":"2019-10-24T19:52:36","guid":{"rendered":"http:\/\/wp.kristdemokraterna.se\/molndal\/?p=1053"},"modified":"2019-10-24T23:20:36","modified_gmt":"2019-10-24T21:20:36","slug":"medlemstraff-oktober","status":"publish","type":"post","link":"https:\/\/wp.kristdemokraterna.se\/molndal\/medlemstraff-oktober\/","title":{"rendered":"Medlemstr\u00e4ff i oktober"},"content":{"rendered":"<p>Under det senaste \u00e5ret har kristdemokraterna haft en stor tillstr\u00f6mning av nya medlemmar, s\u00e5 \u00e4ven i M\u00f6lndal.<br \/>\nDen 19 oktober anordnades i M\u00f6lndal en tr\u00e4ff f\u00f6r b\u00e5de nya och gamla medlemmar. D\u00e4r fick vi lyssna p\u00e5 ett intressant f\u00f6redrag av riksdagsledamoten Hampus Hagman som ber\u00e4ttade om sitt arbete och om v\u00e5r rikspolitik. Dessutom ber\u00e4ttade Anders Karlsson om den kristdemokratiska ideologin och Adam F. Laur\u00e9n om aktuella fr\u00e5gor i kommunen.<\/p>\n<div id=\"attachment_1052\" style=\"width: 5514px\" class=\"wp-caption alignnone\"><a href=\"http:\/\/wp.kristdemokraterna.se\/molndal\/files\/2019\/10\/traff191019.jpg\"><img loading=\"lazy\" decoding=\"async\" aria-describedby=\"caption-attachment-1052\" src=\"http:\/\/wp.kristdemokraterna.se\/molndal\/files\/2019\/10\/traff191019.jpg\" alt=\"\" width=\"5504\" height=\"3096\" class=\"size-full wp-image-1052\" srcset=\"https:\/\/wp.kristdemokraterna.se\/molndal\/files\/2019\/10\/traff191019.jpg 5504w, https:\/\/wp.kristdemokraterna.se\/molndal\/files\/2019\/10\/traff191019-300x169.jpg 300w, https:\/\/wp.kristdemokraterna.se\/molndal\/files\/2019\/10\/traff191019-768x432.jpg 768w, https:\/\/wp.kristdemokraterna.se\/molndal\/files\/2019\/10\/traff191019-1024x576.jpg 1024w, https:\/\/wp.kristdemokraterna.se\/molndal\/files\/2019\/10\/traff191019-576x324.jpg 576w, https:\/\/wp.kristdemokraterna.se\/molndal\/files\/2019\/10\/traff191019-186x105.jpg 186w\" sizes=\"auto, (max-width: 5504px) 100vw, 5504px\" \/><\/a><p id=\"caption-attachment-1052\" class=\"wp-caption-text\">Hampus Hagman ber\u00e4ttar om riksdagsarbetet<\/p><\/div>\n","protected":false},"excerpt":{"rendered":"<p>Under det senaste \u00e5ret har kristdemokraterna haft en stor tillstr\u00f6mning av nya medlemmar, s\u00e5 \u00e4ven i M\u00f6lndal. Den 19 oktober anordnades i M\u00f6lndal en tr\u00e4ff f\u00f6r b\u00e5de nya och gamla medlemmar. D\u00e4r fick vi lyssna p\u00e5 ett intressant f\u00f6redrag av riksdagsledamoten Hampus Hagman som ber\u00e4ttade om sitt arbete och om v\u00e5r rikspolitik. Dessutom ber\u00e4ttade Anders <a class=\"read-more-link\" href=\"https:\/\/wp.kristdemokraterna.se\/molndal\/medlemstraff-oktober\/\">Read More<\/a><\/p>\n","protected":false},"author":519,"featured_media":0,"comment_status":"closed","ping_status":"closed","sticky":false,"template":"","format":"standard","meta":{"_acf_changed":false,"footnotes":""},"categories":[1],"tags":[],"class_list":["post-1053","post","type-post","status-publish","format-standard","hentry","category-okategoriserade"],"acf":[],"yoast_head":"<!-- This site is optimized with the Yoast SEO plugin v27.4 - https:\/\/yoast.com\/product\/yoast-seo-wordpress\/ -->\n<title>Medlemstr\u00e4ff i oktober - M\u00f6lndal<\/title>\n<meta name=\"robots\" content=\"index, follow, max-snippet:-1, max-image-preview:large, max-video-preview:-1\" \/>\n<link rel=\"canonical\" href=\"https:\/\/wp.kristdemokraterna.se\/molndal\/medlemstraff-oktober\/\" \/>\n<meta property=\"og:locale\" content=\"sv_SE\" \/>\n<meta property=\"og:type\" content=\"article\" \/>\n<meta property=\"og:title\" content=\"Medlemstr\u00e4ff i oktober - M\u00f6lndal\" \/>\n<meta property=\"og:description\" content=\"Under det senaste \u00e5ret har kristdemokraterna haft en stor tillstr\u00f6mning av nya medlemmar, s\u00e5 \u00e4ven i M\u00f6lndal. Den 19 oktober anordnades i M\u00f6lndal en tr\u00e4ff f\u00f6r b\u00e5de nya och gamla medlemmar. D\u00e4r fick vi lyssna p\u00e5 ett intressant f\u00f6redrag av riksdagsledamoten Hampus Hagman som ber\u00e4ttade om sitt arbete och om v\u00e5r rikspolitik. Dessutom ber\u00e4ttade Anders Read More\" \/>\n<meta property=\"og:url\" content=\"https:\/\/wp.kristdemokraterna.se\/molndal\/medlemstraff-oktober\/\" \/>\n<meta property=\"og:site_name\" content=\"M\u00f6lndal\" \/>\n<meta property=\"article:published_time\" content=\"2019-10-24T19:52:36+00:00\" \/>\n<meta property=\"article:modified_time\" content=\"2019-10-24T21:20:36+00:00\" \/>\n<meta property=\"og:image\" content=\"http:\/\/wp.kristdemokraterna.se\/molndal\/files\/2019\/10\/traff191019.jpg\" \/>\n<meta name=\"author\" content=\"molndal\" \/>\n<meta name=\"twitter:card\" content=\"summary_large_image\" \/>\n<meta name=\"twitter:label1\" content=\"Skriven av\" \/>\n\t<meta name=\"twitter:data1\" content=\"molndal\" \/>\n<script type=\"application\/ld+json\" class=\"yoast-schema-graph\">{\"@context\":\"https:\\\/\\\/schema.org\",\"@graph\":[{\"@type\":\"Article\",\"@id\":\"https:\\\/\\\/wp.kristdemokraterna.se\\\/molndal\\\/medlemstraff-oktober\\\/#article\",\"isPartOf\":{\"@id\":\"https:\\\/\\\/wp.kristdemokraterna.se\\\/molndal\\\/medlemstraff-oktober\\\/\"},\"author\":{\"name\":\"molndal\",\"@id\":\"https:\\\/\\\/wp.kristdemokraterna.se\\\/molndal\\\/#\\\/schema\\\/person\\\/76072d253d64b4589d22b0b231cadbf9\"},\"headline\":\"Medlemstr\u00e4ff i oktober\",\"datePublished\":\"2019-10-24T19:52:36+00:00\",\"dateModified\":\"2019-10-24T21:20:36+00:00\",\"mainEntityOfPage\":{\"@id\":\"https:\\\/\\\/wp.kristdemokraterna.se\\\/molndal\\\/medlemstraff-oktober\\\/\"},\"wordCount\":98,\"image\":{\"@id\":\"https:\\\/\\\/wp.kristdemokraterna.se\\\/molndal\\\/medlemstraff-oktober\\\/#primaryimage\"},\"thumbnailUrl\":\"http:\\\/\\\/wp.kristdemokraterna.se\\\/molndal\\\/files\\\/2019\\\/10\\\/traff191019.jpg\",\"inLanguage\":\"sv-SE\"},{\"@type\":\"WebPage\",\"@id\":\"https:\\\/\\\/wp.kristdemokraterna.se\\\/molndal\\\/medlemstraff-oktober\\\/\",\"url\":\"https:\\\/\\\/wp.kristdemokraterna.se\\\/molndal\\\/medlemstraff-oktober\\\/\",\"name\":\"Medlemstr\u00e4ff i oktober - M\u00f6lndal\",\"isPartOf\":{\"@id\":\"https:\\\/\\\/wp.kristdemokraterna.se\\\/molndal\\\/#website\"},\"primaryImageOfPage\":{\"@id\":\"https:\\\/\\\/wp.kristdemokraterna.se\\\/molndal\\\/medlemstraff-oktober\\\/#primaryimage\"},\"image\":{\"@id\":\"https:\\\/\\\/wp.kristdemokraterna.se\\\/molndal\\\/medlemstraff-oktober\\\/#primaryimage\"},\"thumbnailUrl\":\"http:\\\/\\\/wp.kristdemokraterna.se\\\/molndal\\\/files\\\/2019\\\/10\\\/traff191019.jpg\",\"datePublished\":\"2019-10-24T19:52:36+00:00\",\"dateModified\":\"2019-10-24T21:20:36+00:00\",\"author\":{\"@id\":\"https:\\\/\\\/wp.kristdemokraterna.se\\\/molndal\\\/#\\\/schema\\\/person\\\/76072d253d64b4589d22b0b231cadbf9\"},\"breadcrumb\":{\"@id\":\"https:\\\/\\\/wp.kristdemokraterna.se\\\/molndal\\\/medlemstraff-oktober\\\/#breadcrumb\"},\"inLanguage\":\"sv-SE\",\"potentialAction\":[{\"@type\":\"ReadAction\",\"target\":[\"https:\\\/\\\/wp.kristdemokraterna.se\\\/molndal\\\/medlemstraff-oktober\\\/\"]}]},{\"@type\":\"ImageObject\",\"inLanguage\":\"sv-SE\",\"@id\":\"https:\\\/\\\/wp.kristdemokraterna.se\\\/molndal\\\/medlemstraff-oktober\\\/#primaryimage\",\"url\":\"http:\\\/\\\/wp.kristdemokraterna.se\\\/molndal\\\/files\\\/2019\\\/10\\\/traff191019.jpg\",\"contentUrl\":\"http:\\\/\\\/wp.kristdemokraterna.se\\\/molndal\\\/files\\\/2019\\\/10\\\/traff191019.jpg\"},{\"@type\":\"BreadcrumbList\",\"@id\":\"https:\\\/\\\/wp.kristdemokraterna.se\\\/molndal\\\/medlemstraff-oktober\\\/#breadcrumb\",\"itemListElement\":[{\"@type\":\"ListItem\",\"position\":1,\"name\":\"Hem\",\"item\":\"https:\\\/\\\/wp.kristdemokraterna.se\\\/molndal\\\/\"},{\"@type\":\"ListItem\",\"position\":2,\"name\":\"Medlemstr\u00e4ff i oktober\"}]},{\"@type\":\"WebSite\",\"@id\":\"https:\\\/\\\/wp.kristdemokraterna.se\\\/molndal\\\/#website\",\"url\":\"https:\\\/\\\/wp.kristdemokraterna.se\\\/molndal\\\/\",\"name\":\"M\u00f6lndal\",\"description\":\"\",\"inLanguage\":\"sv-SE\"},{\"@type\":\"Person\",\"@id\":\"https:\\\/\\\/wp.kristdemokraterna.se\\\/molndal\\\/#\\\/schema\\\/person\\\/76072d253d64b4589d22b0b231cadbf9\",\"name\":\"molndal\",\"image\":{\"@type\":\"ImageObject\",\"inLanguage\":\"sv-SE\",\"@id\":\"https:\\\/\\\/secure.gravatar.com\\\/avatar\\\/649fc4fe965fc624270d6aaba9855b785586101deb1ef0cdc229dbf6c66baa96?s=96&d=mm&r=g\",\"url\":\"https:\\\/\\\/secure.gravatar.com\\\/avatar\\\/649fc4fe965fc624270d6aaba9855b785586101deb1ef0cdc229dbf6c66baa96?s=96&d=mm&r=g\",\"contentUrl\":\"https:\\\/\\\/secure.gravatar.com\\\/avatar\\\/649fc4fe965fc624270d6aaba9855b785586101deb1ef0cdc229dbf6c66baa96?s=96&d=mm&r=g\",\"caption\":\"molndal\"},\"url\":\"https:\\\/\\\/wp.kristdemokraterna.se\\\/molndal\\\/author\\\/molndal\\\/\"}]}<\/script>\n<!-- \/ Yoast SEO plugin. -->","yoast_head_json":{"title":"Medlemstr\u00e4ff i oktober - M\u00f6lndal","robots":{"index":"index","follow":"follow","max-snippet":"max-snippet:-1","max-image-preview":"max-image-preview:large","max-video-preview":"max-video-preview:-1"},"canonical":"https:\/\/wp.kristdemokraterna.se\/molndal\/medlemstraff-oktober\/","og_locale":"sv_SE","og_type":"article","og_title":"Medlemstr\u00e4ff i oktober - M\u00f6lndal","og_description":"Under det senaste \u00e5ret har kristdemokraterna haft en stor tillstr\u00f6mning av nya medlemmar, s\u00e5 \u00e4ven i M\u00f6lndal. Den 19 oktober anordnades i M\u00f6lndal en tr\u00e4ff f\u00f6r b\u00e5de nya och gamla medlemmar. D\u00e4r fick vi lyssna p\u00e5 ett intressant f\u00f6redrag av riksdagsledamoten Hampus Hagman som ber\u00e4ttade om sitt arbete och om v\u00e5r rikspolitik. Dessutom ber\u00e4ttade Anders Read More","og_url":"https:\/\/wp.kristdemokraterna.se\/molndal\/medlemstraff-oktober\/","og_site_name":"M\u00f6lndal","article_published_time":"2019-10-24T19:52:36+00:00","article_modified_time":"2019-10-24T21:20:36+00:00","og_image":[{"url":"http:\/\/wp.kristdemokraterna.se\/molndal\/files\/2019\/10\/traff191019.jpg","type":"","width":"","height":""}],"author":"molndal","twitter_card":"summary_large_image","twitter_misc":{"Skriven av":"molndal"},"schema":{"@context":"https:\/\/schema.org","@graph":[{"@type":"Article","@id":"https:\/\/wp.kristdemokraterna.se\/molndal\/medlemstraff-oktober\/#article","isPartOf":{"@id":"https:\/\/wp.kristdemokraterna.se\/molndal\/medlemstraff-oktober\/"},"author":{"name":"molndal","@id":"https:\/\/wp.kristdemokraterna.se\/molndal\/#\/schema\/person\/76072d253d64b4589d22b0b231cadbf9"},"headline":"Medlemstr\u00e4ff i oktober","datePublished":"2019-10-24T19:52:36+00:00","dateModified":"2019-10-24T21:20:36+00:00","mainEntityOfPage":{"@id":"https:\/\/wp.kristdemokraterna.se\/molndal\/medlemstraff-oktober\/"},"wordCount":98,"image":{"@id":"https:\/\/wp.kristdemokraterna.se\/molndal\/medlemstraff-oktober\/#primaryimage"},"thumbnailUrl":"http:\/\/wp.kristdemokraterna.se\/molndal\/files\/2019\/10\/traff191019.jpg","inLanguage":"sv-SE"},{"@type":"WebPage","@id":"https:\/\/wp.kristdemokraterna.se\/molndal\/medlemstraff-oktober\/","url":"https:\/\/wp.kristdemokraterna.se\/molndal\/medlemstraff-oktober\/","name":"Medlemstr\u00e4ff i oktober - M\u00f6lndal","isPartOf":{"@id":"https:\/\/wp.kristdemokraterna.se\/molndal\/#website"},"primaryImageOfPage":{"@id":"https:\/\/wp.kristdemokraterna.se\/molndal\/medlemstraff-oktober\/#primaryimage"},"image":{"@id":"https:\/\/wp.kristdemokraterna.se\/molndal\/medlemstraff-oktober\/#primaryimage"},"thumbnailUrl":"http:\/\/wp.kristdemokraterna.se\/molndal\/files\/2019\/10\/traff191019.jpg","datePublished":"2019-10-24T19:52:36+00:00","dateModified":"2019-10-24T21:20:36+00:00","author":{"@id":"https:\/\/wp.kristdemokraterna.se\/molndal\/#\/schema\/person\/76072d253d64b4589d22b0b231cadbf9"},"breadcrumb":{"@id":"https:\/\/wp.kristdemokraterna.se\/molndal\/medlemstraff-oktober\/#breadcrumb"},"inLanguage":"sv-SE","potentialAction":[{"@type":"ReadAction","target":["https:\/\/wp.kristdemokraterna.se\/molndal\/medlemstraff-oktober\/"]}]},{"@type":"ImageObject","inLanguage":"sv-SE","@id":"https:\/\/wp.kristdemokraterna.se\/molndal\/medlemstraff-oktober\/#primaryimage","url":"http:\/\/wp.kristdemokraterna.se\/molndal\/files\/2019\/10\/traff191019.jpg","contentUrl":"http:\/\/wp.kristdemokraterna.se\/molndal\/files\/2019\/10\/traff191019.jpg"},{"@type":"BreadcrumbList","@id":"https:\/\/wp.kristdemokraterna.se\/molndal\/medlemstraff-oktober\/#breadcrumb","itemListElement":[{"@type":"ListItem","position":1,"name":"Hem","item":"https:\/\/wp.kristdemokraterna.se\/molndal\/"},{"@type":"ListItem","position":2,"name":"Medlemstr\u00e4ff i oktober"}]},{"@type":"WebSite","@id":"https:\/\/wp.kristdemokraterna.se\/molndal\/#website","url":"https:\/\/wp.kristdemokraterna.se\/molndal\/","name":"M\u00f6lndal","description":"","inLanguage":"sv-SE"},{"@type":"Person","@id":"https:\/\/wp.kristdemokraterna.se\/molndal\/#\/schema\/person\/76072d253d64b4589d22b0b231cadbf9","name":"molndal","image":{"@type":"ImageObject","inLanguage":"sv-SE","@id":"https:\/\/secure.gravatar.com\/avatar\/649fc4fe965fc624270d6aaba9855b785586101deb1ef0cdc229dbf6c66baa96?s=96&d=mm&r=g","url":"https:\/\/secure.gravatar.com\/avatar\/649fc4fe965fc624270d6aaba9855b785586101deb1ef0cdc229dbf6c66baa96?s=96&d=mm&r=g","contentUrl":"https:\/\/secure.gravatar.com\/avatar\/649fc4fe965fc624270d6aaba9855b785586101deb1ef0cdc229dbf6c66baa96?s=96&d=mm&r=g","caption":"molndal"},"url":"https:\/\/wp.kristdemokraterna.se\/molndal\/author\/molndal\/"}]}},"_links":{"self":[{"href":"https:\/\/wp.kristdemokraterna.se\/molndal\/wp-json\/wp\/v2\/posts\/1053","targetHints":{"allow":["GET"]}}],"collection":[{"href":"https:\/\/wp.kristdemokraterna.se\/molndal\/wp-json\/wp\/v2\/posts"}],"about":[{"href":"https:\/\/wp.kristdemokraterna.se\/molndal\/wp-json\/wp\/v2\/types\/post"}],"author":[{"embeddable":true,"href":"https:\/\/wp.kristdemokraterna.se\/molndal\/wp-json\/wp\/v2\/users\/519"}],"replies":[{"embeddable":true,"href":"https:\/\/wp.kristdemokraterna.se\/molndal\/wp-json\/wp\/v2\/comments?post=1053"}],"version-history":[{"count":5,"href":"https:\/\/wp.kristdemokraterna.se\/molndal\/wp-json\/wp\/v2\/posts\/1053\/revisions"}],"predecessor-version":[{"id":1069,"href":"https:\/\/wp.kristdemokraterna.se\/molndal\/wp-json\/wp\/v2\/posts\/1053\/revisions\/1069"}],"wp:attachment":[{"href":"https:\/\/wp.kristdemokraterna.se\/molndal\/wp-json\/wp\/v2\/media?parent=1053"}],"wp:term":[{"taxonomy":"category","embeddable":true,"href":"https:\/\/wp.kristdemokraterna.se\/molndal\/wp-json\/wp\/v2\/categories?post=1053"},{"taxonomy":"post_tag","embeddable":true,"href":"https:\/\/wp.kristdemokraterna.se\/molndal\/wp-json\/wp\/v2\/tags?post=1053"}],"curies":[{"name":"wp","href":"https:\/\/api.w.org\/{rel}","templated":true}]}}