{"id":1081,"date":"2020-02-28T18:45:28","date_gmt":"2020-02-28T17:45:28","guid":{"rendered":"http:\/\/wp.kristdemokraterna.se\/molndal\/?p=1081"},"modified":"2020-02-28T18:45:28","modified_gmt":"2020-02-28T17:45:28","slug":"kent-klarenius-omvald-som-ordforande-for-kd-molndal","status":"publish","type":"post","link":"https:\/\/wp.kristdemokraterna.se\/molndal\/kent-klarenius-omvald-som-ordforande-for-kd-molndal\/","title":{"rendered":"Kent Klarenius omvald som ordf\u00f6rande f\u00f6r KD M\u00f6lndal"},"content":{"rendered":"<p>Kristdemokraterna i M\u00f6lndal h\u00f6ll under torsdagskv\u00e4llen den 20 februari sitt \u00e5rsm\u00f6te.<br \/>\nUnder \u00e5rsm\u00f6tet omvaldes Kent Klarenius till ordf\u00f6rande f\u00f6r partiavdelningen i M\u00f6lndal.<\/p>\n<p><em>Det \u00e4r gl\u00e4djande att jag f\u00e5tt f\u00f6rnyat f\u00f6rtroendet att leda Kristdemokraternas partiavdelning i M\u00f6lndal. Vi har f\u00e5tt en styrelse med h\u00f6g kompetens och stort driv. Min m\u00e5ls\u00e4ttning \u00e4r att \u00f6ka anstr\u00e4ngningarna f\u00f6r att n\u00e5 ut med v\u00e5r politik till M\u00f6lndalsborna s\u00e5 att vi i n\u00e4sta val kan \u00f6ka antalet platser i fullm\u00e4ktige<\/em> s\u00e4ger Kent Klarenius ordf\u00f6rande f\u00f6r Kristdemokraterna i M\u00f6lndal.<\/p>\n<p>\u00c5rsm\u00f6tet inleddes med ett f\u00f6redrag av Distriktsordf\u00f6rande i V\u00e4stra G\u00f6talands l\u00e4ns v\u00e4stra valkrets Gun-Marie Daun. Hon h\u00f6ll ett f\u00f6redrag om V\u00e4stra G\u00f6talandsregionens organisation, arbete och m\u00e5ls\u00e4ttningar. Hon ber\u00e4ttade ocks\u00e5 om sina uppdrag i regionen, d\u00e4r hon bland annat \u00e4r ledamot i regionfullm\u00e4ktige samt ordf\u00f6rande f\u00f6r G\u00f6teborgs Symfoniker.<\/p>\n<p><strong>Styrelsen i sin helhet:<\/strong><br \/>\nOrdf\u00f6rande: Kent Klarenius (omval)<br \/>\nVice ordf\u00f6rande: Anders Karlsson (omval)<br \/>\nLedamot: Adam F Laur\u00e9n (omval)<br \/>\nLedamot: Johanna K Deucher (omval)<br \/>\nLedamot: Stina Lukassen (omval)<\/p>\n<p>Ers\u00e4ttare: Peter Nyqvist (nyval)<br \/>\nErs\u00e4ttare: Jenny Holf (nyval)<\/p>\n<p>F\u00f6r mer information:<\/p>\n<p>Kent Klarenius<br \/>\nOrdf\u00f6rande Kristdemokraterna i M\u00f6lndal<br \/>\n031-879871<br \/>\nkent.klarenius@kristdemorkaterna.se<\/p>\n","protected":false},"excerpt":{"rendered":"<p>Kristdemokraterna i M\u00f6lndal h\u00f6ll under torsdagskv\u00e4llen den 20 februari sitt \u00e5rsm\u00f6te. Under \u00e5rsm\u00f6tet omvaldes Kent Klarenius till ordf\u00f6rande f\u00f6r partiavdelningen i M\u00f6lndal. Det \u00e4r gl\u00e4djande att jag f\u00e5tt f\u00f6rnyat f\u00f6rtroendet att leda Kristdemokraternas partiavdelning i M\u00f6lndal. Vi har f\u00e5tt en styrelse med h\u00f6g kompetens och stort driv. Min m\u00e5ls\u00e4ttning \u00e4r att \u00f6ka anstr\u00e4ngningarna f\u00f6r att <a class=\"read-more-link\" href=\"https:\/\/wp.kristdemokraterna.se\/molndal\/kent-klarenius-omvald-som-ordforande-for-kd-molndal\/\">Read More<\/a><\/p>\n","protected":false},"author":519,"featured_media":0,"comment_status":"closed","ping_status":"closed","sticky":false,"template":"","format":"standard","meta":{"_acf_changed":false,"footnotes":""},"categories":[1],"tags":[],"class_list":["post-1081","post","type-post","status-publish","format-standard","hentry","category-okategoriserade"],"acf":[],"yoast_head":"<!-- This site is optimized with the Yoast SEO plugin v27.4 - https:\/\/yoast.com\/product\/yoast-seo-wordpress\/ -->\n<title>Kent Klarenius omvald som ordf\u00f6rande f\u00f6r KD M\u00f6lndal - M\u00f6lndal<\/title>\n<meta name=\"robots\" content=\"index, follow, max-snippet:-1, max-image-preview:large, max-video-preview:-1\" \/>\n<link rel=\"canonical\" href=\"https:\/\/wp.kristdemokraterna.se\/molndal\/kent-klarenius-omvald-som-ordforande-for-kd-molndal\/\" \/>\n<meta property=\"og:locale\" content=\"sv_SE\" \/>\n<meta property=\"og:type\" content=\"article\" \/>\n<meta property=\"og:title\" content=\"Kent Klarenius omvald som ordf\u00f6rande f\u00f6r KD M\u00f6lndal - M\u00f6lndal\" \/>\n<meta property=\"og:description\" content=\"Kristdemokraterna i M\u00f6lndal h\u00f6ll under torsdagskv\u00e4llen den 20 februari sitt \u00e5rsm\u00f6te. Under \u00e5rsm\u00f6tet omvaldes Kent Klarenius till ordf\u00f6rande f\u00f6r partiavdelningen i M\u00f6lndal. Det \u00e4r gl\u00e4djande att jag f\u00e5tt f\u00f6rnyat f\u00f6rtroendet att leda Kristdemokraternas partiavdelning i M\u00f6lndal. Vi har f\u00e5tt en styrelse med h\u00f6g kompetens och stort driv. Min m\u00e5ls\u00e4ttning \u00e4r att \u00f6ka anstr\u00e4ngningarna f\u00f6r att Read More\" \/>\n<meta property=\"og:url\" content=\"https:\/\/wp.kristdemokraterna.se\/molndal\/kent-klarenius-omvald-som-ordforande-for-kd-molndal\/\" \/>\n<meta property=\"og:site_name\" content=\"M\u00f6lndal\" \/>\n<meta property=\"article:published_time\" content=\"2020-02-28T17:45:28+00:00\" \/>\n<meta name=\"author\" content=\"molndal\" \/>\n<meta name=\"twitter:card\" content=\"summary_large_image\" \/>\n<meta name=\"twitter:label1\" content=\"Skriven av\" \/>\n\t<meta name=\"twitter:data1\" content=\"molndal\" \/>\n\t<meta name=\"twitter:label2\" content=\"Ber\u00e4knad l\u00e4stid\" \/>\n\t<meta name=\"twitter:data2\" content=\"1 minut\" \/>\n<script type=\"application\/ld+json\" class=\"yoast-schema-graph\">{\"@context\":\"https:\\\/\\\/schema.org\",\"@graph\":[{\"@type\":\"Article\",\"@id\":\"https:\\\/\\\/wp.kristdemokraterna.se\\\/molndal\\\/kent-klarenius-omvald-som-ordforande-for-kd-molndal\\\/#article\",\"isPartOf\":{\"@id\":\"https:\\\/\\\/wp.kristdemokraterna.se\\\/molndal\\\/kent-klarenius-omvald-som-ordforande-for-kd-molndal\\\/\"},\"author\":{\"name\":\"molndal\",\"@id\":\"https:\\\/\\\/wp.kristdemokraterna.se\\\/molndal\\\/#\\\/schema\\\/person\\\/76072d253d64b4589d22b0b231cadbf9\"},\"headline\":\"Kent Klarenius omvald som ordf\u00f6rande f\u00f6r KD M\u00f6lndal\",\"datePublished\":\"2020-02-28T17:45:28+00:00\",\"mainEntityOfPage\":{\"@id\":\"https:\\\/\\\/wp.kristdemokraterna.se\\\/molndal\\\/kent-klarenius-omvald-som-ordforande-for-kd-molndal\\\/\"},\"wordCount\":242,\"inLanguage\":\"sv-SE\"},{\"@type\":\"WebPage\",\"@id\":\"https:\\\/\\\/wp.kristdemokraterna.se\\\/molndal\\\/kent-klarenius-omvald-som-ordforande-for-kd-molndal\\\/\",\"url\":\"https:\\\/\\\/wp.kristdemokraterna.se\\\/molndal\\\/kent-klarenius-omvald-som-ordforande-for-kd-molndal\\\/\",\"name\":\"Kent Klarenius omvald som ordf\u00f6rande f\u00f6r KD M\u00f6lndal - M\u00f6lndal\",\"isPartOf\":{\"@id\":\"https:\\\/\\\/wp.kristdemokraterna.se\\\/molndal\\\/#website\"},\"datePublished\":\"2020-02-28T17:45:28+00:00\",\"author\":{\"@id\":\"https:\\\/\\\/wp.kristdemokraterna.se\\\/molndal\\\/#\\\/schema\\\/person\\\/76072d253d64b4589d22b0b231cadbf9\"},\"breadcrumb\":{\"@id\":\"https:\\\/\\\/wp.kristdemokraterna.se\\\/molndal\\\/kent-klarenius-omvald-som-ordforande-for-kd-molndal\\\/#breadcrumb\"},\"inLanguage\":\"sv-SE\",\"potentialAction\":[{\"@type\":\"ReadAction\",\"target\":[\"https:\\\/\\\/wp.kristdemokraterna.se\\\/molndal\\\/kent-klarenius-omvald-som-ordforande-for-kd-molndal\\\/\"]}]},{\"@type\":\"BreadcrumbList\",\"@id\":\"https:\\\/\\\/wp.kristdemokraterna.se\\\/molndal\\\/kent-klarenius-omvald-som-ordforande-for-kd-molndal\\\/#breadcrumb\",\"itemListElement\":[{\"@type\":\"ListItem\",\"position\":1,\"name\":\"Hem\",\"item\":\"https:\\\/\\\/wp.kristdemokraterna.se\\\/molndal\\\/\"},{\"@type\":\"ListItem\",\"position\":2,\"name\":\"Kent Klarenius omvald som ordf\u00f6rande f\u00f6r KD M\u00f6lndal\"}]},{\"@type\":\"WebSite\",\"@id\":\"https:\\\/\\\/wp.kristdemokraterna.se\\\/molndal\\\/#website\",\"url\":\"https:\\\/\\\/wp.kristdemokraterna.se\\\/molndal\\\/\",\"name\":\"M\u00f6lndal\",\"description\":\"\",\"inLanguage\":\"sv-SE\"},{\"@type\":\"Person\",\"@id\":\"https:\\\/\\\/wp.kristdemokraterna.se\\\/molndal\\\/#\\\/schema\\\/person\\\/76072d253d64b4589d22b0b231cadbf9\",\"name\":\"molndal\",\"image\":{\"@type\":\"ImageObject\",\"inLanguage\":\"sv-SE\",\"@id\":\"https:\\\/\\\/secure.gravatar.com\\\/avatar\\\/649fc4fe965fc624270d6aaba9855b785586101deb1ef0cdc229dbf6c66baa96?s=96&d=mm&r=g\",\"url\":\"https:\\\/\\\/secure.gravatar.com\\\/avatar\\\/649fc4fe965fc624270d6aaba9855b785586101deb1ef0cdc229dbf6c66baa96?s=96&d=mm&r=g\",\"contentUrl\":\"https:\\\/\\\/secure.gravatar.com\\\/avatar\\\/649fc4fe965fc624270d6aaba9855b785586101deb1ef0cdc229dbf6c66baa96?s=96&d=mm&r=g\",\"caption\":\"molndal\"},\"url\":\"https:\\\/\\\/wp.kristdemokraterna.se\\\/molndal\\\/author\\\/molndal\\\/\"}]}<\/script>\n<!-- \/ Yoast SEO plugin. -->","yoast_head_json":{"title":"Kent Klarenius omvald som ordf\u00f6rande f\u00f6r KD M\u00f6lndal - M\u00f6lndal","robots":{"index":"index","follow":"follow","max-snippet":"max-snippet:-1","max-image-preview":"max-image-preview:large","max-video-preview":"max-video-preview:-1"},"canonical":"https:\/\/wp.kristdemokraterna.se\/molndal\/kent-klarenius-omvald-som-ordforande-for-kd-molndal\/","og_locale":"sv_SE","og_type":"article","og_title":"Kent Klarenius omvald som ordf\u00f6rande f\u00f6r KD M\u00f6lndal - M\u00f6lndal","og_description":"Kristdemokraterna i M\u00f6lndal h\u00f6ll under torsdagskv\u00e4llen den 20 februari sitt \u00e5rsm\u00f6te. Under \u00e5rsm\u00f6tet omvaldes Kent Klarenius till ordf\u00f6rande f\u00f6r partiavdelningen i M\u00f6lndal. Det \u00e4r gl\u00e4djande att jag f\u00e5tt f\u00f6rnyat f\u00f6rtroendet att leda Kristdemokraternas partiavdelning i M\u00f6lndal. Vi har f\u00e5tt en styrelse med h\u00f6g kompetens och stort driv. Min m\u00e5ls\u00e4ttning \u00e4r att \u00f6ka anstr\u00e4ngningarna f\u00f6r att Read More","og_url":"https:\/\/wp.kristdemokraterna.se\/molndal\/kent-klarenius-omvald-som-ordforande-for-kd-molndal\/","og_site_name":"M\u00f6lndal","article_published_time":"2020-02-28T17:45:28+00:00","author":"molndal","twitter_card":"summary_large_image","twitter_misc":{"Skriven av":"molndal","Ber\u00e4knad l\u00e4stid":"1 minut"},"schema":{"@context":"https:\/\/schema.org","@graph":[{"@type":"Article","@id":"https:\/\/wp.kristdemokraterna.se\/molndal\/kent-klarenius-omvald-som-ordforande-for-kd-molndal\/#article","isPartOf":{"@id":"https:\/\/wp.kristdemokraterna.se\/molndal\/kent-klarenius-omvald-som-ordforande-for-kd-molndal\/"},"author":{"name":"molndal","@id":"https:\/\/wp.kristdemokraterna.se\/molndal\/#\/schema\/person\/76072d253d64b4589d22b0b231cadbf9"},"headline":"Kent Klarenius omvald som ordf\u00f6rande f\u00f6r KD M\u00f6lndal","datePublished":"2020-02-28T17:45:28+00:00","mainEntityOfPage":{"@id":"https:\/\/wp.kristdemokraterna.se\/molndal\/kent-klarenius-omvald-som-ordforande-for-kd-molndal\/"},"wordCount":242,"inLanguage":"sv-SE"},{"@type":"WebPage","@id":"https:\/\/wp.kristdemokraterna.se\/molndal\/kent-klarenius-omvald-som-ordforande-for-kd-molndal\/","url":"https:\/\/wp.kristdemokraterna.se\/molndal\/kent-klarenius-omvald-som-ordforande-for-kd-molndal\/","name":"Kent Klarenius omvald som ordf\u00f6rande f\u00f6r KD M\u00f6lndal - M\u00f6lndal","isPartOf":{"@id":"https:\/\/wp.kristdemokraterna.se\/molndal\/#website"},"datePublished":"2020-02-28T17:45:28+00:00","author":{"@id":"https:\/\/wp.kristdemokraterna.se\/molndal\/#\/schema\/person\/76072d253d64b4589d22b0b231cadbf9"},"breadcrumb":{"@id":"https:\/\/wp.kristdemokraterna.se\/molndal\/kent-klarenius-omvald-som-ordforande-for-kd-molndal\/#breadcrumb"},"inLanguage":"sv-SE","potentialAction":[{"@type":"ReadAction","target":["https:\/\/wp.kristdemokraterna.se\/molndal\/kent-klarenius-omvald-som-ordforande-for-kd-molndal\/"]}]},{"@type":"BreadcrumbList","@id":"https:\/\/wp.kristdemokraterna.se\/molndal\/kent-klarenius-omvald-som-ordforande-for-kd-molndal\/#breadcrumb","itemListElement":[{"@type":"ListItem","position":1,"name":"Hem","item":"https:\/\/wp.kristdemokraterna.se\/molndal\/"},{"@type":"ListItem","position":2,"name":"Kent Klarenius omvald som ordf\u00f6rande f\u00f6r KD M\u00f6lndal"}]},{"@type":"WebSite","@id":"https:\/\/wp.kristdemokraterna.se\/molndal\/#website","url":"https:\/\/wp.kristdemokraterna.se\/molndal\/","name":"M\u00f6lndal","description":"","inLanguage":"sv-SE"},{"@type":"Person","@id":"https:\/\/wp.kristdemokraterna.se\/molndal\/#\/schema\/person\/76072d253d64b4589d22b0b231cadbf9","name":"molndal","image":{"@type":"ImageObject","inLanguage":"sv-SE","@id":"https:\/\/secure.gravatar.com\/avatar\/649fc4fe965fc624270d6aaba9855b785586101deb1ef0cdc229dbf6c66baa96?s=96&d=mm&r=g","url":"https:\/\/secure.gravatar.com\/avatar\/649fc4fe965fc624270d6aaba9855b785586101deb1ef0cdc229dbf6c66baa96?s=96&d=mm&r=g","contentUrl":"https:\/\/secure.gravatar.com\/avatar\/649fc4fe965fc624270d6aaba9855b785586101deb1ef0cdc229dbf6c66baa96?s=96&d=mm&r=g","caption":"molndal"},"url":"https:\/\/wp.kristdemokraterna.se\/molndal\/author\/molndal\/"}]}},"_links":{"self":[{"href":"https:\/\/wp.kristdemokraterna.se\/molndal\/wp-json\/wp\/v2\/posts\/1081","targetHints":{"allow":["GET"]}}],"collection":[{"href":"https:\/\/wp.kristdemokraterna.se\/molndal\/wp-json\/wp\/v2\/posts"}],"about":[{"href":"https:\/\/wp.kristdemokraterna.se\/molndal\/wp-json\/wp\/v2\/types\/post"}],"author":[{"embeddable":true,"href":"https:\/\/wp.kristdemokraterna.se\/molndal\/wp-json\/wp\/v2\/users\/519"}],"replies":[{"embeddable":true,"href":"https:\/\/wp.kristdemokraterna.se\/molndal\/wp-json\/wp\/v2\/comments?post=1081"}],"version-history":[{"count":2,"href":"https:\/\/wp.kristdemokraterna.se\/molndal\/wp-json\/wp\/v2\/posts\/1081\/revisions"}],"predecessor-version":[{"id":1083,"href":"https:\/\/wp.kristdemokraterna.se\/molndal\/wp-json\/wp\/v2\/posts\/1081\/revisions\/1083"}],"wp:attachment":[{"href":"https:\/\/wp.kristdemokraterna.se\/molndal\/wp-json\/wp\/v2\/media?parent=1081"}],"wp:term":[{"taxonomy":"category","embeddable":true,"href":"https:\/\/wp.kristdemokraterna.se\/molndal\/wp-json\/wp\/v2\/categories?post=1081"},{"taxonomy":"post_tag","embeddable":true,"href":"https:\/\/wp.kristdemokraterna.se\/molndal\/wp-json\/wp\/v2\/tags?post=1081"}],"curies":[{"name":"wp","href":"https:\/\/api.w.org\/{rel}","templated":true}]}}