{"id":1084,"date":"2020-03-02T19:39:56","date_gmt":"2020-03-02T18:39:56","guid":{"rendered":"http:\/\/wp.kristdemokraterna.se\/molndal\/?p=1084"},"modified":"2020-02-28T19:51:58","modified_gmt":"2020-02-28T18:51:58","slug":"pengar-till-molndal-tack-vare-kd","status":"publish","type":"post","link":"https:\/\/wp.kristdemokraterna.se\/molndal\/pengar-till-molndal-tack-vare-kd\/","title":{"rendered":"Pengar till M\u00f6lndal tack vare KD"},"content":{"rendered":"<p>I f\u00f6rra veckans M\u00f6lndals-Posten fanns f\u00f6ljande ins\u00e4ndare av v\u00e5r gruppledare Adam F Laur\u00e9n med d\u00e4r vi talar om v\u00e5r vilja att tillf\u00f6ra pengar till kommunernas k\u00e4rnverksamhet.<br \/>\n<a href=\"http:\/\/wp.kristdemokraterna.se\/molndal\/files\/2020\/02\/cb496df3-1b49-4a1e-8e15-f4353741abd9.jpeg\"><img loading=\"lazy\" decoding=\"async\" src=\"http:\/\/wp.kristdemokraterna.se\/molndal\/files\/2020\/02\/cb496df3-1b49-4a1e-8e15-f4353741abd9.jpeg\" alt=\"\" width=\"776\" height=\"1081\" class=\"alignnone size-full wp-image-1085\" srcset=\"https:\/\/wp.kristdemokraterna.se\/molndal\/files\/2020\/02\/cb496df3-1b49-4a1e-8e15-f4353741abd9.jpeg 776w, https:\/\/wp.kristdemokraterna.se\/molndal\/files\/2020\/02\/cb496df3-1b49-4a1e-8e15-f4353741abd9-215x300.jpeg 215w, https:\/\/wp.kristdemokraterna.se\/molndal\/files\/2020\/02\/cb496df3-1b49-4a1e-8e15-f4353741abd9-768x1070.jpeg 768w, https:\/\/wp.kristdemokraterna.se\/molndal\/files\/2020\/02\/cb496df3-1b49-4a1e-8e15-f4353741abd9-735x1024.jpeg 735w, https:\/\/wp.kristdemokraterna.se\/molndal\/files\/2020\/02\/cb496df3-1b49-4a1e-8e15-f4353741abd9-248x346.jpeg 248w, https:\/\/wp.kristdemokraterna.se\/molndal\/files\/2020\/02\/cb496df3-1b49-4a1e-8e15-f4353741abd9-80x112.jpeg 80w\" sizes=\"auto, (max-width: 776px) 100vw, 776px\" \/><\/a><\/p>\n","protected":false},"excerpt":{"rendered":"<p>I f\u00f6rra veckans M\u00f6lndals-Posten fanns f\u00f6ljande ins\u00e4ndare av v\u00e5r gruppledare Adam F Laur\u00e9n med d\u00e4r vi talar om v\u00e5r vilja att tillf\u00f6ra pengar till kommunernas k\u00e4rnverksamhet.<\/p>\n","protected":false},"author":519,"featured_media":0,"comment_status":"closed","ping_status":"closed","sticky":false,"template":"","format":"standard","meta":{"_acf_changed":false,"footnotes":""},"categories":[1],"tags":[],"class_list":["post-1084","post","type-post","status-publish","format-standard","hentry","category-okategoriserade"],"acf":[],"yoast_head":"<!-- This site is optimized with the Yoast SEO plugin v27.4 - https:\/\/yoast.com\/product\/yoast-seo-wordpress\/ -->\n<title>Pengar till M\u00f6lndal tack vare KD - M\u00f6lndal<\/title>\n<meta name=\"robots\" content=\"index, follow, max-snippet:-1, max-image-preview:large, max-video-preview:-1\" \/>\n<link rel=\"canonical\" href=\"https:\/\/wp.kristdemokraterna.se\/molndal\/pengar-till-molndal-tack-vare-kd\/\" \/>\n<meta property=\"og:locale\" content=\"sv_SE\" \/>\n<meta property=\"og:type\" content=\"article\" \/>\n<meta property=\"og:title\" content=\"Pengar till M\u00f6lndal tack vare KD - M\u00f6lndal\" \/>\n<meta property=\"og:description\" content=\"I f\u00f6rra veckans M\u00f6lndals-Posten fanns f\u00f6ljande ins\u00e4ndare av v\u00e5r gruppledare Adam F Laur\u00e9n med d\u00e4r vi talar om v\u00e5r vilja att tillf\u00f6ra pengar till kommunernas k\u00e4rnverksamhet.\" \/>\n<meta property=\"og:url\" content=\"https:\/\/wp.kristdemokraterna.se\/molndal\/pengar-till-molndal-tack-vare-kd\/\" \/>\n<meta property=\"og:site_name\" content=\"M\u00f6lndal\" \/>\n<meta property=\"article:published_time\" content=\"2020-03-02T18:39:56+00:00\" \/>\n<meta property=\"og:image\" content=\"http:\/\/wp.kristdemokraterna.se\/molndal\/files\/2020\/02\/cb496df3-1b49-4a1e-8e15-f4353741abd9.jpeg\" \/>\n<meta name=\"author\" content=\"molndal\" \/>\n<meta name=\"twitter:card\" content=\"summary_large_image\" \/>\n<meta name=\"twitter:label1\" content=\"Skriven av\" \/>\n\t<meta name=\"twitter:data1\" content=\"molndal\" \/>\n<script type=\"application\/ld+json\" class=\"yoast-schema-graph\">{\"@context\":\"https:\\\/\\\/schema.org\",\"@graph\":[{\"@type\":\"Article\",\"@id\":\"https:\\\/\\\/wp.kristdemokraterna.se\\\/molndal\\\/pengar-till-molndal-tack-vare-kd\\\/#article\",\"isPartOf\":{\"@id\":\"https:\\\/\\\/wp.kristdemokraterna.se\\\/molndal\\\/pengar-till-molndal-tack-vare-kd\\\/\"},\"author\":{\"name\":\"molndal\",\"@id\":\"https:\\\/\\\/wp.kristdemokraterna.se\\\/molndal\\\/#\\\/schema\\\/person\\\/76072d253d64b4589d22b0b231cadbf9\"},\"headline\":\"Pengar till M\u00f6lndal tack vare KD\",\"datePublished\":\"2020-03-02T18:39:56+00:00\",\"mainEntityOfPage\":{\"@id\":\"https:\\\/\\\/wp.kristdemokraterna.se\\\/molndal\\\/pengar-till-molndal-tack-vare-kd\\\/\"},\"wordCount\":43,\"image\":{\"@id\":\"https:\\\/\\\/wp.kristdemokraterna.se\\\/molndal\\\/pengar-till-molndal-tack-vare-kd\\\/#primaryimage\"},\"thumbnailUrl\":\"http:\\\/\\\/wp.kristdemokraterna.se\\\/molndal\\\/files\\\/2020\\\/02\\\/cb496df3-1b49-4a1e-8e15-f4353741abd9.jpeg\",\"inLanguage\":\"sv-SE\"},{\"@type\":\"WebPage\",\"@id\":\"https:\\\/\\\/wp.kristdemokraterna.se\\\/molndal\\\/pengar-till-molndal-tack-vare-kd\\\/\",\"url\":\"https:\\\/\\\/wp.kristdemokraterna.se\\\/molndal\\\/pengar-till-molndal-tack-vare-kd\\\/\",\"name\":\"Pengar till M\u00f6lndal tack vare KD - M\u00f6lndal\",\"isPartOf\":{\"@id\":\"https:\\\/\\\/wp.kristdemokraterna.se\\\/molndal\\\/#website\"},\"primaryImageOfPage\":{\"@id\":\"https:\\\/\\\/wp.kristdemokraterna.se\\\/molndal\\\/pengar-till-molndal-tack-vare-kd\\\/#primaryimage\"},\"image\":{\"@id\":\"https:\\\/\\\/wp.kristdemokraterna.se\\\/molndal\\\/pengar-till-molndal-tack-vare-kd\\\/#primaryimage\"},\"thumbnailUrl\":\"http:\\\/\\\/wp.kristdemokraterna.se\\\/molndal\\\/files\\\/2020\\\/02\\\/cb496df3-1b49-4a1e-8e15-f4353741abd9.jpeg\",\"datePublished\":\"2020-03-02T18:39:56+00:00\",\"author\":{\"@id\":\"https:\\\/\\\/wp.kristdemokraterna.se\\\/molndal\\\/#\\\/schema\\\/person\\\/76072d253d64b4589d22b0b231cadbf9\"},\"breadcrumb\":{\"@id\":\"https:\\\/\\\/wp.kristdemokraterna.se\\\/molndal\\\/pengar-till-molndal-tack-vare-kd\\\/#breadcrumb\"},\"inLanguage\":\"sv-SE\",\"potentialAction\":[{\"@type\":\"ReadAction\",\"target\":[\"https:\\\/\\\/wp.kristdemokraterna.se\\\/molndal\\\/pengar-till-molndal-tack-vare-kd\\\/\"]}]},{\"@type\":\"ImageObject\",\"inLanguage\":\"sv-SE\",\"@id\":\"https:\\\/\\\/wp.kristdemokraterna.se\\\/molndal\\\/pengar-till-molndal-tack-vare-kd\\\/#primaryimage\",\"url\":\"http:\\\/\\\/wp.kristdemokraterna.se\\\/molndal\\\/files\\\/2020\\\/02\\\/cb496df3-1b49-4a1e-8e15-f4353741abd9.jpeg\",\"contentUrl\":\"http:\\\/\\\/wp.kristdemokraterna.se\\\/molndal\\\/files\\\/2020\\\/02\\\/cb496df3-1b49-4a1e-8e15-f4353741abd9.jpeg\"},{\"@type\":\"BreadcrumbList\",\"@id\":\"https:\\\/\\\/wp.kristdemokraterna.se\\\/molndal\\\/pengar-till-molndal-tack-vare-kd\\\/#breadcrumb\",\"itemListElement\":[{\"@type\":\"ListItem\",\"position\":1,\"name\":\"Hem\",\"item\":\"https:\\\/\\\/wp.kristdemokraterna.se\\\/molndal\\\/\"},{\"@type\":\"ListItem\",\"position\":2,\"name\":\"Pengar till M\u00f6lndal tack vare KD\"}]},{\"@type\":\"WebSite\",\"@id\":\"https:\\\/\\\/wp.kristdemokraterna.se\\\/molndal\\\/#website\",\"url\":\"https:\\\/\\\/wp.kristdemokraterna.se\\\/molndal\\\/\",\"name\":\"M\u00f6lndal\",\"description\":\"\",\"inLanguage\":\"sv-SE\"},{\"@type\":\"Person\",\"@id\":\"https:\\\/\\\/wp.kristdemokraterna.se\\\/molndal\\\/#\\\/schema\\\/person\\\/76072d253d64b4589d22b0b231cadbf9\",\"name\":\"molndal\",\"image\":{\"@type\":\"ImageObject\",\"inLanguage\":\"sv-SE\",\"@id\":\"https:\\\/\\\/secure.gravatar.com\\\/avatar\\\/649fc4fe965fc624270d6aaba9855b785586101deb1ef0cdc229dbf6c66baa96?s=96&d=mm&r=g\",\"url\":\"https:\\\/\\\/secure.gravatar.com\\\/avatar\\\/649fc4fe965fc624270d6aaba9855b785586101deb1ef0cdc229dbf6c66baa96?s=96&d=mm&r=g\",\"contentUrl\":\"https:\\\/\\\/secure.gravatar.com\\\/avatar\\\/649fc4fe965fc624270d6aaba9855b785586101deb1ef0cdc229dbf6c66baa96?s=96&d=mm&r=g\",\"caption\":\"molndal\"},\"url\":\"https:\\\/\\\/wp.kristdemokraterna.se\\\/molndal\\\/author\\\/molndal\\\/\"}]}<\/script>\n<!-- \/ Yoast SEO plugin. -->","yoast_head_json":{"title":"Pengar till M\u00f6lndal tack vare KD - M\u00f6lndal","robots":{"index":"index","follow":"follow","max-snippet":"max-snippet:-1","max-image-preview":"max-image-preview:large","max-video-preview":"max-video-preview:-1"},"canonical":"https:\/\/wp.kristdemokraterna.se\/molndal\/pengar-till-molndal-tack-vare-kd\/","og_locale":"sv_SE","og_type":"article","og_title":"Pengar till M\u00f6lndal tack vare KD - M\u00f6lndal","og_description":"I f\u00f6rra veckans M\u00f6lndals-Posten fanns f\u00f6ljande ins\u00e4ndare av v\u00e5r gruppledare Adam F Laur\u00e9n med d\u00e4r vi talar om v\u00e5r vilja att tillf\u00f6ra pengar till kommunernas k\u00e4rnverksamhet.","og_url":"https:\/\/wp.kristdemokraterna.se\/molndal\/pengar-till-molndal-tack-vare-kd\/","og_site_name":"M\u00f6lndal","article_published_time":"2020-03-02T18:39:56+00:00","og_image":[{"url":"http:\/\/wp.kristdemokraterna.se\/molndal\/files\/2020\/02\/cb496df3-1b49-4a1e-8e15-f4353741abd9.jpeg","type":"","width":"","height":""}],"author":"molndal","twitter_card":"summary_large_image","twitter_misc":{"Skriven av":"molndal"},"schema":{"@context":"https:\/\/schema.org","@graph":[{"@type":"Article","@id":"https:\/\/wp.kristdemokraterna.se\/molndal\/pengar-till-molndal-tack-vare-kd\/#article","isPartOf":{"@id":"https:\/\/wp.kristdemokraterna.se\/molndal\/pengar-till-molndal-tack-vare-kd\/"},"author":{"name":"molndal","@id":"https:\/\/wp.kristdemokraterna.se\/molndal\/#\/schema\/person\/76072d253d64b4589d22b0b231cadbf9"},"headline":"Pengar till M\u00f6lndal tack vare KD","datePublished":"2020-03-02T18:39:56+00:00","mainEntityOfPage":{"@id":"https:\/\/wp.kristdemokraterna.se\/molndal\/pengar-till-molndal-tack-vare-kd\/"},"wordCount":43,"image":{"@id":"https:\/\/wp.kristdemokraterna.se\/molndal\/pengar-till-molndal-tack-vare-kd\/#primaryimage"},"thumbnailUrl":"http:\/\/wp.kristdemokraterna.se\/molndal\/files\/2020\/02\/cb496df3-1b49-4a1e-8e15-f4353741abd9.jpeg","inLanguage":"sv-SE"},{"@type":"WebPage","@id":"https:\/\/wp.kristdemokraterna.se\/molndal\/pengar-till-molndal-tack-vare-kd\/","url":"https:\/\/wp.kristdemokraterna.se\/molndal\/pengar-till-molndal-tack-vare-kd\/","name":"Pengar till M\u00f6lndal tack vare KD - M\u00f6lndal","isPartOf":{"@id":"https:\/\/wp.kristdemokraterna.se\/molndal\/#website"},"primaryImageOfPage":{"@id":"https:\/\/wp.kristdemokraterna.se\/molndal\/pengar-till-molndal-tack-vare-kd\/#primaryimage"},"image":{"@id":"https:\/\/wp.kristdemokraterna.se\/molndal\/pengar-till-molndal-tack-vare-kd\/#primaryimage"},"thumbnailUrl":"http:\/\/wp.kristdemokraterna.se\/molndal\/files\/2020\/02\/cb496df3-1b49-4a1e-8e15-f4353741abd9.jpeg","datePublished":"2020-03-02T18:39:56+00:00","author":{"@id":"https:\/\/wp.kristdemokraterna.se\/molndal\/#\/schema\/person\/76072d253d64b4589d22b0b231cadbf9"},"breadcrumb":{"@id":"https:\/\/wp.kristdemokraterna.se\/molndal\/pengar-till-molndal-tack-vare-kd\/#breadcrumb"},"inLanguage":"sv-SE","potentialAction":[{"@type":"ReadAction","target":["https:\/\/wp.kristdemokraterna.se\/molndal\/pengar-till-molndal-tack-vare-kd\/"]}]},{"@type":"ImageObject","inLanguage":"sv-SE","@id":"https:\/\/wp.kristdemokraterna.se\/molndal\/pengar-till-molndal-tack-vare-kd\/#primaryimage","url":"http:\/\/wp.kristdemokraterna.se\/molndal\/files\/2020\/02\/cb496df3-1b49-4a1e-8e15-f4353741abd9.jpeg","contentUrl":"http:\/\/wp.kristdemokraterna.se\/molndal\/files\/2020\/02\/cb496df3-1b49-4a1e-8e15-f4353741abd9.jpeg"},{"@type":"BreadcrumbList","@id":"https:\/\/wp.kristdemokraterna.se\/molndal\/pengar-till-molndal-tack-vare-kd\/#breadcrumb","itemListElement":[{"@type":"ListItem","position":1,"name":"Hem","item":"https:\/\/wp.kristdemokraterna.se\/molndal\/"},{"@type":"ListItem","position":2,"name":"Pengar till M\u00f6lndal tack vare KD"}]},{"@type":"WebSite","@id":"https:\/\/wp.kristdemokraterna.se\/molndal\/#website","url":"https:\/\/wp.kristdemokraterna.se\/molndal\/","name":"M\u00f6lndal","description":"","inLanguage":"sv-SE"},{"@type":"Person","@id":"https:\/\/wp.kristdemokraterna.se\/molndal\/#\/schema\/person\/76072d253d64b4589d22b0b231cadbf9","name":"molndal","image":{"@type":"ImageObject","inLanguage":"sv-SE","@id":"https:\/\/secure.gravatar.com\/avatar\/649fc4fe965fc624270d6aaba9855b785586101deb1ef0cdc229dbf6c66baa96?s=96&d=mm&r=g","url":"https:\/\/secure.gravatar.com\/avatar\/649fc4fe965fc624270d6aaba9855b785586101deb1ef0cdc229dbf6c66baa96?s=96&d=mm&r=g","contentUrl":"https:\/\/secure.gravatar.com\/avatar\/649fc4fe965fc624270d6aaba9855b785586101deb1ef0cdc229dbf6c66baa96?s=96&d=mm&r=g","caption":"molndal"},"url":"https:\/\/wp.kristdemokraterna.se\/molndal\/author\/molndal\/"}]}},"_links":{"self":[{"href":"https:\/\/wp.kristdemokraterna.se\/molndal\/wp-json\/wp\/v2\/posts\/1084","targetHints":{"allow":["GET"]}}],"collection":[{"href":"https:\/\/wp.kristdemokraterna.se\/molndal\/wp-json\/wp\/v2\/posts"}],"about":[{"href":"https:\/\/wp.kristdemokraterna.se\/molndal\/wp-json\/wp\/v2\/types\/post"}],"author":[{"embeddable":true,"href":"https:\/\/wp.kristdemokraterna.se\/molndal\/wp-json\/wp\/v2\/users\/519"}],"replies":[{"embeddable":true,"href":"https:\/\/wp.kristdemokraterna.se\/molndal\/wp-json\/wp\/v2\/comments?post=1084"}],"version-history":[{"count":3,"href":"https:\/\/wp.kristdemokraterna.se\/molndal\/wp-json\/wp\/v2\/posts\/1084\/revisions"}],"predecessor-version":[{"id":1088,"href":"https:\/\/wp.kristdemokraterna.se\/molndal\/wp-json\/wp\/v2\/posts\/1084\/revisions\/1088"}],"wp:attachment":[{"href":"https:\/\/wp.kristdemokraterna.se\/molndal\/wp-json\/wp\/v2\/media?parent=1084"}],"wp:term":[{"taxonomy":"category","embeddable":true,"href":"https:\/\/wp.kristdemokraterna.se\/molndal\/wp-json\/wp\/v2\/categories?post=1084"},{"taxonomy":"post_tag","embeddable":true,"href":"https:\/\/wp.kristdemokraterna.se\/molndal\/wp-json\/wp\/v2\/tags?post=1084"}],"curies":[{"name":"wp","href":"https:\/\/api.w.org\/{rel}","templated":true}]}}