{"id":1092,"date":"2021-02-18T23:19:52","date_gmt":"2021-02-18T22:19:52","guid":{"rendered":"http:\/\/wp.kristdemokraterna.se\/molndal\/?p=1092"},"modified":"2021-02-18T23:29:54","modified_gmt":"2021-02-18T22:29:54","slug":"ett-annorlunda-arsmote","status":"publish","type":"post","link":"https:\/\/wp.kristdemokraterna.se\/molndal\/ett-annorlunda-arsmote\/","title":{"rendered":"Ett annorlunda \u00e5rsm\u00f6te"},"content":{"rendered":"<p><a href=\"http:\/\/wp.kristdemokraterna.se\/molndal\/files\/2021\/02\/arsmote2020.jpg\"><img loading=\"lazy\" decoding=\"async\" src=\"http:\/\/wp.kristdemokraterna.se\/molndal\/files\/2021\/02\/arsmote2020-150x150.jpg\" alt=\"\" width=\"150\" height=\"150\" class=\"alignnone size-thumbnail wp-image-1093\" \/><\/a><\/p>\n<p>Det blev ett annorlunda \u00e5rsm\u00f6te n\u00e4r 2020 skulle summeras och 2021 inledas. Kristdemokraterna i M\u00f6lndal g\u00f6r s\u00e5 som m\u00e5nga andra och tar den digitala tekniken till hj\u00e4lp. Fr\u00e5n olika platser runt om i v\u00e5r kommun ansl\u00f6ts det till v\u00e5rt \u00e5rsm\u00f6te. \u00c4ven om m\u00f6tas p\u00e5 detta s\u00e4ttet g\u00e5r bra s\u00e5 k\u00e4nner man saknaden av b\u00e5de gemenskap och den traditionsenliga sm\u00f6rg\u00e5st\u00e5rtan. <\/p>\n<p>En f\u00f6r\u00e4ndring j\u00e4mf\u00f6rt med f\u00f6rra \u00e5ret \u00e4r att styrelsen nu best\u00e5r av sju ist\u00e4llet f\u00f6r fem ledam\u00f6ter. De som sitter i styrelsen kommande \u00e5r \u00e4r Kent Klarenius (ordf\u00f6rande), Anders Karlsson (vice ordf\u00f6rande), Jenny Holf, Johanna K Deucher, Adam F Laur\u00e9n, Peter Nyqvist och Tina Svensson.<\/p>\n","protected":false},"excerpt":{"rendered":"<p>Det blev ett annorlunda \u00e5rsm\u00f6te n\u00e4r 2020 skulle summeras och 2021 inledas. Kristdemokraterna i M\u00f6lndal g\u00f6r s\u00e5 som m\u00e5nga andra och tar den digitala tekniken till hj\u00e4lp. Fr\u00e5n olika platser runt om i v\u00e5r kommun ansl\u00f6ts det till v\u00e5rt \u00e5rsm\u00f6te. \u00c4ven om m\u00f6tas p\u00e5 detta s\u00e4ttet g\u00e5r bra s\u00e5 k\u00e4nner man saknaden av b\u00e5de gemenskap <a class=\"read-more-link\" href=\"https:\/\/wp.kristdemokraterna.se\/molndal\/ett-annorlunda-arsmote\/\">Read More<\/a><\/p>\n","protected":false},"author":519,"featured_media":0,"comment_status":"closed","ping_status":"closed","sticky":false,"template":"","format":"standard","meta":{"_acf_changed":false,"footnotes":""},"categories":[1],"tags":[],"class_list":["post-1092","post","type-post","status-publish","format-standard","hentry","category-okategoriserade"],"acf":[],"yoast_head":"<!-- This site is optimized with the Yoast SEO plugin v27.4 - https:\/\/yoast.com\/product\/yoast-seo-wordpress\/ -->\n<title>Ett annorlunda \u00e5rsm\u00f6te - M\u00f6lndal<\/title>\n<meta name=\"robots\" content=\"index, follow, max-snippet:-1, max-image-preview:large, max-video-preview:-1\" \/>\n<link rel=\"canonical\" href=\"https:\/\/wp.kristdemokraterna.se\/molndal\/ett-annorlunda-arsmote\/\" \/>\n<meta property=\"og:locale\" content=\"sv_SE\" \/>\n<meta property=\"og:type\" content=\"article\" \/>\n<meta property=\"og:title\" content=\"Ett annorlunda \u00e5rsm\u00f6te - M\u00f6lndal\" \/>\n<meta property=\"og:description\" content=\"Det blev ett annorlunda \u00e5rsm\u00f6te n\u00e4r 2020 skulle summeras och 2021 inledas. Kristdemokraterna i M\u00f6lndal g\u00f6r s\u00e5 som m\u00e5nga andra och tar den digitala tekniken till hj\u00e4lp. Fr\u00e5n olika platser runt om i v\u00e5r kommun ansl\u00f6ts det till v\u00e5rt \u00e5rsm\u00f6te. \u00c4ven om m\u00f6tas p\u00e5 detta s\u00e4ttet g\u00e5r bra s\u00e5 k\u00e4nner man saknaden av b\u00e5de gemenskap Read More\" \/>\n<meta property=\"og:url\" content=\"https:\/\/wp.kristdemokraterna.se\/molndal\/ett-annorlunda-arsmote\/\" \/>\n<meta property=\"og:site_name\" content=\"M\u00f6lndal\" \/>\n<meta property=\"article:published_time\" content=\"2021-02-18T22:19:52+00:00\" \/>\n<meta property=\"article:modified_time\" content=\"2021-02-18T22:29:54+00:00\" \/>\n<meta property=\"og:image\" content=\"http:\/\/wp.kristdemokraterna.se\/molndal\/files\/2021\/02\/arsmote2020-150x150.jpg\" \/>\n<meta name=\"author\" content=\"molndal\" \/>\n<meta name=\"twitter:card\" content=\"summary_large_image\" \/>\n<meta name=\"twitter:label1\" content=\"Skriven av\" \/>\n\t<meta name=\"twitter:data1\" content=\"molndal\" \/>\n\t<meta name=\"twitter:label2\" content=\"Ber\u00e4knad l\u00e4stid\" \/>\n\t<meta name=\"twitter:data2\" content=\"1 minut\" \/>\n<script type=\"application\/ld+json\" class=\"yoast-schema-graph\">{\"@context\":\"https:\\\/\\\/schema.org\",\"@graph\":[{\"@type\":\"Article\",\"@id\":\"https:\\\/\\\/wp.kristdemokraterna.se\\\/molndal\\\/ett-annorlunda-arsmote\\\/#article\",\"isPartOf\":{\"@id\":\"https:\\\/\\\/wp.kristdemokraterna.se\\\/molndal\\\/ett-annorlunda-arsmote\\\/\"},\"author\":{\"name\":\"molndal\",\"@id\":\"https:\\\/\\\/wp.kristdemokraterna.se\\\/molndal\\\/#\\\/schema\\\/person\\\/76072d253d64b4589d22b0b231cadbf9\"},\"headline\":\"Ett annorlunda \u00e5rsm\u00f6te\",\"datePublished\":\"2021-02-18T22:19:52+00:00\",\"dateModified\":\"2021-02-18T22:29:54+00:00\",\"mainEntityOfPage\":{\"@id\":\"https:\\\/\\\/wp.kristdemokraterna.se\\\/molndal\\\/ett-annorlunda-arsmote\\\/\"},\"wordCount\":137,\"image\":{\"@id\":\"https:\\\/\\\/wp.kristdemokraterna.se\\\/molndal\\\/ett-annorlunda-arsmote\\\/#primaryimage\"},\"thumbnailUrl\":\"http:\\\/\\\/wp.kristdemokraterna.se\\\/molndal\\\/files\\\/2021\\\/02\\\/arsmote2020-150x150.jpg\",\"inLanguage\":\"sv-SE\"},{\"@type\":\"WebPage\",\"@id\":\"https:\\\/\\\/wp.kristdemokraterna.se\\\/molndal\\\/ett-annorlunda-arsmote\\\/\",\"url\":\"https:\\\/\\\/wp.kristdemokraterna.se\\\/molndal\\\/ett-annorlunda-arsmote\\\/\",\"name\":\"Ett annorlunda \u00e5rsm\u00f6te - M\u00f6lndal\",\"isPartOf\":{\"@id\":\"https:\\\/\\\/wp.kristdemokraterna.se\\\/molndal\\\/#website\"},\"primaryImageOfPage\":{\"@id\":\"https:\\\/\\\/wp.kristdemokraterna.se\\\/molndal\\\/ett-annorlunda-arsmote\\\/#primaryimage\"},\"image\":{\"@id\":\"https:\\\/\\\/wp.kristdemokraterna.se\\\/molndal\\\/ett-annorlunda-arsmote\\\/#primaryimage\"},\"thumbnailUrl\":\"http:\\\/\\\/wp.kristdemokraterna.se\\\/molndal\\\/files\\\/2021\\\/02\\\/arsmote2020-150x150.jpg\",\"datePublished\":\"2021-02-18T22:19:52+00:00\",\"dateModified\":\"2021-02-18T22:29:54+00:00\",\"author\":{\"@id\":\"https:\\\/\\\/wp.kristdemokraterna.se\\\/molndal\\\/#\\\/schema\\\/person\\\/76072d253d64b4589d22b0b231cadbf9\"},\"breadcrumb\":{\"@id\":\"https:\\\/\\\/wp.kristdemokraterna.se\\\/molndal\\\/ett-annorlunda-arsmote\\\/#breadcrumb\"},\"inLanguage\":\"sv-SE\",\"potentialAction\":[{\"@type\":\"ReadAction\",\"target\":[\"https:\\\/\\\/wp.kristdemokraterna.se\\\/molndal\\\/ett-annorlunda-arsmote\\\/\"]}]},{\"@type\":\"ImageObject\",\"inLanguage\":\"sv-SE\",\"@id\":\"https:\\\/\\\/wp.kristdemokraterna.se\\\/molndal\\\/ett-annorlunda-arsmote\\\/#primaryimage\",\"url\":\"http:\\\/\\\/wp.kristdemokraterna.se\\\/molndal\\\/files\\\/2021\\\/02\\\/arsmote2020-150x150.jpg\",\"contentUrl\":\"http:\\\/\\\/wp.kristdemokraterna.se\\\/molndal\\\/files\\\/2021\\\/02\\\/arsmote2020-150x150.jpg\"},{\"@type\":\"BreadcrumbList\",\"@id\":\"https:\\\/\\\/wp.kristdemokraterna.se\\\/molndal\\\/ett-annorlunda-arsmote\\\/#breadcrumb\",\"itemListElement\":[{\"@type\":\"ListItem\",\"position\":1,\"name\":\"Hem\",\"item\":\"https:\\\/\\\/wp.kristdemokraterna.se\\\/molndal\\\/\"},{\"@type\":\"ListItem\",\"position\":2,\"name\":\"Ett annorlunda \u00e5rsm\u00f6te\"}]},{\"@type\":\"WebSite\",\"@id\":\"https:\\\/\\\/wp.kristdemokraterna.se\\\/molndal\\\/#website\",\"url\":\"https:\\\/\\\/wp.kristdemokraterna.se\\\/molndal\\\/\",\"name\":\"M\u00f6lndal\",\"description\":\"\",\"inLanguage\":\"sv-SE\"},{\"@type\":\"Person\",\"@id\":\"https:\\\/\\\/wp.kristdemokraterna.se\\\/molndal\\\/#\\\/schema\\\/person\\\/76072d253d64b4589d22b0b231cadbf9\",\"name\":\"molndal\",\"image\":{\"@type\":\"ImageObject\",\"inLanguage\":\"sv-SE\",\"@id\":\"https:\\\/\\\/secure.gravatar.com\\\/avatar\\\/649fc4fe965fc624270d6aaba9855b785586101deb1ef0cdc229dbf6c66baa96?s=96&d=mm&r=g\",\"url\":\"https:\\\/\\\/secure.gravatar.com\\\/avatar\\\/649fc4fe965fc624270d6aaba9855b785586101deb1ef0cdc229dbf6c66baa96?s=96&d=mm&r=g\",\"contentUrl\":\"https:\\\/\\\/secure.gravatar.com\\\/avatar\\\/649fc4fe965fc624270d6aaba9855b785586101deb1ef0cdc229dbf6c66baa96?s=96&d=mm&r=g\",\"caption\":\"molndal\"},\"url\":\"https:\\\/\\\/wp.kristdemokraterna.se\\\/molndal\\\/author\\\/molndal\\\/\"}]}<\/script>\n<!-- \/ Yoast SEO plugin. -->","yoast_head_json":{"title":"Ett annorlunda \u00e5rsm\u00f6te - M\u00f6lndal","robots":{"index":"index","follow":"follow","max-snippet":"max-snippet:-1","max-image-preview":"max-image-preview:large","max-video-preview":"max-video-preview:-1"},"canonical":"https:\/\/wp.kristdemokraterna.se\/molndal\/ett-annorlunda-arsmote\/","og_locale":"sv_SE","og_type":"article","og_title":"Ett annorlunda \u00e5rsm\u00f6te - M\u00f6lndal","og_description":"Det blev ett annorlunda \u00e5rsm\u00f6te n\u00e4r 2020 skulle summeras och 2021 inledas. Kristdemokraterna i M\u00f6lndal g\u00f6r s\u00e5 som m\u00e5nga andra och tar den digitala tekniken till hj\u00e4lp. Fr\u00e5n olika platser runt om i v\u00e5r kommun ansl\u00f6ts det till v\u00e5rt \u00e5rsm\u00f6te. \u00c4ven om m\u00f6tas p\u00e5 detta s\u00e4ttet g\u00e5r bra s\u00e5 k\u00e4nner man saknaden av b\u00e5de gemenskap Read More","og_url":"https:\/\/wp.kristdemokraterna.se\/molndal\/ett-annorlunda-arsmote\/","og_site_name":"M\u00f6lndal","article_published_time":"2021-02-18T22:19:52+00:00","article_modified_time":"2021-02-18T22:29:54+00:00","og_image":[{"url":"http:\/\/wp.kristdemokraterna.se\/molndal\/files\/2021\/02\/arsmote2020-150x150.jpg","type":"","width":"","height":""}],"author":"molndal","twitter_card":"summary_large_image","twitter_misc":{"Skriven av":"molndal","Ber\u00e4knad l\u00e4stid":"1 minut"},"schema":{"@context":"https:\/\/schema.org","@graph":[{"@type":"Article","@id":"https:\/\/wp.kristdemokraterna.se\/molndal\/ett-annorlunda-arsmote\/#article","isPartOf":{"@id":"https:\/\/wp.kristdemokraterna.se\/molndal\/ett-annorlunda-arsmote\/"},"author":{"name":"molndal","@id":"https:\/\/wp.kristdemokraterna.se\/molndal\/#\/schema\/person\/76072d253d64b4589d22b0b231cadbf9"},"headline":"Ett annorlunda \u00e5rsm\u00f6te","datePublished":"2021-02-18T22:19:52+00:00","dateModified":"2021-02-18T22:29:54+00:00","mainEntityOfPage":{"@id":"https:\/\/wp.kristdemokraterna.se\/molndal\/ett-annorlunda-arsmote\/"},"wordCount":137,"image":{"@id":"https:\/\/wp.kristdemokraterna.se\/molndal\/ett-annorlunda-arsmote\/#primaryimage"},"thumbnailUrl":"http:\/\/wp.kristdemokraterna.se\/molndal\/files\/2021\/02\/arsmote2020-150x150.jpg","inLanguage":"sv-SE"},{"@type":"WebPage","@id":"https:\/\/wp.kristdemokraterna.se\/molndal\/ett-annorlunda-arsmote\/","url":"https:\/\/wp.kristdemokraterna.se\/molndal\/ett-annorlunda-arsmote\/","name":"Ett annorlunda \u00e5rsm\u00f6te - M\u00f6lndal","isPartOf":{"@id":"https:\/\/wp.kristdemokraterna.se\/molndal\/#website"},"primaryImageOfPage":{"@id":"https:\/\/wp.kristdemokraterna.se\/molndal\/ett-annorlunda-arsmote\/#primaryimage"},"image":{"@id":"https:\/\/wp.kristdemokraterna.se\/molndal\/ett-annorlunda-arsmote\/#primaryimage"},"thumbnailUrl":"http:\/\/wp.kristdemokraterna.se\/molndal\/files\/2021\/02\/arsmote2020-150x150.jpg","datePublished":"2021-02-18T22:19:52+00:00","dateModified":"2021-02-18T22:29:54+00:00","author":{"@id":"https:\/\/wp.kristdemokraterna.se\/molndal\/#\/schema\/person\/76072d253d64b4589d22b0b231cadbf9"},"breadcrumb":{"@id":"https:\/\/wp.kristdemokraterna.se\/molndal\/ett-annorlunda-arsmote\/#breadcrumb"},"inLanguage":"sv-SE","potentialAction":[{"@type":"ReadAction","target":["https:\/\/wp.kristdemokraterna.se\/molndal\/ett-annorlunda-arsmote\/"]}]},{"@type":"ImageObject","inLanguage":"sv-SE","@id":"https:\/\/wp.kristdemokraterna.se\/molndal\/ett-annorlunda-arsmote\/#primaryimage","url":"http:\/\/wp.kristdemokraterna.se\/molndal\/files\/2021\/02\/arsmote2020-150x150.jpg","contentUrl":"http:\/\/wp.kristdemokraterna.se\/molndal\/files\/2021\/02\/arsmote2020-150x150.jpg"},{"@type":"BreadcrumbList","@id":"https:\/\/wp.kristdemokraterna.se\/molndal\/ett-annorlunda-arsmote\/#breadcrumb","itemListElement":[{"@type":"ListItem","position":1,"name":"Hem","item":"https:\/\/wp.kristdemokraterna.se\/molndal\/"},{"@type":"ListItem","position":2,"name":"Ett annorlunda \u00e5rsm\u00f6te"}]},{"@type":"WebSite","@id":"https:\/\/wp.kristdemokraterna.se\/molndal\/#website","url":"https:\/\/wp.kristdemokraterna.se\/molndal\/","name":"M\u00f6lndal","description":"","inLanguage":"sv-SE"},{"@type":"Person","@id":"https:\/\/wp.kristdemokraterna.se\/molndal\/#\/schema\/person\/76072d253d64b4589d22b0b231cadbf9","name":"molndal","image":{"@type":"ImageObject","inLanguage":"sv-SE","@id":"https:\/\/secure.gravatar.com\/avatar\/649fc4fe965fc624270d6aaba9855b785586101deb1ef0cdc229dbf6c66baa96?s=96&d=mm&r=g","url":"https:\/\/secure.gravatar.com\/avatar\/649fc4fe965fc624270d6aaba9855b785586101deb1ef0cdc229dbf6c66baa96?s=96&d=mm&r=g","contentUrl":"https:\/\/secure.gravatar.com\/avatar\/649fc4fe965fc624270d6aaba9855b785586101deb1ef0cdc229dbf6c66baa96?s=96&d=mm&r=g","caption":"molndal"},"url":"https:\/\/wp.kristdemokraterna.se\/molndal\/author\/molndal\/"}]}},"_links":{"self":[{"href":"https:\/\/wp.kristdemokraterna.se\/molndal\/wp-json\/wp\/v2\/posts\/1092","targetHints":{"allow":["GET"]}}],"collection":[{"href":"https:\/\/wp.kristdemokraterna.se\/molndal\/wp-json\/wp\/v2\/posts"}],"about":[{"href":"https:\/\/wp.kristdemokraterna.se\/molndal\/wp-json\/wp\/v2\/types\/post"}],"author":[{"embeddable":true,"href":"https:\/\/wp.kristdemokraterna.se\/molndal\/wp-json\/wp\/v2\/users\/519"}],"replies":[{"embeddable":true,"href":"https:\/\/wp.kristdemokraterna.se\/molndal\/wp-json\/wp\/v2\/comments?post=1092"}],"version-history":[{"count":5,"href":"https:\/\/wp.kristdemokraterna.se\/molndal\/wp-json\/wp\/v2\/posts\/1092\/revisions"}],"predecessor-version":[{"id":1100,"href":"https:\/\/wp.kristdemokraterna.se\/molndal\/wp-json\/wp\/v2\/posts\/1092\/revisions\/1100"}],"wp:attachment":[{"href":"https:\/\/wp.kristdemokraterna.se\/molndal\/wp-json\/wp\/v2\/media?parent=1092"}],"wp:term":[{"taxonomy":"category","embeddable":true,"href":"https:\/\/wp.kristdemokraterna.se\/molndal\/wp-json\/wp\/v2\/categories?post=1092"},{"taxonomy":"post_tag","embeddable":true,"href":"https:\/\/wp.kristdemokraterna.se\/molndal\/wp-json\/wp\/v2\/tags?post=1092"}],"curies":[{"name":"wp","href":"https:\/\/api.w.org\/{rel}","templated":true}]}}