{"id":1127,"date":"2021-11-19T11:01:46","date_gmt":"2021-11-19T10:01:46","guid":{"rendered":"https:\/\/wp.kristdemokraterna.se\/molndal\/?p=1127"},"modified":"2021-11-19T11:01:46","modified_gmt":"2021-11-19T10:01:46","slug":"molndals-budget-2022","status":"publish","type":"post","link":"https:\/\/wp.kristdemokraterna.se\/molndal\/molndals-budget-2022\/","title":{"rendered":"M\u00f6lndals budget 2022"},"content":{"rendered":"<p>Under onsdagens kommunfullm\u00e4ktigesammantr\u00e4de avhandlades M\u00f6lndals budget f\u00f6r 2022.<br \/>\nDet budgetf\u00f6rslag som Kristdemokraterna var med och tog fram, tillsammans med \u00f6vriga partier i Gr\u00f6nbl\u00e5 Samverkan, vann kammarens gillande.<br \/>\nKristdemokraternas tre representanter var alla uppe i talarstolen och ger h\u00e4r sina kommentarer:<\/p>\n<p><em>Adam F. Lauren<\/em>:<br \/>\nDet \u00e4r gl\u00e4djande att vi redan inf\u00f6r 2022 kommer att satsa p\u00e5 ett s\u00e4rskilt elevst\u00f6d, bland annat f\u00f6r elever med <strong>neuro\u00adpsykiatriska funktions\u00adneds\u00e4ttningar (NPF)<\/strong>, d\u00e4r vi hoppas att fler elever skall bli inkluderade genom ett individuellt st\u00f6d.<br \/>\nVi ser stora och v\u00e4xande behov inom <strong>elevh\u00e4lsan<\/strong>, och med ytterligare satsningar kommer vi att g\u00f6ra det l\u00e4ttare f\u00f6r elever att f\u00e5 tillg\u00e5ng till n\u00e5gon att prata med. Detta ger b\u00e4ttre f\u00f6ruts\u00e4ttningar, b\u00e5de f\u00f6r v\u00e5ra barn och unga, men \u00e4ven avlastning f\u00f6r pedagoger inom skolan.<br \/>\nInom <strong>v\u00e5rd &amp; omsorg<\/strong> har vi gjort och kommer forts\u00e4tta g\u00f6ra stora satsningar p\u00e5 vidareutbildning av personalen, det \u00e4r viktigt med r\u00e4tt kompetens. Vi satsar \u00e4ven p\u00e5 fler boendeplatser inom LSS och en f\u00f6rb\u00e4ttrad m\u00e5ltidsupplevelse p\u00e5 v\u00e5ra \u00e4ldreboende.<br \/>\nVi Kristdemokrater \u00e4r oerh\u00f6rt glada att vi nu \u00e4ntligen efter alldeles f\u00f6r m\u00e5nga \u00e5r av diskussion och politisk beslutsv\u00e5nda \u00e4r framme vid ett ig\u00e5ngs\u00e4ttningsbeslut g\u00e4llande en inbyggd <strong>isstadion<\/strong>. Vi kommer i n\u00e4rtid kunna starta projektet och p\u00e5b\u00f6rja arbetet under 2022. Det h\u00e4r kommer ge betydligt mer istid och en l\u00e4ngre s\u00e4song f\u00f6r b\u00e5de f\u00f6reningsliv, skola och allm\u00e4nhetens \u00e5kning &#8211; KD g\u00f6r skillnad f\u00f6r M\u00f6lndals idrottsf\u00f6reningar!<\/p>\n<p><em>Peter Nyqvist<\/em>:<br \/>\nTv\u00e5 saker i den h\u00e4r budgeten g\u00f6r mig lite extra glad, tv\u00e5 saker som vi har br\u00e5kat med l\u00e4nge, och \u00e4ntligen kommit fram till l\u00f6sningar.<br \/>\nF\u00f6r n\u00e5got \u00e5r sedan f\u00f6rsvann <strong>seniorkorten<\/strong>, eftersom vi ville f\u00e5 till en annan modell d\u00e4r vi inte beh\u00f6vde betala f\u00f6r kort som inte anv\u00e4nds. Detta har dock V\u00e4sttrafik inte g\u00e5tt med p\u00e5, och vi har nu tr\u00f6ttnat p\u00e5 att v\u00e4nta p\u00e5 att n\u00e5 en alternativ l\u00f6sning. Vi kommer nu att \u00e5terinf\u00f6ra seniorkorten s\u00e5 som de var tidigare.<br \/>\nKommunen har l\u00e4nge jobbat f\u00f6r ett \u00f6vertagande av <strong>v\u00e4gf\u00f6reningarna<\/strong> i K\u00e5llered, Lindome och Tulebo, detta \u00e4r v\u00e4gar som i princip anv\u00e4nds p\u00e5 samma s\u00e4tt som kommunala v\u00e4gar. Det har dock visat sig mer komplicerat \u00e4n vad vi f\u00f6rst trodde. Nu kommer vi t\u00e5 till st\u00e5nd en dell\u00f6sning, d\u00e4r vi \u00f6vertar driften av v\u00e4garna, men inte sj\u00e4lva v\u00e4garna. Detta kommer inneb\u00e4ra stora l\u00e4ttnader f\u00f6r dessa v\u00e4gf\u00f6reningar.<\/p>\n<p><em>Anders Karlsson<\/em>:<br \/>\nVi presenterar en budget med <strong>Hj\u00e4rta f\u00f6r Kultur och fritid<\/strong>. Stor fokus kommer att l\u00e4ggas p\u00e5 stadens <strong>hundra\u00e5rsjubileum<\/strong> som g\u00e5r av stapeln n\u00e4sta \u00e5r, det handlar inte bara om att vi ska ha ett glatt firande, utan det handlar om att skapa en gemenskap, en identitet och en gemensam historia. F\u00f6rutom detta g\u00f6r vi \u00e4ven stora satsningar p\u00e5 <strong>\u00c5by arenastad och \u00c5bybadet<\/strong>.<br \/>\nVi kommer f\u00f6rb\u00e4ttra tillg\u00e4ngligheten, b\u00e5de fysiskt och digitalt, till <strong>M\u00f6lndals stadsmuseum<\/strong>. Dessutom s\u00e5 b\u00f6rjar vi med en f\u00f6rstudie f\u00f6r en m\u00f6tesplats Balltorp.<\/p>\n<div id=\"attachment_1128\" style=\"width: 310px\" class=\"wp-caption alignnone\"><a href=\"http:\/\/wp.kristdemokraterna.se\/molndal\/files\/2021\/11\/kf21-11-xx.jpg\"><img loading=\"lazy\" decoding=\"async\" aria-describedby=\"caption-attachment-1128\" class=\"size-medium wp-image-1128\" src=\"http:\/\/wp.kristdemokraterna.se\/molndal\/files\/2021\/11\/kf21-11-xx-300x268.jpg\" alt=\"\" width=\"300\" height=\"268\" srcset=\"https:\/\/wp.kristdemokraterna.se\/molndal\/files\/2021\/11\/kf21-11-xx-300x268.jpg 300w, https:\/\/wp.kristdemokraterna.se\/molndal\/files\/2021\/11\/kf21-11-xx-387x346.jpg 387w, https:\/\/wp.kristdemokraterna.se\/molndal\/files\/2021\/11\/kf21-11-xx-125x112.jpg 125w, https:\/\/wp.kristdemokraterna.se\/molndal\/files\/2021\/11\/kf21-11-xx.jpg 719w\" sizes=\"auto, (max-width: 300px) 100vw, 300px\" \/><\/a><p id=\"caption-attachment-1128\" class=\"wp-caption-text\">Adam F. Lauren och Anders Karlsson<\/p><\/div>\n<p>Nytt f\u00f6r detta fullm\u00e4ktigem\u00f6te var att det s\u00e4ndes via webb-tv. Det g\u00e5r att se p\u00e5 i efterhand <a href=\"https:\/\/molndal.kommun.tv\/archive\/2\">h\u00e4r<\/a>.<\/p>\n","protected":false},"excerpt":{"rendered":"<p>Under onsdagens kommunfullm\u00e4ktigesammantr\u00e4de avhandlades M\u00f6lndals budget f\u00f6r 2022. Det budgetf\u00f6rslag som Kristdemokraterna var med och tog fram, tillsammans med \u00f6vriga partier i Gr\u00f6nbl\u00e5 Samverkan, vann kammarens gillande. Kristdemokraternas tre representanter var alla uppe i talarstolen och ger h\u00e4r sina kommentarer: Adam F. Lauren: Det \u00e4r gl\u00e4djande att vi redan inf\u00f6r 2022 kommer att satsa p\u00e5 <a class=\"read-more-link\" href=\"https:\/\/wp.kristdemokraterna.se\/molndal\/molndals-budget-2022\/\">Read More<\/a><\/p>\n","protected":false},"author":519,"featured_media":0,"comment_status":"closed","ping_status":"closed","sticky":false,"template":"","format":"standard","meta":{"_acf_changed":false,"footnotes":""},"categories":[1],"tags":[],"class_list":["post-1127","post","type-post","status-publish","format-standard","hentry","category-okategoriserade"],"acf":[],"yoast_head":"<!-- This site is optimized with the Yoast SEO plugin v27.5 - https:\/\/yoast.com\/product\/yoast-seo-wordpress\/ -->\n<title>M\u00f6lndals budget 2022 - M\u00f6lndal<\/title>\n<meta name=\"robots\" content=\"index, follow, max-snippet:-1, max-image-preview:large, max-video-preview:-1\" \/>\n<link rel=\"canonical\" href=\"https:\/\/wp.kristdemokraterna.se\/molndal\/molndals-budget-2022\/\" \/>\n<meta property=\"og:locale\" content=\"sv_SE\" \/>\n<meta property=\"og:type\" content=\"article\" \/>\n<meta property=\"og:title\" content=\"M\u00f6lndals budget 2022 - M\u00f6lndal\" \/>\n<meta property=\"og:description\" content=\"Under onsdagens kommunfullm\u00e4ktigesammantr\u00e4de avhandlades M\u00f6lndals budget f\u00f6r 2022. Det budgetf\u00f6rslag som Kristdemokraterna var med och tog fram, tillsammans med \u00f6vriga partier i Gr\u00f6nbl\u00e5 Samverkan, vann kammarens gillande. Kristdemokraternas tre representanter var alla uppe i talarstolen och ger h\u00e4r sina kommentarer: Adam F. Lauren: Det \u00e4r gl\u00e4djande att vi redan inf\u00f6r 2022 kommer att satsa p\u00e5 Read More\" \/>\n<meta property=\"og:url\" content=\"https:\/\/wp.kristdemokraterna.se\/molndal\/molndals-budget-2022\/\" \/>\n<meta property=\"og:site_name\" content=\"M\u00f6lndal\" \/>\n<meta property=\"article:published_time\" content=\"2021-11-19T10:01:46+00:00\" \/>\n<meta property=\"og:image\" content=\"http:\/\/wp.kristdemokraterna.se\/molndal\/files\/2021\/11\/kf21-11-xx-300x268.jpg\" \/>\n<meta name=\"author\" content=\"molndal\" \/>\n<meta name=\"twitter:card\" content=\"summary_large_image\" \/>\n<meta name=\"twitter:label1\" content=\"Skriven av\" \/>\n\t<meta name=\"twitter:data1\" content=\"molndal\" \/>\n\t<meta name=\"twitter:label2\" content=\"Ber\u00e4knad l\u00e4stid\" \/>\n\t<meta name=\"twitter:data2\" content=\"3 minuter\" \/>\n<script type=\"application\/ld+json\" class=\"yoast-schema-graph\">{\"@context\":\"https:\\\/\\\/schema.org\",\"@graph\":[{\"@type\":\"Article\",\"@id\":\"https:\\\/\\\/wp.kristdemokraterna.se\\\/molndal\\\/molndals-budget-2022\\\/#article\",\"isPartOf\":{\"@id\":\"https:\\\/\\\/wp.kristdemokraterna.se\\\/molndal\\\/molndals-budget-2022\\\/\"},\"author\":{\"name\":\"molndal\",\"@id\":\"https:\\\/\\\/wp.kristdemokraterna.se\\\/molndal\\\/#\\\/schema\\\/person\\\/76072d253d64b4589d22b0b231cadbf9\"},\"headline\":\"M\u00f6lndals budget 2022\",\"datePublished\":\"2021-11-19T10:01:46+00:00\",\"mainEntityOfPage\":{\"@id\":\"https:\\\/\\\/wp.kristdemokraterna.se\\\/molndal\\\/molndals-budget-2022\\\/\"},\"wordCount\":615,\"image\":{\"@id\":\"https:\\\/\\\/wp.kristdemokraterna.se\\\/molndal\\\/molndals-budget-2022\\\/#primaryimage\"},\"thumbnailUrl\":\"http:\\\/\\\/wp.kristdemokraterna.se\\\/molndal\\\/files\\\/2021\\\/11\\\/kf21-11-xx-300x268.jpg\",\"inLanguage\":\"sv-SE\"},{\"@type\":\"WebPage\",\"@id\":\"https:\\\/\\\/wp.kristdemokraterna.se\\\/molndal\\\/molndals-budget-2022\\\/\",\"url\":\"https:\\\/\\\/wp.kristdemokraterna.se\\\/molndal\\\/molndals-budget-2022\\\/\",\"name\":\"M\u00f6lndals budget 2022 - M\u00f6lndal\",\"isPartOf\":{\"@id\":\"https:\\\/\\\/wp.kristdemokraterna.se\\\/molndal\\\/#website\"},\"primaryImageOfPage\":{\"@id\":\"https:\\\/\\\/wp.kristdemokraterna.se\\\/molndal\\\/molndals-budget-2022\\\/#primaryimage\"},\"image\":{\"@id\":\"https:\\\/\\\/wp.kristdemokraterna.se\\\/molndal\\\/molndals-budget-2022\\\/#primaryimage\"},\"thumbnailUrl\":\"http:\\\/\\\/wp.kristdemokraterna.se\\\/molndal\\\/files\\\/2021\\\/11\\\/kf21-11-xx-300x268.jpg\",\"datePublished\":\"2021-11-19T10:01:46+00:00\",\"author\":{\"@id\":\"https:\\\/\\\/wp.kristdemokraterna.se\\\/molndal\\\/#\\\/schema\\\/person\\\/76072d253d64b4589d22b0b231cadbf9\"},\"breadcrumb\":{\"@id\":\"https:\\\/\\\/wp.kristdemokraterna.se\\\/molndal\\\/molndals-budget-2022\\\/#breadcrumb\"},\"inLanguage\":\"sv-SE\",\"potentialAction\":[{\"@type\":\"ReadAction\",\"target\":[\"https:\\\/\\\/wp.kristdemokraterna.se\\\/molndal\\\/molndals-budget-2022\\\/\"]}]},{\"@type\":\"ImageObject\",\"inLanguage\":\"sv-SE\",\"@id\":\"https:\\\/\\\/wp.kristdemokraterna.se\\\/molndal\\\/molndals-budget-2022\\\/#primaryimage\",\"url\":\"http:\\\/\\\/wp.kristdemokraterna.se\\\/molndal\\\/files\\\/2021\\\/11\\\/kf21-11-xx-300x268.jpg\",\"contentUrl\":\"http:\\\/\\\/wp.kristdemokraterna.se\\\/molndal\\\/files\\\/2021\\\/11\\\/kf21-11-xx-300x268.jpg\"},{\"@type\":\"BreadcrumbList\",\"@id\":\"https:\\\/\\\/wp.kristdemokraterna.se\\\/molndal\\\/molndals-budget-2022\\\/#breadcrumb\",\"itemListElement\":[{\"@type\":\"ListItem\",\"position\":1,\"name\":\"Hem\",\"item\":\"https:\\\/\\\/wp.kristdemokraterna.se\\\/molndal\\\/\"},{\"@type\":\"ListItem\",\"position\":2,\"name\":\"M\u00f6lndals budget 2022\"}]},{\"@type\":\"WebSite\",\"@id\":\"https:\\\/\\\/wp.kristdemokraterna.se\\\/molndal\\\/#website\",\"url\":\"https:\\\/\\\/wp.kristdemokraterna.se\\\/molndal\\\/\",\"name\":\"M\u00f6lndal\",\"description\":\"\",\"inLanguage\":\"sv-SE\"},{\"@type\":\"Person\",\"@id\":\"https:\\\/\\\/wp.kristdemokraterna.se\\\/molndal\\\/#\\\/schema\\\/person\\\/76072d253d64b4589d22b0b231cadbf9\",\"name\":\"molndal\",\"image\":{\"@type\":\"ImageObject\",\"inLanguage\":\"sv-SE\",\"@id\":\"https:\\\/\\\/secure.gravatar.com\\\/avatar\\\/649fc4fe965fc624270d6aaba9855b785586101deb1ef0cdc229dbf6c66baa96?s=96&d=mm&r=g\",\"url\":\"https:\\\/\\\/secure.gravatar.com\\\/avatar\\\/649fc4fe965fc624270d6aaba9855b785586101deb1ef0cdc229dbf6c66baa96?s=96&d=mm&r=g\",\"contentUrl\":\"https:\\\/\\\/secure.gravatar.com\\\/avatar\\\/649fc4fe965fc624270d6aaba9855b785586101deb1ef0cdc229dbf6c66baa96?s=96&d=mm&r=g\",\"caption\":\"molndal\"},\"url\":\"https:\\\/\\\/wp.kristdemokraterna.se\\\/molndal\\\/author\\\/molndal\\\/\"}]}<\/script>\n<!-- \/ Yoast SEO plugin. -->","yoast_head_json":{"title":"M\u00f6lndals budget 2022 - M\u00f6lndal","robots":{"index":"index","follow":"follow","max-snippet":"max-snippet:-1","max-image-preview":"max-image-preview:large","max-video-preview":"max-video-preview:-1"},"canonical":"https:\/\/wp.kristdemokraterna.se\/molndal\/molndals-budget-2022\/","og_locale":"sv_SE","og_type":"article","og_title":"M\u00f6lndals budget 2022 - M\u00f6lndal","og_description":"Under onsdagens kommunfullm\u00e4ktigesammantr\u00e4de avhandlades M\u00f6lndals budget f\u00f6r 2022. Det budgetf\u00f6rslag som Kristdemokraterna var med och tog fram, tillsammans med \u00f6vriga partier i Gr\u00f6nbl\u00e5 Samverkan, vann kammarens gillande. Kristdemokraternas tre representanter var alla uppe i talarstolen och ger h\u00e4r sina kommentarer: Adam F. Lauren: Det \u00e4r gl\u00e4djande att vi redan inf\u00f6r 2022 kommer att satsa p\u00e5 Read More","og_url":"https:\/\/wp.kristdemokraterna.se\/molndal\/molndals-budget-2022\/","og_site_name":"M\u00f6lndal","article_published_time":"2021-11-19T10:01:46+00:00","og_image":[{"url":"http:\/\/wp.kristdemokraterna.se\/molndal\/files\/2021\/11\/kf21-11-xx-300x268.jpg","type":"","width":"","height":""}],"author":"molndal","twitter_card":"summary_large_image","twitter_misc":{"Skriven av":"molndal","Ber\u00e4knad l\u00e4stid":"3 minuter"},"schema":{"@context":"https:\/\/schema.org","@graph":[{"@type":"Article","@id":"https:\/\/wp.kristdemokraterna.se\/molndal\/molndals-budget-2022\/#article","isPartOf":{"@id":"https:\/\/wp.kristdemokraterna.se\/molndal\/molndals-budget-2022\/"},"author":{"name":"molndal","@id":"https:\/\/wp.kristdemokraterna.se\/molndal\/#\/schema\/person\/76072d253d64b4589d22b0b231cadbf9"},"headline":"M\u00f6lndals budget 2022","datePublished":"2021-11-19T10:01:46+00:00","mainEntityOfPage":{"@id":"https:\/\/wp.kristdemokraterna.se\/molndal\/molndals-budget-2022\/"},"wordCount":615,"image":{"@id":"https:\/\/wp.kristdemokraterna.se\/molndal\/molndals-budget-2022\/#primaryimage"},"thumbnailUrl":"http:\/\/wp.kristdemokraterna.se\/molndal\/files\/2021\/11\/kf21-11-xx-300x268.jpg","inLanguage":"sv-SE"},{"@type":"WebPage","@id":"https:\/\/wp.kristdemokraterna.se\/molndal\/molndals-budget-2022\/","url":"https:\/\/wp.kristdemokraterna.se\/molndal\/molndals-budget-2022\/","name":"M\u00f6lndals budget 2022 - M\u00f6lndal","isPartOf":{"@id":"https:\/\/wp.kristdemokraterna.se\/molndal\/#website"},"primaryImageOfPage":{"@id":"https:\/\/wp.kristdemokraterna.se\/molndal\/molndals-budget-2022\/#primaryimage"},"image":{"@id":"https:\/\/wp.kristdemokraterna.se\/molndal\/molndals-budget-2022\/#primaryimage"},"thumbnailUrl":"http:\/\/wp.kristdemokraterna.se\/molndal\/files\/2021\/11\/kf21-11-xx-300x268.jpg","datePublished":"2021-11-19T10:01:46+00:00","author":{"@id":"https:\/\/wp.kristdemokraterna.se\/molndal\/#\/schema\/person\/76072d253d64b4589d22b0b231cadbf9"},"breadcrumb":{"@id":"https:\/\/wp.kristdemokraterna.se\/molndal\/molndals-budget-2022\/#breadcrumb"},"inLanguage":"sv-SE","potentialAction":[{"@type":"ReadAction","target":["https:\/\/wp.kristdemokraterna.se\/molndal\/molndals-budget-2022\/"]}]},{"@type":"ImageObject","inLanguage":"sv-SE","@id":"https:\/\/wp.kristdemokraterna.se\/molndal\/molndals-budget-2022\/#primaryimage","url":"http:\/\/wp.kristdemokraterna.se\/molndal\/files\/2021\/11\/kf21-11-xx-300x268.jpg","contentUrl":"http:\/\/wp.kristdemokraterna.se\/molndal\/files\/2021\/11\/kf21-11-xx-300x268.jpg"},{"@type":"BreadcrumbList","@id":"https:\/\/wp.kristdemokraterna.se\/molndal\/molndals-budget-2022\/#breadcrumb","itemListElement":[{"@type":"ListItem","position":1,"name":"Hem","item":"https:\/\/wp.kristdemokraterna.se\/molndal\/"},{"@type":"ListItem","position":2,"name":"M\u00f6lndals budget 2022"}]},{"@type":"WebSite","@id":"https:\/\/wp.kristdemokraterna.se\/molndal\/#website","url":"https:\/\/wp.kristdemokraterna.se\/molndal\/","name":"M\u00f6lndal","description":"","inLanguage":"sv-SE"},{"@type":"Person","@id":"https:\/\/wp.kristdemokraterna.se\/molndal\/#\/schema\/person\/76072d253d64b4589d22b0b231cadbf9","name":"molndal","image":{"@type":"ImageObject","inLanguage":"sv-SE","@id":"https:\/\/secure.gravatar.com\/avatar\/649fc4fe965fc624270d6aaba9855b785586101deb1ef0cdc229dbf6c66baa96?s=96&d=mm&r=g","url":"https:\/\/secure.gravatar.com\/avatar\/649fc4fe965fc624270d6aaba9855b785586101deb1ef0cdc229dbf6c66baa96?s=96&d=mm&r=g","contentUrl":"https:\/\/secure.gravatar.com\/avatar\/649fc4fe965fc624270d6aaba9855b785586101deb1ef0cdc229dbf6c66baa96?s=96&d=mm&r=g","caption":"molndal"},"url":"https:\/\/wp.kristdemokraterna.se\/molndal\/author\/molndal\/"}]}},"_links":{"self":[{"href":"https:\/\/wp.kristdemokraterna.se\/molndal\/wp-json\/wp\/v2\/posts\/1127","targetHints":{"allow":["GET"]}}],"collection":[{"href":"https:\/\/wp.kristdemokraterna.se\/molndal\/wp-json\/wp\/v2\/posts"}],"about":[{"href":"https:\/\/wp.kristdemokraterna.se\/molndal\/wp-json\/wp\/v2\/types\/post"}],"author":[{"embeddable":true,"href":"https:\/\/wp.kristdemokraterna.se\/molndal\/wp-json\/wp\/v2\/users\/519"}],"replies":[{"embeddable":true,"href":"https:\/\/wp.kristdemokraterna.se\/molndal\/wp-json\/wp\/v2\/comments?post=1127"}],"version-history":[{"count":2,"href":"https:\/\/wp.kristdemokraterna.se\/molndal\/wp-json\/wp\/v2\/posts\/1127\/revisions"}],"predecessor-version":[{"id":1130,"href":"https:\/\/wp.kristdemokraterna.se\/molndal\/wp-json\/wp\/v2\/posts\/1127\/revisions\/1130"}],"wp:attachment":[{"href":"https:\/\/wp.kristdemokraterna.se\/molndal\/wp-json\/wp\/v2\/media?parent=1127"}],"wp:term":[{"taxonomy":"category","embeddable":true,"href":"https:\/\/wp.kristdemokraterna.se\/molndal\/wp-json\/wp\/v2\/categories?post=1127"},{"taxonomy":"post_tag","embeddable":true,"href":"https:\/\/wp.kristdemokraterna.se\/molndal\/wp-json\/wp\/v2\/tags?post=1127"}],"curies":[{"name":"wp","href":"https:\/\/api.w.org\/{rel}","templated":true}]}}