{"id":816,"date":"2017-04-13T23:56:28","date_gmt":"2017-04-13T21:56:28","guid":{"rendered":"http:\/\/wp.kristdemokraterna.se\/molndal\/?p=816"},"modified":"2017-04-13T23:59:38","modified_gmt":"2017-04-13T21:59:38","slug":"jarnvagen-ar-vagen-framat-for-molndal","status":"publish","type":"post","link":"https:\/\/wp.kristdemokraterna.se\/molndal\/jarnvagen-ar-vagen-framat-for-molndal\/","title":{"rendered":"J\u00e4rnv\u00e4gen \u00e4r v\u00e4gen fram\u00e5t f\u00f6r M\u00f6lndal"},"content":{"rendered":"<p>Idag finns v\u00e5r ins\u00e4ndare \u00e4ven med i papperstidningen. Vi skriver i M\u00f6lndalsposten om varf\u00f6r vi m\u00e5ste forts\u00e4tta planeringen av j\u00e4rnv\u00e4gssp\u00e5ren: F\u00f6r den fortsatta utvecklingen av M\u00f6lndal och Fors\u00e5keromr\u00e5det.<\/p>\n<p><img loading=\"lazy\" decoding=\"async\" class=\"alignnone size-large wp-image-862\" src=\"http:\/\/wp.kristdemokraterna.se\/molndal\/files\/2017\/04\/img_6767-915x1024.jpg\" alt=\"\" width=\"584\" height=\"654\" srcset=\"https:\/\/wp.kristdemokraterna.se\/molndal\/files\/2017\/04\/img_6767-915x1024.jpg 915w, https:\/\/wp.kristdemokraterna.se\/molndal\/files\/2017\/04\/img_6767-268x300.jpg 268w, https:\/\/wp.kristdemokraterna.se\/molndal\/files\/2017\/04\/img_6767-768x860.jpg 768w, https:\/\/wp.kristdemokraterna.se\/molndal\/files\/2017\/04\/img_6767-309x346.jpg 309w, https:\/\/wp.kristdemokraterna.se\/molndal\/files\/2017\/04\/img_6767-100x112.jpg 100w, https:\/\/wp.kristdemokraterna.se\/molndal\/files\/2017\/04\/img_6767.jpg 1829w\" sizes=\"auto, (max-width: 584px) 100vw, 584px\" \/><\/p>\n","protected":false},"excerpt":{"rendered":"<p>Idag finns v\u00e5r ins\u00e4ndare \u00e4ven med i papperstidningen. Vi skriver i M\u00f6lndalsposten om varf\u00f6r vi m\u00e5ste forts\u00e4tta planeringen av j\u00e4rnv\u00e4gssp\u00e5ren: F\u00f6r den fortsatta utvecklingen av M\u00f6lndal och Fors\u00e5keromr\u00e5det.<\/p>\n","protected":false},"author":519,"featured_media":862,"comment_status":"closed","ping_status":"closed","sticky":false,"template":"","format":"standard","meta":{"_acf_changed":false,"footnotes":""},"categories":[1],"tags":[],"class_list":["post-816","post","type-post","status-publish","format-standard","has-post-thumbnail","hentry","category-okategoriserade"],"acf":[],"yoast_head":"<!-- This site is optimized with the Yoast SEO plugin v27.4 - https:\/\/yoast.com\/product\/yoast-seo-wordpress\/ -->\n<title>J\u00e4rnv\u00e4gen \u00e4r v\u00e4gen fram\u00e5t f\u00f6r M\u00f6lndal - M\u00f6lndal<\/title>\n<meta name=\"robots\" content=\"index, follow, max-snippet:-1, max-image-preview:large, max-video-preview:-1\" \/>\n<link rel=\"canonical\" href=\"https:\/\/wp.kristdemokraterna.se\/molndal\/jarnvagen-ar-vagen-framat-for-molndal\/\" \/>\n<meta property=\"og:locale\" content=\"sv_SE\" \/>\n<meta property=\"og:type\" content=\"article\" \/>\n<meta property=\"og:title\" content=\"J\u00e4rnv\u00e4gen \u00e4r v\u00e4gen fram\u00e5t f\u00f6r M\u00f6lndal - M\u00f6lndal\" \/>\n<meta property=\"og:description\" content=\"Idag finns v\u00e5r ins\u00e4ndare \u00e4ven med i papperstidningen. Vi skriver i M\u00f6lndalsposten om varf\u00f6r vi m\u00e5ste forts\u00e4tta planeringen av j\u00e4rnv\u00e4gssp\u00e5ren: F\u00f6r den fortsatta utvecklingen av M\u00f6lndal och Fors\u00e5keromr\u00e5det.\" \/>\n<meta property=\"og:url\" content=\"https:\/\/wp.kristdemokraterna.se\/molndal\/jarnvagen-ar-vagen-framat-for-molndal\/\" \/>\n<meta property=\"og:site_name\" content=\"M\u00f6lndal\" \/>\n<meta property=\"article:published_time\" content=\"2017-04-13T21:56:28+00:00\" \/>\n<meta property=\"article:modified_time\" content=\"2017-04-13T21:59:38+00:00\" \/>\n<meta property=\"og:image\" content=\"https:\/\/wp.kristdemokraterna.se\/molndal\/files\/2017\/04\/img_6767.jpg\" \/>\n\t<meta property=\"og:image:width\" content=\"1829\" \/>\n\t<meta property=\"og:image:height\" content=\"2048\" \/>\n\t<meta property=\"og:image:type\" content=\"image\/jpeg\" \/>\n<meta name=\"author\" content=\"molndal\" \/>\n<meta name=\"twitter:card\" content=\"summary_large_image\" \/>\n<meta name=\"twitter:label1\" content=\"Skriven av\" \/>\n\t<meta name=\"twitter:data1\" content=\"molndal\" \/>\n<script type=\"application\/ld+json\" class=\"yoast-schema-graph\">{\"@context\":\"https:\\\/\\\/schema.org\",\"@graph\":[{\"@type\":\"Article\",\"@id\":\"https:\\\/\\\/wp.kristdemokraterna.se\\\/molndal\\\/jarnvagen-ar-vagen-framat-for-molndal\\\/#article\",\"isPartOf\":{\"@id\":\"https:\\\/\\\/wp.kristdemokraterna.se\\\/molndal\\\/jarnvagen-ar-vagen-framat-for-molndal\\\/\"},\"author\":{\"name\":\"molndal\",\"@id\":\"https:\\\/\\\/wp.kristdemokraterna.se\\\/molndal\\\/#\\\/schema\\\/person\\\/76072d253d64b4589d22b0b231cadbf9\"},\"headline\":\"J\u00e4rnv\u00e4gen \u00e4r v\u00e4gen fram\u00e5t f\u00f6r M\u00f6lndal\",\"datePublished\":\"2017-04-13T21:56:28+00:00\",\"dateModified\":\"2017-04-13T21:59:38+00:00\",\"mainEntityOfPage\":{\"@id\":\"https:\\\/\\\/wp.kristdemokraterna.se\\\/molndal\\\/jarnvagen-ar-vagen-framat-for-molndal\\\/\"},\"wordCount\":53,\"image\":{\"@id\":\"https:\\\/\\\/wp.kristdemokraterna.se\\\/molndal\\\/jarnvagen-ar-vagen-framat-for-molndal\\\/#primaryimage\"},\"thumbnailUrl\":\"https:\\\/\\\/wp.kristdemokraterna.se\\\/molndal\\\/files\\\/2017\\\/04\\\/img_6767.jpg\",\"inLanguage\":\"sv-SE\"},{\"@type\":\"WebPage\",\"@id\":\"https:\\\/\\\/wp.kristdemokraterna.se\\\/molndal\\\/jarnvagen-ar-vagen-framat-for-molndal\\\/\",\"url\":\"https:\\\/\\\/wp.kristdemokraterna.se\\\/molndal\\\/jarnvagen-ar-vagen-framat-for-molndal\\\/\",\"name\":\"J\u00e4rnv\u00e4gen \u00e4r v\u00e4gen fram\u00e5t f\u00f6r M\u00f6lndal - M\u00f6lndal\",\"isPartOf\":{\"@id\":\"https:\\\/\\\/wp.kristdemokraterna.se\\\/molndal\\\/#website\"},\"primaryImageOfPage\":{\"@id\":\"https:\\\/\\\/wp.kristdemokraterna.se\\\/molndal\\\/jarnvagen-ar-vagen-framat-for-molndal\\\/#primaryimage\"},\"image\":{\"@id\":\"https:\\\/\\\/wp.kristdemokraterna.se\\\/molndal\\\/jarnvagen-ar-vagen-framat-for-molndal\\\/#primaryimage\"},\"thumbnailUrl\":\"https:\\\/\\\/wp.kristdemokraterna.se\\\/molndal\\\/files\\\/2017\\\/04\\\/img_6767.jpg\",\"datePublished\":\"2017-04-13T21:56:28+00:00\",\"dateModified\":\"2017-04-13T21:59:38+00:00\",\"author\":{\"@id\":\"https:\\\/\\\/wp.kristdemokraterna.se\\\/molndal\\\/#\\\/schema\\\/person\\\/76072d253d64b4589d22b0b231cadbf9\"},\"breadcrumb\":{\"@id\":\"https:\\\/\\\/wp.kristdemokraterna.se\\\/molndal\\\/jarnvagen-ar-vagen-framat-for-molndal\\\/#breadcrumb\"},\"inLanguage\":\"sv-SE\",\"potentialAction\":[{\"@type\":\"ReadAction\",\"target\":[\"https:\\\/\\\/wp.kristdemokraterna.se\\\/molndal\\\/jarnvagen-ar-vagen-framat-for-molndal\\\/\"]}]},{\"@type\":\"ImageObject\",\"inLanguage\":\"sv-SE\",\"@id\":\"https:\\\/\\\/wp.kristdemokraterna.se\\\/molndal\\\/jarnvagen-ar-vagen-framat-for-molndal\\\/#primaryimage\",\"url\":\"https:\\\/\\\/wp.kristdemokraterna.se\\\/molndal\\\/files\\\/2017\\\/04\\\/img_6767.jpg\",\"contentUrl\":\"https:\\\/\\\/wp.kristdemokraterna.se\\\/molndal\\\/files\\\/2017\\\/04\\\/img_6767.jpg\",\"width\":1829,\"height\":2048},{\"@type\":\"BreadcrumbList\",\"@id\":\"https:\\\/\\\/wp.kristdemokraterna.se\\\/molndal\\\/jarnvagen-ar-vagen-framat-for-molndal\\\/#breadcrumb\",\"itemListElement\":[{\"@type\":\"ListItem\",\"position\":1,\"name\":\"Hem\",\"item\":\"https:\\\/\\\/wp.kristdemokraterna.se\\\/molndal\\\/\"},{\"@type\":\"ListItem\",\"position\":2,\"name\":\"J\u00e4rnv\u00e4gen \u00e4r v\u00e4gen fram\u00e5t f\u00f6r M\u00f6lndal\"}]},{\"@type\":\"WebSite\",\"@id\":\"https:\\\/\\\/wp.kristdemokraterna.se\\\/molndal\\\/#website\",\"url\":\"https:\\\/\\\/wp.kristdemokraterna.se\\\/molndal\\\/\",\"name\":\"M\u00f6lndal\",\"description\":\"\",\"inLanguage\":\"sv-SE\"},{\"@type\":\"Person\",\"@id\":\"https:\\\/\\\/wp.kristdemokraterna.se\\\/molndal\\\/#\\\/schema\\\/person\\\/76072d253d64b4589d22b0b231cadbf9\",\"name\":\"molndal\",\"image\":{\"@type\":\"ImageObject\",\"inLanguage\":\"sv-SE\",\"@id\":\"https:\\\/\\\/secure.gravatar.com\\\/avatar\\\/649fc4fe965fc624270d6aaba9855b785586101deb1ef0cdc229dbf6c66baa96?s=96&d=mm&r=g\",\"url\":\"https:\\\/\\\/secure.gravatar.com\\\/avatar\\\/649fc4fe965fc624270d6aaba9855b785586101deb1ef0cdc229dbf6c66baa96?s=96&d=mm&r=g\",\"contentUrl\":\"https:\\\/\\\/secure.gravatar.com\\\/avatar\\\/649fc4fe965fc624270d6aaba9855b785586101deb1ef0cdc229dbf6c66baa96?s=96&d=mm&r=g\",\"caption\":\"molndal\"},\"url\":\"https:\\\/\\\/wp.kristdemokraterna.se\\\/molndal\\\/author\\\/molndal\\\/\"}]}<\/script>\n<!-- \/ Yoast SEO plugin. -->","yoast_head_json":{"title":"J\u00e4rnv\u00e4gen \u00e4r v\u00e4gen fram\u00e5t f\u00f6r M\u00f6lndal - M\u00f6lndal","robots":{"index":"index","follow":"follow","max-snippet":"max-snippet:-1","max-image-preview":"max-image-preview:large","max-video-preview":"max-video-preview:-1"},"canonical":"https:\/\/wp.kristdemokraterna.se\/molndal\/jarnvagen-ar-vagen-framat-for-molndal\/","og_locale":"sv_SE","og_type":"article","og_title":"J\u00e4rnv\u00e4gen \u00e4r v\u00e4gen fram\u00e5t f\u00f6r M\u00f6lndal - M\u00f6lndal","og_description":"Idag finns v\u00e5r ins\u00e4ndare \u00e4ven med i papperstidningen. Vi skriver i M\u00f6lndalsposten om varf\u00f6r vi m\u00e5ste forts\u00e4tta planeringen av j\u00e4rnv\u00e4gssp\u00e5ren: F\u00f6r den fortsatta utvecklingen av M\u00f6lndal och Fors\u00e5keromr\u00e5det.","og_url":"https:\/\/wp.kristdemokraterna.se\/molndal\/jarnvagen-ar-vagen-framat-for-molndal\/","og_site_name":"M\u00f6lndal","article_published_time":"2017-04-13T21:56:28+00:00","article_modified_time":"2017-04-13T21:59:38+00:00","og_image":[{"width":1829,"height":2048,"url":"https:\/\/wp.kristdemokraterna.se\/molndal\/files\/2017\/04\/img_6767.jpg","type":"image\/jpeg"}],"author":"molndal","twitter_card":"summary_large_image","twitter_misc":{"Skriven av":"molndal"},"schema":{"@context":"https:\/\/schema.org","@graph":[{"@type":"Article","@id":"https:\/\/wp.kristdemokraterna.se\/molndal\/jarnvagen-ar-vagen-framat-for-molndal\/#article","isPartOf":{"@id":"https:\/\/wp.kristdemokraterna.se\/molndal\/jarnvagen-ar-vagen-framat-for-molndal\/"},"author":{"name":"molndal","@id":"https:\/\/wp.kristdemokraterna.se\/molndal\/#\/schema\/person\/76072d253d64b4589d22b0b231cadbf9"},"headline":"J\u00e4rnv\u00e4gen \u00e4r v\u00e4gen fram\u00e5t f\u00f6r M\u00f6lndal","datePublished":"2017-04-13T21:56:28+00:00","dateModified":"2017-04-13T21:59:38+00:00","mainEntityOfPage":{"@id":"https:\/\/wp.kristdemokraterna.se\/molndal\/jarnvagen-ar-vagen-framat-for-molndal\/"},"wordCount":53,"image":{"@id":"https:\/\/wp.kristdemokraterna.se\/molndal\/jarnvagen-ar-vagen-framat-for-molndal\/#primaryimage"},"thumbnailUrl":"https:\/\/wp.kristdemokraterna.se\/molndal\/files\/2017\/04\/img_6767.jpg","inLanguage":"sv-SE"},{"@type":"WebPage","@id":"https:\/\/wp.kristdemokraterna.se\/molndal\/jarnvagen-ar-vagen-framat-for-molndal\/","url":"https:\/\/wp.kristdemokraterna.se\/molndal\/jarnvagen-ar-vagen-framat-for-molndal\/","name":"J\u00e4rnv\u00e4gen \u00e4r v\u00e4gen fram\u00e5t f\u00f6r M\u00f6lndal - M\u00f6lndal","isPartOf":{"@id":"https:\/\/wp.kristdemokraterna.se\/molndal\/#website"},"primaryImageOfPage":{"@id":"https:\/\/wp.kristdemokraterna.se\/molndal\/jarnvagen-ar-vagen-framat-for-molndal\/#primaryimage"},"image":{"@id":"https:\/\/wp.kristdemokraterna.se\/molndal\/jarnvagen-ar-vagen-framat-for-molndal\/#primaryimage"},"thumbnailUrl":"https:\/\/wp.kristdemokraterna.se\/molndal\/files\/2017\/04\/img_6767.jpg","datePublished":"2017-04-13T21:56:28+00:00","dateModified":"2017-04-13T21:59:38+00:00","author":{"@id":"https:\/\/wp.kristdemokraterna.se\/molndal\/#\/schema\/person\/76072d253d64b4589d22b0b231cadbf9"},"breadcrumb":{"@id":"https:\/\/wp.kristdemokraterna.se\/molndal\/jarnvagen-ar-vagen-framat-for-molndal\/#breadcrumb"},"inLanguage":"sv-SE","potentialAction":[{"@type":"ReadAction","target":["https:\/\/wp.kristdemokraterna.se\/molndal\/jarnvagen-ar-vagen-framat-for-molndal\/"]}]},{"@type":"ImageObject","inLanguage":"sv-SE","@id":"https:\/\/wp.kristdemokraterna.se\/molndal\/jarnvagen-ar-vagen-framat-for-molndal\/#primaryimage","url":"https:\/\/wp.kristdemokraterna.se\/molndal\/files\/2017\/04\/img_6767.jpg","contentUrl":"https:\/\/wp.kristdemokraterna.se\/molndal\/files\/2017\/04\/img_6767.jpg","width":1829,"height":2048},{"@type":"BreadcrumbList","@id":"https:\/\/wp.kristdemokraterna.se\/molndal\/jarnvagen-ar-vagen-framat-for-molndal\/#breadcrumb","itemListElement":[{"@type":"ListItem","position":1,"name":"Hem","item":"https:\/\/wp.kristdemokraterna.se\/molndal\/"},{"@type":"ListItem","position":2,"name":"J\u00e4rnv\u00e4gen \u00e4r v\u00e4gen fram\u00e5t f\u00f6r M\u00f6lndal"}]},{"@type":"WebSite","@id":"https:\/\/wp.kristdemokraterna.se\/molndal\/#website","url":"https:\/\/wp.kristdemokraterna.se\/molndal\/","name":"M\u00f6lndal","description":"","inLanguage":"sv-SE"},{"@type":"Person","@id":"https:\/\/wp.kristdemokraterna.se\/molndal\/#\/schema\/person\/76072d253d64b4589d22b0b231cadbf9","name":"molndal","image":{"@type":"ImageObject","inLanguage":"sv-SE","@id":"https:\/\/secure.gravatar.com\/avatar\/649fc4fe965fc624270d6aaba9855b785586101deb1ef0cdc229dbf6c66baa96?s=96&d=mm&r=g","url":"https:\/\/secure.gravatar.com\/avatar\/649fc4fe965fc624270d6aaba9855b785586101deb1ef0cdc229dbf6c66baa96?s=96&d=mm&r=g","contentUrl":"https:\/\/secure.gravatar.com\/avatar\/649fc4fe965fc624270d6aaba9855b785586101deb1ef0cdc229dbf6c66baa96?s=96&d=mm&r=g","caption":"molndal"},"url":"https:\/\/wp.kristdemokraterna.se\/molndal\/author\/molndal\/"}]}},"_links":{"self":[{"href":"https:\/\/wp.kristdemokraterna.se\/molndal\/wp-json\/wp\/v2\/posts\/816","targetHints":{"allow":["GET"]}}],"collection":[{"href":"https:\/\/wp.kristdemokraterna.se\/molndal\/wp-json\/wp\/v2\/posts"}],"about":[{"href":"https:\/\/wp.kristdemokraterna.se\/molndal\/wp-json\/wp\/v2\/types\/post"}],"author":[{"embeddable":true,"href":"https:\/\/wp.kristdemokraterna.se\/molndal\/wp-json\/wp\/v2\/users\/519"}],"replies":[{"embeddable":true,"href":"https:\/\/wp.kristdemokraterna.se\/molndal\/wp-json\/wp\/v2\/comments?post=816"}],"version-history":[{"count":4,"href":"https:\/\/wp.kristdemokraterna.se\/molndal\/wp-json\/wp\/v2\/posts\/816\/revisions"}],"predecessor-version":[{"id":865,"href":"https:\/\/wp.kristdemokraterna.se\/molndal\/wp-json\/wp\/v2\/posts\/816\/revisions\/865"}],"wp:featuredmedia":[{"embeddable":true,"href":"https:\/\/wp.kristdemokraterna.se\/molndal\/wp-json\/wp\/v2\/media\/862"}],"wp:attachment":[{"href":"https:\/\/wp.kristdemokraterna.se\/molndal\/wp-json\/wp\/v2\/media?parent=816"}],"wp:term":[{"taxonomy":"category","embeddable":true,"href":"https:\/\/wp.kristdemokraterna.se\/molndal\/wp-json\/wp\/v2\/categories?post=816"},{"taxonomy":"post_tag","embeddable":true,"href":"https:\/\/wp.kristdemokraterna.se\/molndal\/wp-json\/wp\/v2\/tags?post=816"}],"curies":[{"name":"wp","href":"https:\/\/api.w.org\/{rel}","templated":true}]}}