{"id":824,"date":"2017-04-08T09:40:10","date_gmt":"2017-04-08T07:40:10","guid":{"rendered":"http:\/\/wp.kristdemokraterna.se\/molndal\/?p=824"},"modified":"2017-04-08T21:23:00","modified_gmt":"2017-04-08T19:23:00","slug":"molndal-ar-bortprioriterat-i-jarnvagsfragan","status":"publish","type":"post","link":"https:\/\/wp.kristdemokraterna.se\/molndal\/molndal-ar-bortprioriterat-i-jarnvagsfragan\/","title":{"rendered":"M\u00f6lndal \u00e4r bortprioriterat i j\u00e4rnv\u00e4gsfr\u00e5gan"},"content":{"rendered":"<p>&nbsp;<\/p>\n<p>Vi skriver i M\u00f6lndalsposten om varf\u00f6r vi m\u00e5ste forts\u00e4tta planeringen av j\u00e4rnv\u00e4gssp\u00e5ren:<\/p>\n<p><strong>Regeringen anser inte att V\u00e4stsverige beh\u00f6ver en ny j\u00e4rnv\u00e4g mellan G\u00f6teborg och Bor\u00e5s, trots att det \u00e4r ett av de st\u00f6rsta pendlingsstr\u00e5ken. D\u00e4rf\u00f6r m\u00e5ste planeringen av en ny j\u00e4rnv\u00e4gsplan och fyrsp\u00e5r mellan Almedal och M\u00f6lndal forts\u00e4tta.<\/strong><br \/>\n<strong>N\u00e4r V\u00e4stl\u00e4nken \u00e4r klar om tio \u00e5r kommer t\u00e5gen ifr\u00e5n Uddevalla, V\u00e4nersborg, \u00c4lv\u00e4ngen och Sk\u00f6vde att forts\u00e4tta ner till M\u00f6lndal f\u00f6r att v\u00e4nda. Vi kommer att beh\u00f6va en fastst\u00e4lld j\u00e4rnv\u00e4gsplan till M\u00f6lndal f\u00f6r att inte l\u00e4gga en d\u00f6d hand \u00f6ver den fortsatta utvecklingen av centrala M\u00f6lndal med Fors\u00e5kersomr\u00e5det.<\/strong><\/p>\n<p><strong>Regeringens beslut inneb\u00e4r att det inte kommer att byggas n\u00e5gon h\u00f6ghastighetsj\u00e4rnv\u00e4g mellan G\u00f6teborg och J\u00f6nk\u00f6ping. Det r\u00e4cker gott och v\u00e4l att bygga ny bankapacitet f\u00f6r 250 km\/t. Kostnaden \u00e4r 25 procent l\u00e4gre att l\u00e4gga r\u00e4lsen p\u00e5 makadam ist\u00e4llet f\u00f6r p\u00e5 betongplattor, som h\u00f6ghastighetst\u00e5g kr\u00e4ver. Med detta beslut kan Sverigef\u00f6rhandlingen avslutas snarast, eftersom den inte fyller n\u00e5gon funktion l\u00e4ngre.<\/strong><\/p>\n<p><strong>Det \u00e4r viktigt att j\u00e4rnv\u00e4gsplan och byggnation mellan Almedal och M\u00f6lndal finns med i den kommande nationella planen f\u00f6r infrastruktur f\u00f6r 2018-2029.<\/strong><\/p>\n<p><strong>Kristdemokraterna M\u00f6lndal<\/strong><\/p>\n<p>&nbsp;<\/p>\n<p>&nbsp;<\/p>\n<p>&nbsp;<\/p>\n<p>&nbsp;<\/p>\n<p>&nbsp;<\/p>\n","protected":false},"excerpt":{"rendered":"<p>&nbsp; Vi skriver i M\u00f6lndalsposten om varf\u00f6r vi m\u00e5ste forts\u00e4tta planeringen av j\u00e4rnv\u00e4gssp\u00e5ren: Regeringen anser inte att V\u00e4stsverige beh\u00f6ver en ny j\u00e4rnv\u00e4g mellan G\u00f6teborg och Bor\u00e5s, trots att det \u00e4r ett av de st\u00f6rsta pendlingsstr\u00e5ken. D\u00e4rf\u00f6r m\u00e5ste planeringen av en ny j\u00e4rnv\u00e4gsplan och fyrsp\u00e5r mellan Almedal och M\u00f6lndal forts\u00e4tta. N\u00e4r V\u00e4stl\u00e4nken \u00e4r klar om tio <a class=\"read-more-link\" href=\"https:\/\/wp.kristdemokraterna.se\/molndal\/molndal-ar-bortprioriterat-i-jarnvagsfragan\/\">Read More<\/a><\/p>\n","protected":false},"author":519,"featured_media":0,"comment_status":"closed","ping_status":"closed","sticky":false,"template":"","format":"standard","meta":{"_acf_changed":false,"footnotes":""},"categories":[1],"tags":[],"class_list":["post-824","post","type-post","status-publish","format-standard","hentry","category-okategoriserade"],"acf":[],"yoast_head":"<!-- This site is optimized with the Yoast SEO plugin v27.4 - https:\/\/yoast.com\/product\/yoast-seo-wordpress\/ -->\n<title>M\u00f6lndal \u00e4r bortprioriterat i j\u00e4rnv\u00e4gsfr\u00e5gan - M\u00f6lndal<\/title>\n<meta name=\"robots\" content=\"index, follow, max-snippet:-1, max-image-preview:large, max-video-preview:-1\" \/>\n<link rel=\"canonical\" href=\"https:\/\/wp.kristdemokraterna.se\/molndal\/molndal-ar-bortprioriterat-i-jarnvagsfragan\/\" \/>\n<meta property=\"og:locale\" content=\"sv_SE\" \/>\n<meta property=\"og:type\" content=\"article\" \/>\n<meta property=\"og:title\" content=\"M\u00f6lndal \u00e4r bortprioriterat i j\u00e4rnv\u00e4gsfr\u00e5gan - M\u00f6lndal\" \/>\n<meta property=\"og:description\" content=\"&nbsp; Vi skriver i M\u00f6lndalsposten om varf\u00f6r vi m\u00e5ste forts\u00e4tta planeringen av j\u00e4rnv\u00e4gssp\u00e5ren: Regeringen anser inte att V\u00e4stsverige beh\u00f6ver en ny j\u00e4rnv\u00e4g mellan G\u00f6teborg och Bor\u00e5s, trots att det \u00e4r ett av de st\u00f6rsta pendlingsstr\u00e5ken. D\u00e4rf\u00f6r m\u00e5ste planeringen av en ny j\u00e4rnv\u00e4gsplan och fyrsp\u00e5r mellan Almedal och M\u00f6lndal forts\u00e4tta. N\u00e4r V\u00e4stl\u00e4nken \u00e4r klar om tio Read More\" \/>\n<meta property=\"og:url\" content=\"https:\/\/wp.kristdemokraterna.se\/molndal\/molndal-ar-bortprioriterat-i-jarnvagsfragan\/\" \/>\n<meta property=\"og:site_name\" content=\"M\u00f6lndal\" \/>\n<meta property=\"article:published_time\" content=\"2017-04-08T07:40:10+00:00\" \/>\n<meta property=\"article:modified_time\" content=\"2017-04-08T19:23:00+00:00\" \/>\n<meta name=\"author\" content=\"molndal\" \/>\n<meta name=\"twitter:card\" content=\"summary_large_image\" \/>\n<meta name=\"twitter:label1\" content=\"Skriven av\" \/>\n\t<meta name=\"twitter:data1\" content=\"molndal\" \/>\n\t<meta name=\"twitter:label2\" content=\"Ber\u00e4knad l\u00e4stid\" \/>\n\t<meta name=\"twitter:data2\" content=\"1 minut\" \/>\n<script type=\"application\/ld+json\" class=\"yoast-schema-graph\">{\"@context\":\"https:\\\/\\\/schema.org\",\"@graph\":[{\"@type\":\"Article\",\"@id\":\"https:\\\/\\\/wp.kristdemokraterna.se\\\/molndal\\\/molndal-ar-bortprioriterat-i-jarnvagsfragan\\\/#article\",\"isPartOf\":{\"@id\":\"https:\\\/\\\/wp.kristdemokraterna.se\\\/molndal\\\/molndal-ar-bortprioriterat-i-jarnvagsfragan\\\/\"},\"author\":{\"name\":\"molndal\",\"@id\":\"https:\\\/\\\/wp.kristdemokraterna.se\\\/molndal\\\/#\\\/schema\\\/person\\\/76072d253d64b4589d22b0b231cadbf9\"},\"headline\":\"M\u00f6lndal \u00e4r bortprioriterat i j\u00e4rnv\u00e4gsfr\u00e5gan\",\"datePublished\":\"2017-04-08T07:40:10+00:00\",\"dateModified\":\"2017-04-08T19:23:00+00:00\",\"mainEntityOfPage\":{\"@id\":\"https:\\\/\\\/wp.kristdemokraterna.se\\\/molndal\\\/molndal-ar-bortprioriterat-i-jarnvagsfragan\\\/\"},\"wordCount\":266,\"inLanguage\":\"sv-SE\"},{\"@type\":\"WebPage\",\"@id\":\"https:\\\/\\\/wp.kristdemokraterna.se\\\/molndal\\\/molndal-ar-bortprioriterat-i-jarnvagsfragan\\\/\",\"url\":\"https:\\\/\\\/wp.kristdemokraterna.se\\\/molndal\\\/molndal-ar-bortprioriterat-i-jarnvagsfragan\\\/\",\"name\":\"M\u00f6lndal \u00e4r bortprioriterat i j\u00e4rnv\u00e4gsfr\u00e5gan - M\u00f6lndal\",\"isPartOf\":{\"@id\":\"https:\\\/\\\/wp.kristdemokraterna.se\\\/molndal\\\/#website\"},\"datePublished\":\"2017-04-08T07:40:10+00:00\",\"dateModified\":\"2017-04-08T19:23:00+00:00\",\"author\":{\"@id\":\"https:\\\/\\\/wp.kristdemokraterna.se\\\/molndal\\\/#\\\/schema\\\/person\\\/76072d253d64b4589d22b0b231cadbf9\"},\"breadcrumb\":{\"@id\":\"https:\\\/\\\/wp.kristdemokraterna.se\\\/molndal\\\/molndal-ar-bortprioriterat-i-jarnvagsfragan\\\/#breadcrumb\"},\"inLanguage\":\"sv-SE\",\"potentialAction\":[{\"@type\":\"ReadAction\",\"target\":[\"https:\\\/\\\/wp.kristdemokraterna.se\\\/molndal\\\/molndal-ar-bortprioriterat-i-jarnvagsfragan\\\/\"]}]},{\"@type\":\"BreadcrumbList\",\"@id\":\"https:\\\/\\\/wp.kristdemokraterna.se\\\/molndal\\\/molndal-ar-bortprioriterat-i-jarnvagsfragan\\\/#breadcrumb\",\"itemListElement\":[{\"@type\":\"ListItem\",\"position\":1,\"name\":\"Hem\",\"item\":\"https:\\\/\\\/wp.kristdemokraterna.se\\\/molndal\\\/\"},{\"@type\":\"ListItem\",\"position\":2,\"name\":\"M\u00f6lndal \u00e4r bortprioriterat i j\u00e4rnv\u00e4gsfr\u00e5gan\"}]},{\"@type\":\"WebSite\",\"@id\":\"https:\\\/\\\/wp.kristdemokraterna.se\\\/molndal\\\/#website\",\"url\":\"https:\\\/\\\/wp.kristdemokraterna.se\\\/molndal\\\/\",\"name\":\"M\u00f6lndal\",\"description\":\"\",\"inLanguage\":\"sv-SE\"},{\"@type\":\"Person\",\"@id\":\"https:\\\/\\\/wp.kristdemokraterna.se\\\/molndal\\\/#\\\/schema\\\/person\\\/76072d253d64b4589d22b0b231cadbf9\",\"name\":\"molndal\",\"image\":{\"@type\":\"ImageObject\",\"inLanguage\":\"sv-SE\",\"@id\":\"https:\\\/\\\/secure.gravatar.com\\\/avatar\\\/649fc4fe965fc624270d6aaba9855b785586101deb1ef0cdc229dbf6c66baa96?s=96&d=mm&r=g\",\"url\":\"https:\\\/\\\/secure.gravatar.com\\\/avatar\\\/649fc4fe965fc624270d6aaba9855b785586101deb1ef0cdc229dbf6c66baa96?s=96&d=mm&r=g\",\"contentUrl\":\"https:\\\/\\\/secure.gravatar.com\\\/avatar\\\/649fc4fe965fc624270d6aaba9855b785586101deb1ef0cdc229dbf6c66baa96?s=96&d=mm&r=g\",\"caption\":\"molndal\"},\"url\":\"https:\\\/\\\/wp.kristdemokraterna.se\\\/molndal\\\/author\\\/molndal\\\/\"}]}<\/script>\n<!-- \/ Yoast SEO plugin. -->","yoast_head_json":{"title":"M\u00f6lndal \u00e4r bortprioriterat i j\u00e4rnv\u00e4gsfr\u00e5gan - M\u00f6lndal","robots":{"index":"index","follow":"follow","max-snippet":"max-snippet:-1","max-image-preview":"max-image-preview:large","max-video-preview":"max-video-preview:-1"},"canonical":"https:\/\/wp.kristdemokraterna.se\/molndal\/molndal-ar-bortprioriterat-i-jarnvagsfragan\/","og_locale":"sv_SE","og_type":"article","og_title":"M\u00f6lndal \u00e4r bortprioriterat i j\u00e4rnv\u00e4gsfr\u00e5gan - M\u00f6lndal","og_description":"&nbsp; Vi skriver i M\u00f6lndalsposten om varf\u00f6r vi m\u00e5ste forts\u00e4tta planeringen av j\u00e4rnv\u00e4gssp\u00e5ren: Regeringen anser inte att V\u00e4stsverige beh\u00f6ver en ny j\u00e4rnv\u00e4g mellan G\u00f6teborg och Bor\u00e5s, trots att det \u00e4r ett av de st\u00f6rsta pendlingsstr\u00e5ken. D\u00e4rf\u00f6r m\u00e5ste planeringen av en ny j\u00e4rnv\u00e4gsplan och fyrsp\u00e5r mellan Almedal och M\u00f6lndal forts\u00e4tta. N\u00e4r V\u00e4stl\u00e4nken \u00e4r klar om tio Read More","og_url":"https:\/\/wp.kristdemokraterna.se\/molndal\/molndal-ar-bortprioriterat-i-jarnvagsfragan\/","og_site_name":"M\u00f6lndal","article_published_time":"2017-04-08T07:40:10+00:00","article_modified_time":"2017-04-08T19:23:00+00:00","author":"molndal","twitter_card":"summary_large_image","twitter_misc":{"Skriven av":"molndal","Ber\u00e4knad l\u00e4stid":"1 minut"},"schema":{"@context":"https:\/\/schema.org","@graph":[{"@type":"Article","@id":"https:\/\/wp.kristdemokraterna.se\/molndal\/molndal-ar-bortprioriterat-i-jarnvagsfragan\/#article","isPartOf":{"@id":"https:\/\/wp.kristdemokraterna.se\/molndal\/molndal-ar-bortprioriterat-i-jarnvagsfragan\/"},"author":{"name":"molndal","@id":"https:\/\/wp.kristdemokraterna.se\/molndal\/#\/schema\/person\/76072d253d64b4589d22b0b231cadbf9"},"headline":"M\u00f6lndal \u00e4r bortprioriterat i j\u00e4rnv\u00e4gsfr\u00e5gan","datePublished":"2017-04-08T07:40:10+00:00","dateModified":"2017-04-08T19:23:00+00:00","mainEntityOfPage":{"@id":"https:\/\/wp.kristdemokraterna.se\/molndal\/molndal-ar-bortprioriterat-i-jarnvagsfragan\/"},"wordCount":266,"inLanguage":"sv-SE"},{"@type":"WebPage","@id":"https:\/\/wp.kristdemokraterna.se\/molndal\/molndal-ar-bortprioriterat-i-jarnvagsfragan\/","url":"https:\/\/wp.kristdemokraterna.se\/molndal\/molndal-ar-bortprioriterat-i-jarnvagsfragan\/","name":"M\u00f6lndal \u00e4r bortprioriterat i j\u00e4rnv\u00e4gsfr\u00e5gan - M\u00f6lndal","isPartOf":{"@id":"https:\/\/wp.kristdemokraterna.se\/molndal\/#website"},"datePublished":"2017-04-08T07:40:10+00:00","dateModified":"2017-04-08T19:23:00+00:00","author":{"@id":"https:\/\/wp.kristdemokraterna.se\/molndal\/#\/schema\/person\/76072d253d64b4589d22b0b231cadbf9"},"breadcrumb":{"@id":"https:\/\/wp.kristdemokraterna.se\/molndal\/molndal-ar-bortprioriterat-i-jarnvagsfragan\/#breadcrumb"},"inLanguage":"sv-SE","potentialAction":[{"@type":"ReadAction","target":["https:\/\/wp.kristdemokraterna.se\/molndal\/molndal-ar-bortprioriterat-i-jarnvagsfragan\/"]}]},{"@type":"BreadcrumbList","@id":"https:\/\/wp.kristdemokraterna.se\/molndal\/molndal-ar-bortprioriterat-i-jarnvagsfragan\/#breadcrumb","itemListElement":[{"@type":"ListItem","position":1,"name":"Hem","item":"https:\/\/wp.kristdemokraterna.se\/molndal\/"},{"@type":"ListItem","position":2,"name":"M\u00f6lndal \u00e4r bortprioriterat i j\u00e4rnv\u00e4gsfr\u00e5gan"}]},{"@type":"WebSite","@id":"https:\/\/wp.kristdemokraterna.se\/molndal\/#website","url":"https:\/\/wp.kristdemokraterna.se\/molndal\/","name":"M\u00f6lndal","description":"","inLanguage":"sv-SE"},{"@type":"Person","@id":"https:\/\/wp.kristdemokraterna.se\/molndal\/#\/schema\/person\/76072d253d64b4589d22b0b231cadbf9","name":"molndal","image":{"@type":"ImageObject","inLanguage":"sv-SE","@id":"https:\/\/secure.gravatar.com\/avatar\/649fc4fe965fc624270d6aaba9855b785586101deb1ef0cdc229dbf6c66baa96?s=96&d=mm&r=g","url":"https:\/\/secure.gravatar.com\/avatar\/649fc4fe965fc624270d6aaba9855b785586101deb1ef0cdc229dbf6c66baa96?s=96&d=mm&r=g","contentUrl":"https:\/\/secure.gravatar.com\/avatar\/649fc4fe965fc624270d6aaba9855b785586101deb1ef0cdc229dbf6c66baa96?s=96&d=mm&r=g","caption":"molndal"},"url":"https:\/\/wp.kristdemokraterna.se\/molndal\/author\/molndal\/"}]}},"_links":{"self":[{"href":"https:\/\/wp.kristdemokraterna.se\/molndal\/wp-json\/wp\/v2\/posts\/824","targetHints":{"allow":["GET"]}}],"collection":[{"href":"https:\/\/wp.kristdemokraterna.se\/molndal\/wp-json\/wp\/v2\/posts"}],"about":[{"href":"https:\/\/wp.kristdemokraterna.se\/molndal\/wp-json\/wp\/v2\/types\/post"}],"author":[{"embeddable":true,"href":"https:\/\/wp.kristdemokraterna.se\/molndal\/wp-json\/wp\/v2\/users\/519"}],"replies":[{"embeddable":true,"href":"https:\/\/wp.kristdemokraterna.se\/molndal\/wp-json\/wp\/v2\/comments?post=824"}],"version-history":[{"count":3,"href":"https:\/\/wp.kristdemokraterna.se\/molndal\/wp-json\/wp\/v2\/posts\/824\/revisions"}],"predecessor-version":[{"id":851,"href":"https:\/\/wp.kristdemokraterna.se\/molndal\/wp-json\/wp\/v2\/posts\/824\/revisions\/851"}],"wp:attachment":[{"href":"https:\/\/wp.kristdemokraterna.se\/molndal\/wp-json\/wp\/v2\/media?parent=824"}],"wp:term":[{"taxonomy":"category","embeddable":true,"href":"https:\/\/wp.kristdemokraterna.se\/molndal\/wp-json\/wp\/v2\/categories?post=824"},{"taxonomy":"post_tag","embeddable":true,"href":"https:\/\/wp.kristdemokraterna.se\/molndal\/wp-json\/wp\/v2\/tags?post=824"}],"curies":[{"name":"wp","href":"https:\/\/api.w.org\/{rel}","templated":true}]}}