{"id":976,"date":"2018-08-27T00:37:38","date_gmt":"2018-08-26T22:37:38","guid":{"rendered":"http:\/\/wp.kristdemokraterna.se\/molndal\/?p=976"},"modified":"2018-08-27T00:37:38","modified_gmt":"2018-08-26T22:37:38","slug":"utokade-oppettider-pa-vardcentralerna","status":"publish","type":"post","link":"https:\/\/wp.kristdemokraterna.se\/molndal\/utokade-oppettider-pa-vardcentralerna\/","title":{"rendered":"Ut\u00f6kade \u00f6ppettider p\u00e5 v\u00e5rdcentralerna"},"content":{"rendered":"<p>Kristdemokraterna vill ut\u00f6ka \u00f6ppettiderna p\u00e5 v\u00e5rdcentralerna<\/p>\n<p>#5 Regionkandidaten Anders Karlsson, ber\u00e4ttar att KD vill ha &#8221;En trygg v\u00e5rd n\u00e4ra dig i V\u00e4stra G\u00f6taland&#8221;<\/p>\n<p>&#8211; F\u00f6r m\u00e4nniskor inneb\u00e4r en v\u00e4lfungerande och tillg\u00e4nglig v\u00e5rdcentral mer trygghet, b\u00e4ttre h\u00e4lsa, och \u00f6kad v\u00e4rdighet.<\/p>\n<p>&#8211; D\u00e4rf\u00f6r vill kristdemokraterna ut\u00f6ka \u00f6ppettiderna p\u00e5 v\u00e5rdcentraler till att omfatta kv\u00e4llar och helger.<\/p>\n<p>&#8211; R\u00f6sta p\u00e5 kristdemokraterna den 9 september<\/p>\n<p><iframe loading=\"lazy\" title=\"Kristdemokraterna vill ut\u00f6ka \u00f6ppettiderna p\u00e5 v\u00e5rdcentralerna\" width=\"584\" height=\"329\" src=\"https:\/\/www.youtube.com\/embed\/jqnIctbx8Vk?feature=oembed\" frameborder=\"0\" allow=\"accelerometer; autoplay; clipboard-write; encrypted-media; gyroscope; picture-in-picture; web-share\" referrerpolicy=\"strict-origin-when-cross-origin\" allowfullscreen><\/iframe><\/p>\n","protected":false},"excerpt":{"rendered":"<p>Kristdemokraterna vill ut\u00f6ka \u00f6ppettiderna p\u00e5 v\u00e5rdcentralerna #5 Regionkandidaten Anders Karlsson, ber\u00e4ttar att KD vill ha &#8221;En trygg v\u00e5rd n\u00e4ra dig i V\u00e4stra G\u00f6taland&#8221; &#8211; F\u00f6r m\u00e4nniskor inneb\u00e4r en v\u00e4lfungerande och tillg\u00e4nglig v\u00e5rdcentral mer trygghet, b\u00e4ttre h\u00e4lsa, och \u00f6kad v\u00e4rdighet. &#8211; D\u00e4rf\u00f6r vill kristdemokraterna ut\u00f6ka \u00f6ppettiderna p\u00e5 v\u00e5rdcentraler till att omfatta kv\u00e4llar och helger. &#8211; R\u00f6sta <a class=\"read-more-link\" href=\"https:\/\/wp.kristdemokraterna.se\/molndal\/utokade-oppettider-pa-vardcentralerna\/\">Read More<\/a><\/p>\n","protected":false},"author":519,"featured_media":0,"comment_status":"closed","ping_status":"closed","sticky":false,"template":"","format":"standard","meta":{"_acf_changed":false,"footnotes":""},"categories":[1],"tags":[],"class_list":["post-976","post","type-post","status-publish","format-standard","hentry","category-okategoriserade"],"acf":[],"yoast_head":"<!-- This site is optimized with the Yoast SEO plugin v27.4 - https:\/\/yoast.com\/product\/yoast-seo-wordpress\/ -->\n<title>Ut\u00f6kade \u00f6ppettider p\u00e5 v\u00e5rdcentralerna - M\u00f6lndal<\/title>\n<meta name=\"robots\" content=\"index, follow, max-snippet:-1, max-image-preview:large, max-video-preview:-1\" \/>\n<link rel=\"canonical\" href=\"https:\/\/wp.kristdemokraterna.se\/molndal\/utokade-oppettider-pa-vardcentralerna\/\" \/>\n<meta property=\"og:locale\" content=\"sv_SE\" \/>\n<meta property=\"og:type\" content=\"article\" \/>\n<meta property=\"og:title\" content=\"Ut\u00f6kade \u00f6ppettider p\u00e5 v\u00e5rdcentralerna - M\u00f6lndal\" \/>\n<meta property=\"og:description\" content=\"Kristdemokraterna vill ut\u00f6ka \u00f6ppettiderna p\u00e5 v\u00e5rdcentralerna #5 Regionkandidaten Anders Karlsson, ber\u00e4ttar att KD vill ha &#8221;En trygg v\u00e5rd n\u00e4ra dig i V\u00e4stra G\u00f6taland&#8221; &#8211; F\u00f6r m\u00e4nniskor inneb\u00e4r en v\u00e4lfungerande och tillg\u00e4nglig v\u00e5rdcentral mer trygghet, b\u00e4ttre h\u00e4lsa, och \u00f6kad v\u00e4rdighet. &#8211; D\u00e4rf\u00f6r vill kristdemokraterna ut\u00f6ka \u00f6ppettiderna p\u00e5 v\u00e5rdcentraler till att omfatta kv\u00e4llar och helger. &#8211; R\u00f6sta Read More\" \/>\n<meta property=\"og:url\" content=\"https:\/\/wp.kristdemokraterna.se\/molndal\/utokade-oppettider-pa-vardcentralerna\/\" \/>\n<meta property=\"og:site_name\" content=\"M\u00f6lndal\" \/>\n<meta property=\"article:published_time\" content=\"2018-08-26T22:37:38+00:00\" \/>\n<meta name=\"author\" content=\"molndal\" \/>\n<meta name=\"twitter:card\" content=\"summary_large_image\" \/>\n<meta name=\"twitter:label1\" content=\"Skriven av\" \/>\n\t<meta name=\"twitter:data1\" content=\"molndal\" \/>\n<script type=\"application\/ld+json\" class=\"yoast-schema-graph\">{\"@context\":\"https:\\\/\\\/schema.org\",\"@graph\":[{\"@type\":\"Article\",\"@id\":\"https:\\\/\\\/wp.kristdemokraterna.se\\\/molndal\\\/utokade-oppettider-pa-vardcentralerna\\\/#article\",\"isPartOf\":{\"@id\":\"https:\\\/\\\/wp.kristdemokraterna.se\\\/molndal\\\/utokade-oppettider-pa-vardcentralerna\\\/\"},\"author\":{\"name\":\"molndal\",\"@id\":\"https:\\\/\\\/wp.kristdemokraterna.se\\\/molndal\\\/#\\\/schema\\\/person\\\/76072d253d64b4589d22b0b231cadbf9\"},\"headline\":\"Ut\u00f6kade \u00f6ppettider p\u00e5 v\u00e5rdcentralerna\",\"datePublished\":\"2018-08-26T22:37:38+00:00\",\"mainEntityOfPage\":{\"@id\":\"https:\\\/\\\/wp.kristdemokraterna.se\\\/molndal\\\/utokade-oppettider-pa-vardcentralerna\\\/\"},\"wordCount\":94,\"inLanguage\":\"sv-SE\"},{\"@type\":\"WebPage\",\"@id\":\"https:\\\/\\\/wp.kristdemokraterna.se\\\/molndal\\\/utokade-oppettider-pa-vardcentralerna\\\/\",\"url\":\"https:\\\/\\\/wp.kristdemokraterna.se\\\/molndal\\\/utokade-oppettider-pa-vardcentralerna\\\/\",\"name\":\"Ut\u00f6kade \u00f6ppettider p\u00e5 v\u00e5rdcentralerna - M\u00f6lndal\",\"isPartOf\":{\"@id\":\"https:\\\/\\\/wp.kristdemokraterna.se\\\/molndal\\\/#website\"},\"datePublished\":\"2018-08-26T22:37:38+00:00\",\"author\":{\"@id\":\"https:\\\/\\\/wp.kristdemokraterna.se\\\/molndal\\\/#\\\/schema\\\/person\\\/76072d253d64b4589d22b0b231cadbf9\"},\"breadcrumb\":{\"@id\":\"https:\\\/\\\/wp.kristdemokraterna.se\\\/molndal\\\/utokade-oppettider-pa-vardcentralerna\\\/#breadcrumb\"},\"inLanguage\":\"sv-SE\",\"potentialAction\":[{\"@type\":\"ReadAction\",\"target\":[\"https:\\\/\\\/wp.kristdemokraterna.se\\\/molndal\\\/utokade-oppettider-pa-vardcentralerna\\\/\"]}]},{\"@type\":\"BreadcrumbList\",\"@id\":\"https:\\\/\\\/wp.kristdemokraterna.se\\\/molndal\\\/utokade-oppettider-pa-vardcentralerna\\\/#breadcrumb\",\"itemListElement\":[{\"@type\":\"ListItem\",\"position\":1,\"name\":\"Hem\",\"item\":\"https:\\\/\\\/wp.kristdemokraterna.se\\\/molndal\\\/\"},{\"@type\":\"ListItem\",\"position\":2,\"name\":\"Ut\u00f6kade \u00f6ppettider p\u00e5 v\u00e5rdcentralerna\"}]},{\"@type\":\"WebSite\",\"@id\":\"https:\\\/\\\/wp.kristdemokraterna.se\\\/molndal\\\/#website\",\"url\":\"https:\\\/\\\/wp.kristdemokraterna.se\\\/molndal\\\/\",\"name\":\"M\u00f6lndal\",\"description\":\"\",\"inLanguage\":\"sv-SE\"},{\"@type\":\"Person\",\"@id\":\"https:\\\/\\\/wp.kristdemokraterna.se\\\/molndal\\\/#\\\/schema\\\/person\\\/76072d253d64b4589d22b0b231cadbf9\",\"name\":\"molndal\",\"image\":{\"@type\":\"ImageObject\",\"inLanguage\":\"sv-SE\",\"@id\":\"https:\\\/\\\/secure.gravatar.com\\\/avatar\\\/649fc4fe965fc624270d6aaba9855b785586101deb1ef0cdc229dbf6c66baa96?s=96&d=mm&r=g\",\"url\":\"https:\\\/\\\/secure.gravatar.com\\\/avatar\\\/649fc4fe965fc624270d6aaba9855b785586101deb1ef0cdc229dbf6c66baa96?s=96&d=mm&r=g\",\"contentUrl\":\"https:\\\/\\\/secure.gravatar.com\\\/avatar\\\/649fc4fe965fc624270d6aaba9855b785586101deb1ef0cdc229dbf6c66baa96?s=96&d=mm&r=g\",\"caption\":\"molndal\"},\"url\":\"https:\\\/\\\/wp.kristdemokraterna.se\\\/molndal\\\/author\\\/molndal\\\/\"}]}<\/script>\n<!-- \/ Yoast SEO plugin. -->","yoast_head_json":{"title":"Ut\u00f6kade \u00f6ppettider p\u00e5 v\u00e5rdcentralerna - M\u00f6lndal","robots":{"index":"index","follow":"follow","max-snippet":"max-snippet:-1","max-image-preview":"max-image-preview:large","max-video-preview":"max-video-preview:-1"},"canonical":"https:\/\/wp.kristdemokraterna.se\/molndal\/utokade-oppettider-pa-vardcentralerna\/","og_locale":"sv_SE","og_type":"article","og_title":"Ut\u00f6kade \u00f6ppettider p\u00e5 v\u00e5rdcentralerna - M\u00f6lndal","og_description":"Kristdemokraterna vill ut\u00f6ka \u00f6ppettiderna p\u00e5 v\u00e5rdcentralerna #5 Regionkandidaten Anders Karlsson, ber\u00e4ttar att KD vill ha &#8221;En trygg v\u00e5rd n\u00e4ra dig i V\u00e4stra G\u00f6taland&#8221; &#8211; F\u00f6r m\u00e4nniskor inneb\u00e4r en v\u00e4lfungerande och tillg\u00e4nglig v\u00e5rdcentral mer trygghet, b\u00e4ttre h\u00e4lsa, och \u00f6kad v\u00e4rdighet. &#8211; D\u00e4rf\u00f6r vill kristdemokraterna ut\u00f6ka \u00f6ppettiderna p\u00e5 v\u00e5rdcentraler till att omfatta kv\u00e4llar och helger. &#8211; R\u00f6sta Read More","og_url":"https:\/\/wp.kristdemokraterna.se\/molndal\/utokade-oppettider-pa-vardcentralerna\/","og_site_name":"M\u00f6lndal","article_published_time":"2018-08-26T22:37:38+00:00","author":"molndal","twitter_card":"summary_large_image","twitter_misc":{"Skriven av":"molndal"},"schema":{"@context":"https:\/\/schema.org","@graph":[{"@type":"Article","@id":"https:\/\/wp.kristdemokraterna.se\/molndal\/utokade-oppettider-pa-vardcentralerna\/#article","isPartOf":{"@id":"https:\/\/wp.kristdemokraterna.se\/molndal\/utokade-oppettider-pa-vardcentralerna\/"},"author":{"name":"molndal","@id":"https:\/\/wp.kristdemokraterna.se\/molndal\/#\/schema\/person\/76072d253d64b4589d22b0b231cadbf9"},"headline":"Ut\u00f6kade \u00f6ppettider p\u00e5 v\u00e5rdcentralerna","datePublished":"2018-08-26T22:37:38+00:00","mainEntityOfPage":{"@id":"https:\/\/wp.kristdemokraterna.se\/molndal\/utokade-oppettider-pa-vardcentralerna\/"},"wordCount":94,"inLanguage":"sv-SE"},{"@type":"WebPage","@id":"https:\/\/wp.kristdemokraterna.se\/molndal\/utokade-oppettider-pa-vardcentralerna\/","url":"https:\/\/wp.kristdemokraterna.se\/molndal\/utokade-oppettider-pa-vardcentralerna\/","name":"Ut\u00f6kade \u00f6ppettider p\u00e5 v\u00e5rdcentralerna - M\u00f6lndal","isPartOf":{"@id":"https:\/\/wp.kristdemokraterna.se\/molndal\/#website"},"datePublished":"2018-08-26T22:37:38+00:00","author":{"@id":"https:\/\/wp.kristdemokraterna.se\/molndal\/#\/schema\/person\/76072d253d64b4589d22b0b231cadbf9"},"breadcrumb":{"@id":"https:\/\/wp.kristdemokraterna.se\/molndal\/utokade-oppettider-pa-vardcentralerna\/#breadcrumb"},"inLanguage":"sv-SE","potentialAction":[{"@type":"ReadAction","target":["https:\/\/wp.kristdemokraterna.se\/molndal\/utokade-oppettider-pa-vardcentralerna\/"]}]},{"@type":"BreadcrumbList","@id":"https:\/\/wp.kristdemokraterna.se\/molndal\/utokade-oppettider-pa-vardcentralerna\/#breadcrumb","itemListElement":[{"@type":"ListItem","position":1,"name":"Hem","item":"https:\/\/wp.kristdemokraterna.se\/molndal\/"},{"@type":"ListItem","position":2,"name":"Ut\u00f6kade \u00f6ppettider p\u00e5 v\u00e5rdcentralerna"}]},{"@type":"WebSite","@id":"https:\/\/wp.kristdemokraterna.se\/molndal\/#website","url":"https:\/\/wp.kristdemokraterna.se\/molndal\/","name":"M\u00f6lndal","description":"","inLanguage":"sv-SE"},{"@type":"Person","@id":"https:\/\/wp.kristdemokraterna.se\/molndal\/#\/schema\/person\/76072d253d64b4589d22b0b231cadbf9","name":"molndal","image":{"@type":"ImageObject","inLanguage":"sv-SE","@id":"https:\/\/secure.gravatar.com\/avatar\/649fc4fe965fc624270d6aaba9855b785586101deb1ef0cdc229dbf6c66baa96?s=96&d=mm&r=g","url":"https:\/\/secure.gravatar.com\/avatar\/649fc4fe965fc624270d6aaba9855b785586101deb1ef0cdc229dbf6c66baa96?s=96&d=mm&r=g","contentUrl":"https:\/\/secure.gravatar.com\/avatar\/649fc4fe965fc624270d6aaba9855b785586101deb1ef0cdc229dbf6c66baa96?s=96&d=mm&r=g","caption":"molndal"},"url":"https:\/\/wp.kristdemokraterna.se\/molndal\/author\/molndal\/"}]}},"_links":{"self":[{"href":"https:\/\/wp.kristdemokraterna.se\/molndal\/wp-json\/wp\/v2\/posts\/976","targetHints":{"allow":["GET"]}}],"collection":[{"href":"https:\/\/wp.kristdemokraterna.se\/molndal\/wp-json\/wp\/v2\/posts"}],"about":[{"href":"https:\/\/wp.kristdemokraterna.se\/molndal\/wp-json\/wp\/v2\/types\/post"}],"author":[{"embeddable":true,"href":"https:\/\/wp.kristdemokraterna.se\/molndal\/wp-json\/wp\/v2\/users\/519"}],"replies":[{"embeddable":true,"href":"https:\/\/wp.kristdemokraterna.se\/molndal\/wp-json\/wp\/v2\/comments?post=976"}],"version-history":[{"count":1,"href":"https:\/\/wp.kristdemokraterna.se\/molndal\/wp-json\/wp\/v2\/posts\/976\/revisions"}],"predecessor-version":[{"id":977,"href":"https:\/\/wp.kristdemokraterna.se\/molndal\/wp-json\/wp\/v2\/posts\/976\/revisions\/977"}],"wp:attachment":[{"href":"https:\/\/wp.kristdemokraterna.se\/molndal\/wp-json\/wp\/v2\/media?parent=976"}],"wp:term":[{"taxonomy":"category","embeddable":true,"href":"https:\/\/wp.kristdemokraterna.se\/molndal\/wp-json\/wp\/v2\/categories?post=976"},{"taxonomy":"post_tag","embeddable":true,"href":"https:\/\/wp.kristdemokraterna.se\/molndal\/wp-json\/wp\/v2\/tags?post=976"}],"curies":[{"name":"wp","href":"https:\/\/api.w.org\/{rel}","templated":true}]}}