{"id":2220,"date":"2016-09-30T13:00:18","date_gmt":"2016-09-30T11:00:18","guid":{"rendered":"http:\/\/wp.kristdemokraterna.se\/motala\/?p=2220"},"modified":"2018-04-19T17:22:22","modified_gmt":"2018-04-19T15:22:22","slug":"politikerutfragning-sjostadsmorgon","status":"publish","type":"post","link":"https:\/\/wp.kristdemokraterna.se\/motala\/politikerutfragning-sjostadsmorgon\/","title":{"rendered":"Politikerutfr\u00e5gning sj\u00f6stadsmorgon"},"content":{"rendered":"<p><img loading=\"lazy\" decoding=\"async\" class=\"alignnone wp-image-2221 size-full\" src=\"http:\/\/wp.kristdemokraterna.se\/motala\/files\/2016\/09\/14481994_1070687159634539_8381334517897172269_o.jpg\" alt=\"Foto: Kristdemokraterna Motala - 14481994-1070687159634539-8381334517897172269-o\" width=\"2048\" height=\"1536\" srcset=\"https:\/\/wp.kristdemokraterna.se\/motala\/files\/2016\/09\/14481994_1070687159634539_8381334517897172269_o.jpg 2048w, https:\/\/wp.kristdemokraterna.se\/motala\/files\/2016\/09\/14481994_1070687159634539_8381334517897172269_o-300x225.jpg 300w, https:\/\/wp.kristdemokraterna.se\/motala\/files\/2016\/09\/14481994_1070687159634539_8381334517897172269_o-768x576.jpg 768w, https:\/\/wp.kristdemokraterna.se\/motala\/files\/2016\/09\/14481994_1070687159634539_8381334517897172269_o-1024x768.jpg 1024w, https:\/\/wp.kristdemokraterna.se\/motala\/files\/2016\/09\/14481994_1070687159634539_8381334517897172269_o-461x346.jpg 461w, https:\/\/wp.kristdemokraterna.se\/motala\/files\/2016\/09\/14481994_1070687159634539_8381334517897172269_o-149x112.jpg 149w\" sizes=\"auto, (max-width: 2048px) 100vw, 2048px\" \/>Jan Gyllenhammar deltog i Sj\u00f6stadsmorgons politikerutfr\u00e5gning\u00a0som arrangerades av Tillv\u00e4xt Motala, m.fl..<br \/>\nUtfr\u00e5gare var Lennart Ekdal och Lina Handberg, Som Kristdemokrat pekade jag p\u00e5 de goda exemplen, bl.a. \u00a0fr\u00e5n de kommuner som kristdemokraterna styr.<\/p>\n<p><strong><span style=\"color: #0000ff\">Kristdemokraterna<\/span> Motala <\/strong><\/p>\n","protected":false},"excerpt":{"rendered":"<p>Jan Gyllenhammar deltog i Sj\u00f6stadsmorgons politikerutfr\u00e5gning\u00a0som arrangerades av Tillv\u00e4xt Motala, m.fl.. Utfr\u00e5gare var Lennart Ekdal och Lina Handberg, Som Kristdemokrat pekade jag p\u00e5 de goda exemplen, bl.a. \u00a0fr\u00e5n de kommuner som kristdemokraterna styr. Kristdemokraterna Motala<\/p>\n","protected":false},"author":686,"featured_media":0,"comment_status":"closed","ping_status":"closed","sticky":false,"template":"","format":"standard","meta":{"_acf_changed":false,"footnotes":""},"categories":[1],"tags":[],"class_list":["post-2220","post","type-post","status-publish","format-standard","hentry","category-nyheter"],"acf":[],"yoast_head":"<!-- This site is optimized with the Yoast SEO plugin v27.4 - https:\/\/yoast.com\/product\/yoast-seo-wordpress\/ -->\n<title>Politikerutfr\u00e5gning sj\u00f6stadsmorgon - Kristdemokraterna i Motala<\/title>\n<meta name=\"robots\" content=\"index, follow, max-snippet:-1, max-image-preview:large, max-video-preview:-1\" \/>\n<link rel=\"canonical\" href=\"https:\/\/wp.kristdemokraterna.se\/motala\/politikerutfragning-sjostadsmorgon\/\" \/>\n<meta property=\"og:locale\" content=\"sv_SE\" \/>\n<meta property=\"og:type\" content=\"article\" \/>\n<meta property=\"og:title\" content=\"Politikerutfr\u00e5gning sj\u00f6stadsmorgon - Kristdemokraterna i Motala\" \/>\n<meta property=\"og:description\" content=\"Jan Gyllenhammar deltog i Sj\u00f6stadsmorgons politikerutfr\u00e5gning\u00a0som arrangerades av Tillv\u00e4xt Motala, m.fl.. Utfr\u00e5gare var Lennart Ekdal och Lina Handberg, Som Kristdemokrat pekade jag p\u00e5 de goda exemplen, bl.a. \u00a0fr\u00e5n de kommuner som kristdemokraterna styr. Kristdemokraterna Motala\" \/>\n<meta property=\"og:url\" content=\"https:\/\/wp.kristdemokraterna.se\/motala\/politikerutfragning-sjostadsmorgon\/\" \/>\n<meta property=\"og:site_name\" content=\"Kristdemokraterna i Motala\" \/>\n<meta property=\"article:published_time\" content=\"2016-09-30T11:00:18+00:00\" \/>\n<meta property=\"article:modified_time\" content=\"2018-04-19T15:22:22+00:00\" \/>\n<meta property=\"og:image\" content=\"http:\/\/wp.kristdemokraterna.se\/motala\/files\/2016\/09\/14481994_1070687159634539_8381334517897172269_o.jpg\" \/>\n<meta name=\"author\" content=\"motala\" \/>\n<meta name=\"twitter:card\" content=\"summary_large_image\" \/>\n<meta name=\"twitter:label1\" content=\"Skriven av\" \/>\n\t<meta name=\"twitter:data1\" content=\"motala\" \/>\n<script type=\"application\/ld+json\" class=\"yoast-schema-graph\">{\"@context\":\"https:\\\/\\\/schema.org\",\"@graph\":[{\"@type\":\"Article\",\"@id\":\"https:\\\/\\\/wp.kristdemokraterna.se\\\/motala\\\/politikerutfragning-sjostadsmorgon\\\/#article\",\"isPartOf\":{\"@id\":\"https:\\\/\\\/wp.kristdemokraterna.se\\\/motala\\\/politikerutfragning-sjostadsmorgon\\\/\"},\"author\":{\"name\":\"motala\",\"@id\":\"https:\\\/\\\/wp.kristdemokraterna.se\\\/motala\\\/#\\\/schema\\\/person\\\/40b691d4f225795bd0f4cd583ef92d58\"},\"headline\":\"Politikerutfr\u00e5gning sj\u00f6stadsmorgon\",\"datePublished\":\"2016-09-30T11:00:18+00:00\",\"dateModified\":\"2018-04-19T15:22:22+00:00\",\"mainEntityOfPage\":{\"@id\":\"https:\\\/\\\/wp.kristdemokraterna.se\\\/motala\\\/politikerutfragning-sjostadsmorgon\\\/\"},\"wordCount\":47,\"image\":{\"@id\":\"https:\\\/\\\/wp.kristdemokraterna.se\\\/motala\\\/politikerutfragning-sjostadsmorgon\\\/#primaryimage\"},\"thumbnailUrl\":\"http:\\\/\\\/wp.kristdemokraterna.se\\\/motala\\\/files\\\/2016\\\/09\\\/14481994_1070687159634539_8381334517897172269_o.jpg\",\"articleSection\":[\"Nyheter\"],\"inLanguage\":\"sv-SE\"},{\"@type\":\"WebPage\",\"@id\":\"https:\\\/\\\/wp.kristdemokraterna.se\\\/motala\\\/politikerutfragning-sjostadsmorgon\\\/\",\"url\":\"https:\\\/\\\/wp.kristdemokraterna.se\\\/motala\\\/politikerutfragning-sjostadsmorgon\\\/\",\"name\":\"Politikerutfr\u00e5gning sj\u00f6stadsmorgon - Kristdemokraterna i Motala\",\"isPartOf\":{\"@id\":\"https:\\\/\\\/wp.kristdemokraterna.se\\\/motala\\\/#website\"},\"primaryImageOfPage\":{\"@id\":\"https:\\\/\\\/wp.kristdemokraterna.se\\\/motala\\\/politikerutfragning-sjostadsmorgon\\\/#primaryimage\"},\"image\":{\"@id\":\"https:\\\/\\\/wp.kristdemokraterna.se\\\/motala\\\/politikerutfragning-sjostadsmorgon\\\/#primaryimage\"},\"thumbnailUrl\":\"http:\\\/\\\/wp.kristdemokraterna.se\\\/motala\\\/files\\\/2016\\\/09\\\/14481994_1070687159634539_8381334517897172269_o.jpg\",\"datePublished\":\"2016-09-30T11:00:18+00:00\",\"dateModified\":\"2018-04-19T15:22:22+00:00\",\"author\":{\"@id\":\"https:\\\/\\\/wp.kristdemokraterna.se\\\/motala\\\/#\\\/schema\\\/person\\\/40b691d4f225795bd0f4cd583ef92d58\"},\"breadcrumb\":{\"@id\":\"https:\\\/\\\/wp.kristdemokraterna.se\\\/motala\\\/politikerutfragning-sjostadsmorgon\\\/#breadcrumb\"},\"inLanguage\":\"sv-SE\",\"potentialAction\":[{\"@type\":\"ReadAction\",\"target\":[\"https:\\\/\\\/wp.kristdemokraterna.se\\\/motala\\\/politikerutfragning-sjostadsmorgon\\\/\"]}]},{\"@type\":\"ImageObject\",\"inLanguage\":\"sv-SE\",\"@id\":\"https:\\\/\\\/wp.kristdemokraterna.se\\\/motala\\\/politikerutfragning-sjostadsmorgon\\\/#primaryimage\",\"url\":\"https:\\\/\\\/wp.kristdemokraterna.se\\\/motala\\\/files\\\/2016\\\/09\\\/14481994_1070687159634539_8381334517897172269_o.jpg\",\"contentUrl\":\"https:\\\/\\\/wp.kristdemokraterna.se\\\/motala\\\/files\\\/2016\\\/09\\\/14481994_1070687159634539_8381334517897172269_o.jpg\",\"width\":2048,\"height\":1536},{\"@type\":\"BreadcrumbList\",\"@id\":\"https:\\\/\\\/wp.kristdemokraterna.se\\\/motala\\\/politikerutfragning-sjostadsmorgon\\\/#breadcrumb\",\"itemListElement\":[{\"@type\":\"ListItem\",\"position\":1,\"name\":\"Hem\",\"item\":\"https:\\\/\\\/wp.kristdemokraterna.se\\\/motala\\\/\"},{\"@type\":\"ListItem\",\"position\":2,\"name\":\"Politikerutfr\u00e5gning sj\u00f6stadsmorgon\"}]},{\"@type\":\"WebSite\",\"@id\":\"https:\\\/\\\/wp.kristdemokraterna.se\\\/motala\\\/#website\",\"url\":\"https:\\\/\\\/wp.kristdemokraterna.se\\\/motala\\\/\",\"name\":\"Kristdemokraterna i Motala\",\"description\":\"Kristdemokraterna\",\"inLanguage\":\"sv-SE\"},{\"@type\":\"Person\",\"@id\":\"https:\\\/\\\/wp.kristdemokraterna.se\\\/motala\\\/#\\\/schema\\\/person\\\/40b691d4f225795bd0f4cd583ef92d58\",\"name\":\"motala\",\"image\":{\"@type\":\"ImageObject\",\"inLanguage\":\"sv-SE\",\"@id\":\"https:\\\/\\\/secure.gravatar.com\\\/avatar\\\/4191f9ccaafd74f9edfb672d5cabb8f4189eccb51b2d0e0ddcb3352b8d9273b9?s=96&d=mm&r=g\",\"url\":\"https:\\\/\\\/secure.gravatar.com\\\/avatar\\\/4191f9ccaafd74f9edfb672d5cabb8f4189eccb51b2d0e0ddcb3352b8d9273b9?s=96&d=mm&r=g\",\"contentUrl\":\"https:\\\/\\\/secure.gravatar.com\\\/avatar\\\/4191f9ccaafd74f9edfb672d5cabb8f4189eccb51b2d0e0ddcb3352b8d9273b9?s=96&d=mm&r=g\",\"caption\":\"motala\"},\"url\":\"https:\\\/\\\/wp.kristdemokraterna.se\\\/motala\\\/author\\\/motala\\\/\"}]}<\/script>\n<!-- \/ Yoast SEO plugin. -->","yoast_head_json":{"title":"Politikerutfr\u00e5gning sj\u00f6stadsmorgon - Kristdemokraterna i Motala","robots":{"index":"index","follow":"follow","max-snippet":"max-snippet:-1","max-image-preview":"max-image-preview:large","max-video-preview":"max-video-preview:-1"},"canonical":"https:\/\/wp.kristdemokraterna.se\/motala\/politikerutfragning-sjostadsmorgon\/","og_locale":"sv_SE","og_type":"article","og_title":"Politikerutfr\u00e5gning sj\u00f6stadsmorgon - Kristdemokraterna i Motala","og_description":"Jan Gyllenhammar deltog i Sj\u00f6stadsmorgons politikerutfr\u00e5gning\u00a0som arrangerades av Tillv\u00e4xt Motala, m.fl.. Utfr\u00e5gare var Lennart Ekdal och Lina Handberg, Som Kristdemokrat pekade jag p\u00e5 de goda exemplen, bl.a. \u00a0fr\u00e5n de kommuner som kristdemokraterna styr. Kristdemokraterna Motala","og_url":"https:\/\/wp.kristdemokraterna.se\/motala\/politikerutfragning-sjostadsmorgon\/","og_site_name":"Kristdemokraterna i Motala","article_published_time":"2016-09-30T11:00:18+00:00","article_modified_time":"2018-04-19T15:22:22+00:00","og_image":[{"url":"http:\/\/wp.kristdemokraterna.se\/motala\/files\/2016\/09\/14481994_1070687159634539_8381334517897172269_o.jpg","type":"","width":"","height":""}],"author":"motala","twitter_card":"summary_large_image","twitter_misc":{"Skriven av":"motala"},"schema":{"@context":"https:\/\/schema.org","@graph":[{"@type":"Article","@id":"https:\/\/wp.kristdemokraterna.se\/motala\/politikerutfragning-sjostadsmorgon\/#article","isPartOf":{"@id":"https:\/\/wp.kristdemokraterna.se\/motala\/politikerutfragning-sjostadsmorgon\/"},"author":{"name":"motala","@id":"https:\/\/wp.kristdemokraterna.se\/motala\/#\/schema\/person\/40b691d4f225795bd0f4cd583ef92d58"},"headline":"Politikerutfr\u00e5gning sj\u00f6stadsmorgon","datePublished":"2016-09-30T11:00:18+00:00","dateModified":"2018-04-19T15:22:22+00:00","mainEntityOfPage":{"@id":"https:\/\/wp.kristdemokraterna.se\/motala\/politikerutfragning-sjostadsmorgon\/"},"wordCount":47,"image":{"@id":"https:\/\/wp.kristdemokraterna.se\/motala\/politikerutfragning-sjostadsmorgon\/#primaryimage"},"thumbnailUrl":"http:\/\/wp.kristdemokraterna.se\/motala\/files\/2016\/09\/14481994_1070687159634539_8381334517897172269_o.jpg","articleSection":["Nyheter"],"inLanguage":"sv-SE"},{"@type":"WebPage","@id":"https:\/\/wp.kristdemokraterna.se\/motala\/politikerutfragning-sjostadsmorgon\/","url":"https:\/\/wp.kristdemokraterna.se\/motala\/politikerutfragning-sjostadsmorgon\/","name":"Politikerutfr\u00e5gning sj\u00f6stadsmorgon - Kristdemokraterna i Motala","isPartOf":{"@id":"https:\/\/wp.kristdemokraterna.se\/motala\/#website"},"primaryImageOfPage":{"@id":"https:\/\/wp.kristdemokraterna.se\/motala\/politikerutfragning-sjostadsmorgon\/#primaryimage"},"image":{"@id":"https:\/\/wp.kristdemokraterna.se\/motala\/politikerutfragning-sjostadsmorgon\/#primaryimage"},"thumbnailUrl":"http:\/\/wp.kristdemokraterna.se\/motala\/files\/2016\/09\/14481994_1070687159634539_8381334517897172269_o.jpg","datePublished":"2016-09-30T11:00:18+00:00","dateModified":"2018-04-19T15:22:22+00:00","author":{"@id":"https:\/\/wp.kristdemokraterna.se\/motala\/#\/schema\/person\/40b691d4f225795bd0f4cd583ef92d58"},"breadcrumb":{"@id":"https:\/\/wp.kristdemokraterna.se\/motala\/politikerutfragning-sjostadsmorgon\/#breadcrumb"},"inLanguage":"sv-SE","potentialAction":[{"@type":"ReadAction","target":["https:\/\/wp.kristdemokraterna.se\/motala\/politikerutfragning-sjostadsmorgon\/"]}]},{"@type":"ImageObject","inLanguage":"sv-SE","@id":"https:\/\/wp.kristdemokraterna.se\/motala\/politikerutfragning-sjostadsmorgon\/#primaryimage","url":"https:\/\/wp.kristdemokraterna.se\/motala\/files\/2016\/09\/14481994_1070687159634539_8381334517897172269_o.jpg","contentUrl":"https:\/\/wp.kristdemokraterna.se\/motala\/files\/2016\/09\/14481994_1070687159634539_8381334517897172269_o.jpg","width":2048,"height":1536},{"@type":"BreadcrumbList","@id":"https:\/\/wp.kristdemokraterna.se\/motala\/politikerutfragning-sjostadsmorgon\/#breadcrumb","itemListElement":[{"@type":"ListItem","position":1,"name":"Hem","item":"https:\/\/wp.kristdemokraterna.se\/motala\/"},{"@type":"ListItem","position":2,"name":"Politikerutfr\u00e5gning sj\u00f6stadsmorgon"}]},{"@type":"WebSite","@id":"https:\/\/wp.kristdemokraterna.se\/motala\/#website","url":"https:\/\/wp.kristdemokraterna.se\/motala\/","name":"Kristdemokraterna i Motala","description":"Kristdemokraterna","inLanguage":"sv-SE"},{"@type":"Person","@id":"https:\/\/wp.kristdemokraterna.se\/motala\/#\/schema\/person\/40b691d4f225795bd0f4cd583ef92d58","name":"motala","image":{"@type":"ImageObject","inLanguage":"sv-SE","@id":"https:\/\/secure.gravatar.com\/avatar\/4191f9ccaafd74f9edfb672d5cabb8f4189eccb51b2d0e0ddcb3352b8d9273b9?s=96&d=mm&r=g","url":"https:\/\/secure.gravatar.com\/avatar\/4191f9ccaafd74f9edfb672d5cabb8f4189eccb51b2d0e0ddcb3352b8d9273b9?s=96&d=mm&r=g","contentUrl":"https:\/\/secure.gravatar.com\/avatar\/4191f9ccaafd74f9edfb672d5cabb8f4189eccb51b2d0e0ddcb3352b8d9273b9?s=96&d=mm&r=g","caption":"motala"},"url":"https:\/\/wp.kristdemokraterna.se\/motala\/author\/motala\/"}]}},"_links":{"self":[{"href":"https:\/\/wp.kristdemokraterna.se\/motala\/wp-json\/wp\/v2\/posts\/2220","targetHints":{"allow":["GET"]}}],"collection":[{"href":"https:\/\/wp.kristdemokraterna.se\/motala\/wp-json\/wp\/v2\/posts"}],"about":[{"href":"https:\/\/wp.kristdemokraterna.se\/motala\/wp-json\/wp\/v2\/types\/post"}],"author":[{"embeddable":true,"href":"https:\/\/wp.kristdemokraterna.se\/motala\/wp-json\/wp\/v2\/users\/686"}],"replies":[{"embeddable":true,"href":"https:\/\/wp.kristdemokraterna.se\/motala\/wp-json\/wp\/v2\/comments?post=2220"}],"version-history":[{"count":2,"href":"https:\/\/wp.kristdemokraterna.se\/motala\/wp-json\/wp\/v2\/posts\/2220\/revisions"}],"predecessor-version":[{"id":2223,"href":"https:\/\/wp.kristdemokraterna.se\/motala\/wp-json\/wp\/v2\/posts\/2220\/revisions\/2223"}],"wp:attachment":[{"href":"https:\/\/wp.kristdemokraterna.se\/motala\/wp-json\/wp\/v2\/media?parent=2220"}],"wp:term":[{"taxonomy":"category","embeddable":true,"href":"https:\/\/wp.kristdemokraterna.se\/motala\/wp-json\/wp\/v2\/categories?post=2220"},{"taxonomy":"post_tag","embeddable":true,"href":"https:\/\/wp.kristdemokraterna.se\/motala\/wp-json\/wp\/v2\/tags?post=2220"}],"curies":[{"name":"wp","href":"https:\/\/api.w.org\/{rel}","templated":true}]}}