{"id":2460,"date":"2017-03-01T18:00:44","date_gmt":"2017-03-01T17:00:44","guid":{"rendered":"http:\/\/wp.kristdemokraterna.se\/motala\/?p=2460"},"modified":"2023-08-16T12:10:43","modified_gmt":"2023-08-16T10:10:43","slug":"motalas-aldre-vantar-an-pa-nytt-boende","status":"publish","type":"post","link":"https:\/\/wp.kristdemokraterna.se\/motala\/motalas-aldre-vantar-an-pa-nytt-boende\/","title":{"rendered":"Motalas \u00e4ldre v\u00e4ntar \u00e4n p\u00e5 nytt boende"},"content":{"rendered":"<p><em><a href=\"http:\/\/www.mvt.se\/asikter\/debatt\/vantan-for-aldre-om4525343.aspx\" target=\"_blank\" rel=\"noopener\"><img loading=\"lazy\" decoding=\"async\" class=\"alignright wp-image-2462 size-medium\" src=\"http:\/\/wp.kristdemokraterna.se\/motala\/files\/2017\/03\/20170301_mvtdebatt_aldrevantarpaboende-300x163.jpg\" alt=\"\" width=\"300\" height=\"163\" srcset=\"https:\/\/wp.kristdemokraterna.se\/motala\/files\/2017\/03\/20170301_mvtdebatt_aldrevantarpaboende-300x163.jpg 300w, https:\/\/wp.kristdemokraterna.se\/motala\/files\/2017\/03\/20170301_mvtdebatt_aldrevantarpaboende-768x417.jpg 768w, https:\/\/wp.kristdemokraterna.se\/motala\/files\/2017\/03\/20170301_mvtdebatt_aldrevantarpaboende-1024x556.jpg 1024w, https:\/\/wp.kristdemokraterna.se\/motala\/files\/2017\/03\/20170301_mvtdebatt_aldrevantarpaboende-576x313.jpg 576w, https:\/\/wp.kristdemokraterna.se\/motala\/files\/2017\/03\/20170301_mvtdebatt_aldrevantarpaboende-186x101.jpg 186w, https:\/\/wp.kristdemokraterna.se\/motala\/files\/2017\/03\/20170301_mvtdebatt_aldrevantarpaboende.jpg 1143w\" sizes=\"auto, (max-width: 300px) 100vw, 300px\" \/><\/a>MVT Debattartikel<\/em><br \/>\nNya \u00e4ldreboenden har diskuterats under flera \u00e5r och att behovet kommer finnas har vi vetat sedan l\u00e4nge. Trots tydliga prognoser g\u00e4llande befolkning och v\u00e5rdbehov s\u00e5 verkar den politiska ledningen helt tagits p\u00e5 s\u00e4ngen. Nu \u00e4r det k\u00f6er \u2013 k\u00f6er som v\u00e4xer f\u00f6r varje m\u00e5nad. Socialn\u00e4mndens of\u00f6rm\u00e5ga att fatta beslut lyser igenom. Hur l\u00e4nge ska Motalas \u00e4ldre beh\u00f6va v\u00e4nta p\u00e5 ett nytt \u00e4ldreboende? N\u00e4r kommer den ber\u00f6mda spaden s\u00e4ttas i jorden? Det b\u00f6r ju snart vara dags nu, eftersom vi alla vet att det \u00e4r en ledtid p\u00e5 typ tv\u00e5 \u00e5r fr\u00e5n beslut till inflyttning.<\/p>\n<p>Socialf\u00f6rvaltningens ekonomi bl\u00f6der. M\u00e5nga alternativa utf\u00f6rare runt om i Sverige visar p\u00e5 mycket l\u00e4gre kostnadsniv\u00e5er \u00e4n kommunala verksamheter. Skillnaden i Motala \u00e4r h\u00e4pnadsv\u00e4ckande och kalkyler visar att upp emot 13-15 miljoner kronor kan sparas genom att l\u00e4gga ut mer hemtj\u00e4nst p\u00e5 alternativa utf\u00f6rare, exempelvis Attendo. Det \u00e4r aldrig bra med EN utf\u00f6rare utan det beh\u00f6vs alternativ \u2013 p\u00e5 s\u00e5 s\u00e4tt uppmuntras verksamhetsutveckling. Smartare schemal\u00e4ggning och ruttplanering via digitalisering \u00e4r en sj\u00e4lvklarhet i en modern hemtj\u00e4nst.<\/p>\n<p>Kristdemokraterna ser positivt p\u00e5 alternativa utf\u00f6rare och vi kan inte f\u00f6rst\u00e5 att en rent ideologisk motstr\u00e4vighet fr\u00e5n det r\u00f6dgr\u00f6na laget ska hindra kommunen fr\u00e5n att spara pengar. Fokus ska inte vara p\u00e5 VEM som ska utf\u00f6ra, utan fokus ska vara p\u00e5 KVALITET till v\u00e5ra medborgare. F\u00f6r att vi ska kunna ta oss an framtidens \u00e4ldreomsorg och hemtj\u00e4nst, efterlyser vi ett f\u00f6r\u00e4ndrat mindset och en \u00f6ppnare attityd!<\/p>\n<p>Och nu \u00e4r V\u00e4nstern utsl\u00e4ngd fr\u00e5n samarbetet. Kommer det nya r\u00f6d gr\u00f6na minoritetsstyret kunna v\u00e4nda skutan s\u00e5 man f\u00e5r fart p\u00e5 byggandet? Hoppas kan man ju, f\u00f6r Motalas befolkning v\u00e4ntar p\u00e5 lite \u201daction\u201d nu. K\u00f6erna v\u00e4xer n\u00e4mligen. Att l\u00e5ta andra kommuner som Mj\u00f6lby ta hand om v\u00e5ra k\u00f6er blir i l\u00e4ngden mycket dyrt.<\/p>\n<p>F\u00f6r oss kristdemokrater var valet enkelt \u2013 redan i mandatperiodens b\u00f6rjan skulle ett nytt \u00e4ldreboende ha planerats \u2013 ett \u00e4ldreboende som skulle byggts inte bara f\u00f6r att erbjuda alternativ \u00e4ldreomsorg, men som ocks\u00e5 kunnat fungera som en modell att j\u00e4mf\u00f6ra de kommunala verksamheterna mot \u2013 att j\u00e4mf\u00f6ra ger alltid ett merv\u00e4rde. Alternativa utf\u00f6rare bidrar positivt i m\u00e5nga av Sveriges kommuner. Varf\u00f6r skulle just Motala vara annorlunda?<\/p>\n<p><strong><span style=\"color: #0000ff\">Kristdemokraterna<\/span> Motala<\/strong><br \/>\nErik Forslund<br \/>\npartiavdelningsordf\u00f6rande<\/p>\n<p>K\u00e4lla: <a href=\"http:\/\/www.mvt.se\/asikter\/debatt\/vantan-for-aldre-om4525343.aspx\" target=\"_blank\" rel=\"noopener\">www.mvt.se\/asikter\/debatt\/vantan-for-aldre-om4525343.aspx<\/a><\/p>\n","protected":false},"excerpt":{"rendered":"<p>MVT Debattartikel Nya \u00e4ldreboenden har diskuterats under flera \u00e5r och att behovet kommer finnas har vi vetat sedan l\u00e4nge. Trots tydliga prognoser g\u00e4llande befolkning och v\u00e5rdbehov s\u00e5 verkar den politiska ledningen helt tagits p\u00e5 s\u00e4ngen. Nu \u00e4r det k\u00f6er \u2013 k\u00f6er som v\u00e4xer f\u00f6r varje m\u00e5nad. Socialn\u00e4mndens of\u00f6rm\u00e5ga att fatta beslut lyser igenom. Hur l\u00e4nge <a class=\"read-more-link\" href=\"https:\/\/wp.kristdemokraterna.se\/motala\/motalas-aldre-vantar-an-pa-nytt-boende\/\">Read More<\/a><\/p>\n","protected":false},"author":686,"featured_media":0,"comment_status":"closed","ping_status":"closed","sticky":false,"template":"","format":"standard","meta":{"_acf_changed":false,"footnotes":""},"categories":[1],"tags":[],"class_list":["post-2460","post","type-post","status-publish","format-standard","hentry","category-nyheter"],"acf":[],"yoast_head":"<!-- This site is optimized with the Yoast SEO plugin v27.4 - https:\/\/yoast.com\/product\/yoast-seo-wordpress\/ -->\n<title>Motalas \u00e4ldre v\u00e4ntar \u00e4n p\u00e5 nytt boende - Kristdemokraterna i Motala<\/title>\n<meta name=\"robots\" content=\"index, follow, max-snippet:-1, max-image-preview:large, max-video-preview:-1\" \/>\n<link rel=\"canonical\" href=\"https:\/\/wp.kristdemokraterna.se\/motala\/motalas-aldre-vantar-an-pa-nytt-boende\/\" \/>\n<meta property=\"og:locale\" content=\"sv_SE\" \/>\n<meta property=\"og:type\" content=\"article\" \/>\n<meta property=\"og:title\" content=\"Motalas \u00e4ldre v\u00e4ntar \u00e4n p\u00e5 nytt boende - Kristdemokraterna i Motala\" \/>\n<meta property=\"og:description\" content=\"MVT Debattartikel Nya \u00e4ldreboenden har diskuterats under flera \u00e5r och att behovet kommer finnas har vi vetat sedan l\u00e4nge. Trots tydliga prognoser g\u00e4llande befolkning och v\u00e5rdbehov s\u00e5 verkar den politiska ledningen helt tagits p\u00e5 s\u00e4ngen. Nu \u00e4r det k\u00f6er \u2013 k\u00f6er som v\u00e4xer f\u00f6r varje m\u00e5nad. Socialn\u00e4mndens of\u00f6rm\u00e5ga att fatta beslut lyser igenom. Hur l\u00e4nge Read More\" \/>\n<meta property=\"og:url\" content=\"https:\/\/wp.kristdemokraterna.se\/motala\/motalas-aldre-vantar-an-pa-nytt-boende\/\" \/>\n<meta property=\"og:site_name\" content=\"Kristdemokraterna i Motala\" \/>\n<meta property=\"article:published_time\" content=\"2017-03-01T17:00:44+00:00\" \/>\n<meta property=\"article:modified_time\" content=\"2023-08-16T10:10:43+00:00\" \/>\n<meta property=\"og:image\" content=\"http:\/\/wp.kristdemokraterna.se\/motala\/files\/2017\/03\/20170301_mvtdebatt_aldrevantarpaboende-300x163.jpg\" \/>\n<meta name=\"author\" content=\"motala\" \/>\n<meta name=\"twitter:card\" content=\"summary_large_image\" \/>\n<meta name=\"twitter:label1\" content=\"Skriven av\" \/>\n\t<meta name=\"twitter:data1\" content=\"motala\" \/>\n\t<meta name=\"twitter:label2\" content=\"Ber\u00e4knad l\u00e4stid\" \/>\n\t<meta name=\"twitter:data2\" content=\"2 minuter\" \/>\n<script type=\"application\/ld+json\" class=\"yoast-schema-graph\">{\"@context\":\"https:\\\/\\\/schema.org\",\"@graph\":[{\"@type\":\"Article\",\"@id\":\"https:\\\/\\\/wp.kristdemokraterna.se\\\/motala\\\/motalas-aldre-vantar-an-pa-nytt-boende\\\/#article\",\"isPartOf\":{\"@id\":\"https:\\\/\\\/wp.kristdemokraterna.se\\\/motala\\\/motalas-aldre-vantar-an-pa-nytt-boende\\\/\"},\"author\":{\"name\":\"motala\",\"@id\":\"https:\\\/\\\/wp.kristdemokraterna.se\\\/motala\\\/#\\\/schema\\\/person\\\/40b691d4f225795bd0f4cd583ef92d58\"},\"headline\":\"Motalas \u00e4ldre v\u00e4ntar \u00e4n p\u00e5 nytt boende\",\"datePublished\":\"2017-03-01T17:00:44+00:00\",\"dateModified\":\"2023-08-16T10:10:43+00:00\",\"mainEntityOfPage\":{\"@id\":\"https:\\\/\\\/wp.kristdemokraterna.se\\\/motala\\\/motalas-aldre-vantar-an-pa-nytt-boende\\\/\"},\"wordCount\":452,\"image\":{\"@id\":\"https:\\\/\\\/wp.kristdemokraterna.se\\\/motala\\\/motalas-aldre-vantar-an-pa-nytt-boende\\\/#primaryimage\"},\"thumbnailUrl\":\"http:\\\/\\\/wp.kristdemokraterna.se\\\/motala\\\/files\\\/2017\\\/03\\\/20170301_mvtdebatt_aldrevantarpaboende-300x163.jpg\",\"articleSection\":[\"Nyheter\"],\"inLanguage\":\"sv-SE\"},{\"@type\":\"WebPage\",\"@id\":\"https:\\\/\\\/wp.kristdemokraterna.se\\\/motala\\\/motalas-aldre-vantar-an-pa-nytt-boende\\\/\",\"url\":\"https:\\\/\\\/wp.kristdemokraterna.se\\\/motala\\\/motalas-aldre-vantar-an-pa-nytt-boende\\\/\",\"name\":\"Motalas \u00e4ldre v\u00e4ntar \u00e4n p\u00e5 nytt boende - Kristdemokraterna i Motala\",\"isPartOf\":{\"@id\":\"https:\\\/\\\/wp.kristdemokraterna.se\\\/motala\\\/#website\"},\"primaryImageOfPage\":{\"@id\":\"https:\\\/\\\/wp.kristdemokraterna.se\\\/motala\\\/motalas-aldre-vantar-an-pa-nytt-boende\\\/#primaryimage\"},\"image\":{\"@id\":\"https:\\\/\\\/wp.kristdemokraterna.se\\\/motala\\\/motalas-aldre-vantar-an-pa-nytt-boende\\\/#primaryimage\"},\"thumbnailUrl\":\"http:\\\/\\\/wp.kristdemokraterna.se\\\/motala\\\/files\\\/2017\\\/03\\\/20170301_mvtdebatt_aldrevantarpaboende-300x163.jpg\",\"datePublished\":\"2017-03-01T17:00:44+00:00\",\"dateModified\":\"2023-08-16T10:10:43+00:00\",\"author\":{\"@id\":\"https:\\\/\\\/wp.kristdemokraterna.se\\\/motala\\\/#\\\/schema\\\/person\\\/40b691d4f225795bd0f4cd583ef92d58\"},\"breadcrumb\":{\"@id\":\"https:\\\/\\\/wp.kristdemokraterna.se\\\/motala\\\/motalas-aldre-vantar-an-pa-nytt-boende\\\/#breadcrumb\"},\"inLanguage\":\"sv-SE\",\"potentialAction\":[{\"@type\":\"ReadAction\",\"target\":[\"https:\\\/\\\/wp.kristdemokraterna.se\\\/motala\\\/motalas-aldre-vantar-an-pa-nytt-boende\\\/\"]}]},{\"@type\":\"ImageObject\",\"inLanguage\":\"sv-SE\",\"@id\":\"https:\\\/\\\/wp.kristdemokraterna.se\\\/motala\\\/motalas-aldre-vantar-an-pa-nytt-boende\\\/#primaryimage\",\"url\":\"https:\\\/\\\/wp.kristdemokraterna.se\\\/motala\\\/files\\\/2017\\\/03\\\/20170301_mvtdebatt_aldrevantarpaboende.jpg\",\"contentUrl\":\"https:\\\/\\\/wp.kristdemokraterna.se\\\/motala\\\/files\\\/2017\\\/03\\\/20170301_mvtdebatt_aldrevantarpaboende.jpg\",\"width\":1143,\"height\":621},{\"@type\":\"BreadcrumbList\",\"@id\":\"https:\\\/\\\/wp.kristdemokraterna.se\\\/motala\\\/motalas-aldre-vantar-an-pa-nytt-boende\\\/#breadcrumb\",\"itemListElement\":[{\"@type\":\"ListItem\",\"position\":1,\"name\":\"Hem\",\"item\":\"https:\\\/\\\/wp.kristdemokraterna.se\\\/motala\\\/\"},{\"@type\":\"ListItem\",\"position\":2,\"name\":\"Motalas \u00e4ldre v\u00e4ntar \u00e4n p\u00e5 nytt boende\"}]},{\"@type\":\"WebSite\",\"@id\":\"https:\\\/\\\/wp.kristdemokraterna.se\\\/motala\\\/#website\",\"url\":\"https:\\\/\\\/wp.kristdemokraterna.se\\\/motala\\\/\",\"name\":\"Kristdemokraterna i Motala\",\"description\":\"Kristdemokraterna\",\"inLanguage\":\"sv-SE\"},{\"@type\":\"Person\",\"@id\":\"https:\\\/\\\/wp.kristdemokraterna.se\\\/motala\\\/#\\\/schema\\\/person\\\/40b691d4f225795bd0f4cd583ef92d58\",\"name\":\"motala\",\"image\":{\"@type\":\"ImageObject\",\"inLanguage\":\"sv-SE\",\"@id\":\"https:\\\/\\\/secure.gravatar.com\\\/avatar\\\/4191f9ccaafd74f9edfb672d5cabb8f4189eccb51b2d0e0ddcb3352b8d9273b9?s=96&d=mm&r=g\",\"url\":\"https:\\\/\\\/secure.gravatar.com\\\/avatar\\\/4191f9ccaafd74f9edfb672d5cabb8f4189eccb51b2d0e0ddcb3352b8d9273b9?s=96&d=mm&r=g\",\"contentUrl\":\"https:\\\/\\\/secure.gravatar.com\\\/avatar\\\/4191f9ccaafd74f9edfb672d5cabb8f4189eccb51b2d0e0ddcb3352b8d9273b9?s=96&d=mm&r=g\",\"caption\":\"motala\"},\"url\":\"https:\\\/\\\/wp.kristdemokraterna.se\\\/motala\\\/author\\\/motala\\\/\"}]}<\/script>\n<!-- \/ Yoast SEO plugin. -->","yoast_head_json":{"title":"Motalas \u00e4ldre v\u00e4ntar \u00e4n p\u00e5 nytt boende - Kristdemokraterna i Motala","robots":{"index":"index","follow":"follow","max-snippet":"max-snippet:-1","max-image-preview":"max-image-preview:large","max-video-preview":"max-video-preview:-1"},"canonical":"https:\/\/wp.kristdemokraterna.se\/motala\/motalas-aldre-vantar-an-pa-nytt-boende\/","og_locale":"sv_SE","og_type":"article","og_title":"Motalas \u00e4ldre v\u00e4ntar \u00e4n p\u00e5 nytt boende - Kristdemokraterna i Motala","og_description":"MVT Debattartikel Nya \u00e4ldreboenden har diskuterats under flera \u00e5r och att behovet kommer finnas har vi vetat sedan l\u00e4nge. Trots tydliga prognoser g\u00e4llande befolkning och v\u00e5rdbehov s\u00e5 verkar den politiska ledningen helt tagits p\u00e5 s\u00e4ngen. Nu \u00e4r det k\u00f6er \u2013 k\u00f6er som v\u00e4xer f\u00f6r varje m\u00e5nad. Socialn\u00e4mndens of\u00f6rm\u00e5ga att fatta beslut lyser igenom. Hur l\u00e4nge Read More","og_url":"https:\/\/wp.kristdemokraterna.se\/motala\/motalas-aldre-vantar-an-pa-nytt-boende\/","og_site_name":"Kristdemokraterna i Motala","article_published_time":"2017-03-01T17:00:44+00:00","article_modified_time":"2023-08-16T10:10:43+00:00","og_image":[{"url":"http:\/\/wp.kristdemokraterna.se\/motala\/files\/2017\/03\/20170301_mvtdebatt_aldrevantarpaboende-300x163.jpg","type":"","width":"","height":""}],"author":"motala","twitter_card":"summary_large_image","twitter_misc":{"Skriven av":"motala","Ber\u00e4knad l\u00e4stid":"2 minuter"},"schema":{"@context":"https:\/\/schema.org","@graph":[{"@type":"Article","@id":"https:\/\/wp.kristdemokraterna.se\/motala\/motalas-aldre-vantar-an-pa-nytt-boende\/#article","isPartOf":{"@id":"https:\/\/wp.kristdemokraterna.se\/motala\/motalas-aldre-vantar-an-pa-nytt-boende\/"},"author":{"name":"motala","@id":"https:\/\/wp.kristdemokraterna.se\/motala\/#\/schema\/person\/40b691d4f225795bd0f4cd583ef92d58"},"headline":"Motalas \u00e4ldre v\u00e4ntar \u00e4n p\u00e5 nytt boende","datePublished":"2017-03-01T17:00:44+00:00","dateModified":"2023-08-16T10:10:43+00:00","mainEntityOfPage":{"@id":"https:\/\/wp.kristdemokraterna.se\/motala\/motalas-aldre-vantar-an-pa-nytt-boende\/"},"wordCount":452,"image":{"@id":"https:\/\/wp.kristdemokraterna.se\/motala\/motalas-aldre-vantar-an-pa-nytt-boende\/#primaryimage"},"thumbnailUrl":"http:\/\/wp.kristdemokraterna.se\/motala\/files\/2017\/03\/20170301_mvtdebatt_aldrevantarpaboende-300x163.jpg","articleSection":["Nyheter"],"inLanguage":"sv-SE"},{"@type":"WebPage","@id":"https:\/\/wp.kristdemokraterna.se\/motala\/motalas-aldre-vantar-an-pa-nytt-boende\/","url":"https:\/\/wp.kristdemokraterna.se\/motala\/motalas-aldre-vantar-an-pa-nytt-boende\/","name":"Motalas \u00e4ldre v\u00e4ntar \u00e4n p\u00e5 nytt boende - Kristdemokraterna i Motala","isPartOf":{"@id":"https:\/\/wp.kristdemokraterna.se\/motala\/#website"},"primaryImageOfPage":{"@id":"https:\/\/wp.kristdemokraterna.se\/motala\/motalas-aldre-vantar-an-pa-nytt-boende\/#primaryimage"},"image":{"@id":"https:\/\/wp.kristdemokraterna.se\/motala\/motalas-aldre-vantar-an-pa-nytt-boende\/#primaryimage"},"thumbnailUrl":"http:\/\/wp.kristdemokraterna.se\/motala\/files\/2017\/03\/20170301_mvtdebatt_aldrevantarpaboende-300x163.jpg","datePublished":"2017-03-01T17:00:44+00:00","dateModified":"2023-08-16T10:10:43+00:00","author":{"@id":"https:\/\/wp.kristdemokraterna.se\/motala\/#\/schema\/person\/40b691d4f225795bd0f4cd583ef92d58"},"breadcrumb":{"@id":"https:\/\/wp.kristdemokraterna.se\/motala\/motalas-aldre-vantar-an-pa-nytt-boende\/#breadcrumb"},"inLanguage":"sv-SE","potentialAction":[{"@type":"ReadAction","target":["https:\/\/wp.kristdemokraterna.se\/motala\/motalas-aldre-vantar-an-pa-nytt-boende\/"]}]},{"@type":"ImageObject","inLanguage":"sv-SE","@id":"https:\/\/wp.kristdemokraterna.se\/motala\/motalas-aldre-vantar-an-pa-nytt-boende\/#primaryimage","url":"https:\/\/wp.kristdemokraterna.se\/motala\/files\/2017\/03\/20170301_mvtdebatt_aldrevantarpaboende.jpg","contentUrl":"https:\/\/wp.kristdemokraterna.se\/motala\/files\/2017\/03\/20170301_mvtdebatt_aldrevantarpaboende.jpg","width":1143,"height":621},{"@type":"BreadcrumbList","@id":"https:\/\/wp.kristdemokraterna.se\/motala\/motalas-aldre-vantar-an-pa-nytt-boende\/#breadcrumb","itemListElement":[{"@type":"ListItem","position":1,"name":"Hem","item":"https:\/\/wp.kristdemokraterna.se\/motala\/"},{"@type":"ListItem","position":2,"name":"Motalas \u00e4ldre v\u00e4ntar \u00e4n p\u00e5 nytt boende"}]},{"@type":"WebSite","@id":"https:\/\/wp.kristdemokraterna.se\/motala\/#website","url":"https:\/\/wp.kristdemokraterna.se\/motala\/","name":"Kristdemokraterna i Motala","description":"Kristdemokraterna","inLanguage":"sv-SE"},{"@type":"Person","@id":"https:\/\/wp.kristdemokraterna.se\/motala\/#\/schema\/person\/40b691d4f225795bd0f4cd583ef92d58","name":"motala","image":{"@type":"ImageObject","inLanguage":"sv-SE","@id":"https:\/\/secure.gravatar.com\/avatar\/4191f9ccaafd74f9edfb672d5cabb8f4189eccb51b2d0e0ddcb3352b8d9273b9?s=96&d=mm&r=g","url":"https:\/\/secure.gravatar.com\/avatar\/4191f9ccaafd74f9edfb672d5cabb8f4189eccb51b2d0e0ddcb3352b8d9273b9?s=96&d=mm&r=g","contentUrl":"https:\/\/secure.gravatar.com\/avatar\/4191f9ccaafd74f9edfb672d5cabb8f4189eccb51b2d0e0ddcb3352b8d9273b9?s=96&d=mm&r=g","caption":"motala"},"url":"https:\/\/wp.kristdemokraterna.se\/motala\/author\/motala\/"}]}},"_links":{"self":[{"href":"https:\/\/wp.kristdemokraterna.se\/motala\/wp-json\/wp\/v2\/posts\/2460","targetHints":{"allow":["GET"]}}],"collection":[{"href":"https:\/\/wp.kristdemokraterna.se\/motala\/wp-json\/wp\/v2\/posts"}],"about":[{"href":"https:\/\/wp.kristdemokraterna.se\/motala\/wp-json\/wp\/v2\/types\/post"}],"author":[{"embeddable":true,"href":"https:\/\/wp.kristdemokraterna.se\/motala\/wp-json\/wp\/v2\/users\/686"}],"replies":[{"embeddable":true,"href":"https:\/\/wp.kristdemokraterna.se\/motala\/wp-json\/wp\/v2\/comments?post=2460"}],"version-history":[{"count":4,"href":"https:\/\/wp.kristdemokraterna.se\/motala\/wp-json\/wp\/v2\/posts\/2460\/revisions"}],"predecessor-version":[{"id":4248,"href":"https:\/\/wp.kristdemokraterna.se\/motala\/wp-json\/wp\/v2\/posts\/2460\/revisions\/4248"}],"wp:attachment":[{"href":"https:\/\/wp.kristdemokraterna.se\/motala\/wp-json\/wp\/v2\/media?parent=2460"}],"wp:term":[{"taxonomy":"category","embeddable":true,"href":"https:\/\/wp.kristdemokraterna.se\/motala\/wp-json\/wp\/v2\/categories?post=2460"},{"taxonomy":"post_tag","embeddable":true,"href":"https:\/\/wp.kristdemokraterna.se\/motala\/wp-json\/wp\/v2\/tags?post=2460"}],"curies":[{"name":"wp","href":"https:\/\/api.w.org\/{rel}","templated":true}]}}