{"id":2637,"date":"2017-11-27T17:18:19","date_gmt":"2017-11-27T16:18:19","guid":{"rendered":"http:\/\/wp.kristdemokraterna.se\/motala\/?p=2637"},"modified":"2023-08-16T12:10:41","modified_gmt":"2023-08-16T10:10:41","slug":"adventsauktion-2017","status":"publish","type":"post","link":"https:\/\/wp.kristdemokraterna.se\/motala\/adventsauktion-2017\/","title":{"rendered":"Adventsfest 2017"},"content":{"rendered":"<p style=\"text-align: left\"><strong>L\u00f6rdagen den 9 december kl. 14:00<\/strong><br \/>\n<strong>Plats: <\/strong>K\u00e4llgatan 8 ( Hela m\u00e4nniskan RIA:s lokaler \u201d<em>f.d. \u00d6stra skolan<\/em>\u201d )<\/p>\n<p><img decoding=\"async\" src=\"http:\/\/wp.kristdemokraterna.se\/motala\/files\/2016\/11\/pc104405-150x150.jpg\" \/><img decoding=\"async\" src=\"http:\/\/wp.kristdemokraterna.se\/motala\/files\/2016\/11\/2013-11-23-11.30.24-150x150.jpg\" alt=\"2013-11-23-113024\" \/><br \/>\n<strong>Lotterier och chokladhjul, samt auktion<br \/>\np\u00e5 <\/strong><strong>sk\u00e4nkta varor och paket.<\/strong><br \/>\n(\u00a0<em>Om du sk\u00e4nker ett paket till auktionen\u00a0ska det<br \/>\n<\/em><em>inneh\u00e5lla nya saker till ett v\u00e4rde \u00f6ver 50 kr.\u00a0<\/em>)<\/p>\n<p><img loading=\"lazy\" decoding=\"async\" class=\"alignnone wp-image-2640\" src=\"http:\/\/wp.kristdemokraterna.se\/motala\/files\/2017\/11\/jenniferskoldportratt.jpg\" alt=\"\" width=\"246\" height=\"300\" \/><br \/>\nDet blir fina juls\u00e5nger med<br \/>\n<strong>Jennifer Sk\u00f6ld<\/strong><\/p>\n<p><img loading=\"lazy\" decoding=\"async\" class=\"alignnone wp-image-2309\" src=\"http:\/\/wp.kristdemokraterna.se\/motala\/files\/2016\/11\/2011-11-26-14.46.32.jpg\" alt=\"\" width=\"287\" height=\"216\" \/><br \/>\nDet blir \u00e4ven servering!<br \/>\n<strong>Kostnad:<\/strong> Sj\u00e4lvkostnadspris 20 kr<\/p>\n<p><strong>Hitta hit:<\/strong><br \/>\nHela m\u00e4nniskan RIA, K\u00e4llgatan 8, Motala<br \/>\n<strong>Karta:<\/strong> <a href=\"http:\/\/kd.nu\/sc0Z\" target=\"_blank\" rel=\"noopener noreferrer\">http:\/\/kd.nu\/sc0Z<\/a><\/p>\n<p style=\"text-align: center\"><strong>Detta \u00e4r en offentlig samling,<br \/>\ns\u00e5 tag g\u00e4rna med dina v\u00e4nner<\/strong><br \/>\n<span style=\"color: #ff0000\"><strong>Varmt V\u00e4lkommen<em>!<br \/>\n<\/em><\/strong><\/span><\/p>\n<p><em>Arrang\u00f6r: Kristdemokraterna Motala<\/em><\/p>\n<hr \/>\n<p><a href=\"http:\/\/wp.kristdemokraterna.se\/motala\/files\/2017\/11\/20171209_adventsfest.pdf\" target=\"_blank\" rel=\"noopener noreferrer\"><img loading=\"lazy\" decoding=\"async\" class=\"alignleft wp-image-2643\" src=\"http:\/\/wp.kristdemokraterna.se\/motala\/files\/2017\/11\/20171209_adventsfest.jpg\" alt=\"\" width=\"73\" height=\"101\" \/><\/a>&gt;\u00a0<a href=\"http:\/\/wp.kristdemokraterna.se\/motala\/files\/2017\/11\/20171209_adventsfest.pdf\">20171209_adventsfest<\/a> (pdf)<\/p>\n","protected":false},"excerpt":{"rendered":"<p>L\u00f6rdagen den 9 december kl. 14:00 Plats: K\u00e4llgatan 8 ( Hela m\u00e4nniskan RIA:s lokaler \u201df.d. \u00d6stra skolan\u201d ) Lotterier och chokladhjul, samt auktion p\u00e5 sk\u00e4nkta varor och paket. (\u00a0Om du sk\u00e4nker ett paket till auktionen\u00a0ska det inneh\u00e5lla nya saker till ett v\u00e4rde \u00f6ver 50 kr.\u00a0) Det blir fina juls\u00e5nger med Jennifer Sk\u00f6ld Det blir \u00e4ven <a class=\"read-more-link\" href=\"https:\/\/wp.kristdemokraterna.se\/motala\/adventsauktion-2017\/\">Read More<\/a><\/p>\n","protected":false},"author":686,"featured_media":0,"comment_status":"closed","ping_status":"closed","sticky":false,"template":"","format":"standard","meta":{"_acf_changed":false,"footnotes":""},"categories":[1],"tags":[],"class_list":["post-2637","post","type-post","status-publish","format-standard","hentry","category-nyheter"],"acf":[],"yoast_head":"<!-- This site is optimized with the Yoast SEO plugin v27.4 - https:\/\/yoast.com\/product\/yoast-seo-wordpress\/ -->\n<title>Adventsfest 2017 - Kristdemokraterna i Motala<\/title>\n<meta name=\"robots\" content=\"index, follow, max-snippet:-1, max-image-preview:large, max-video-preview:-1\" \/>\n<link rel=\"canonical\" href=\"https:\/\/wp.kristdemokraterna.se\/motala\/adventsauktion-2017\/\" \/>\n<meta property=\"og:locale\" content=\"sv_SE\" \/>\n<meta property=\"og:type\" content=\"article\" \/>\n<meta property=\"og:title\" content=\"Adventsfest 2017 - Kristdemokraterna i Motala\" \/>\n<meta property=\"og:description\" content=\"L\u00f6rdagen den 9 december kl. 14:00 Plats: K\u00e4llgatan 8 ( Hela m\u00e4nniskan RIA:s lokaler \u201df.d. \u00d6stra skolan\u201d ) Lotterier och chokladhjul, samt auktion p\u00e5 sk\u00e4nkta varor och paket. (\u00a0Om du sk\u00e4nker ett paket till auktionen\u00a0ska det inneh\u00e5lla nya saker till ett v\u00e4rde \u00f6ver 50 kr.\u00a0) Det blir fina juls\u00e5nger med Jennifer Sk\u00f6ld Det blir \u00e4ven Read More\" \/>\n<meta property=\"og:url\" content=\"https:\/\/wp.kristdemokraterna.se\/motala\/adventsauktion-2017\/\" \/>\n<meta property=\"og:site_name\" content=\"Kristdemokraterna i Motala\" \/>\n<meta property=\"article:published_time\" content=\"2017-11-27T16:18:19+00:00\" \/>\n<meta property=\"article:modified_time\" content=\"2023-08-16T10:10:41+00:00\" \/>\n<meta property=\"og:image\" content=\"http:\/\/wp.kristdemokraterna.se\/motala\/files\/2016\/11\/pc104405-150x150.jpg\" \/>\n<meta name=\"author\" content=\"motala\" \/>\n<meta name=\"twitter:card\" content=\"summary_large_image\" \/>\n<meta name=\"twitter:label1\" content=\"Skriven av\" \/>\n\t<meta name=\"twitter:data1\" content=\"motala\" \/>\n\t<meta name=\"twitter:label2\" content=\"Ber\u00e4knad l\u00e4stid\" \/>\n\t<meta name=\"twitter:data2\" content=\"1 minut\" \/>\n<script type=\"application\/ld+json\" class=\"yoast-schema-graph\">{\"@context\":\"https:\\\/\\\/schema.org\",\"@graph\":[{\"@type\":\"Article\",\"@id\":\"https:\\\/\\\/wp.kristdemokraterna.se\\\/motala\\\/adventsauktion-2017\\\/#article\",\"isPartOf\":{\"@id\":\"https:\\\/\\\/wp.kristdemokraterna.se\\\/motala\\\/adventsauktion-2017\\\/\"},\"author\":{\"name\":\"motala\",\"@id\":\"https:\\\/\\\/wp.kristdemokraterna.se\\\/motala\\\/#\\\/schema\\\/person\\\/40b691d4f225795bd0f4cd583ef92d58\"},\"headline\":\"Adventsfest 2017\",\"datePublished\":\"2017-11-27T16:18:19+00:00\",\"dateModified\":\"2023-08-16T10:10:41+00:00\",\"mainEntityOfPage\":{\"@id\":\"https:\\\/\\\/wp.kristdemokraterna.se\\\/motala\\\/adventsauktion-2017\\\/\"},\"wordCount\":105,\"image\":{\"@id\":\"https:\\\/\\\/wp.kristdemokraterna.se\\\/motala\\\/adventsauktion-2017\\\/#primaryimage\"},\"thumbnailUrl\":\"http:\\\/\\\/wp.kristdemokraterna.se\\\/motala\\\/files\\\/2016\\\/11\\\/pc104405-150x150.jpg\",\"articleSection\":[\"Nyheter\"],\"inLanguage\":\"sv-SE\"},{\"@type\":\"WebPage\",\"@id\":\"https:\\\/\\\/wp.kristdemokraterna.se\\\/motala\\\/adventsauktion-2017\\\/\",\"url\":\"https:\\\/\\\/wp.kristdemokraterna.se\\\/motala\\\/adventsauktion-2017\\\/\",\"name\":\"Adventsfest 2017 - Kristdemokraterna i Motala\",\"isPartOf\":{\"@id\":\"https:\\\/\\\/wp.kristdemokraterna.se\\\/motala\\\/#website\"},\"primaryImageOfPage\":{\"@id\":\"https:\\\/\\\/wp.kristdemokraterna.se\\\/motala\\\/adventsauktion-2017\\\/#primaryimage\"},\"image\":{\"@id\":\"https:\\\/\\\/wp.kristdemokraterna.se\\\/motala\\\/adventsauktion-2017\\\/#primaryimage\"},\"thumbnailUrl\":\"http:\\\/\\\/wp.kristdemokraterna.se\\\/motala\\\/files\\\/2016\\\/11\\\/pc104405-150x150.jpg\",\"datePublished\":\"2017-11-27T16:18:19+00:00\",\"dateModified\":\"2023-08-16T10:10:41+00:00\",\"author\":{\"@id\":\"https:\\\/\\\/wp.kristdemokraterna.se\\\/motala\\\/#\\\/schema\\\/person\\\/40b691d4f225795bd0f4cd583ef92d58\"},\"breadcrumb\":{\"@id\":\"https:\\\/\\\/wp.kristdemokraterna.se\\\/motala\\\/adventsauktion-2017\\\/#breadcrumb\"},\"inLanguage\":\"sv-SE\",\"potentialAction\":[{\"@type\":\"ReadAction\",\"target\":[\"https:\\\/\\\/wp.kristdemokraterna.se\\\/motala\\\/adventsauktion-2017\\\/\"]}]},{\"@type\":\"ImageObject\",\"inLanguage\":\"sv-SE\",\"@id\":\"https:\\\/\\\/wp.kristdemokraterna.se\\\/motala\\\/adventsauktion-2017\\\/#primaryimage\",\"url\":\"https:\\\/\\\/wp.kristdemokraterna.se\\\/motala\\\/files\\\/2016\\\/11\\\/pc104405.jpg\",\"contentUrl\":\"https:\\\/\\\/wp.kristdemokraterna.se\\\/motala\\\/files\\\/2016\\\/11\\\/pc104405.jpg\",\"width\":418,\"height\":485},{\"@type\":\"BreadcrumbList\",\"@id\":\"https:\\\/\\\/wp.kristdemokraterna.se\\\/motala\\\/adventsauktion-2017\\\/#breadcrumb\",\"itemListElement\":[{\"@type\":\"ListItem\",\"position\":1,\"name\":\"Hem\",\"item\":\"https:\\\/\\\/wp.kristdemokraterna.se\\\/motala\\\/\"},{\"@type\":\"ListItem\",\"position\":2,\"name\":\"Adventsfest 2017\"}]},{\"@type\":\"WebSite\",\"@id\":\"https:\\\/\\\/wp.kristdemokraterna.se\\\/motala\\\/#website\",\"url\":\"https:\\\/\\\/wp.kristdemokraterna.se\\\/motala\\\/\",\"name\":\"Kristdemokraterna i Motala\",\"description\":\"Kristdemokraterna\",\"inLanguage\":\"sv-SE\"},{\"@type\":\"Person\",\"@id\":\"https:\\\/\\\/wp.kristdemokraterna.se\\\/motala\\\/#\\\/schema\\\/person\\\/40b691d4f225795bd0f4cd583ef92d58\",\"name\":\"motala\",\"image\":{\"@type\":\"ImageObject\",\"inLanguage\":\"sv-SE\",\"@id\":\"https:\\\/\\\/secure.gravatar.com\\\/avatar\\\/4191f9ccaafd74f9edfb672d5cabb8f4189eccb51b2d0e0ddcb3352b8d9273b9?s=96&d=mm&r=g\",\"url\":\"https:\\\/\\\/secure.gravatar.com\\\/avatar\\\/4191f9ccaafd74f9edfb672d5cabb8f4189eccb51b2d0e0ddcb3352b8d9273b9?s=96&d=mm&r=g\",\"contentUrl\":\"https:\\\/\\\/secure.gravatar.com\\\/avatar\\\/4191f9ccaafd74f9edfb672d5cabb8f4189eccb51b2d0e0ddcb3352b8d9273b9?s=96&d=mm&r=g\",\"caption\":\"motala\"},\"url\":\"https:\\\/\\\/wp.kristdemokraterna.se\\\/motala\\\/author\\\/motala\\\/\"}]}<\/script>\n<!-- \/ Yoast SEO plugin. -->","yoast_head_json":{"title":"Adventsfest 2017 - Kristdemokraterna i Motala","robots":{"index":"index","follow":"follow","max-snippet":"max-snippet:-1","max-image-preview":"max-image-preview:large","max-video-preview":"max-video-preview:-1"},"canonical":"https:\/\/wp.kristdemokraterna.se\/motala\/adventsauktion-2017\/","og_locale":"sv_SE","og_type":"article","og_title":"Adventsfest 2017 - Kristdemokraterna i Motala","og_description":"L\u00f6rdagen den 9 december kl. 14:00 Plats: K\u00e4llgatan 8 ( Hela m\u00e4nniskan RIA:s lokaler \u201df.d. \u00d6stra skolan\u201d ) Lotterier och chokladhjul, samt auktion p\u00e5 sk\u00e4nkta varor och paket. (\u00a0Om du sk\u00e4nker ett paket till auktionen\u00a0ska det inneh\u00e5lla nya saker till ett v\u00e4rde \u00f6ver 50 kr.\u00a0) Det blir fina juls\u00e5nger med Jennifer Sk\u00f6ld Det blir \u00e4ven Read More","og_url":"https:\/\/wp.kristdemokraterna.se\/motala\/adventsauktion-2017\/","og_site_name":"Kristdemokraterna i Motala","article_published_time":"2017-11-27T16:18:19+00:00","article_modified_time":"2023-08-16T10:10:41+00:00","og_image":[{"url":"http:\/\/wp.kristdemokraterna.se\/motala\/files\/2016\/11\/pc104405-150x150.jpg","type":"","width":"","height":""}],"author":"motala","twitter_card":"summary_large_image","twitter_misc":{"Skriven av":"motala","Ber\u00e4knad l\u00e4stid":"1 minut"},"schema":{"@context":"https:\/\/schema.org","@graph":[{"@type":"Article","@id":"https:\/\/wp.kristdemokraterna.se\/motala\/adventsauktion-2017\/#article","isPartOf":{"@id":"https:\/\/wp.kristdemokraterna.se\/motala\/adventsauktion-2017\/"},"author":{"name":"motala","@id":"https:\/\/wp.kristdemokraterna.se\/motala\/#\/schema\/person\/40b691d4f225795bd0f4cd583ef92d58"},"headline":"Adventsfest 2017","datePublished":"2017-11-27T16:18:19+00:00","dateModified":"2023-08-16T10:10:41+00:00","mainEntityOfPage":{"@id":"https:\/\/wp.kristdemokraterna.se\/motala\/adventsauktion-2017\/"},"wordCount":105,"image":{"@id":"https:\/\/wp.kristdemokraterna.se\/motala\/adventsauktion-2017\/#primaryimage"},"thumbnailUrl":"http:\/\/wp.kristdemokraterna.se\/motala\/files\/2016\/11\/pc104405-150x150.jpg","articleSection":["Nyheter"],"inLanguage":"sv-SE"},{"@type":"WebPage","@id":"https:\/\/wp.kristdemokraterna.se\/motala\/adventsauktion-2017\/","url":"https:\/\/wp.kristdemokraterna.se\/motala\/adventsauktion-2017\/","name":"Adventsfest 2017 - Kristdemokraterna i Motala","isPartOf":{"@id":"https:\/\/wp.kristdemokraterna.se\/motala\/#website"},"primaryImageOfPage":{"@id":"https:\/\/wp.kristdemokraterna.se\/motala\/adventsauktion-2017\/#primaryimage"},"image":{"@id":"https:\/\/wp.kristdemokraterna.se\/motala\/adventsauktion-2017\/#primaryimage"},"thumbnailUrl":"http:\/\/wp.kristdemokraterna.se\/motala\/files\/2016\/11\/pc104405-150x150.jpg","datePublished":"2017-11-27T16:18:19+00:00","dateModified":"2023-08-16T10:10:41+00:00","author":{"@id":"https:\/\/wp.kristdemokraterna.se\/motala\/#\/schema\/person\/40b691d4f225795bd0f4cd583ef92d58"},"breadcrumb":{"@id":"https:\/\/wp.kristdemokraterna.se\/motala\/adventsauktion-2017\/#breadcrumb"},"inLanguage":"sv-SE","potentialAction":[{"@type":"ReadAction","target":["https:\/\/wp.kristdemokraterna.se\/motala\/adventsauktion-2017\/"]}]},{"@type":"ImageObject","inLanguage":"sv-SE","@id":"https:\/\/wp.kristdemokraterna.se\/motala\/adventsauktion-2017\/#primaryimage","url":"https:\/\/wp.kristdemokraterna.se\/motala\/files\/2016\/11\/pc104405.jpg","contentUrl":"https:\/\/wp.kristdemokraterna.se\/motala\/files\/2016\/11\/pc104405.jpg","width":418,"height":485},{"@type":"BreadcrumbList","@id":"https:\/\/wp.kristdemokraterna.se\/motala\/adventsauktion-2017\/#breadcrumb","itemListElement":[{"@type":"ListItem","position":1,"name":"Hem","item":"https:\/\/wp.kristdemokraterna.se\/motala\/"},{"@type":"ListItem","position":2,"name":"Adventsfest 2017"}]},{"@type":"WebSite","@id":"https:\/\/wp.kristdemokraterna.se\/motala\/#website","url":"https:\/\/wp.kristdemokraterna.se\/motala\/","name":"Kristdemokraterna i Motala","description":"Kristdemokraterna","inLanguage":"sv-SE"},{"@type":"Person","@id":"https:\/\/wp.kristdemokraterna.se\/motala\/#\/schema\/person\/40b691d4f225795bd0f4cd583ef92d58","name":"motala","image":{"@type":"ImageObject","inLanguage":"sv-SE","@id":"https:\/\/secure.gravatar.com\/avatar\/4191f9ccaafd74f9edfb672d5cabb8f4189eccb51b2d0e0ddcb3352b8d9273b9?s=96&d=mm&r=g","url":"https:\/\/secure.gravatar.com\/avatar\/4191f9ccaafd74f9edfb672d5cabb8f4189eccb51b2d0e0ddcb3352b8d9273b9?s=96&d=mm&r=g","contentUrl":"https:\/\/secure.gravatar.com\/avatar\/4191f9ccaafd74f9edfb672d5cabb8f4189eccb51b2d0e0ddcb3352b8d9273b9?s=96&d=mm&r=g","caption":"motala"},"url":"https:\/\/wp.kristdemokraterna.se\/motala\/author\/motala\/"}]}},"_links":{"self":[{"href":"https:\/\/wp.kristdemokraterna.se\/motala\/wp-json\/wp\/v2\/posts\/2637","targetHints":{"allow":["GET"]}}],"collection":[{"href":"https:\/\/wp.kristdemokraterna.se\/motala\/wp-json\/wp\/v2\/posts"}],"about":[{"href":"https:\/\/wp.kristdemokraterna.se\/motala\/wp-json\/wp\/v2\/types\/post"}],"author":[{"embeddable":true,"href":"https:\/\/wp.kristdemokraterna.se\/motala\/wp-json\/wp\/v2\/users\/686"}],"replies":[{"embeddable":true,"href":"https:\/\/wp.kristdemokraterna.se\/motala\/wp-json\/wp\/v2\/comments?post=2637"}],"version-history":[{"count":8,"href":"https:\/\/wp.kristdemokraterna.se\/motala\/wp-json\/wp\/v2\/posts\/2637\/revisions"}],"predecessor-version":[{"id":3366,"href":"https:\/\/wp.kristdemokraterna.se\/motala\/wp-json\/wp\/v2\/posts\/2637\/revisions\/3366"}],"wp:attachment":[{"href":"https:\/\/wp.kristdemokraterna.se\/motala\/wp-json\/wp\/v2\/media?parent=2637"}],"wp:term":[{"taxonomy":"category","embeddable":true,"href":"https:\/\/wp.kristdemokraterna.se\/motala\/wp-json\/wp\/v2\/categories?post=2637"},{"taxonomy":"post_tag","embeddable":true,"href":"https:\/\/wp.kristdemokraterna.se\/motala\/wp-json\/wp\/v2\/tags?post=2637"}],"curies":[{"name":"wp","href":"https:\/\/api.w.org\/{rel}","templated":true}]}}