{"id":369,"date":"2020-02-04T19:36:52","date_gmt":"2020-02-04T18:36:52","guid":{"rendered":"http:\/\/wp.kristdemokraterna.se\/munkedal\/?p=369"},"modified":"2025-12-04T22:03:17","modified_gmt":"2025-12-04T21:03:17","slug":"landsbygdsborna-straffas-av-hoga-bransleskatter","status":"publish","type":"post","link":"https:\/\/wp.kristdemokraterna.se\/munkedal\/landsbygdsborna-straffas-av-hoga-bransleskatter\/","title":{"rendered":"Landsbygdsborna straffas av h\u00f6ga br\u00e4nsleskatter"},"content":{"rendered":"<p>&#8221;Sverige har redan i dag h\u00f6ga skatter p\u00e5 drivmedel, samtidigt som det \u00e4r ett avl\u00e5ngt land med helt olika f\u00f6ruts\u00e4ttningar att v\u00e4lja bort bilen.&#8221; S\u00e5 inleds en debattartikel som publicerats i G\u00f6teborgs Posten.<\/p>\n<p><a href=\"https:\/\/wp.kristdemokraterna.se\/vg\/landsbygdsborna-straffas-av-hoga-bransleskatter\/\">L\u00e4s hela debattartikeln<\/a> som \u00e4r skriven av Magnus Berntsson och Magnus Jacobsson<\/p>\n","protected":false},"excerpt":{"rendered":"<p>&#8221;Sverige har redan i dag h\u00f6ga skatter p\u00e5 drivmedel, samtidigt som det \u00e4r ett avl\u00e5ngt land med helt olika f\u00f6ruts\u00e4ttningar att v\u00e4lja bort bilen.&#8221; S\u00e5 inleds en debattartikel som publicerats i G\u00f6teborgs Posten. L\u00e4s hela debattartikeln som \u00e4r skriven av Magnus Berntsson och Magnus Jacobsson<\/p>\n","protected":false},"author":801,"featured_media":0,"comment_status":"closed","ping_status":"closed","sticky":false,"template":"","format":"standard","meta":{"_acf_changed":false,"footnotes":""},"categories":[4],"tags":[],"class_list":["post-369","post","type-post","status-publish","format-standard","hentry","category-debatt"],"acf":[],"yoast_head":"<!-- This site is optimized with the Yoast SEO plugin v27.5 - https:\/\/yoast.com\/product\/yoast-seo-wordpress\/ -->\n<title>Landsbygdsborna straffas av h\u00f6ga br\u00e4nsleskatter - Kristdemokraterna i Munkedal<\/title>\n<meta name=\"robots\" content=\"index, follow, max-snippet:-1, max-image-preview:large, max-video-preview:-1\" \/>\n<link rel=\"canonical\" href=\"https:\/\/wp.kristdemokraterna.se\/munkedal\/landsbygdsborna-straffas-av-hoga-bransleskatter\/\" \/>\n<meta property=\"og:locale\" content=\"sv_SE\" \/>\n<meta property=\"og:type\" content=\"article\" \/>\n<meta property=\"og:title\" content=\"Landsbygdsborna straffas av h\u00f6ga br\u00e4nsleskatter - Kristdemokraterna i Munkedal\" \/>\n<meta property=\"og:description\" content=\"&#8221;Sverige har redan i dag h\u00f6ga skatter p\u00e5 drivmedel, samtidigt som det \u00e4r ett avl\u00e5ngt land med helt olika f\u00f6ruts\u00e4ttningar att v\u00e4lja bort bilen.&#8221; S\u00e5 inleds en debattartikel som publicerats i G\u00f6teborgs Posten. L\u00e4s hela debattartikeln som \u00e4r skriven av Magnus Berntsson och Magnus Jacobsson\" \/>\n<meta property=\"og:url\" content=\"https:\/\/wp.kristdemokraterna.se\/munkedal\/landsbygdsborna-straffas-av-hoga-bransleskatter\/\" \/>\n<meta property=\"og:site_name\" content=\"Kristdemokraterna i Munkedal\" \/>\n<meta property=\"article:published_time\" content=\"2020-02-04T18:36:52+00:00\" \/>\n<meta property=\"article:modified_time\" content=\"2025-12-04T21:03:17+00:00\" \/>\n<meta name=\"author\" content=\"munkedal\" \/>\n<meta name=\"twitter:card\" content=\"summary_large_image\" \/>\n<meta name=\"twitter:label1\" content=\"Skriven av\" \/>\n\t<meta name=\"twitter:data1\" content=\"munkedal\" \/>\n<script type=\"application\/ld+json\" class=\"yoast-schema-graph\">{\"@context\":\"https:\\\/\\\/schema.org\",\"@graph\":[{\"@type\":\"Article\",\"@id\":\"https:\\\/\\\/wp.kristdemokraterna.se\\\/munkedal\\\/landsbygdsborna-straffas-av-hoga-bransleskatter\\\/#article\",\"isPartOf\":{\"@id\":\"https:\\\/\\\/wp.kristdemokraterna.se\\\/munkedal\\\/landsbygdsborna-straffas-av-hoga-bransleskatter\\\/\"},\"author\":{\"name\":\"munkedal\",\"@id\":\"https:\\\/\\\/wp.kristdemokraterna.se\\\/munkedal\\\/#\\\/schema\\\/person\\\/f6bbbc8d890e321734cca0981e0479d8\"},\"headline\":\"Landsbygdsborna straffas av h\u00f6ga br\u00e4nsleskatter\",\"datePublished\":\"2020-02-04T18:36:52+00:00\",\"dateModified\":\"2025-12-04T21:03:17+00:00\",\"mainEntityOfPage\":{\"@id\":\"https:\\\/\\\/wp.kristdemokraterna.se\\\/munkedal\\\/landsbygdsborna-straffas-av-hoga-bransleskatter\\\/\"},\"wordCount\":59,\"articleSection\":[\"Debatt\"],\"inLanguage\":\"sv-SE\"},{\"@type\":\"WebPage\",\"@id\":\"https:\\\/\\\/wp.kristdemokraterna.se\\\/munkedal\\\/landsbygdsborna-straffas-av-hoga-bransleskatter\\\/\",\"url\":\"https:\\\/\\\/wp.kristdemokraterna.se\\\/munkedal\\\/landsbygdsborna-straffas-av-hoga-bransleskatter\\\/\",\"name\":\"Landsbygdsborna straffas av h\u00f6ga br\u00e4nsleskatter - Kristdemokraterna i Munkedal\",\"isPartOf\":{\"@id\":\"https:\\\/\\\/wp.kristdemokraterna.se\\\/munkedal\\\/#website\"},\"datePublished\":\"2020-02-04T18:36:52+00:00\",\"dateModified\":\"2025-12-04T21:03:17+00:00\",\"author\":{\"@id\":\"https:\\\/\\\/wp.kristdemokraterna.se\\\/munkedal\\\/#\\\/schema\\\/person\\\/f6bbbc8d890e321734cca0981e0479d8\"},\"breadcrumb\":{\"@id\":\"https:\\\/\\\/wp.kristdemokraterna.se\\\/munkedal\\\/landsbygdsborna-straffas-av-hoga-bransleskatter\\\/#breadcrumb\"},\"inLanguage\":\"sv-SE\",\"potentialAction\":[{\"@type\":\"ReadAction\",\"target\":[\"https:\\\/\\\/wp.kristdemokraterna.se\\\/munkedal\\\/landsbygdsborna-straffas-av-hoga-bransleskatter\\\/\"]}]},{\"@type\":\"BreadcrumbList\",\"@id\":\"https:\\\/\\\/wp.kristdemokraterna.se\\\/munkedal\\\/landsbygdsborna-straffas-av-hoga-bransleskatter\\\/#breadcrumb\",\"itemListElement\":[{\"@type\":\"ListItem\",\"position\":1,\"name\":\"Hem\",\"item\":\"https:\\\/\\\/wp.kristdemokraterna.se\\\/munkedal\\\/\"},{\"@type\":\"ListItem\",\"position\":2,\"name\":\"Landsbygdsborna straffas av h\u00f6ga br\u00e4nsleskatter\"}]},{\"@type\":\"WebSite\",\"@id\":\"https:\\\/\\\/wp.kristdemokraterna.se\\\/munkedal\\\/#website\",\"url\":\"https:\\\/\\\/wp.kristdemokraterna.se\\\/munkedal\\\/\",\"name\":\"Kristdemokraterna i Munkedal\",\"description\":\"Hand i hand f\u00f6r framtiden\",\"inLanguage\":\"sv-SE\"},{\"@type\":\"Person\",\"@id\":\"https:\\\/\\\/wp.kristdemokraterna.se\\\/munkedal\\\/#\\\/schema\\\/person\\\/f6bbbc8d890e321734cca0981e0479d8\",\"name\":\"munkedal\",\"image\":{\"@type\":\"ImageObject\",\"inLanguage\":\"sv-SE\",\"@id\":\"https:\\\/\\\/secure.gravatar.com\\\/avatar\\\/27942781c112b54cf36e47a16946ce410c262b228c1e6555cd389c15474ef2b6?s=96&d=mm&r=g\",\"url\":\"https:\\\/\\\/secure.gravatar.com\\\/avatar\\\/27942781c112b54cf36e47a16946ce410c262b228c1e6555cd389c15474ef2b6?s=96&d=mm&r=g\",\"contentUrl\":\"https:\\\/\\\/secure.gravatar.com\\\/avatar\\\/27942781c112b54cf36e47a16946ce410c262b228c1e6555cd389c15474ef2b6?s=96&d=mm&r=g\",\"caption\":\"munkedal\"},\"url\":\"https:\\\/\\\/wp.kristdemokraterna.se\\\/munkedal\\\/author\\\/munkedal\\\/\"}]}<\/script>\n<!-- \/ Yoast SEO plugin. -->","yoast_head_json":{"title":"Landsbygdsborna straffas av h\u00f6ga br\u00e4nsleskatter - Kristdemokraterna i Munkedal","robots":{"index":"index","follow":"follow","max-snippet":"max-snippet:-1","max-image-preview":"max-image-preview:large","max-video-preview":"max-video-preview:-1"},"canonical":"https:\/\/wp.kristdemokraterna.se\/munkedal\/landsbygdsborna-straffas-av-hoga-bransleskatter\/","og_locale":"sv_SE","og_type":"article","og_title":"Landsbygdsborna straffas av h\u00f6ga br\u00e4nsleskatter - Kristdemokraterna i Munkedal","og_description":"&#8221;Sverige har redan i dag h\u00f6ga skatter p\u00e5 drivmedel, samtidigt som det \u00e4r ett avl\u00e5ngt land med helt olika f\u00f6ruts\u00e4ttningar att v\u00e4lja bort bilen.&#8221; S\u00e5 inleds en debattartikel som publicerats i G\u00f6teborgs Posten. L\u00e4s hela debattartikeln som \u00e4r skriven av Magnus Berntsson och Magnus Jacobsson","og_url":"https:\/\/wp.kristdemokraterna.se\/munkedal\/landsbygdsborna-straffas-av-hoga-bransleskatter\/","og_site_name":"Kristdemokraterna i Munkedal","article_published_time":"2020-02-04T18:36:52+00:00","article_modified_time":"2025-12-04T21:03:17+00:00","author":"munkedal","twitter_card":"summary_large_image","twitter_misc":{"Skriven av":"munkedal"},"schema":{"@context":"https:\/\/schema.org","@graph":[{"@type":"Article","@id":"https:\/\/wp.kristdemokraterna.se\/munkedal\/landsbygdsborna-straffas-av-hoga-bransleskatter\/#article","isPartOf":{"@id":"https:\/\/wp.kristdemokraterna.se\/munkedal\/landsbygdsborna-straffas-av-hoga-bransleskatter\/"},"author":{"name":"munkedal","@id":"https:\/\/wp.kristdemokraterna.se\/munkedal\/#\/schema\/person\/f6bbbc8d890e321734cca0981e0479d8"},"headline":"Landsbygdsborna straffas av h\u00f6ga br\u00e4nsleskatter","datePublished":"2020-02-04T18:36:52+00:00","dateModified":"2025-12-04T21:03:17+00:00","mainEntityOfPage":{"@id":"https:\/\/wp.kristdemokraterna.se\/munkedal\/landsbygdsborna-straffas-av-hoga-bransleskatter\/"},"wordCount":59,"articleSection":["Debatt"],"inLanguage":"sv-SE"},{"@type":"WebPage","@id":"https:\/\/wp.kristdemokraterna.se\/munkedal\/landsbygdsborna-straffas-av-hoga-bransleskatter\/","url":"https:\/\/wp.kristdemokraterna.se\/munkedal\/landsbygdsborna-straffas-av-hoga-bransleskatter\/","name":"Landsbygdsborna straffas av h\u00f6ga br\u00e4nsleskatter - Kristdemokraterna i Munkedal","isPartOf":{"@id":"https:\/\/wp.kristdemokraterna.se\/munkedal\/#website"},"datePublished":"2020-02-04T18:36:52+00:00","dateModified":"2025-12-04T21:03:17+00:00","author":{"@id":"https:\/\/wp.kristdemokraterna.se\/munkedal\/#\/schema\/person\/f6bbbc8d890e321734cca0981e0479d8"},"breadcrumb":{"@id":"https:\/\/wp.kristdemokraterna.se\/munkedal\/landsbygdsborna-straffas-av-hoga-bransleskatter\/#breadcrumb"},"inLanguage":"sv-SE","potentialAction":[{"@type":"ReadAction","target":["https:\/\/wp.kristdemokraterna.se\/munkedal\/landsbygdsborna-straffas-av-hoga-bransleskatter\/"]}]},{"@type":"BreadcrumbList","@id":"https:\/\/wp.kristdemokraterna.se\/munkedal\/landsbygdsborna-straffas-av-hoga-bransleskatter\/#breadcrumb","itemListElement":[{"@type":"ListItem","position":1,"name":"Hem","item":"https:\/\/wp.kristdemokraterna.se\/munkedal\/"},{"@type":"ListItem","position":2,"name":"Landsbygdsborna straffas av h\u00f6ga br\u00e4nsleskatter"}]},{"@type":"WebSite","@id":"https:\/\/wp.kristdemokraterna.se\/munkedal\/#website","url":"https:\/\/wp.kristdemokraterna.se\/munkedal\/","name":"Kristdemokraterna i Munkedal","description":"Hand i hand f\u00f6r framtiden","inLanguage":"sv-SE"},{"@type":"Person","@id":"https:\/\/wp.kristdemokraterna.se\/munkedal\/#\/schema\/person\/f6bbbc8d890e321734cca0981e0479d8","name":"munkedal","image":{"@type":"ImageObject","inLanguage":"sv-SE","@id":"https:\/\/secure.gravatar.com\/avatar\/27942781c112b54cf36e47a16946ce410c262b228c1e6555cd389c15474ef2b6?s=96&d=mm&r=g","url":"https:\/\/secure.gravatar.com\/avatar\/27942781c112b54cf36e47a16946ce410c262b228c1e6555cd389c15474ef2b6?s=96&d=mm&r=g","contentUrl":"https:\/\/secure.gravatar.com\/avatar\/27942781c112b54cf36e47a16946ce410c262b228c1e6555cd389c15474ef2b6?s=96&d=mm&r=g","caption":"munkedal"},"url":"https:\/\/wp.kristdemokraterna.se\/munkedal\/author\/munkedal\/"}]}},"_links":{"self":[{"href":"https:\/\/wp.kristdemokraterna.se\/munkedal\/wp-json\/wp\/v2\/posts\/369","targetHints":{"allow":["GET"]}}],"collection":[{"href":"https:\/\/wp.kristdemokraterna.se\/munkedal\/wp-json\/wp\/v2\/posts"}],"about":[{"href":"https:\/\/wp.kristdemokraterna.se\/munkedal\/wp-json\/wp\/v2\/types\/post"}],"author":[{"embeddable":true,"href":"https:\/\/wp.kristdemokraterna.se\/munkedal\/wp-json\/wp\/v2\/users\/801"}],"replies":[{"embeddable":true,"href":"https:\/\/wp.kristdemokraterna.se\/munkedal\/wp-json\/wp\/v2\/comments?post=369"}],"version-history":[{"count":4,"href":"https:\/\/wp.kristdemokraterna.se\/munkedal\/wp-json\/wp\/v2\/posts\/369\/revisions"}],"predecessor-version":[{"id":376,"href":"https:\/\/wp.kristdemokraterna.se\/munkedal\/wp-json\/wp\/v2\/posts\/369\/revisions\/376"}],"wp:attachment":[{"href":"https:\/\/wp.kristdemokraterna.se\/munkedal\/wp-json\/wp\/v2\/media?parent=369"}],"wp:term":[{"taxonomy":"category","embeddable":true,"href":"https:\/\/wp.kristdemokraterna.se\/munkedal\/wp-json\/wp\/v2\/categories?post=369"},{"taxonomy":"post_tag","embeddable":true,"href":"https:\/\/wp.kristdemokraterna.se\/munkedal\/wp-json\/wp\/v2\/tags?post=369"}],"curies":[{"name":"wp","href":"https:\/\/api.w.org\/{rel}","templated":true}]}}