{"id":486,"date":"2021-12-18T14:41:51","date_gmt":"2021-12-18T13:41:51","guid":{"rendered":"https:\/\/wp.kristdemokraterna.se\/munkedal\/?p=486"},"modified":"2025-11-25T20:32:09","modified_gmt":"2025-11-25T19:32:09","slug":"tagforbindelser-viktiga-for-vastkusten-om-de-heter-bohusbanan-eller-skagerrakbanan-ar-mindre-viktigt","status":"publish","type":"post","link":"https:\/\/wp.kristdemokraterna.se\/munkedal\/tagforbindelser-viktiga-for-vastkusten-om-de-heter-bohusbanan-eller-skagerrakbanan-ar-mindre-viktigt\/","title":{"rendered":"T\u00e5gf\u00f6rbindelser viktiga f\u00f6r v\u00e4stkusten. Om de heter &#8221;Bohusbanan&#8221; eller &#8221;Skagerrakbanan&#8221; \u00e4r mindre viktigt."},"content":{"rendered":"<p>Trafikverkets senaste investeringsplan \u00e4r &#8221;en katastrof f\u00f6r v\u00e5r region&#8221; s\u00e4ger regionkandidat Fredrik Olsson KD Munkedal. Det satsas inte p\u00e5 vare sig Bohusbanan eller p\u00e5 dubbelsp\u00e5r s\u00f6derifr\u00e5n till Uddevalla under de kommande tio \u00e5ren. &#8221;Munkedal \u00e4r en pendlingskommun s\u00e5 vi beh\u00f6ver goda kommunikationer f\u00f6r att kunna bo kvar&#8221;, s\u00e4ger Fredrik Olsson vidare. Trafikverket konstaterar att det finns brister i regionen men g\u00f6r inget f\u00f6r att avhj\u00e4lpa dem. S\u00e5 av de totalt 799 miljarderna s\u00e5 f\u00e5r regionen bara smulor i form av ny kontaktledning mellan Uddevalla och Str\u00f6mstad troligen mellan 2026-2033 och en h\u00f6jning av plattformar i Uddevalla med brasklappen att \u00e4ven detta kan senarel\u00e4ggas vid omprioriteringar.<\/p>\n<p>&#8221;Om jag f\u00e5r best\u00e4mma efter n\u00e4sta val s\u00e5 kommer regionen att sl\u00e5ss f\u00f6r j\u00e4rnv\u00e4gen i Bohusl\u00e4n och goda pendlingsm\u00f6jligheter i regionen&#8221;, s\u00e4ger Fredrik Olsson.<\/p>\n<p>Trafikverket s\u00e4ger att Bohusbanan inte \u00e4r av nationellt intresse l\u00e4ngre vilket kan betyda att vi inte f\u00e5r n\u00e5gon j\u00e4rnv\u00e4g alls, utan f\u00e5r f\u00f6rlita oss p\u00e5 motorv\u00e4gen med v\u00e5ra bilar och bussar i framtiden?<\/p>\n<p>V\u00e5r riksdagsman Magnus Jacobsson, andre vice ordf\u00f6rande i trafikutskottet, s\u00e4ger i en kommentar att &#8221;- Jag hoppas att V\u00e4stra G\u00f6talandsregionen tar strid f\u00f6r j\u00e4rnv\u00e4gen i Bohusl\u00e4n och f\u00f6rbindelsen mellan Sverige och Norge&#8221;.<\/p>\n<p>F\u00f6r milj\u00f6ns- och v\u00e5ra inv\u00e5nares skull f\u00e5r vi hoppas p\u00e5 framtida julmirakel vad g\u00e4ller t\u00e5gn\u00e4tet i framtiden.<\/p>\n<p>Inl\u00e4gg av Fredrik Olsson KD Munkedal, kommun- och regionkandidat i valet 2022.<\/p>\n<p>&nbsp;<\/p>\n","protected":false},"excerpt":{"rendered":"<p>Trafikverkets senaste investeringsplan \u00e4r &#8221;en katastrof f\u00f6r v\u00e5r region&#8221; s\u00e4ger regionkandidat Fredrik Olsson KD Munkedal. Det satsas inte p\u00e5 vare sig Bohusbanan eller p\u00e5 dubbelsp\u00e5r s\u00f6derifr\u00e5n till Uddevalla under de kommande tio \u00e5ren. &#8221;Munkedal \u00e4r en pendlingskommun s\u00e5 vi beh\u00f6ver goda kommunikationer f\u00f6r att kunna bo kvar&#8221;, s\u00e4ger Fredrik Olsson vidare. Trafikverket konstaterar att det <a class=\"read-more-link\" href=\"https:\/\/wp.kristdemokraterna.se\/munkedal\/tagforbindelser-viktiga-for-vastkusten-om-de-heter-bohusbanan-eller-skagerrakbanan-ar-mindre-viktigt\/\">Read More<\/a><\/p>\n","protected":false},"author":801,"featured_media":0,"comment_status":"closed","ping_status":"closed","sticky":false,"template":"","format":"standard","meta":{"_acf_changed":false,"footnotes":""},"categories":[3],"tags":[],"class_list":["post-486","post","type-post","status-publish","format-standard","hentry","category-nyheter"],"acf":[],"yoast_head":"<!-- This site is optimized with the Yoast SEO plugin v27.5 - https:\/\/yoast.com\/product\/yoast-seo-wordpress\/ -->\n<title>T\u00e5gf\u00f6rbindelser viktiga f\u00f6r v\u00e4stkusten. Om de heter &quot;Bohusbanan&quot; eller &quot;Skagerrakbanan&quot; \u00e4r mindre viktigt. - Kristdemokraterna i Munkedal<\/title>\n<meta name=\"robots\" content=\"index, follow, max-snippet:-1, max-image-preview:large, max-video-preview:-1\" \/>\n<link rel=\"canonical\" href=\"https:\/\/wp.kristdemokraterna.se\/munkedal\/tagforbindelser-viktiga-for-vastkusten-om-de-heter-bohusbanan-eller-skagerrakbanan-ar-mindre-viktigt\/\" \/>\n<meta property=\"og:locale\" content=\"sv_SE\" \/>\n<meta property=\"og:type\" content=\"article\" \/>\n<meta property=\"og:title\" content=\"T\u00e5gf\u00f6rbindelser viktiga f\u00f6r v\u00e4stkusten. Om de heter &quot;Bohusbanan&quot; eller &quot;Skagerrakbanan&quot; \u00e4r mindre viktigt. - Kristdemokraterna i Munkedal\" \/>\n<meta property=\"og:description\" content=\"Trafikverkets senaste investeringsplan \u00e4r &#8221;en katastrof f\u00f6r v\u00e5r region&#8221; s\u00e4ger regionkandidat Fredrik Olsson KD Munkedal. Det satsas inte p\u00e5 vare sig Bohusbanan eller p\u00e5 dubbelsp\u00e5r s\u00f6derifr\u00e5n till Uddevalla under de kommande tio \u00e5ren. &#8221;Munkedal \u00e4r en pendlingskommun s\u00e5 vi beh\u00f6ver goda kommunikationer f\u00f6r att kunna bo kvar&#8221;, s\u00e4ger Fredrik Olsson vidare. Trafikverket konstaterar att det Read More\" \/>\n<meta property=\"og:url\" content=\"https:\/\/wp.kristdemokraterna.se\/munkedal\/tagforbindelser-viktiga-for-vastkusten-om-de-heter-bohusbanan-eller-skagerrakbanan-ar-mindre-viktigt\/\" \/>\n<meta property=\"og:site_name\" content=\"Kristdemokraterna i Munkedal\" \/>\n<meta property=\"article:published_time\" content=\"2021-12-18T13:41:51+00:00\" \/>\n<meta property=\"article:modified_time\" content=\"2025-11-25T19:32:09+00:00\" \/>\n<meta name=\"author\" content=\"munkedal\" \/>\n<meta name=\"twitter:card\" content=\"summary_large_image\" \/>\n<meta name=\"twitter:label1\" content=\"Skriven av\" \/>\n\t<meta name=\"twitter:data1\" content=\"munkedal\" \/>\n\t<meta name=\"twitter:label2\" content=\"Ber\u00e4knad l\u00e4stid\" \/>\n\t<meta name=\"twitter:data2\" content=\"2 minuter\" \/>\n<script type=\"application\/ld+json\" class=\"yoast-schema-graph\">{\"@context\":\"https:\\\/\\\/schema.org\",\"@graph\":[{\"@type\":\"Article\",\"@id\":\"https:\\\/\\\/wp.kristdemokraterna.se\\\/munkedal\\\/tagforbindelser-viktiga-for-vastkusten-om-de-heter-bohusbanan-eller-skagerrakbanan-ar-mindre-viktigt\\\/#article\",\"isPartOf\":{\"@id\":\"https:\\\/\\\/wp.kristdemokraterna.se\\\/munkedal\\\/tagforbindelser-viktiga-for-vastkusten-om-de-heter-bohusbanan-eller-skagerrakbanan-ar-mindre-viktigt\\\/\"},\"author\":{\"name\":\"munkedal\",\"@id\":\"https:\\\/\\\/wp.kristdemokraterna.se\\\/munkedal\\\/#\\\/schema\\\/person\\\/f6bbbc8d890e321734cca0981e0479d8\"},\"headline\":\"T\u00e5gf\u00f6rbindelser viktiga f\u00f6r v\u00e4stkusten. Om de heter &#8221;Bohusbanan&#8221; eller &#8221;Skagerrakbanan&#8221; \u00e4r mindre viktigt.\",\"datePublished\":\"2021-12-18T13:41:51+00:00\",\"dateModified\":\"2025-11-25T19:32:09+00:00\",\"mainEntityOfPage\":{\"@id\":\"https:\\\/\\\/wp.kristdemokraterna.se\\\/munkedal\\\/tagforbindelser-viktiga-for-vastkusten-om-de-heter-bohusbanan-eller-skagerrakbanan-ar-mindre-viktigt\\\/\"},\"wordCount\":294,\"articleSection\":[\"Nyheter\"],\"inLanguage\":\"sv-SE\"},{\"@type\":\"WebPage\",\"@id\":\"https:\\\/\\\/wp.kristdemokraterna.se\\\/munkedal\\\/tagforbindelser-viktiga-for-vastkusten-om-de-heter-bohusbanan-eller-skagerrakbanan-ar-mindre-viktigt\\\/\",\"url\":\"https:\\\/\\\/wp.kristdemokraterna.se\\\/munkedal\\\/tagforbindelser-viktiga-for-vastkusten-om-de-heter-bohusbanan-eller-skagerrakbanan-ar-mindre-viktigt\\\/\",\"name\":\"T\u00e5gf\u00f6rbindelser viktiga f\u00f6r v\u00e4stkusten. Om de heter \\\"Bohusbanan\\\" eller \\\"Skagerrakbanan\\\" \u00e4r mindre viktigt. - Kristdemokraterna i Munkedal\",\"isPartOf\":{\"@id\":\"https:\\\/\\\/wp.kristdemokraterna.se\\\/munkedal\\\/#website\"},\"datePublished\":\"2021-12-18T13:41:51+00:00\",\"dateModified\":\"2025-11-25T19:32:09+00:00\",\"author\":{\"@id\":\"https:\\\/\\\/wp.kristdemokraterna.se\\\/munkedal\\\/#\\\/schema\\\/person\\\/f6bbbc8d890e321734cca0981e0479d8\"},\"breadcrumb\":{\"@id\":\"https:\\\/\\\/wp.kristdemokraterna.se\\\/munkedal\\\/tagforbindelser-viktiga-for-vastkusten-om-de-heter-bohusbanan-eller-skagerrakbanan-ar-mindre-viktigt\\\/#breadcrumb\"},\"inLanguage\":\"sv-SE\",\"potentialAction\":[{\"@type\":\"ReadAction\",\"target\":[\"https:\\\/\\\/wp.kristdemokraterna.se\\\/munkedal\\\/tagforbindelser-viktiga-for-vastkusten-om-de-heter-bohusbanan-eller-skagerrakbanan-ar-mindre-viktigt\\\/\"]}]},{\"@type\":\"BreadcrumbList\",\"@id\":\"https:\\\/\\\/wp.kristdemokraterna.se\\\/munkedal\\\/tagforbindelser-viktiga-for-vastkusten-om-de-heter-bohusbanan-eller-skagerrakbanan-ar-mindre-viktigt\\\/#breadcrumb\",\"itemListElement\":[{\"@type\":\"ListItem\",\"position\":1,\"name\":\"Hem\",\"item\":\"https:\\\/\\\/wp.kristdemokraterna.se\\\/munkedal\\\/\"},{\"@type\":\"ListItem\",\"position\":2,\"name\":\"T\u00e5gf\u00f6rbindelser viktiga f\u00f6r v\u00e4stkusten. Om de heter &#8221;Bohusbanan&#8221; eller &#8221;Skagerrakbanan&#8221; \u00e4r mindre viktigt.\"}]},{\"@type\":\"WebSite\",\"@id\":\"https:\\\/\\\/wp.kristdemokraterna.se\\\/munkedal\\\/#website\",\"url\":\"https:\\\/\\\/wp.kristdemokraterna.se\\\/munkedal\\\/\",\"name\":\"Kristdemokraterna i Munkedal\",\"description\":\"Hand i hand f\u00f6r framtiden\",\"inLanguage\":\"sv-SE\"},{\"@type\":\"Person\",\"@id\":\"https:\\\/\\\/wp.kristdemokraterna.se\\\/munkedal\\\/#\\\/schema\\\/person\\\/f6bbbc8d890e321734cca0981e0479d8\",\"name\":\"munkedal\",\"image\":{\"@type\":\"ImageObject\",\"inLanguage\":\"sv-SE\",\"@id\":\"https:\\\/\\\/secure.gravatar.com\\\/avatar\\\/27942781c112b54cf36e47a16946ce410c262b228c1e6555cd389c15474ef2b6?s=96&d=mm&r=g\",\"url\":\"https:\\\/\\\/secure.gravatar.com\\\/avatar\\\/27942781c112b54cf36e47a16946ce410c262b228c1e6555cd389c15474ef2b6?s=96&d=mm&r=g\",\"contentUrl\":\"https:\\\/\\\/secure.gravatar.com\\\/avatar\\\/27942781c112b54cf36e47a16946ce410c262b228c1e6555cd389c15474ef2b6?s=96&d=mm&r=g\",\"caption\":\"munkedal\"},\"url\":\"https:\\\/\\\/wp.kristdemokraterna.se\\\/munkedal\\\/author\\\/munkedal\\\/\"}]}<\/script>\n<!-- \/ Yoast SEO plugin. -->","yoast_head_json":{"title":"T\u00e5gf\u00f6rbindelser viktiga f\u00f6r v\u00e4stkusten. Om de heter \"Bohusbanan\" eller \"Skagerrakbanan\" \u00e4r mindre viktigt. - Kristdemokraterna i Munkedal","robots":{"index":"index","follow":"follow","max-snippet":"max-snippet:-1","max-image-preview":"max-image-preview:large","max-video-preview":"max-video-preview:-1"},"canonical":"https:\/\/wp.kristdemokraterna.se\/munkedal\/tagforbindelser-viktiga-for-vastkusten-om-de-heter-bohusbanan-eller-skagerrakbanan-ar-mindre-viktigt\/","og_locale":"sv_SE","og_type":"article","og_title":"T\u00e5gf\u00f6rbindelser viktiga f\u00f6r v\u00e4stkusten. Om de heter \"Bohusbanan\" eller \"Skagerrakbanan\" \u00e4r mindre viktigt. - Kristdemokraterna i Munkedal","og_description":"Trafikverkets senaste investeringsplan \u00e4r &#8221;en katastrof f\u00f6r v\u00e5r region&#8221; s\u00e4ger regionkandidat Fredrik Olsson KD Munkedal. Det satsas inte p\u00e5 vare sig Bohusbanan eller p\u00e5 dubbelsp\u00e5r s\u00f6derifr\u00e5n till Uddevalla under de kommande tio \u00e5ren. &#8221;Munkedal \u00e4r en pendlingskommun s\u00e5 vi beh\u00f6ver goda kommunikationer f\u00f6r att kunna bo kvar&#8221;, s\u00e4ger Fredrik Olsson vidare. Trafikverket konstaterar att det Read More","og_url":"https:\/\/wp.kristdemokraterna.se\/munkedal\/tagforbindelser-viktiga-for-vastkusten-om-de-heter-bohusbanan-eller-skagerrakbanan-ar-mindre-viktigt\/","og_site_name":"Kristdemokraterna i Munkedal","article_published_time":"2021-12-18T13:41:51+00:00","article_modified_time":"2025-11-25T19:32:09+00:00","author":"munkedal","twitter_card":"summary_large_image","twitter_misc":{"Skriven av":"munkedal","Ber\u00e4knad l\u00e4stid":"2 minuter"},"schema":{"@context":"https:\/\/schema.org","@graph":[{"@type":"Article","@id":"https:\/\/wp.kristdemokraterna.se\/munkedal\/tagforbindelser-viktiga-for-vastkusten-om-de-heter-bohusbanan-eller-skagerrakbanan-ar-mindre-viktigt\/#article","isPartOf":{"@id":"https:\/\/wp.kristdemokraterna.se\/munkedal\/tagforbindelser-viktiga-for-vastkusten-om-de-heter-bohusbanan-eller-skagerrakbanan-ar-mindre-viktigt\/"},"author":{"name":"munkedal","@id":"https:\/\/wp.kristdemokraterna.se\/munkedal\/#\/schema\/person\/f6bbbc8d890e321734cca0981e0479d8"},"headline":"T\u00e5gf\u00f6rbindelser viktiga f\u00f6r v\u00e4stkusten. Om de heter &#8221;Bohusbanan&#8221; eller &#8221;Skagerrakbanan&#8221; \u00e4r mindre viktigt.","datePublished":"2021-12-18T13:41:51+00:00","dateModified":"2025-11-25T19:32:09+00:00","mainEntityOfPage":{"@id":"https:\/\/wp.kristdemokraterna.se\/munkedal\/tagforbindelser-viktiga-for-vastkusten-om-de-heter-bohusbanan-eller-skagerrakbanan-ar-mindre-viktigt\/"},"wordCount":294,"articleSection":["Nyheter"],"inLanguage":"sv-SE"},{"@type":"WebPage","@id":"https:\/\/wp.kristdemokraterna.se\/munkedal\/tagforbindelser-viktiga-for-vastkusten-om-de-heter-bohusbanan-eller-skagerrakbanan-ar-mindre-viktigt\/","url":"https:\/\/wp.kristdemokraterna.se\/munkedal\/tagforbindelser-viktiga-for-vastkusten-om-de-heter-bohusbanan-eller-skagerrakbanan-ar-mindre-viktigt\/","name":"T\u00e5gf\u00f6rbindelser viktiga f\u00f6r v\u00e4stkusten. Om de heter \"Bohusbanan\" eller \"Skagerrakbanan\" \u00e4r mindre viktigt. - Kristdemokraterna i Munkedal","isPartOf":{"@id":"https:\/\/wp.kristdemokraterna.se\/munkedal\/#website"},"datePublished":"2021-12-18T13:41:51+00:00","dateModified":"2025-11-25T19:32:09+00:00","author":{"@id":"https:\/\/wp.kristdemokraterna.se\/munkedal\/#\/schema\/person\/f6bbbc8d890e321734cca0981e0479d8"},"breadcrumb":{"@id":"https:\/\/wp.kristdemokraterna.se\/munkedal\/tagforbindelser-viktiga-for-vastkusten-om-de-heter-bohusbanan-eller-skagerrakbanan-ar-mindre-viktigt\/#breadcrumb"},"inLanguage":"sv-SE","potentialAction":[{"@type":"ReadAction","target":["https:\/\/wp.kristdemokraterna.se\/munkedal\/tagforbindelser-viktiga-for-vastkusten-om-de-heter-bohusbanan-eller-skagerrakbanan-ar-mindre-viktigt\/"]}]},{"@type":"BreadcrumbList","@id":"https:\/\/wp.kristdemokraterna.se\/munkedal\/tagforbindelser-viktiga-for-vastkusten-om-de-heter-bohusbanan-eller-skagerrakbanan-ar-mindre-viktigt\/#breadcrumb","itemListElement":[{"@type":"ListItem","position":1,"name":"Hem","item":"https:\/\/wp.kristdemokraterna.se\/munkedal\/"},{"@type":"ListItem","position":2,"name":"T\u00e5gf\u00f6rbindelser viktiga f\u00f6r v\u00e4stkusten. Om de heter &#8221;Bohusbanan&#8221; eller &#8221;Skagerrakbanan&#8221; \u00e4r mindre viktigt."}]},{"@type":"WebSite","@id":"https:\/\/wp.kristdemokraterna.se\/munkedal\/#website","url":"https:\/\/wp.kristdemokraterna.se\/munkedal\/","name":"Kristdemokraterna i Munkedal","description":"Hand i hand f\u00f6r framtiden","inLanguage":"sv-SE"},{"@type":"Person","@id":"https:\/\/wp.kristdemokraterna.se\/munkedal\/#\/schema\/person\/f6bbbc8d890e321734cca0981e0479d8","name":"munkedal","image":{"@type":"ImageObject","inLanguage":"sv-SE","@id":"https:\/\/secure.gravatar.com\/avatar\/27942781c112b54cf36e47a16946ce410c262b228c1e6555cd389c15474ef2b6?s=96&d=mm&r=g","url":"https:\/\/secure.gravatar.com\/avatar\/27942781c112b54cf36e47a16946ce410c262b228c1e6555cd389c15474ef2b6?s=96&d=mm&r=g","contentUrl":"https:\/\/secure.gravatar.com\/avatar\/27942781c112b54cf36e47a16946ce410c262b228c1e6555cd389c15474ef2b6?s=96&d=mm&r=g","caption":"munkedal"},"url":"https:\/\/wp.kristdemokraterna.se\/munkedal\/author\/munkedal\/"}]}},"_links":{"self":[{"href":"https:\/\/wp.kristdemokraterna.se\/munkedal\/wp-json\/wp\/v2\/posts\/486","targetHints":{"allow":["GET"]}}],"collection":[{"href":"https:\/\/wp.kristdemokraterna.se\/munkedal\/wp-json\/wp\/v2\/posts"}],"about":[{"href":"https:\/\/wp.kristdemokraterna.se\/munkedal\/wp-json\/wp\/v2\/types\/post"}],"author":[{"embeddable":true,"href":"https:\/\/wp.kristdemokraterna.se\/munkedal\/wp-json\/wp\/v2\/users\/801"}],"replies":[{"embeddable":true,"href":"https:\/\/wp.kristdemokraterna.se\/munkedal\/wp-json\/wp\/v2\/comments?post=486"}],"version-history":[{"count":1,"href":"https:\/\/wp.kristdemokraterna.se\/munkedal\/wp-json\/wp\/v2\/posts\/486\/revisions"}],"predecessor-version":[{"id":487,"href":"https:\/\/wp.kristdemokraterna.se\/munkedal\/wp-json\/wp\/v2\/posts\/486\/revisions\/487"}],"wp:attachment":[{"href":"https:\/\/wp.kristdemokraterna.se\/munkedal\/wp-json\/wp\/v2\/media?parent=486"}],"wp:term":[{"taxonomy":"category","embeddable":true,"href":"https:\/\/wp.kristdemokraterna.se\/munkedal\/wp-json\/wp\/v2\/categories?post=486"},{"taxonomy":"post_tag","embeddable":true,"href":"https:\/\/wp.kristdemokraterna.se\/munkedal\/wp-json\/wp\/v2\/tags?post=486"}],"curies":[{"name":"wp","href":"https:\/\/api.w.org\/{rel}","templated":true}]}}