{"id":546,"date":"2022-07-01T05:00:48","date_gmt":"2022-07-01T03:00:48","guid":{"rendered":"https:\/\/wp.kristdemokraterna.se\/munkedal\/?p=546"},"modified":"2022-07-01T08:19:38","modified_gmt":"2022-07-01T06:19:38","slug":"personer-ar-viktigare-an-partier-i-kommunvalet","status":"publish","type":"post","link":"https:\/\/wp.kristdemokraterna.se\/munkedal\/personer-ar-viktigare-an-partier-i-kommunvalet\/","title":{"rendered":"&#8221;Personer \u00e4r viktigare \u00e4n partier i kommunvalet&#8221;"},"content":{"rendered":"<h1 class=\"text-fragment\">\u201dPersoner \u00e4r viktigare \u00e4n partier i kommunvalet\u201d<\/h1>\n<h2 class=\"text-fragment\">Kristdemokraten Rolf Jacobsson reflekterar inf\u00f6r valr\u00f6relsen<\/h2>\n<div class=\"fragment-lead text-fragment\"><strong>\u00c4r det personerna eller partiet som \u00e4r viktigast n\u00e4r folk ska r\u00f6sta i kommunvalet?<\/strong><\/div>\n<div class=\"fragment-lead text-fragment\"><strong>Fr\u00e5gar man kristdemokraten Rolf Jacobsson, som har n\u00e5gra mandatperioder i Munkedalspolitiken bakom sig, \u00e4r svaret givet.<\/strong><\/div>\n<div class=\"fragment-body text-fragment\">\u2013 Jag f\u00f6rv\u00e5nas \u00f6ver att m\u00e5nga i kommunvalet r\u00f6star p\u00e5 ett parti f\u00f6r att de tycker om partiledaren p\u00e5 riks. Visst finns det partiledare som verkar b\u00e5de trevliga och kompetenta, men de kommer ju inte att verka i Munkedal.<\/div>\n<div class=\"fragment-body text-fragment\">Rolf Jacobsson, som f\u00f6rmodligen sj\u00e4lv g\u00e5r in i sin sista valr\u00f6relsse, reflekterar \u00f6ver sin tid inom politiken nu n\u00e4r valr\u00f6relsen sakta men s\u00e4kert har tagit sin b\u00f6rjan.<\/div>\n<div class=\"fragment-body text-fragment\"><strong>\u201dF\u00f6rst\u00e5r inte hur vissa resonerar\u201d<\/strong><\/div>\n<div class=\"fragment-body text-fragment\">\u2013 En \u00f6verv\u00e4ldigande stor majoritet av Munkedals inv\u00e5nare anser att v\u00e5rdpersonalen inom hemtj\u00e4nst och \u00e4ldreomsorg g\u00f6r ett fantastiskt jobb. Och de ger alltid mycket ber\u00f6m till v\u00e5rdpersonalen. \u00c4nd\u00e5 r\u00f6star omkring 80\u201390 procent av v\u00e4ljarna p\u00e5 partier som inte st\u00e4ller sig bakom f\u00f6rslag om h\u00f6jda l\u00f6ner och kortare arbetstid f\u00f6r v\u00e5rdpersonalen. Jag f\u00f6rst\u00e5r inte hur de resonerar, s\u00e4ger Rolf Jacobsson.<\/div>\n<div class=\"fragment-body text-fragment\">Det \u00e4r mycket som han f\u00f6rv\u00e5nas \u00f6ver inom politiken, inte minst hur folk r\u00f6stade i f\u00f6rra valet.<\/div>\n<div class=\"fragment-body text-fragment\"><strong>Vilket parti kommer du sj\u00e4lv att r\u00f6sta p\u00e5 d\u00e5, n\u00e4r du avslutat ditt politiska engagemang?<\/strong><\/div>\n<div class=\"fragment-body text-fragment\">\u2013 Jag r\u00f6star inte p\u00e5 partier i kommunvalet. Jag r\u00f6star p\u00e5 personer. Och s\u00e4tter ett kryss f\u00f6r den politiker jag anser g\u00f6r b\u00e4sta jobbet. De kommunala politikerna p\u00e5verkar, genom sina beslut, mina livsvillkor som inv\u00e5nare p\u00e5 m\u00e5nga olika s\u00e4tt och d\u00e5 vill ju jag att det skall vara bra politiker som fattar besluten. D\u00e4rf\u00f6r tar jag mig tid att kolla upp vem, eller vilka, som f\u00f6rtj\u00e4nar min r\u00f6st.<\/div>\n<div class=\"fragment-body text-fragment\">\u2013 Och den tid jag l\u00e4gger ned p\u00e5 att, t.ex. via kommunens hemsida, kolla upp hur olika politiker har agerat och r\u00f6stat i olika fr\u00e5gor, \u00e4r v\u00e4l anv\u00e4nd tid. Det g\u00e5r ju inte \u00e5t s\u00e5 mycket tid men \u00e4r, f\u00f6r mig, viktigt d\u00e5 det har stor inverkan p\u00e5 min ekonomi och mina levnadsvillkor.<\/div>\n<div class=\"fragment-body text-fragment\">\u2013 V\u00e4lja parti kan ge vem som helst p\u00e5 listan st\u00f6rst inflytande, v\u00e4lja person d\u00e5 har jag gjort vad jag kan f\u00f6r att det ska bli ett bra resultat. S\u00e5 f\u00f6r mig g\u00e4ller det att v\u00e4lja, kryssa f\u00f6r, personen i kommunvalet inte partiet.<\/div>\n<div class=\"fragment-body text-fragment\"><strong>Vad hoppas du p\u00e5 inf\u00f6r kommande mandatperiod?<\/strong><\/div>\n<div class=\"fragment-body text-fragment\">\u2013 Det som p\u00e5 alla s\u00e4tt och vis skulle g\u00f6ra mig gladast, vore om vi kunde f\u00e5 s\u00e5 m\u00e5nga r\u00f6ster att vi kunde f\u00e5 en majoritet f\u00f6r att h\u00f6ja l\u00f6nerna och minska arbetstiden f\u00f6r v\u00e5rdpersonalen inom \u00e4ldreomsorg och hemtj\u00e4nst.<\/div>\n<div class=\"fragment-body text-fragment\">\u2013 Arbetsmilj\u00f6n m\u00e5ste omg\u00e5ende f\u00f6rb\u00e4ttras f\u00f6r de kommunanst\u00e4llda. H\u00f6ga sjuktal, utbr\u00e4ndhet, en k\u00e4nsla av uppgivenhet m\u00e5ste f\u00e5 ett slut. Vi m\u00e5ste arbeta med utg\u00e5ngspunkten \u201dr\u00e4tt person p\u00e5 r\u00e4tt plats\u201d. Till exempel beh\u00f6vs det inte v\u00e5rdutbildad personal f\u00f6r att fylla i statistiska uppgifter, det kan administrativ personal utf\u00f6ra. Likas\u00e5 m\u00e5ste personalen f\u00e5 f\u00f6rtroendet att p\u00e5 b\u00e4sta s\u00e4tt utf\u00f6ra sitt arbete.<\/div>\n<div class=\"fragment-body text-fragment\">\u2013 \u201dFrihet under ansvar\u201d ska inte bara vara ord, det skall vara ett arbetss\u00e4tt. Som arbetsgivare \u00e4r det kommunens ansvar att tillhandah\u00e5lla en arbetsmilj\u00f6 som tillvaratar den anst\u00e4lldes intresse, ansvarsk\u00e4nsla och kompetens \u2013 med h\u00e4nsyn tagen till den enskilde medarbetarens situation. Med ett s\u00e5dant arbetss\u00e4tt kommer vi inte att ha sv\u00e5righeter att nyanst\u00e4lla och beh\u00e5lla v\u00e5r personal.<\/div>\n<div class=\"fragment-body text-fragment\"><strong>\u201dM\u00e5ste \u00f6ka inflyttningen\u201d<\/strong><\/div>\n<div class=\"fragment-body text-fragment\">Rolf Jacobsson vill se en \u00f6kad inflyttning.<\/div>\n<div class=\"fragment-body text-fragment\">\u2013 Munkedals kommun har s\u00e5 mycket att erbjuda och fler inv\u00e5nare ger \u00f6kade inkomster f\u00f6r kommunen vilket ger \u00f6kade m\u00f6jligheter att f\u00f6rb\u00e4ttra f\u00f6r inv\u00e5narna. Ett m\u00e5l m\u00e5ste vara att det kommunala bostadsbolaget Munkbo f\u00e5r en stark ekonomi f\u00f6r att kunna f\u00f6rb\u00e4ttra boendesituationen i hela kommunen. T.ex. genom att bebygga tomterna p\u00e5 Vadholmen, s\u00e4lja ol\u00f6nsamma fastigheter \u2013 naturligtvis utan att nuvarande hyresg\u00e4ster tvingas att flytta \u2013 samt bygga nya bostadshus i t\u00e4torterna Dingle, Hedekas och H\u00e4llevadsholm. I denna nyproduktion av fastigheter m\u00e5ste man givetvis ocks\u00e5 planera in seniorboende och trygghetsboende.<\/div>\n<div class=\"fragment-byline text-fragment\"><strong>Ahlbin Gustafsson<\/strong><\/div>\n<div class=\"fragment-byline text-fragment\">0523-667081 ahlbin@lysekilsposten.se<\/div>\n<div><\/div>\n<div>http:\/\/etidning.lysekilsposten.se\/shared\/article\/personer-ar-viktigare-an-partier-i-kommunvalet\/r7L4l_zY<\/div>\n","protected":false},"excerpt":{"rendered":"<p>\u201dPersoner \u00e4r viktigare \u00e4n partier i kommunvalet\u201d Kristdemokraten Rolf Jacobsson reflekterar inf\u00f6r valr\u00f6relsen \u00c4r det personerna eller partiet som \u00e4r viktigast n\u00e4r folk ska r\u00f6sta i kommunvalet? Fr\u00e5gar man kristdemokraten Rolf Jacobsson, som har n\u00e5gra mandatperioder i Munkedalspolitiken bakom sig, \u00e4r svaret givet. \u2013 Jag f\u00f6rv\u00e5nas \u00f6ver att m\u00e5nga i kommunvalet r\u00f6star p\u00e5 ett parti <a class=\"read-more-link\" href=\"https:\/\/wp.kristdemokraterna.se\/munkedal\/personer-ar-viktigare-an-partier-i-kommunvalet\/\">Read More<\/a><\/p>\n","protected":false},"author":801,"featured_media":0,"comment_status":"closed","ping_status":"closed","sticky":false,"template":"","format":"standard","meta":{"_acf_changed":false,"footnotes":""},"categories":[4],"tags":[],"class_list":["post-546","post","type-post","status-publish","format-standard","hentry","category-debatt"],"acf":[],"yoast_head":"<!-- This site is optimized with the Yoast SEO plugin v27.5 - https:\/\/yoast.com\/product\/yoast-seo-wordpress\/ -->\n<title>&quot;Personer \u00e4r viktigare \u00e4n partier i kommunvalet&quot; - Kristdemokraterna i Munkedal<\/title>\n<meta name=\"robots\" content=\"index, follow, max-snippet:-1, max-image-preview:large, max-video-preview:-1\" \/>\n<link rel=\"canonical\" href=\"https:\/\/wp.kristdemokraterna.se\/munkedal\/personer-ar-viktigare-an-partier-i-kommunvalet\/\" \/>\n<meta property=\"og:locale\" content=\"sv_SE\" \/>\n<meta property=\"og:type\" content=\"article\" \/>\n<meta property=\"og:title\" content=\"&quot;Personer \u00e4r viktigare \u00e4n partier i kommunvalet&quot; - Kristdemokraterna i Munkedal\" \/>\n<meta property=\"og:description\" content=\"\u201dPersoner \u00e4r viktigare \u00e4n partier i kommunvalet\u201d Kristdemokraten Rolf Jacobsson reflekterar inf\u00f6r valr\u00f6relsen \u00c4r det personerna eller partiet som \u00e4r viktigast n\u00e4r folk ska r\u00f6sta i kommunvalet? Fr\u00e5gar man kristdemokraten Rolf Jacobsson, som har n\u00e5gra mandatperioder i Munkedalspolitiken bakom sig, \u00e4r svaret givet. \u2013 Jag f\u00f6rv\u00e5nas \u00f6ver att m\u00e5nga i kommunvalet r\u00f6star p\u00e5 ett parti Read More\" \/>\n<meta property=\"og:url\" content=\"https:\/\/wp.kristdemokraterna.se\/munkedal\/personer-ar-viktigare-an-partier-i-kommunvalet\/\" \/>\n<meta property=\"og:site_name\" content=\"Kristdemokraterna i Munkedal\" \/>\n<meta property=\"article:published_time\" content=\"2022-07-01T03:00:48+00:00\" \/>\n<meta property=\"article:modified_time\" content=\"2022-07-01T06:19:38+00:00\" \/>\n<meta name=\"author\" content=\"munkedal\" \/>\n<meta name=\"twitter:card\" content=\"summary_large_image\" \/>\n<meta name=\"twitter:label1\" content=\"Skriven av\" \/>\n\t<meta name=\"twitter:data1\" content=\"munkedal\" \/>\n\t<meta name=\"twitter:label2\" content=\"Ber\u00e4knad l\u00e4stid\" \/>\n\t<meta name=\"twitter:data2\" content=\"4 minuter\" \/>\n<script type=\"application\/ld+json\" class=\"yoast-schema-graph\">{\"@context\":\"https:\\\/\\\/schema.org\",\"@graph\":[{\"@type\":\"Article\",\"@id\":\"https:\\\/\\\/wp.kristdemokraterna.se\\\/munkedal\\\/personer-ar-viktigare-an-partier-i-kommunvalet\\\/#article\",\"isPartOf\":{\"@id\":\"https:\\\/\\\/wp.kristdemokraterna.se\\\/munkedal\\\/personer-ar-viktigare-an-partier-i-kommunvalet\\\/\"},\"author\":{\"name\":\"munkedal\",\"@id\":\"https:\\\/\\\/wp.kristdemokraterna.se\\\/munkedal\\\/#\\\/schema\\\/person\\\/f6bbbc8d890e321734cca0981e0479d8\"},\"headline\":\"&#8221;Personer \u00e4r viktigare \u00e4n partier i kommunvalet&#8221;\",\"datePublished\":\"2022-07-01T03:00:48+00:00\",\"dateModified\":\"2022-07-01T06:19:38+00:00\",\"mainEntityOfPage\":{\"@id\":\"https:\\\/\\\/wp.kristdemokraterna.se\\\/munkedal\\\/personer-ar-viktigare-an-partier-i-kommunvalet\\\/\"},\"wordCount\":786,\"articleSection\":[\"Debatt\"],\"inLanguage\":\"sv-SE\"},{\"@type\":\"WebPage\",\"@id\":\"https:\\\/\\\/wp.kristdemokraterna.se\\\/munkedal\\\/personer-ar-viktigare-an-partier-i-kommunvalet\\\/\",\"url\":\"https:\\\/\\\/wp.kristdemokraterna.se\\\/munkedal\\\/personer-ar-viktigare-an-partier-i-kommunvalet\\\/\",\"name\":\"\\\"Personer \u00e4r viktigare \u00e4n partier i kommunvalet\\\" - Kristdemokraterna i Munkedal\",\"isPartOf\":{\"@id\":\"https:\\\/\\\/wp.kristdemokraterna.se\\\/munkedal\\\/#website\"},\"datePublished\":\"2022-07-01T03:00:48+00:00\",\"dateModified\":\"2022-07-01T06:19:38+00:00\",\"author\":{\"@id\":\"https:\\\/\\\/wp.kristdemokraterna.se\\\/munkedal\\\/#\\\/schema\\\/person\\\/f6bbbc8d890e321734cca0981e0479d8\"},\"breadcrumb\":{\"@id\":\"https:\\\/\\\/wp.kristdemokraterna.se\\\/munkedal\\\/personer-ar-viktigare-an-partier-i-kommunvalet\\\/#breadcrumb\"},\"inLanguage\":\"sv-SE\",\"potentialAction\":[{\"@type\":\"ReadAction\",\"target\":[\"https:\\\/\\\/wp.kristdemokraterna.se\\\/munkedal\\\/personer-ar-viktigare-an-partier-i-kommunvalet\\\/\"]}]},{\"@type\":\"BreadcrumbList\",\"@id\":\"https:\\\/\\\/wp.kristdemokraterna.se\\\/munkedal\\\/personer-ar-viktigare-an-partier-i-kommunvalet\\\/#breadcrumb\",\"itemListElement\":[{\"@type\":\"ListItem\",\"position\":1,\"name\":\"Hem\",\"item\":\"https:\\\/\\\/wp.kristdemokraterna.se\\\/munkedal\\\/\"},{\"@type\":\"ListItem\",\"position\":2,\"name\":\"&#8221;Personer \u00e4r viktigare \u00e4n partier i kommunvalet&#8221;\"}]},{\"@type\":\"WebSite\",\"@id\":\"https:\\\/\\\/wp.kristdemokraterna.se\\\/munkedal\\\/#website\",\"url\":\"https:\\\/\\\/wp.kristdemokraterna.se\\\/munkedal\\\/\",\"name\":\"Kristdemokraterna i Munkedal\",\"description\":\"Hand i hand f\u00f6r framtiden\",\"inLanguage\":\"sv-SE\"},{\"@type\":\"Person\",\"@id\":\"https:\\\/\\\/wp.kristdemokraterna.se\\\/munkedal\\\/#\\\/schema\\\/person\\\/f6bbbc8d890e321734cca0981e0479d8\",\"name\":\"munkedal\",\"image\":{\"@type\":\"ImageObject\",\"inLanguage\":\"sv-SE\",\"@id\":\"https:\\\/\\\/secure.gravatar.com\\\/avatar\\\/27942781c112b54cf36e47a16946ce410c262b228c1e6555cd389c15474ef2b6?s=96&d=mm&r=g\",\"url\":\"https:\\\/\\\/secure.gravatar.com\\\/avatar\\\/27942781c112b54cf36e47a16946ce410c262b228c1e6555cd389c15474ef2b6?s=96&d=mm&r=g\",\"contentUrl\":\"https:\\\/\\\/secure.gravatar.com\\\/avatar\\\/27942781c112b54cf36e47a16946ce410c262b228c1e6555cd389c15474ef2b6?s=96&d=mm&r=g\",\"caption\":\"munkedal\"},\"url\":\"https:\\\/\\\/wp.kristdemokraterna.se\\\/munkedal\\\/author\\\/munkedal\\\/\"}]}<\/script>\n<!-- \/ Yoast SEO plugin. -->","yoast_head_json":{"title":"\"Personer \u00e4r viktigare \u00e4n partier i kommunvalet\" - Kristdemokraterna i Munkedal","robots":{"index":"index","follow":"follow","max-snippet":"max-snippet:-1","max-image-preview":"max-image-preview:large","max-video-preview":"max-video-preview:-1"},"canonical":"https:\/\/wp.kristdemokraterna.se\/munkedal\/personer-ar-viktigare-an-partier-i-kommunvalet\/","og_locale":"sv_SE","og_type":"article","og_title":"\"Personer \u00e4r viktigare \u00e4n partier i kommunvalet\" - Kristdemokraterna i Munkedal","og_description":"\u201dPersoner \u00e4r viktigare \u00e4n partier i kommunvalet\u201d Kristdemokraten Rolf Jacobsson reflekterar inf\u00f6r valr\u00f6relsen \u00c4r det personerna eller partiet som \u00e4r viktigast n\u00e4r folk ska r\u00f6sta i kommunvalet? Fr\u00e5gar man kristdemokraten Rolf Jacobsson, som har n\u00e5gra mandatperioder i Munkedalspolitiken bakom sig, \u00e4r svaret givet. \u2013 Jag f\u00f6rv\u00e5nas \u00f6ver att m\u00e5nga i kommunvalet r\u00f6star p\u00e5 ett parti Read More","og_url":"https:\/\/wp.kristdemokraterna.se\/munkedal\/personer-ar-viktigare-an-partier-i-kommunvalet\/","og_site_name":"Kristdemokraterna i Munkedal","article_published_time":"2022-07-01T03:00:48+00:00","article_modified_time":"2022-07-01T06:19:38+00:00","author":"munkedal","twitter_card":"summary_large_image","twitter_misc":{"Skriven av":"munkedal","Ber\u00e4knad l\u00e4stid":"4 minuter"},"schema":{"@context":"https:\/\/schema.org","@graph":[{"@type":"Article","@id":"https:\/\/wp.kristdemokraterna.se\/munkedal\/personer-ar-viktigare-an-partier-i-kommunvalet\/#article","isPartOf":{"@id":"https:\/\/wp.kristdemokraterna.se\/munkedal\/personer-ar-viktigare-an-partier-i-kommunvalet\/"},"author":{"name":"munkedal","@id":"https:\/\/wp.kristdemokraterna.se\/munkedal\/#\/schema\/person\/f6bbbc8d890e321734cca0981e0479d8"},"headline":"&#8221;Personer \u00e4r viktigare \u00e4n partier i kommunvalet&#8221;","datePublished":"2022-07-01T03:00:48+00:00","dateModified":"2022-07-01T06:19:38+00:00","mainEntityOfPage":{"@id":"https:\/\/wp.kristdemokraterna.se\/munkedal\/personer-ar-viktigare-an-partier-i-kommunvalet\/"},"wordCount":786,"articleSection":["Debatt"],"inLanguage":"sv-SE"},{"@type":"WebPage","@id":"https:\/\/wp.kristdemokraterna.se\/munkedal\/personer-ar-viktigare-an-partier-i-kommunvalet\/","url":"https:\/\/wp.kristdemokraterna.se\/munkedal\/personer-ar-viktigare-an-partier-i-kommunvalet\/","name":"\"Personer \u00e4r viktigare \u00e4n partier i kommunvalet\" - Kristdemokraterna i Munkedal","isPartOf":{"@id":"https:\/\/wp.kristdemokraterna.se\/munkedal\/#website"},"datePublished":"2022-07-01T03:00:48+00:00","dateModified":"2022-07-01T06:19:38+00:00","author":{"@id":"https:\/\/wp.kristdemokraterna.se\/munkedal\/#\/schema\/person\/f6bbbc8d890e321734cca0981e0479d8"},"breadcrumb":{"@id":"https:\/\/wp.kristdemokraterna.se\/munkedal\/personer-ar-viktigare-an-partier-i-kommunvalet\/#breadcrumb"},"inLanguage":"sv-SE","potentialAction":[{"@type":"ReadAction","target":["https:\/\/wp.kristdemokraterna.se\/munkedal\/personer-ar-viktigare-an-partier-i-kommunvalet\/"]}]},{"@type":"BreadcrumbList","@id":"https:\/\/wp.kristdemokraterna.se\/munkedal\/personer-ar-viktigare-an-partier-i-kommunvalet\/#breadcrumb","itemListElement":[{"@type":"ListItem","position":1,"name":"Hem","item":"https:\/\/wp.kristdemokraterna.se\/munkedal\/"},{"@type":"ListItem","position":2,"name":"&#8221;Personer \u00e4r viktigare \u00e4n partier i kommunvalet&#8221;"}]},{"@type":"WebSite","@id":"https:\/\/wp.kristdemokraterna.se\/munkedal\/#website","url":"https:\/\/wp.kristdemokraterna.se\/munkedal\/","name":"Kristdemokraterna i Munkedal","description":"Hand i hand f\u00f6r framtiden","inLanguage":"sv-SE"},{"@type":"Person","@id":"https:\/\/wp.kristdemokraterna.se\/munkedal\/#\/schema\/person\/f6bbbc8d890e321734cca0981e0479d8","name":"munkedal","image":{"@type":"ImageObject","inLanguage":"sv-SE","@id":"https:\/\/secure.gravatar.com\/avatar\/27942781c112b54cf36e47a16946ce410c262b228c1e6555cd389c15474ef2b6?s=96&d=mm&r=g","url":"https:\/\/secure.gravatar.com\/avatar\/27942781c112b54cf36e47a16946ce410c262b228c1e6555cd389c15474ef2b6?s=96&d=mm&r=g","contentUrl":"https:\/\/secure.gravatar.com\/avatar\/27942781c112b54cf36e47a16946ce410c262b228c1e6555cd389c15474ef2b6?s=96&d=mm&r=g","caption":"munkedal"},"url":"https:\/\/wp.kristdemokraterna.se\/munkedal\/author\/munkedal\/"}]}},"_links":{"self":[{"href":"https:\/\/wp.kristdemokraterna.se\/munkedal\/wp-json\/wp\/v2\/posts\/546","targetHints":{"allow":["GET"]}}],"collection":[{"href":"https:\/\/wp.kristdemokraterna.se\/munkedal\/wp-json\/wp\/v2\/posts"}],"about":[{"href":"https:\/\/wp.kristdemokraterna.se\/munkedal\/wp-json\/wp\/v2\/types\/post"}],"author":[{"embeddable":true,"href":"https:\/\/wp.kristdemokraterna.se\/munkedal\/wp-json\/wp\/v2\/users\/801"}],"replies":[{"embeddable":true,"href":"https:\/\/wp.kristdemokraterna.se\/munkedal\/wp-json\/wp\/v2\/comments?post=546"}],"version-history":[{"count":2,"href":"https:\/\/wp.kristdemokraterna.se\/munkedal\/wp-json\/wp\/v2\/posts\/546\/revisions"}],"predecessor-version":[{"id":550,"href":"https:\/\/wp.kristdemokraterna.se\/munkedal\/wp-json\/wp\/v2\/posts\/546\/revisions\/550"}],"wp:attachment":[{"href":"https:\/\/wp.kristdemokraterna.se\/munkedal\/wp-json\/wp\/v2\/media?parent=546"}],"wp:term":[{"taxonomy":"category","embeddable":true,"href":"https:\/\/wp.kristdemokraterna.se\/munkedal\/wp-json\/wp\/v2\/categories?post=546"},{"taxonomy":"post_tag","embeddable":true,"href":"https:\/\/wp.kristdemokraterna.se\/munkedal\/wp-json\/wp\/v2\/tags?post=546"}],"curies":[{"name":"wp","href":"https:\/\/api.w.org\/{rel}","templated":true}]}}