{"id":551,"date":"2022-07-01T08:25:44","date_gmt":"2022-07-01T06:25:44","guid":{"rendered":"https:\/\/wp.kristdemokraterna.se\/munkedal\/?p=551"},"modified":"2022-07-01T08:25:44","modified_gmt":"2022-07-01T06:25:44","slug":"det-ar-viktigt-att-vi-har-en-trygg-skola-for-alla","status":"publish","type":"post","link":"https:\/\/wp.kristdemokraterna.se\/munkedal\/det-ar-viktigt-att-vi-har-en-trygg-skola-for-alla\/","title":{"rendered":"Det \u00e4r viktigt att vi har en trygg skola f\u00f6r alla"},"content":{"rendered":"<div class=\"fragment-body text-fragment\">Skapande av \u00f6vergripande kris- och beredskapsplaner mot p\u00e5g\u00e5ende d\u00f6dligt v\u00e5ld och planer f\u00f6r hur att bedriva f\u00f6rebyggande arbete kring detta.<\/div>\n<div class=\"fragment-body text-fragment\">Detta \u00e4r rubriken p\u00e5 min senaste motion till kommunfullm\u00e4ktige i Munkedals kommun.<\/div>\n<div class=\"fragment-body text-fragment\">P\u00e5g\u00e5ende d\u00f6dligt v\u00e5ld (PDV) \u00e4r en h\u00e4ndelse d\u00e4r en eller flera g\u00e4rningsm\u00e4n attackerar s\u00e5 m\u00e5nga som m\u00f6jligt p\u00e5 en plats eller i en byggnad i syfte att skada och\/eller d\u00f6da dem. Ofta anv\u00e4nds ett eller flera olika typer av vapen vid en s\u00e5dan h\u00e4ndelse.<\/div>\n<div class=\"fragment-body text-fragment\">Endast cirka h\u00e4lften av landets kommuner har en s\u00e5dan plan idag.<\/div>\n<div class=\"fragment-body text-fragment\">Skolverket har ett st\u00f6dmaterial som kan anv\u00e4ndas: \u201dV\u00e4pnat v\u00e5ld i skolan \u2013 hur skolor kan agera om det h\u00e4nder\u201d.<\/div>\n<div class=\"fragment-body text-fragment\">Attacker av det h\u00e4r slaget \u00e4r ofta \u00f6ver inom 10 \u2013 15 minuter och beh\u00f6ver d\u00e4rf\u00f6r f\u00f6rebyggas och \u00f6vas innan de sker.<\/div>\n<div class=\"fragment-body text-fragment\">F\u00f6rebyggande arbete kan exempelvis vara:<\/div>\n<div class=\"fragment-body text-fragment\">1) Se \u00f6ver skolornas larmsystem och skaffa trygghetslarm.<\/div>\n<div class=\"fragment-body text-fragment\">2) M\u00e4rka upp skolbyggnader, se \u00f6ver utrymningsv\u00e4gar och l\u00e5sa d\u00f6rrar.<\/div>\n<div class=\"fragment-body text-fragment\">3) Utbildning av personal genom f\u00f6rel\u00e4sningar, praktiska \u00f6vningar och rollspel.<\/div>\n<div class=\"fragment-body text-fragment\">4) Skaffa rutiner f\u00f6r inrymning vid hot p\u00e5 skolg\u00e5rden eller skolans absoluta n\u00e4rhet.<\/div>\n<div class=\"fragment-body text-fragment\">5) L\u00e4ra mer om extremistiska uttryck och hur man bem\u00f6ter psykisk oh\u00e4lsa.<\/div>\n<div class=\"fragment-body text-fragment\">6) Att arbeta med trygghet och elevv\u00e5rd f\u00f6r att motverka v\u00e5ld och kr\u00e4nkningar i skolan.<\/div>\n<div class=\"fragment-body text-fragment\">Vi har inte r\u00e5d att tveka i ett akut l\u00e4ge! Ale kommun \u00e4r ett gott exempel att ta inspiration av. V\u00e5rt l\u00e4n och v\u00e5ra 49 kommuner tillh\u00f6r de s\u00e4msta i landet p\u00e5 detta. I L\u00e4rarf\u00f6rbundets unders\u00f6kning hade bara 20 kommuner av 49 planer f\u00f6r detta.<\/div>\n<div class=\"fragment-body text-fragment\">Barnperspektiv: V\u00e5ra barn \u00e4r alldeles f\u00f6r v\u00e4rdefulla f\u00f6r att inte omfattas av planer mot p\u00e5g\u00e5ende d\u00f6dligt v\u00e5ld. Vi beh\u00f6ver skapa trygghet f\u00f6r alla i skolan.<\/div>\n<div class=\"fragment-body text-fragment\">F\u00f6rslag fr\u00e5n motion\u00e4ren:<\/div>\n<div class=\"fragment-body text-fragment\">Att Barn- och utbildningsn\u00e4mnden skyndsamt utreder och inf\u00f6r l\u00e4mpliga planer mot p\u00e5g\u00e5ende d\u00f6dligt v\u00e5ld i skolan samt f\u00f6rebyggande arbete i enlighet med motionens inneh\u00e5ll.<\/div>\n<div class=\"fragment-body text-fragment\">Det \u00e4r s\u00e5 viktigt att vi har en trygg skola f\u00f6r alla. Ibland k\u00e4nns planerna m\u00e5nga, men om vi kan skydda v\u00e5ra barn genom dem s\u00e5 \u00e4r det ett litet pris att betala.<\/div>\n<div class=\"fragment-body text-fragment\">Kolla g\u00e4rna ni som l\u00e4ser detta att era kommuner ocks\u00e5 tar skolans skydd och elevernas trygghet p\u00e5 allvar.<\/div>\n<div class=\"fragment-byline text-fragment\"><strong>Fredrik Olsson<\/strong><\/div>\n<div class=\"fragment-byline text-fragment\">vice ordf\u00f6rande i KD Munkedal och kommunfullm\u00e4ktigeledamot. Kommun- region- och riksdagskandidat f\u00f6r KD.<\/div>\n","protected":false},"excerpt":{"rendered":"<p>Skapande av \u00f6vergripande kris- och beredskapsplaner mot p\u00e5g\u00e5ende d\u00f6dligt v\u00e5ld och planer f\u00f6r hur att bedriva f\u00f6rebyggande arbete kring detta. Detta \u00e4r rubriken p\u00e5 min senaste motion till kommunfullm\u00e4ktige i Munkedals kommun. P\u00e5g\u00e5ende d\u00f6dligt v\u00e5ld (PDV) \u00e4r en h\u00e4ndelse d\u00e4r en eller flera g\u00e4rningsm\u00e4n attackerar s\u00e5 m\u00e5nga som m\u00f6jligt p\u00e5 en plats eller i en <a class=\"read-more-link\" href=\"https:\/\/wp.kristdemokraterna.se\/munkedal\/det-ar-viktigt-att-vi-har-en-trygg-skola-for-alla\/\">Read More<\/a><\/p>\n","protected":false},"author":801,"featured_media":0,"comment_status":"closed","ping_status":"closed","sticky":false,"template":"","format":"standard","meta":{"_acf_changed":false,"footnotes":""},"categories":[4],"tags":[],"class_list":["post-551","post","type-post","status-publish","format-standard","hentry","category-debatt"],"acf":[],"yoast_head":"<!-- This site is optimized with the Yoast SEO plugin v27.5 - https:\/\/yoast.com\/product\/yoast-seo-wordpress\/ -->\n<title>Det \u00e4r viktigt att vi har en trygg skola f\u00f6r alla - Kristdemokraterna i Munkedal<\/title>\n<meta name=\"robots\" content=\"index, follow, max-snippet:-1, max-image-preview:large, max-video-preview:-1\" \/>\n<link rel=\"canonical\" href=\"https:\/\/wp.kristdemokraterna.se\/munkedal\/det-ar-viktigt-att-vi-har-en-trygg-skola-for-alla\/\" \/>\n<meta property=\"og:locale\" content=\"sv_SE\" \/>\n<meta property=\"og:type\" content=\"article\" \/>\n<meta property=\"og:title\" content=\"Det \u00e4r viktigt att vi har en trygg skola f\u00f6r alla - Kristdemokraterna i Munkedal\" \/>\n<meta property=\"og:description\" content=\"Skapande av \u00f6vergripande kris- och beredskapsplaner mot p\u00e5g\u00e5ende d\u00f6dligt v\u00e5ld och planer f\u00f6r hur att bedriva f\u00f6rebyggande arbete kring detta. Detta \u00e4r rubriken p\u00e5 min senaste motion till kommunfullm\u00e4ktige i Munkedals kommun. P\u00e5g\u00e5ende d\u00f6dligt v\u00e5ld (PDV) \u00e4r en h\u00e4ndelse d\u00e4r en eller flera g\u00e4rningsm\u00e4n attackerar s\u00e5 m\u00e5nga som m\u00f6jligt p\u00e5 en plats eller i en Read More\" \/>\n<meta property=\"og:url\" content=\"https:\/\/wp.kristdemokraterna.se\/munkedal\/det-ar-viktigt-att-vi-har-en-trygg-skola-for-alla\/\" \/>\n<meta property=\"og:site_name\" content=\"Kristdemokraterna i Munkedal\" \/>\n<meta property=\"article:published_time\" content=\"2022-07-01T06:25:44+00:00\" \/>\n<meta name=\"author\" content=\"munkedal\" \/>\n<meta name=\"twitter:card\" content=\"summary_large_image\" \/>\n<meta name=\"twitter:label1\" content=\"Skriven av\" \/>\n\t<meta name=\"twitter:data1\" content=\"munkedal\" \/>\n\t<meta name=\"twitter:label2\" content=\"Ber\u00e4knad l\u00e4stid\" \/>\n\t<meta name=\"twitter:data2\" content=\"2 minuter\" \/>\n<script type=\"application\/ld+json\" class=\"yoast-schema-graph\">{\"@context\":\"https:\\\/\\\/schema.org\",\"@graph\":[{\"@type\":\"Article\",\"@id\":\"https:\\\/\\\/wp.kristdemokraterna.se\\\/munkedal\\\/det-ar-viktigt-att-vi-har-en-trygg-skola-for-alla\\\/#article\",\"isPartOf\":{\"@id\":\"https:\\\/\\\/wp.kristdemokraterna.se\\\/munkedal\\\/det-ar-viktigt-att-vi-har-en-trygg-skola-for-alla\\\/\"},\"author\":{\"name\":\"munkedal\",\"@id\":\"https:\\\/\\\/wp.kristdemokraterna.se\\\/munkedal\\\/#\\\/schema\\\/person\\\/f6bbbc8d890e321734cca0981e0479d8\"},\"headline\":\"Det \u00e4r viktigt att vi har en trygg skola f\u00f6r alla\",\"datePublished\":\"2022-07-01T06:25:44+00:00\",\"mainEntityOfPage\":{\"@id\":\"https:\\\/\\\/wp.kristdemokraterna.se\\\/munkedal\\\/det-ar-viktigt-att-vi-har-en-trygg-skola-for-alla\\\/\"},\"wordCount\":456,\"articleSection\":[\"Debatt\"],\"inLanguage\":\"sv-SE\"},{\"@type\":\"WebPage\",\"@id\":\"https:\\\/\\\/wp.kristdemokraterna.se\\\/munkedal\\\/det-ar-viktigt-att-vi-har-en-trygg-skola-for-alla\\\/\",\"url\":\"https:\\\/\\\/wp.kristdemokraterna.se\\\/munkedal\\\/det-ar-viktigt-att-vi-har-en-trygg-skola-for-alla\\\/\",\"name\":\"Det \u00e4r viktigt att vi har en trygg skola f\u00f6r alla - Kristdemokraterna i Munkedal\",\"isPartOf\":{\"@id\":\"https:\\\/\\\/wp.kristdemokraterna.se\\\/munkedal\\\/#website\"},\"datePublished\":\"2022-07-01T06:25:44+00:00\",\"author\":{\"@id\":\"https:\\\/\\\/wp.kristdemokraterna.se\\\/munkedal\\\/#\\\/schema\\\/person\\\/f6bbbc8d890e321734cca0981e0479d8\"},\"breadcrumb\":{\"@id\":\"https:\\\/\\\/wp.kristdemokraterna.se\\\/munkedal\\\/det-ar-viktigt-att-vi-har-en-trygg-skola-for-alla\\\/#breadcrumb\"},\"inLanguage\":\"sv-SE\",\"potentialAction\":[{\"@type\":\"ReadAction\",\"target\":[\"https:\\\/\\\/wp.kristdemokraterna.se\\\/munkedal\\\/det-ar-viktigt-att-vi-har-en-trygg-skola-for-alla\\\/\"]}]},{\"@type\":\"BreadcrumbList\",\"@id\":\"https:\\\/\\\/wp.kristdemokraterna.se\\\/munkedal\\\/det-ar-viktigt-att-vi-har-en-trygg-skola-for-alla\\\/#breadcrumb\",\"itemListElement\":[{\"@type\":\"ListItem\",\"position\":1,\"name\":\"Hem\",\"item\":\"https:\\\/\\\/wp.kristdemokraterna.se\\\/munkedal\\\/\"},{\"@type\":\"ListItem\",\"position\":2,\"name\":\"Det \u00e4r viktigt att vi har en trygg skola f\u00f6r alla\"}]},{\"@type\":\"WebSite\",\"@id\":\"https:\\\/\\\/wp.kristdemokraterna.se\\\/munkedal\\\/#website\",\"url\":\"https:\\\/\\\/wp.kristdemokraterna.se\\\/munkedal\\\/\",\"name\":\"Kristdemokraterna i Munkedal\",\"description\":\"Hand i hand f\u00f6r framtiden\",\"inLanguage\":\"sv-SE\"},{\"@type\":\"Person\",\"@id\":\"https:\\\/\\\/wp.kristdemokraterna.se\\\/munkedal\\\/#\\\/schema\\\/person\\\/f6bbbc8d890e321734cca0981e0479d8\",\"name\":\"munkedal\",\"image\":{\"@type\":\"ImageObject\",\"inLanguage\":\"sv-SE\",\"@id\":\"https:\\\/\\\/secure.gravatar.com\\\/avatar\\\/27942781c112b54cf36e47a16946ce410c262b228c1e6555cd389c15474ef2b6?s=96&d=mm&r=g\",\"url\":\"https:\\\/\\\/secure.gravatar.com\\\/avatar\\\/27942781c112b54cf36e47a16946ce410c262b228c1e6555cd389c15474ef2b6?s=96&d=mm&r=g\",\"contentUrl\":\"https:\\\/\\\/secure.gravatar.com\\\/avatar\\\/27942781c112b54cf36e47a16946ce410c262b228c1e6555cd389c15474ef2b6?s=96&d=mm&r=g\",\"caption\":\"munkedal\"},\"url\":\"https:\\\/\\\/wp.kristdemokraterna.se\\\/munkedal\\\/author\\\/munkedal\\\/\"}]}<\/script>\n<!-- \/ Yoast SEO plugin. -->","yoast_head_json":{"title":"Det \u00e4r viktigt att vi har en trygg skola f\u00f6r alla - Kristdemokraterna i Munkedal","robots":{"index":"index","follow":"follow","max-snippet":"max-snippet:-1","max-image-preview":"max-image-preview:large","max-video-preview":"max-video-preview:-1"},"canonical":"https:\/\/wp.kristdemokraterna.se\/munkedal\/det-ar-viktigt-att-vi-har-en-trygg-skola-for-alla\/","og_locale":"sv_SE","og_type":"article","og_title":"Det \u00e4r viktigt att vi har en trygg skola f\u00f6r alla - Kristdemokraterna i Munkedal","og_description":"Skapande av \u00f6vergripande kris- och beredskapsplaner mot p\u00e5g\u00e5ende d\u00f6dligt v\u00e5ld och planer f\u00f6r hur att bedriva f\u00f6rebyggande arbete kring detta. Detta \u00e4r rubriken p\u00e5 min senaste motion till kommunfullm\u00e4ktige i Munkedals kommun. P\u00e5g\u00e5ende d\u00f6dligt v\u00e5ld (PDV) \u00e4r en h\u00e4ndelse d\u00e4r en eller flera g\u00e4rningsm\u00e4n attackerar s\u00e5 m\u00e5nga som m\u00f6jligt p\u00e5 en plats eller i en Read More","og_url":"https:\/\/wp.kristdemokraterna.se\/munkedal\/det-ar-viktigt-att-vi-har-en-trygg-skola-for-alla\/","og_site_name":"Kristdemokraterna i Munkedal","article_published_time":"2022-07-01T06:25:44+00:00","author":"munkedal","twitter_card":"summary_large_image","twitter_misc":{"Skriven av":"munkedal","Ber\u00e4knad l\u00e4stid":"2 minuter"},"schema":{"@context":"https:\/\/schema.org","@graph":[{"@type":"Article","@id":"https:\/\/wp.kristdemokraterna.se\/munkedal\/det-ar-viktigt-att-vi-har-en-trygg-skola-for-alla\/#article","isPartOf":{"@id":"https:\/\/wp.kristdemokraterna.se\/munkedal\/det-ar-viktigt-att-vi-har-en-trygg-skola-for-alla\/"},"author":{"name":"munkedal","@id":"https:\/\/wp.kristdemokraterna.se\/munkedal\/#\/schema\/person\/f6bbbc8d890e321734cca0981e0479d8"},"headline":"Det \u00e4r viktigt att vi har en trygg skola f\u00f6r alla","datePublished":"2022-07-01T06:25:44+00:00","mainEntityOfPage":{"@id":"https:\/\/wp.kristdemokraterna.se\/munkedal\/det-ar-viktigt-att-vi-har-en-trygg-skola-for-alla\/"},"wordCount":456,"articleSection":["Debatt"],"inLanguage":"sv-SE"},{"@type":"WebPage","@id":"https:\/\/wp.kristdemokraterna.se\/munkedal\/det-ar-viktigt-att-vi-har-en-trygg-skola-for-alla\/","url":"https:\/\/wp.kristdemokraterna.se\/munkedal\/det-ar-viktigt-att-vi-har-en-trygg-skola-for-alla\/","name":"Det \u00e4r viktigt att vi har en trygg skola f\u00f6r alla - Kristdemokraterna i Munkedal","isPartOf":{"@id":"https:\/\/wp.kristdemokraterna.se\/munkedal\/#website"},"datePublished":"2022-07-01T06:25:44+00:00","author":{"@id":"https:\/\/wp.kristdemokraterna.se\/munkedal\/#\/schema\/person\/f6bbbc8d890e321734cca0981e0479d8"},"breadcrumb":{"@id":"https:\/\/wp.kristdemokraterna.se\/munkedal\/det-ar-viktigt-att-vi-har-en-trygg-skola-for-alla\/#breadcrumb"},"inLanguage":"sv-SE","potentialAction":[{"@type":"ReadAction","target":["https:\/\/wp.kristdemokraterna.se\/munkedal\/det-ar-viktigt-att-vi-har-en-trygg-skola-for-alla\/"]}]},{"@type":"BreadcrumbList","@id":"https:\/\/wp.kristdemokraterna.se\/munkedal\/det-ar-viktigt-att-vi-har-en-trygg-skola-for-alla\/#breadcrumb","itemListElement":[{"@type":"ListItem","position":1,"name":"Hem","item":"https:\/\/wp.kristdemokraterna.se\/munkedal\/"},{"@type":"ListItem","position":2,"name":"Det \u00e4r viktigt att vi har en trygg skola f\u00f6r alla"}]},{"@type":"WebSite","@id":"https:\/\/wp.kristdemokraterna.se\/munkedal\/#website","url":"https:\/\/wp.kristdemokraterna.se\/munkedal\/","name":"Kristdemokraterna i Munkedal","description":"Hand i hand f\u00f6r framtiden","inLanguage":"sv-SE"},{"@type":"Person","@id":"https:\/\/wp.kristdemokraterna.se\/munkedal\/#\/schema\/person\/f6bbbc8d890e321734cca0981e0479d8","name":"munkedal","image":{"@type":"ImageObject","inLanguage":"sv-SE","@id":"https:\/\/secure.gravatar.com\/avatar\/27942781c112b54cf36e47a16946ce410c262b228c1e6555cd389c15474ef2b6?s=96&d=mm&r=g","url":"https:\/\/secure.gravatar.com\/avatar\/27942781c112b54cf36e47a16946ce410c262b228c1e6555cd389c15474ef2b6?s=96&d=mm&r=g","contentUrl":"https:\/\/secure.gravatar.com\/avatar\/27942781c112b54cf36e47a16946ce410c262b228c1e6555cd389c15474ef2b6?s=96&d=mm&r=g","caption":"munkedal"},"url":"https:\/\/wp.kristdemokraterna.se\/munkedal\/author\/munkedal\/"}]}},"_links":{"self":[{"href":"https:\/\/wp.kristdemokraterna.se\/munkedal\/wp-json\/wp\/v2\/posts\/551","targetHints":{"allow":["GET"]}}],"collection":[{"href":"https:\/\/wp.kristdemokraterna.se\/munkedal\/wp-json\/wp\/v2\/posts"}],"about":[{"href":"https:\/\/wp.kristdemokraterna.se\/munkedal\/wp-json\/wp\/v2\/types\/post"}],"author":[{"embeddable":true,"href":"https:\/\/wp.kristdemokraterna.se\/munkedal\/wp-json\/wp\/v2\/users\/801"}],"replies":[{"embeddable":true,"href":"https:\/\/wp.kristdemokraterna.se\/munkedal\/wp-json\/wp\/v2\/comments?post=551"}],"version-history":[{"count":1,"href":"https:\/\/wp.kristdemokraterna.se\/munkedal\/wp-json\/wp\/v2\/posts\/551\/revisions"}],"predecessor-version":[{"id":553,"href":"https:\/\/wp.kristdemokraterna.se\/munkedal\/wp-json\/wp\/v2\/posts\/551\/revisions\/553"}],"wp:attachment":[{"href":"https:\/\/wp.kristdemokraterna.se\/munkedal\/wp-json\/wp\/v2\/media?parent=551"}],"wp:term":[{"taxonomy":"category","embeddable":true,"href":"https:\/\/wp.kristdemokraterna.se\/munkedal\/wp-json\/wp\/v2\/categories?post=551"},{"taxonomy":"post_tag","embeddable":true,"href":"https:\/\/wp.kristdemokraterna.se\/munkedal\/wp-json\/wp\/v2\/tags?post=551"}],"curies":[{"name":"wp","href":"https:\/\/api.w.org\/{rel}","templated":true}]}}