{"id":555,"date":"2022-08-29T20:34:02","date_gmt":"2022-08-29T18:34:02","guid":{"rendered":"https:\/\/wp.kristdemokraterna.se\/munkedal\/?p=555"},"modified":"2022-08-29T20:34:02","modified_gmt":"2022-08-29T18:34:02","slug":"alla-valkomna-pa-mote-i-folkets-hus-pa-stale-5-september-kl-19-00-hjartligt-valkomna","status":"publish","type":"post","link":"https:\/\/wp.kristdemokraterna.se\/munkedal\/alla-valkomna-pa-mote-i-folkets-hus-pa-stale-5-september-kl-19-00-hjartligt-valkomna\/","title":{"rendered":"Alla v\u00e4lkomna p\u00e5 m\u00f6te i Folkets hus p\u00e5 Stale. 5 september kl.19.00. Hj\u00e4rtligt v\u00e4lkomna!"},"content":{"rendered":"<div dir=\"auto\">Alla v\u00e4lkomna p\u00e5 m\u00f6te i Folkets hus p\u00e5 Stale. 5 september kl.19.00.<\/div>\n<div dir=\"auto\">Ni \u00e4r inbjudna tillsammans med alla partier. Hj\u00e4rtligt v\u00e4lkomna!<\/div>\n","protected":false},"excerpt":{"rendered":"<p>Alla v\u00e4lkomna p\u00e5 m\u00f6te i Folkets hus p\u00e5 Stale. 5 september kl.19.00. Ni \u00e4r inbjudna tillsammans med alla partier. Hj\u00e4rtligt v\u00e4lkomna!<\/p>\n","protected":false},"author":801,"featured_media":0,"comment_status":"closed","ping_status":"closed","sticky":false,"template":"","format":"standard","meta":{"_acf_changed":false,"footnotes":""},"categories":[4],"tags":[],"class_list":["post-555","post","type-post","status-publish","format-standard","hentry","category-debatt"],"acf":[],"yoast_head":"<!-- This site is optimized with the Yoast SEO plugin v27.5 - https:\/\/yoast.com\/product\/yoast-seo-wordpress\/ -->\n<title>Alla v\u00e4lkomna p\u00e5 m\u00f6te i Folkets hus p\u00e5 Stale. 5 september kl.19.00. Hj\u00e4rtligt v\u00e4lkomna! - Kristdemokraterna i Munkedal<\/title>\n<meta name=\"robots\" content=\"index, follow, max-snippet:-1, max-image-preview:large, max-video-preview:-1\" \/>\n<link rel=\"canonical\" href=\"https:\/\/wp.kristdemokraterna.se\/munkedal\/alla-valkomna-pa-mote-i-folkets-hus-pa-stale-5-september-kl-19-00-hjartligt-valkomna\/\" \/>\n<meta property=\"og:locale\" content=\"sv_SE\" \/>\n<meta property=\"og:type\" content=\"article\" \/>\n<meta property=\"og:title\" content=\"Alla v\u00e4lkomna p\u00e5 m\u00f6te i Folkets hus p\u00e5 Stale. 5 september kl.19.00. Hj\u00e4rtligt v\u00e4lkomna! - Kristdemokraterna i Munkedal\" \/>\n<meta property=\"og:description\" content=\"Alla v\u00e4lkomna p\u00e5 m\u00f6te i Folkets hus p\u00e5 Stale. 5 september kl.19.00. Ni \u00e4r inbjudna tillsammans med alla partier. Hj\u00e4rtligt v\u00e4lkomna!\" \/>\n<meta property=\"og:url\" content=\"https:\/\/wp.kristdemokraterna.se\/munkedal\/alla-valkomna-pa-mote-i-folkets-hus-pa-stale-5-september-kl-19-00-hjartligt-valkomna\/\" \/>\n<meta property=\"og:site_name\" content=\"Kristdemokraterna i Munkedal\" \/>\n<meta property=\"article:published_time\" content=\"2022-08-29T18:34:02+00:00\" \/>\n<meta name=\"author\" content=\"munkedal\" \/>\n<meta name=\"twitter:card\" content=\"summary_large_image\" \/>\n<meta name=\"twitter:label1\" content=\"Skriven av\" \/>\n\t<meta name=\"twitter:data1\" content=\"munkedal\" \/>\n<script type=\"application\/ld+json\" class=\"yoast-schema-graph\">{\"@context\":\"https:\\\/\\\/schema.org\",\"@graph\":[{\"@type\":\"Article\",\"@id\":\"https:\\\/\\\/wp.kristdemokraterna.se\\\/munkedal\\\/alla-valkomna-pa-mote-i-folkets-hus-pa-stale-5-september-kl-19-00-hjartligt-valkomna\\\/#article\",\"isPartOf\":{\"@id\":\"https:\\\/\\\/wp.kristdemokraterna.se\\\/munkedal\\\/alla-valkomna-pa-mote-i-folkets-hus-pa-stale-5-september-kl-19-00-hjartligt-valkomna\\\/\"},\"author\":{\"name\":\"munkedal\",\"@id\":\"https:\\\/\\\/wp.kristdemokraterna.se\\\/munkedal\\\/#\\\/schema\\\/person\\\/f6bbbc8d890e321734cca0981e0479d8\"},\"headline\":\"Alla v\u00e4lkomna p\u00e5 m\u00f6te i Folkets hus p\u00e5 Stale. 5 september kl.19.00. Hj\u00e4rtligt v\u00e4lkomna!\",\"datePublished\":\"2022-08-29T18:34:02+00:00\",\"mainEntityOfPage\":{\"@id\":\"https:\\\/\\\/wp.kristdemokraterna.se\\\/munkedal\\\/alla-valkomna-pa-mote-i-folkets-hus-pa-stale-5-september-kl-19-00-hjartligt-valkomna\\\/\"},\"wordCount\":41,\"articleSection\":[\"Debatt\"],\"inLanguage\":\"sv-SE\"},{\"@type\":\"WebPage\",\"@id\":\"https:\\\/\\\/wp.kristdemokraterna.se\\\/munkedal\\\/alla-valkomna-pa-mote-i-folkets-hus-pa-stale-5-september-kl-19-00-hjartligt-valkomna\\\/\",\"url\":\"https:\\\/\\\/wp.kristdemokraterna.se\\\/munkedal\\\/alla-valkomna-pa-mote-i-folkets-hus-pa-stale-5-september-kl-19-00-hjartligt-valkomna\\\/\",\"name\":\"Alla v\u00e4lkomna p\u00e5 m\u00f6te i Folkets hus p\u00e5 Stale. 5 september kl.19.00. Hj\u00e4rtligt v\u00e4lkomna! - Kristdemokraterna i Munkedal\",\"isPartOf\":{\"@id\":\"https:\\\/\\\/wp.kristdemokraterna.se\\\/munkedal\\\/#website\"},\"datePublished\":\"2022-08-29T18:34:02+00:00\",\"author\":{\"@id\":\"https:\\\/\\\/wp.kristdemokraterna.se\\\/munkedal\\\/#\\\/schema\\\/person\\\/f6bbbc8d890e321734cca0981e0479d8\"},\"breadcrumb\":{\"@id\":\"https:\\\/\\\/wp.kristdemokraterna.se\\\/munkedal\\\/alla-valkomna-pa-mote-i-folkets-hus-pa-stale-5-september-kl-19-00-hjartligt-valkomna\\\/#breadcrumb\"},\"inLanguage\":\"sv-SE\",\"potentialAction\":[{\"@type\":\"ReadAction\",\"target\":[\"https:\\\/\\\/wp.kristdemokraterna.se\\\/munkedal\\\/alla-valkomna-pa-mote-i-folkets-hus-pa-stale-5-september-kl-19-00-hjartligt-valkomna\\\/\"]}]},{\"@type\":\"BreadcrumbList\",\"@id\":\"https:\\\/\\\/wp.kristdemokraterna.se\\\/munkedal\\\/alla-valkomna-pa-mote-i-folkets-hus-pa-stale-5-september-kl-19-00-hjartligt-valkomna\\\/#breadcrumb\",\"itemListElement\":[{\"@type\":\"ListItem\",\"position\":1,\"name\":\"Hem\",\"item\":\"https:\\\/\\\/wp.kristdemokraterna.se\\\/munkedal\\\/\"},{\"@type\":\"ListItem\",\"position\":2,\"name\":\"Alla v\u00e4lkomna p\u00e5 m\u00f6te i Folkets hus p\u00e5 Stale. 5 september kl.19.00. Hj\u00e4rtligt v\u00e4lkomna!\"}]},{\"@type\":\"WebSite\",\"@id\":\"https:\\\/\\\/wp.kristdemokraterna.se\\\/munkedal\\\/#website\",\"url\":\"https:\\\/\\\/wp.kristdemokraterna.se\\\/munkedal\\\/\",\"name\":\"Kristdemokraterna i Munkedal\",\"description\":\"Hand i hand f\u00f6r framtiden\",\"inLanguage\":\"sv-SE\"},{\"@type\":\"Person\",\"@id\":\"https:\\\/\\\/wp.kristdemokraterna.se\\\/munkedal\\\/#\\\/schema\\\/person\\\/f6bbbc8d890e321734cca0981e0479d8\",\"name\":\"munkedal\",\"image\":{\"@type\":\"ImageObject\",\"inLanguage\":\"sv-SE\",\"@id\":\"https:\\\/\\\/secure.gravatar.com\\\/avatar\\\/27942781c112b54cf36e47a16946ce410c262b228c1e6555cd389c15474ef2b6?s=96&d=mm&r=g\",\"url\":\"https:\\\/\\\/secure.gravatar.com\\\/avatar\\\/27942781c112b54cf36e47a16946ce410c262b228c1e6555cd389c15474ef2b6?s=96&d=mm&r=g\",\"contentUrl\":\"https:\\\/\\\/secure.gravatar.com\\\/avatar\\\/27942781c112b54cf36e47a16946ce410c262b228c1e6555cd389c15474ef2b6?s=96&d=mm&r=g\",\"caption\":\"munkedal\"},\"url\":\"https:\\\/\\\/wp.kristdemokraterna.se\\\/munkedal\\\/author\\\/munkedal\\\/\"}]}<\/script>\n<!-- \/ Yoast SEO plugin. -->","yoast_head_json":{"title":"Alla v\u00e4lkomna p\u00e5 m\u00f6te i Folkets hus p\u00e5 Stale. 5 september kl.19.00. Hj\u00e4rtligt v\u00e4lkomna! - Kristdemokraterna i Munkedal","robots":{"index":"index","follow":"follow","max-snippet":"max-snippet:-1","max-image-preview":"max-image-preview:large","max-video-preview":"max-video-preview:-1"},"canonical":"https:\/\/wp.kristdemokraterna.se\/munkedal\/alla-valkomna-pa-mote-i-folkets-hus-pa-stale-5-september-kl-19-00-hjartligt-valkomna\/","og_locale":"sv_SE","og_type":"article","og_title":"Alla v\u00e4lkomna p\u00e5 m\u00f6te i Folkets hus p\u00e5 Stale. 5 september kl.19.00. Hj\u00e4rtligt v\u00e4lkomna! - Kristdemokraterna i Munkedal","og_description":"Alla v\u00e4lkomna p\u00e5 m\u00f6te i Folkets hus p\u00e5 Stale. 5 september kl.19.00. Ni \u00e4r inbjudna tillsammans med alla partier. Hj\u00e4rtligt v\u00e4lkomna!","og_url":"https:\/\/wp.kristdemokraterna.se\/munkedal\/alla-valkomna-pa-mote-i-folkets-hus-pa-stale-5-september-kl-19-00-hjartligt-valkomna\/","og_site_name":"Kristdemokraterna i Munkedal","article_published_time":"2022-08-29T18:34:02+00:00","author":"munkedal","twitter_card":"summary_large_image","twitter_misc":{"Skriven av":"munkedal"},"schema":{"@context":"https:\/\/schema.org","@graph":[{"@type":"Article","@id":"https:\/\/wp.kristdemokraterna.se\/munkedal\/alla-valkomna-pa-mote-i-folkets-hus-pa-stale-5-september-kl-19-00-hjartligt-valkomna\/#article","isPartOf":{"@id":"https:\/\/wp.kristdemokraterna.se\/munkedal\/alla-valkomna-pa-mote-i-folkets-hus-pa-stale-5-september-kl-19-00-hjartligt-valkomna\/"},"author":{"name":"munkedal","@id":"https:\/\/wp.kristdemokraterna.se\/munkedal\/#\/schema\/person\/f6bbbc8d890e321734cca0981e0479d8"},"headline":"Alla v\u00e4lkomna p\u00e5 m\u00f6te i Folkets hus p\u00e5 Stale. 5 september kl.19.00. Hj\u00e4rtligt v\u00e4lkomna!","datePublished":"2022-08-29T18:34:02+00:00","mainEntityOfPage":{"@id":"https:\/\/wp.kristdemokraterna.se\/munkedal\/alla-valkomna-pa-mote-i-folkets-hus-pa-stale-5-september-kl-19-00-hjartligt-valkomna\/"},"wordCount":41,"articleSection":["Debatt"],"inLanguage":"sv-SE"},{"@type":"WebPage","@id":"https:\/\/wp.kristdemokraterna.se\/munkedal\/alla-valkomna-pa-mote-i-folkets-hus-pa-stale-5-september-kl-19-00-hjartligt-valkomna\/","url":"https:\/\/wp.kristdemokraterna.se\/munkedal\/alla-valkomna-pa-mote-i-folkets-hus-pa-stale-5-september-kl-19-00-hjartligt-valkomna\/","name":"Alla v\u00e4lkomna p\u00e5 m\u00f6te i Folkets hus p\u00e5 Stale. 5 september kl.19.00. Hj\u00e4rtligt v\u00e4lkomna! - Kristdemokraterna i Munkedal","isPartOf":{"@id":"https:\/\/wp.kristdemokraterna.se\/munkedal\/#website"},"datePublished":"2022-08-29T18:34:02+00:00","author":{"@id":"https:\/\/wp.kristdemokraterna.se\/munkedal\/#\/schema\/person\/f6bbbc8d890e321734cca0981e0479d8"},"breadcrumb":{"@id":"https:\/\/wp.kristdemokraterna.se\/munkedal\/alla-valkomna-pa-mote-i-folkets-hus-pa-stale-5-september-kl-19-00-hjartligt-valkomna\/#breadcrumb"},"inLanguage":"sv-SE","potentialAction":[{"@type":"ReadAction","target":["https:\/\/wp.kristdemokraterna.se\/munkedal\/alla-valkomna-pa-mote-i-folkets-hus-pa-stale-5-september-kl-19-00-hjartligt-valkomna\/"]}]},{"@type":"BreadcrumbList","@id":"https:\/\/wp.kristdemokraterna.se\/munkedal\/alla-valkomna-pa-mote-i-folkets-hus-pa-stale-5-september-kl-19-00-hjartligt-valkomna\/#breadcrumb","itemListElement":[{"@type":"ListItem","position":1,"name":"Hem","item":"https:\/\/wp.kristdemokraterna.se\/munkedal\/"},{"@type":"ListItem","position":2,"name":"Alla v\u00e4lkomna p\u00e5 m\u00f6te i Folkets hus p\u00e5 Stale. 5 september kl.19.00. Hj\u00e4rtligt v\u00e4lkomna!"}]},{"@type":"WebSite","@id":"https:\/\/wp.kristdemokraterna.se\/munkedal\/#website","url":"https:\/\/wp.kristdemokraterna.se\/munkedal\/","name":"Kristdemokraterna i Munkedal","description":"Hand i hand f\u00f6r framtiden","inLanguage":"sv-SE"},{"@type":"Person","@id":"https:\/\/wp.kristdemokraterna.se\/munkedal\/#\/schema\/person\/f6bbbc8d890e321734cca0981e0479d8","name":"munkedal","image":{"@type":"ImageObject","inLanguage":"sv-SE","@id":"https:\/\/secure.gravatar.com\/avatar\/27942781c112b54cf36e47a16946ce410c262b228c1e6555cd389c15474ef2b6?s=96&d=mm&r=g","url":"https:\/\/secure.gravatar.com\/avatar\/27942781c112b54cf36e47a16946ce410c262b228c1e6555cd389c15474ef2b6?s=96&d=mm&r=g","contentUrl":"https:\/\/secure.gravatar.com\/avatar\/27942781c112b54cf36e47a16946ce410c262b228c1e6555cd389c15474ef2b6?s=96&d=mm&r=g","caption":"munkedal"},"url":"https:\/\/wp.kristdemokraterna.se\/munkedal\/author\/munkedal\/"}]}},"_links":{"self":[{"href":"https:\/\/wp.kristdemokraterna.se\/munkedal\/wp-json\/wp\/v2\/posts\/555","targetHints":{"allow":["GET"]}}],"collection":[{"href":"https:\/\/wp.kristdemokraterna.se\/munkedal\/wp-json\/wp\/v2\/posts"}],"about":[{"href":"https:\/\/wp.kristdemokraterna.se\/munkedal\/wp-json\/wp\/v2\/types\/post"}],"author":[{"embeddable":true,"href":"https:\/\/wp.kristdemokraterna.se\/munkedal\/wp-json\/wp\/v2\/users\/801"}],"replies":[{"embeddable":true,"href":"https:\/\/wp.kristdemokraterna.se\/munkedal\/wp-json\/wp\/v2\/comments?post=555"}],"version-history":[{"count":1,"href":"https:\/\/wp.kristdemokraterna.se\/munkedal\/wp-json\/wp\/v2\/posts\/555\/revisions"}],"predecessor-version":[{"id":558,"href":"https:\/\/wp.kristdemokraterna.se\/munkedal\/wp-json\/wp\/v2\/posts\/555\/revisions\/558"}],"wp:attachment":[{"href":"https:\/\/wp.kristdemokraterna.se\/munkedal\/wp-json\/wp\/v2\/media?parent=555"}],"wp:term":[{"taxonomy":"category","embeddable":true,"href":"https:\/\/wp.kristdemokraterna.se\/munkedal\/wp-json\/wp\/v2\/categories?post=555"},{"taxonomy":"post_tag","embeddable":true,"href":"https:\/\/wp.kristdemokraterna.se\/munkedal\/wp-json\/wp\/v2\/tags?post=555"}],"curies":[{"name":"wp","href":"https:\/\/api.w.org\/{rel}","templated":true}]}}