{"id":560,"date":"2023-05-13T05:20:16","date_gmt":"2023-05-13T03:20:16","guid":{"rendered":"https:\/\/wp.kristdemokraterna.se\/munkedal\/?p=560"},"modified":"2023-05-14T20:35:08","modified_gmt":"2023-05-14T18:35:08","slug":"tack","status":"publish","type":"post","link":"https:\/\/wp.kristdemokraterna.se\/munkedal\/tack\/","title":{"rendered":"Tack!"},"content":{"rendered":"<div class=\"m8h3af8h l7ghb35v kjdc1dyq kmwttqpk gh25dzvf n3t5jt4f\">\n<div dir=\"auto\">Kristdemokraterna i Munkedal vill tillsammans tacka alla v\u00e4ljare som i valet den 11 september valt att l\u00e4gga sin r\u00f6st p\u00e5 oss.<\/div>\n<\/div>\n<div class=\"l7ghb35v kjdc1dyq kmwttqpk gh25dzvf jikcssrz n3t5jt4f\">\n<div dir=\"auto\">Vi vill tacka f\u00f6r f\u00f6rtroendet ni visat oss genom att l\u00e5ta oss v\u00e4xa med \u00f6ver 50%.<\/div>\n<\/div>\n<div class=\"l7ghb35v kjdc1dyq kmwttqpk gh25dzvf jikcssrz n3t5jt4f\">\n<div dir=\"auto\">KD Munkedals 7,6% ger oss tre platser i kommunfullm\u00e4ktige och d\u00e4rmed en ordinarie och en ers\u00e4ttarplats i de stora n\u00e4mnderna av egen kraft.<\/div>\n<div dir=\"auto\"><\/div>\n<\/div>\n<div class=\"l7ghb35v kjdc1dyq kmwttqpk gh25dzvf jikcssrz n3t5jt4f\">\n<div dir=\"auto\">TACK!<\/div>\n<\/div>\n","protected":false},"excerpt":{"rendered":"<p>Kristdemokraterna i Munkedal vill tillsammans tacka alla v\u00e4ljare som i valet den 11 september valt att l\u00e4gga sin r\u00f6st p\u00e5 oss. Vi vill tacka f\u00f6r f\u00f6rtroendet ni visat oss genom att l\u00e5ta oss v\u00e4xa med \u00f6ver 50%. KD Munkedals 7,6% ger oss tre platser i kommunfullm\u00e4ktige och d\u00e4rmed en ordinarie och en ers\u00e4ttarplats i de <a class=\"read-more-link\" href=\"https:\/\/wp.kristdemokraterna.se\/munkedal\/tack\/\">Read More<\/a><\/p>\n","protected":false},"author":801,"featured_media":0,"comment_status":"closed","ping_status":"closed","sticky":false,"template":"","format":"standard","meta":{"_acf_changed":false,"footnotes":""},"categories":[4],"tags":[],"class_list":["post-560","post","type-post","status-publish","format-standard","hentry","category-debatt"],"acf":[],"yoast_head":"<!-- This site is optimized with the Yoast SEO plugin v27.5 - https:\/\/yoast.com\/product\/yoast-seo-wordpress\/ -->\n<title>Tack! - Kristdemokraterna i Munkedal<\/title>\n<meta name=\"robots\" content=\"index, follow, max-snippet:-1, max-image-preview:large, max-video-preview:-1\" \/>\n<link rel=\"canonical\" href=\"https:\/\/wp.kristdemokraterna.se\/munkedal\/tack\/\" \/>\n<meta property=\"og:locale\" content=\"sv_SE\" \/>\n<meta property=\"og:type\" content=\"article\" \/>\n<meta property=\"og:title\" content=\"Tack! - Kristdemokraterna i Munkedal\" \/>\n<meta property=\"og:description\" content=\"Kristdemokraterna i Munkedal vill tillsammans tacka alla v\u00e4ljare som i valet den 11 september valt att l\u00e4gga sin r\u00f6st p\u00e5 oss. Vi vill tacka f\u00f6r f\u00f6rtroendet ni visat oss genom att l\u00e5ta oss v\u00e4xa med \u00f6ver 50%. KD Munkedals 7,6% ger oss tre platser i kommunfullm\u00e4ktige och d\u00e4rmed en ordinarie och en ers\u00e4ttarplats i de Read More\" \/>\n<meta property=\"og:url\" content=\"https:\/\/wp.kristdemokraterna.se\/munkedal\/tack\/\" \/>\n<meta property=\"og:site_name\" content=\"Kristdemokraterna i Munkedal\" \/>\n<meta property=\"article:published_time\" content=\"2023-05-13T03:20:16+00:00\" \/>\n<meta property=\"article:modified_time\" content=\"2023-05-14T18:35:08+00:00\" \/>\n<meta name=\"author\" content=\"munkedal\" \/>\n<meta name=\"twitter:card\" content=\"summary_large_image\" \/>\n<meta name=\"twitter:label1\" content=\"Skriven av\" \/>\n\t<meta name=\"twitter:data1\" content=\"munkedal\" \/>\n\t<meta name=\"twitter:label2\" content=\"Ber\u00e4knad l\u00e4stid\" \/>\n\t<meta name=\"twitter:data2\" content=\"1 minut\" \/>\n<script type=\"application\/ld+json\" class=\"yoast-schema-graph\">{\"@context\":\"https:\\\/\\\/schema.org\",\"@graph\":[{\"@type\":\"Article\",\"@id\":\"https:\\\/\\\/wp.kristdemokraterna.se\\\/munkedal\\\/tack\\\/#article\",\"isPartOf\":{\"@id\":\"https:\\\/\\\/wp.kristdemokraterna.se\\\/munkedal\\\/tack\\\/\"},\"author\":{\"name\":\"munkedal\",\"@id\":\"https:\\\/\\\/wp.kristdemokraterna.se\\\/munkedal\\\/#\\\/schema\\\/person\\\/f6bbbc8d890e321734cca0981e0479d8\"},\"headline\":\"Tack!\",\"datePublished\":\"2023-05-13T03:20:16+00:00\",\"dateModified\":\"2023-05-14T18:35:08+00:00\",\"mainEntityOfPage\":{\"@id\":\"https:\\\/\\\/wp.kristdemokraterna.se\\\/munkedal\\\/tack\\\/\"},\"wordCount\":70,\"articleSection\":[\"Debatt\"],\"inLanguage\":\"sv-SE\"},{\"@type\":\"WebPage\",\"@id\":\"https:\\\/\\\/wp.kristdemokraterna.se\\\/munkedal\\\/tack\\\/\",\"url\":\"https:\\\/\\\/wp.kristdemokraterna.se\\\/munkedal\\\/tack\\\/\",\"name\":\"Tack! - Kristdemokraterna i Munkedal\",\"isPartOf\":{\"@id\":\"https:\\\/\\\/wp.kristdemokraterna.se\\\/munkedal\\\/#website\"},\"datePublished\":\"2023-05-13T03:20:16+00:00\",\"dateModified\":\"2023-05-14T18:35:08+00:00\",\"author\":{\"@id\":\"https:\\\/\\\/wp.kristdemokraterna.se\\\/munkedal\\\/#\\\/schema\\\/person\\\/f6bbbc8d890e321734cca0981e0479d8\"},\"breadcrumb\":{\"@id\":\"https:\\\/\\\/wp.kristdemokraterna.se\\\/munkedal\\\/tack\\\/#breadcrumb\"},\"inLanguage\":\"sv-SE\",\"potentialAction\":[{\"@type\":\"ReadAction\",\"target\":[\"https:\\\/\\\/wp.kristdemokraterna.se\\\/munkedal\\\/tack\\\/\"]}]},{\"@type\":\"BreadcrumbList\",\"@id\":\"https:\\\/\\\/wp.kristdemokraterna.se\\\/munkedal\\\/tack\\\/#breadcrumb\",\"itemListElement\":[{\"@type\":\"ListItem\",\"position\":1,\"name\":\"Hem\",\"item\":\"https:\\\/\\\/wp.kristdemokraterna.se\\\/munkedal\\\/\"},{\"@type\":\"ListItem\",\"position\":2,\"name\":\"Tack!\"}]},{\"@type\":\"WebSite\",\"@id\":\"https:\\\/\\\/wp.kristdemokraterna.se\\\/munkedal\\\/#website\",\"url\":\"https:\\\/\\\/wp.kristdemokraterna.se\\\/munkedal\\\/\",\"name\":\"Kristdemokraterna i Munkedal\",\"description\":\"Hand i hand f\u00f6r framtiden\",\"inLanguage\":\"sv-SE\"},{\"@type\":\"Person\",\"@id\":\"https:\\\/\\\/wp.kristdemokraterna.se\\\/munkedal\\\/#\\\/schema\\\/person\\\/f6bbbc8d890e321734cca0981e0479d8\",\"name\":\"munkedal\",\"image\":{\"@type\":\"ImageObject\",\"inLanguage\":\"sv-SE\",\"@id\":\"https:\\\/\\\/secure.gravatar.com\\\/avatar\\\/27942781c112b54cf36e47a16946ce410c262b228c1e6555cd389c15474ef2b6?s=96&d=mm&r=g\",\"url\":\"https:\\\/\\\/secure.gravatar.com\\\/avatar\\\/27942781c112b54cf36e47a16946ce410c262b228c1e6555cd389c15474ef2b6?s=96&d=mm&r=g\",\"contentUrl\":\"https:\\\/\\\/secure.gravatar.com\\\/avatar\\\/27942781c112b54cf36e47a16946ce410c262b228c1e6555cd389c15474ef2b6?s=96&d=mm&r=g\",\"caption\":\"munkedal\"},\"url\":\"https:\\\/\\\/wp.kristdemokraterna.se\\\/munkedal\\\/author\\\/munkedal\\\/\"}]}<\/script>\n<!-- \/ Yoast SEO plugin. -->","yoast_head_json":{"title":"Tack! - Kristdemokraterna i Munkedal","robots":{"index":"index","follow":"follow","max-snippet":"max-snippet:-1","max-image-preview":"max-image-preview:large","max-video-preview":"max-video-preview:-1"},"canonical":"https:\/\/wp.kristdemokraterna.se\/munkedal\/tack\/","og_locale":"sv_SE","og_type":"article","og_title":"Tack! - Kristdemokraterna i Munkedal","og_description":"Kristdemokraterna i Munkedal vill tillsammans tacka alla v\u00e4ljare som i valet den 11 september valt att l\u00e4gga sin r\u00f6st p\u00e5 oss. Vi vill tacka f\u00f6r f\u00f6rtroendet ni visat oss genom att l\u00e5ta oss v\u00e4xa med \u00f6ver 50%. KD Munkedals 7,6% ger oss tre platser i kommunfullm\u00e4ktige och d\u00e4rmed en ordinarie och en ers\u00e4ttarplats i de Read More","og_url":"https:\/\/wp.kristdemokraterna.se\/munkedal\/tack\/","og_site_name":"Kristdemokraterna i Munkedal","article_published_time":"2023-05-13T03:20:16+00:00","article_modified_time":"2023-05-14T18:35:08+00:00","author":"munkedal","twitter_card":"summary_large_image","twitter_misc":{"Skriven av":"munkedal","Ber\u00e4knad l\u00e4stid":"1 minut"},"schema":{"@context":"https:\/\/schema.org","@graph":[{"@type":"Article","@id":"https:\/\/wp.kristdemokraterna.se\/munkedal\/tack\/#article","isPartOf":{"@id":"https:\/\/wp.kristdemokraterna.se\/munkedal\/tack\/"},"author":{"name":"munkedal","@id":"https:\/\/wp.kristdemokraterna.se\/munkedal\/#\/schema\/person\/f6bbbc8d890e321734cca0981e0479d8"},"headline":"Tack!","datePublished":"2023-05-13T03:20:16+00:00","dateModified":"2023-05-14T18:35:08+00:00","mainEntityOfPage":{"@id":"https:\/\/wp.kristdemokraterna.se\/munkedal\/tack\/"},"wordCount":70,"articleSection":["Debatt"],"inLanguage":"sv-SE"},{"@type":"WebPage","@id":"https:\/\/wp.kristdemokraterna.se\/munkedal\/tack\/","url":"https:\/\/wp.kristdemokraterna.se\/munkedal\/tack\/","name":"Tack! - Kristdemokraterna i Munkedal","isPartOf":{"@id":"https:\/\/wp.kristdemokraterna.se\/munkedal\/#website"},"datePublished":"2023-05-13T03:20:16+00:00","dateModified":"2023-05-14T18:35:08+00:00","author":{"@id":"https:\/\/wp.kristdemokraterna.se\/munkedal\/#\/schema\/person\/f6bbbc8d890e321734cca0981e0479d8"},"breadcrumb":{"@id":"https:\/\/wp.kristdemokraterna.se\/munkedal\/tack\/#breadcrumb"},"inLanguage":"sv-SE","potentialAction":[{"@type":"ReadAction","target":["https:\/\/wp.kristdemokraterna.se\/munkedal\/tack\/"]}]},{"@type":"BreadcrumbList","@id":"https:\/\/wp.kristdemokraterna.se\/munkedal\/tack\/#breadcrumb","itemListElement":[{"@type":"ListItem","position":1,"name":"Hem","item":"https:\/\/wp.kristdemokraterna.se\/munkedal\/"},{"@type":"ListItem","position":2,"name":"Tack!"}]},{"@type":"WebSite","@id":"https:\/\/wp.kristdemokraterna.se\/munkedal\/#website","url":"https:\/\/wp.kristdemokraterna.se\/munkedal\/","name":"Kristdemokraterna i Munkedal","description":"Hand i hand f\u00f6r framtiden","inLanguage":"sv-SE"},{"@type":"Person","@id":"https:\/\/wp.kristdemokraterna.se\/munkedal\/#\/schema\/person\/f6bbbc8d890e321734cca0981e0479d8","name":"munkedal","image":{"@type":"ImageObject","inLanguage":"sv-SE","@id":"https:\/\/secure.gravatar.com\/avatar\/27942781c112b54cf36e47a16946ce410c262b228c1e6555cd389c15474ef2b6?s=96&d=mm&r=g","url":"https:\/\/secure.gravatar.com\/avatar\/27942781c112b54cf36e47a16946ce410c262b228c1e6555cd389c15474ef2b6?s=96&d=mm&r=g","contentUrl":"https:\/\/secure.gravatar.com\/avatar\/27942781c112b54cf36e47a16946ce410c262b228c1e6555cd389c15474ef2b6?s=96&d=mm&r=g","caption":"munkedal"},"url":"https:\/\/wp.kristdemokraterna.se\/munkedal\/author\/munkedal\/"}]}},"_links":{"self":[{"href":"https:\/\/wp.kristdemokraterna.se\/munkedal\/wp-json\/wp\/v2\/posts\/560","targetHints":{"allow":["GET"]}}],"collection":[{"href":"https:\/\/wp.kristdemokraterna.se\/munkedal\/wp-json\/wp\/v2\/posts"}],"about":[{"href":"https:\/\/wp.kristdemokraterna.se\/munkedal\/wp-json\/wp\/v2\/types\/post"}],"author":[{"embeddable":true,"href":"https:\/\/wp.kristdemokraterna.se\/munkedal\/wp-json\/wp\/v2\/users\/801"}],"replies":[{"embeddable":true,"href":"https:\/\/wp.kristdemokraterna.se\/munkedal\/wp-json\/wp\/v2\/comments?post=560"}],"version-history":[{"count":4,"href":"https:\/\/wp.kristdemokraterna.se\/munkedal\/wp-json\/wp\/v2\/posts\/560\/revisions"}],"predecessor-version":[{"id":576,"href":"https:\/\/wp.kristdemokraterna.se\/munkedal\/wp-json\/wp\/v2\/posts\/560\/revisions\/576"}],"wp:attachment":[{"href":"https:\/\/wp.kristdemokraterna.se\/munkedal\/wp-json\/wp\/v2\/media?parent=560"}],"wp:term":[{"taxonomy":"category","embeddable":true,"href":"https:\/\/wp.kristdemokraterna.se\/munkedal\/wp-json\/wp\/v2\/categories?post=560"},{"taxonomy":"post_tag","embeddable":true,"href":"https:\/\/wp.kristdemokraterna.se\/munkedal\/wp-json\/wp\/v2\/tags?post=560"}],"curies":[{"name":"wp","href":"https:\/\/api.w.org\/{rel}","templated":true}]}}