{"id":848,"date":"2026-04-30T14:46:19","date_gmt":"2026-04-30T12:46:19","guid":{"rendered":"https:\/\/wp.kristdemokraterna.se\/munkedal\/?p=848"},"modified":"2026-04-30T14:46:19","modified_gmt":"2026-04-30T12:46:19","slug":"nar-varden-hotas-agerar-vi","status":"publish","type":"post","link":"https:\/\/wp.kristdemokraterna.se\/munkedal\/nar-varden-hotas-agerar-vi\/","title":{"rendered":"N\u00e4r v\u00e5rden hotas &#8211; agerar vi"},"content":{"rendered":"<div id=\"svid12_369f522519d24de8a0cc\" class=\"sv-text-portlet sv-use-margins\">\n<div class=\"sv-text-portlet-content\">\n<p class=\"font-description\">KD \u00e4r det parti som har k\u00e4mpat f\u00f6r att r\u00e4dda Sollefte\u00e5 sjukhus och nu m\u00f6jligg\u00f6r KD i regeringen att Sollefte\u00e5 skulle kunna bli f\u00f6rst ut som nytt beredskapssjukhus.<\/p>\n<\/div>\n<\/div>\n<div id=\"svid12_369f522519d24de8a0cd\" class=\"sv-text-portlet sv-use-margins\">\n<div class=\"sv-text-portlet-content\">\n<p class=\"font-normal\">Sverige och omv\u00e4rlden befinner sig i ett allvarligt s\u00e4kerhetsl\u00e4ge. Sveriges totalf\u00f6rsvar byggs ut och h\u00e4lso- och sjukv\u00e5rden \u00e4r en central del av detta arbete. Nato medlemskapet st\u00e4ller dessutom h\u00f6gre krav p\u00e5 Sverige att kunna hantera masskadeutfall.<\/p>\n<p class=\"font-normal\">I norra Sverige \u00e4r avst\u00e5nden l\u00e5nga och tillg\u00e5ngen till v\u00e5rdplatser begr\u00e4nsad. Samtidigt har v\u00e5rdplatser minskat under l\u00e5ng tid i hela landet. I dag saknas omkring 1 800 v\u00e5rdplatser i normall\u00e4ge. Detta sl\u00e5r s\u00e4rskilt h\u00e5rt mot glesbygden. N\u00e4r v\u00e5rden inte finns n\u00e4ra m\u00e4nniskor \u00f6kar otryggheten och i ett skarpt l\u00e4ge riskerar konsekvenserna att bli allvarliga. Sollefte\u00e5 sjukhus \u00e4r ett tydligt exempel p\u00e5 detta. KD har varit drivande i att lyfta behovet av att r\u00e4dda sjukhuset. Nu skapas en ny m\u00f6jlighet att g\u00f6ra just detta.<\/p>\n<p class=\"font-normal\">Regeringens satsning inneb\u00e4r att sjukhus som st\u00e5r inf\u00f6r avveckling kan f\u00e5 en ny roll som beredskapssjukhus. Det handlar om att ta tillvara befintliga lokaler och bygga upp kapacitet d\u00e4r den beh\u00f6vs som mest. F\u00f6r Sollefte\u00e5 inneb\u00e4r detta en konkret chans att bli f\u00f6rst ut i den nya satsningen. Detta ger region V\u00e4sternorrland en m\u00f6jlighet att ta ett omtag. Deltagande i piloten \u00e4r frivilligt men staten st\u00e5r f\u00f6r kostnader kopplade till beredskapen.<\/p>\n<p class=\"font-normal\">Satsningen p\u00e5 beredskapssjukhus \u00e4r en tydlig KD prioritering i regeringen. Samtidigt syns resultat i den ordinarie v\u00e5rden. V\u00e5rdk\u00f6erna har minskat med 28 procent mellan oktober 2022 och januari 2026. Fler patienter f\u00e5r v\u00e5rd i tid efter flera \u00e5r av \u00f6kande k\u00f6er. Satsningar p\u00e5 n\u00e4ra v\u00e5rd om drygt 3 miljarder kronor \u00e5rligen och 1 miljard extra till prim\u00e4rv\u00e5rden i glesbygd st\u00e4rker tillg\u00e4ngligheten i hela landet. \u00c4ven v\u00e5rden f\u00f6r kvinnor har prioriterats med \u00f6kade resurser till f\u00f6rlossningsv\u00e5rd forskning och behandling samt nya insatser f\u00f6r personer utsatta f\u00f6r sexuellt v\u00e5ld.<\/p>\n<p class=\"font-normal\">Det h\u00e4r \u00e4r ett viktigt steg fram\u00e5t men arbetet forts\u00e4tter. V\u00e5rden ska fungera i hela landet och finnas n\u00e4ra m\u00e4nniskor oavsett var man bor. F\u00f6r att n\u00e5 dit beh\u00f6vs ett st\u00f6rre grepp om sjukv\u00e5rden. Sverige beh\u00f6ver ett samlat nationellt ansvar d\u00e4r staten tar ett tydligare ansvar och d\u00e4r dagens splittrade system f\u00f6r\u00e4ndras. Pilotprojektet f\u00f6r beredskapssjukhus visar v\u00e4gen. Tillsammans med kortare v\u00e5rdk\u00f6er och riktade satsningar st\u00e4rks v\u00e5rden h\u00e4r och nu samtidigt som grunden l\u00e4ggs f\u00f6r en mer j\u00e4mlik och robust v\u00e5rd i hela landet.<\/p>\n<\/div>\n<\/div>\n","protected":false},"excerpt":{"rendered":"<p>KD \u00e4r det parti som har k\u00e4mpat f\u00f6r att r\u00e4dda Sollefte\u00e5 sjukhus och nu m\u00f6jligg\u00f6r KD i regeringen att Sollefte\u00e5 skulle kunna bli f\u00f6rst ut som nytt beredskapssjukhus. Sverige och omv\u00e4rlden befinner sig i ett allvarligt s\u00e4kerhetsl\u00e4ge. Sveriges totalf\u00f6rsvar byggs ut och h\u00e4lso- och sjukv\u00e5rden \u00e4r en central del av detta arbete. Nato medlemskapet st\u00e4ller <a class=\"read-more-link\" href=\"https:\/\/wp.kristdemokraterna.se\/munkedal\/nar-varden-hotas-agerar-vi\/\">Read More<\/a><\/p>\n","protected":false},"author":801,"featured_media":0,"comment_status":"closed","ping_status":"closed","sticky":false,"template":"","format":"standard","meta":{"_acf_changed":false,"footnotes":""},"categories":[4,3,5],"tags":[],"class_list":["post-848","post","type-post","status-publish","format-standard","hentry","category-debatt","category-nyheter","category-landstinget"],"acf":[],"yoast_head":"<!-- This site is optimized with the Yoast SEO plugin v27.5 - https:\/\/yoast.com\/product\/yoast-seo-wordpress\/ -->\n<title>N\u00e4r v\u00e5rden hotas - agerar vi - Kristdemokraterna i Munkedal<\/title>\n<meta name=\"robots\" content=\"index, follow, max-snippet:-1, max-image-preview:large, max-video-preview:-1\" \/>\n<link rel=\"canonical\" href=\"https:\/\/wp.kristdemokraterna.se\/munkedal\/nar-varden-hotas-agerar-vi\/\" \/>\n<meta property=\"og:locale\" content=\"sv_SE\" \/>\n<meta property=\"og:type\" content=\"article\" \/>\n<meta property=\"og:title\" content=\"N\u00e4r v\u00e5rden hotas - agerar vi - Kristdemokraterna i Munkedal\" \/>\n<meta property=\"og:description\" content=\"KD \u00e4r det parti som har k\u00e4mpat f\u00f6r att r\u00e4dda Sollefte\u00e5 sjukhus och nu m\u00f6jligg\u00f6r KD i regeringen att Sollefte\u00e5 skulle kunna bli f\u00f6rst ut som nytt beredskapssjukhus. Sverige och omv\u00e4rlden befinner sig i ett allvarligt s\u00e4kerhetsl\u00e4ge. Sveriges totalf\u00f6rsvar byggs ut och h\u00e4lso- och sjukv\u00e5rden \u00e4r en central del av detta arbete. Nato medlemskapet st\u00e4ller Read More\" \/>\n<meta property=\"og:url\" content=\"https:\/\/wp.kristdemokraterna.se\/munkedal\/nar-varden-hotas-agerar-vi\/\" \/>\n<meta property=\"og:site_name\" content=\"Kristdemokraterna i Munkedal\" \/>\n<meta property=\"article:published_time\" content=\"2026-04-30T12:46:19+00:00\" \/>\n<meta name=\"author\" content=\"munkedal\" \/>\n<meta name=\"twitter:card\" content=\"summary_large_image\" \/>\n<meta name=\"twitter:label1\" content=\"Skriven av\" \/>\n\t<meta name=\"twitter:data1\" content=\"munkedal\" \/>\n\t<meta name=\"twitter:label2\" content=\"Ber\u00e4knad l\u00e4stid\" \/>\n\t<meta name=\"twitter:data2\" content=\"2 minuter\" \/>\n<script type=\"application\/ld+json\" class=\"yoast-schema-graph\">{\"@context\":\"https:\\\/\\\/schema.org\",\"@graph\":[{\"@type\":\"Article\",\"@id\":\"https:\\\/\\\/wp.kristdemokraterna.se\\\/munkedal\\\/nar-varden-hotas-agerar-vi\\\/#article\",\"isPartOf\":{\"@id\":\"https:\\\/\\\/wp.kristdemokraterna.se\\\/munkedal\\\/nar-varden-hotas-agerar-vi\\\/\"},\"author\":{\"name\":\"munkedal\",\"@id\":\"https:\\\/\\\/wp.kristdemokraterna.se\\\/munkedal\\\/#\\\/schema\\\/person\\\/f6bbbc8d890e321734cca0981e0479d8\"},\"headline\":\"N\u00e4r v\u00e5rden hotas &#8211; agerar vi\",\"datePublished\":\"2026-04-30T12:46:19+00:00\",\"mainEntityOfPage\":{\"@id\":\"https:\\\/\\\/wp.kristdemokraterna.se\\\/munkedal\\\/nar-varden-hotas-agerar-vi\\\/\"},\"wordCount\":480,\"articleSection\":[\"Debatt\",\"Nyheter\",\"Regionen\"],\"inLanguage\":\"sv-SE\"},{\"@type\":\"WebPage\",\"@id\":\"https:\\\/\\\/wp.kristdemokraterna.se\\\/munkedal\\\/nar-varden-hotas-agerar-vi\\\/\",\"url\":\"https:\\\/\\\/wp.kristdemokraterna.se\\\/munkedal\\\/nar-varden-hotas-agerar-vi\\\/\",\"name\":\"N\u00e4r v\u00e5rden hotas - agerar vi - Kristdemokraterna i Munkedal\",\"isPartOf\":{\"@id\":\"https:\\\/\\\/wp.kristdemokraterna.se\\\/munkedal\\\/#website\"},\"datePublished\":\"2026-04-30T12:46:19+00:00\",\"author\":{\"@id\":\"https:\\\/\\\/wp.kristdemokraterna.se\\\/munkedal\\\/#\\\/schema\\\/person\\\/f6bbbc8d890e321734cca0981e0479d8\"},\"breadcrumb\":{\"@id\":\"https:\\\/\\\/wp.kristdemokraterna.se\\\/munkedal\\\/nar-varden-hotas-agerar-vi\\\/#breadcrumb\"},\"inLanguage\":\"sv-SE\",\"potentialAction\":[{\"@type\":\"ReadAction\",\"target\":[\"https:\\\/\\\/wp.kristdemokraterna.se\\\/munkedal\\\/nar-varden-hotas-agerar-vi\\\/\"]}]},{\"@type\":\"BreadcrumbList\",\"@id\":\"https:\\\/\\\/wp.kristdemokraterna.se\\\/munkedal\\\/nar-varden-hotas-agerar-vi\\\/#breadcrumb\",\"itemListElement\":[{\"@type\":\"ListItem\",\"position\":1,\"name\":\"Hem\",\"item\":\"https:\\\/\\\/wp.kristdemokraterna.se\\\/munkedal\\\/\"},{\"@type\":\"ListItem\",\"position\":2,\"name\":\"N\u00e4r v\u00e5rden hotas &#8211; agerar vi\"}]},{\"@type\":\"WebSite\",\"@id\":\"https:\\\/\\\/wp.kristdemokraterna.se\\\/munkedal\\\/#website\",\"url\":\"https:\\\/\\\/wp.kristdemokraterna.se\\\/munkedal\\\/\",\"name\":\"Kristdemokraterna i Munkedal\",\"description\":\"Hand i hand f\u00f6r framtiden\",\"inLanguage\":\"sv-SE\"},{\"@type\":\"Person\",\"@id\":\"https:\\\/\\\/wp.kristdemokraterna.se\\\/munkedal\\\/#\\\/schema\\\/person\\\/f6bbbc8d890e321734cca0981e0479d8\",\"name\":\"munkedal\",\"image\":{\"@type\":\"ImageObject\",\"inLanguage\":\"sv-SE\",\"@id\":\"https:\\\/\\\/secure.gravatar.com\\\/avatar\\\/27942781c112b54cf36e47a16946ce410c262b228c1e6555cd389c15474ef2b6?s=96&d=mm&r=g\",\"url\":\"https:\\\/\\\/secure.gravatar.com\\\/avatar\\\/27942781c112b54cf36e47a16946ce410c262b228c1e6555cd389c15474ef2b6?s=96&d=mm&r=g\",\"contentUrl\":\"https:\\\/\\\/secure.gravatar.com\\\/avatar\\\/27942781c112b54cf36e47a16946ce410c262b228c1e6555cd389c15474ef2b6?s=96&d=mm&r=g\",\"caption\":\"munkedal\"},\"url\":\"https:\\\/\\\/wp.kristdemokraterna.se\\\/munkedal\\\/author\\\/munkedal\\\/\"}]}<\/script>\n<!-- \/ Yoast SEO plugin. -->","yoast_head_json":{"title":"N\u00e4r v\u00e5rden hotas - agerar vi - Kristdemokraterna i Munkedal","robots":{"index":"index","follow":"follow","max-snippet":"max-snippet:-1","max-image-preview":"max-image-preview:large","max-video-preview":"max-video-preview:-1"},"canonical":"https:\/\/wp.kristdemokraterna.se\/munkedal\/nar-varden-hotas-agerar-vi\/","og_locale":"sv_SE","og_type":"article","og_title":"N\u00e4r v\u00e5rden hotas - agerar vi - Kristdemokraterna i Munkedal","og_description":"KD \u00e4r det parti som har k\u00e4mpat f\u00f6r att r\u00e4dda Sollefte\u00e5 sjukhus och nu m\u00f6jligg\u00f6r KD i regeringen att Sollefte\u00e5 skulle kunna bli f\u00f6rst ut som nytt beredskapssjukhus. Sverige och omv\u00e4rlden befinner sig i ett allvarligt s\u00e4kerhetsl\u00e4ge. Sveriges totalf\u00f6rsvar byggs ut och h\u00e4lso- och sjukv\u00e5rden \u00e4r en central del av detta arbete. Nato medlemskapet st\u00e4ller Read More","og_url":"https:\/\/wp.kristdemokraterna.se\/munkedal\/nar-varden-hotas-agerar-vi\/","og_site_name":"Kristdemokraterna i Munkedal","article_published_time":"2026-04-30T12:46:19+00:00","author":"munkedal","twitter_card":"summary_large_image","twitter_misc":{"Skriven av":"munkedal","Ber\u00e4knad l\u00e4stid":"2 minuter"},"schema":{"@context":"https:\/\/schema.org","@graph":[{"@type":"Article","@id":"https:\/\/wp.kristdemokraterna.se\/munkedal\/nar-varden-hotas-agerar-vi\/#article","isPartOf":{"@id":"https:\/\/wp.kristdemokraterna.se\/munkedal\/nar-varden-hotas-agerar-vi\/"},"author":{"name":"munkedal","@id":"https:\/\/wp.kristdemokraterna.se\/munkedal\/#\/schema\/person\/f6bbbc8d890e321734cca0981e0479d8"},"headline":"N\u00e4r v\u00e5rden hotas &#8211; agerar vi","datePublished":"2026-04-30T12:46:19+00:00","mainEntityOfPage":{"@id":"https:\/\/wp.kristdemokraterna.se\/munkedal\/nar-varden-hotas-agerar-vi\/"},"wordCount":480,"articleSection":["Debatt","Nyheter","Regionen"],"inLanguage":"sv-SE"},{"@type":"WebPage","@id":"https:\/\/wp.kristdemokraterna.se\/munkedal\/nar-varden-hotas-agerar-vi\/","url":"https:\/\/wp.kristdemokraterna.se\/munkedal\/nar-varden-hotas-agerar-vi\/","name":"N\u00e4r v\u00e5rden hotas - agerar vi - Kristdemokraterna i Munkedal","isPartOf":{"@id":"https:\/\/wp.kristdemokraterna.se\/munkedal\/#website"},"datePublished":"2026-04-30T12:46:19+00:00","author":{"@id":"https:\/\/wp.kristdemokraterna.se\/munkedal\/#\/schema\/person\/f6bbbc8d890e321734cca0981e0479d8"},"breadcrumb":{"@id":"https:\/\/wp.kristdemokraterna.se\/munkedal\/nar-varden-hotas-agerar-vi\/#breadcrumb"},"inLanguage":"sv-SE","potentialAction":[{"@type":"ReadAction","target":["https:\/\/wp.kristdemokraterna.se\/munkedal\/nar-varden-hotas-agerar-vi\/"]}]},{"@type":"BreadcrumbList","@id":"https:\/\/wp.kristdemokraterna.se\/munkedal\/nar-varden-hotas-agerar-vi\/#breadcrumb","itemListElement":[{"@type":"ListItem","position":1,"name":"Hem","item":"https:\/\/wp.kristdemokraterna.se\/munkedal\/"},{"@type":"ListItem","position":2,"name":"N\u00e4r v\u00e5rden hotas &#8211; agerar vi"}]},{"@type":"WebSite","@id":"https:\/\/wp.kristdemokraterna.se\/munkedal\/#website","url":"https:\/\/wp.kristdemokraterna.se\/munkedal\/","name":"Kristdemokraterna i Munkedal","description":"Hand i hand f\u00f6r framtiden","inLanguage":"sv-SE"},{"@type":"Person","@id":"https:\/\/wp.kristdemokraterna.se\/munkedal\/#\/schema\/person\/f6bbbc8d890e321734cca0981e0479d8","name":"munkedal","image":{"@type":"ImageObject","inLanguage":"sv-SE","@id":"https:\/\/secure.gravatar.com\/avatar\/27942781c112b54cf36e47a16946ce410c262b228c1e6555cd389c15474ef2b6?s=96&d=mm&r=g","url":"https:\/\/secure.gravatar.com\/avatar\/27942781c112b54cf36e47a16946ce410c262b228c1e6555cd389c15474ef2b6?s=96&d=mm&r=g","contentUrl":"https:\/\/secure.gravatar.com\/avatar\/27942781c112b54cf36e47a16946ce410c262b228c1e6555cd389c15474ef2b6?s=96&d=mm&r=g","caption":"munkedal"},"url":"https:\/\/wp.kristdemokraterna.se\/munkedal\/author\/munkedal\/"}]}},"_links":{"self":[{"href":"https:\/\/wp.kristdemokraterna.se\/munkedal\/wp-json\/wp\/v2\/posts\/848","targetHints":{"allow":["GET"]}}],"collection":[{"href":"https:\/\/wp.kristdemokraterna.se\/munkedal\/wp-json\/wp\/v2\/posts"}],"about":[{"href":"https:\/\/wp.kristdemokraterna.se\/munkedal\/wp-json\/wp\/v2\/types\/post"}],"author":[{"embeddable":true,"href":"https:\/\/wp.kristdemokraterna.se\/munkedal\/wp-json\/wp\/v2\/users\/801"}],"replies":[{"embeddable":true,"href":"https:\/\/wp.kristdemokraterna.se\/munkedal\/wp-json\/wp\/v2\/comments?post=848"}],"version-history":[{"count":2,"href":"https:\/\/wp.kristdemokraterna.se\/munkedal\/wp-json\/wp\/v2\/posts\/848\/revisions"}],"predecessor-version":[{"id":851,"href":"https:\/\/wp.kristdemokraterna.se\/munkedal\/wp-json\/wp\/v2\/posts\/848\/revisions\/851"}],"wp:attachment":[{"href":"https:\/\/wp.kristdemokraterna.se\/munkedal\/wp-json\/wp\/v2\/media?parent=848"}],"wp:term":[{"taxonomy":"category","embeddable":true,"href":"https:\/\/wp.kristdemokraterna.se\/munkedal\/wp-json\/wp\/v2\/categories?post=848"},{"taxonomy":"post_tag","embeddable":true,"href":"https:\/\/wp.kristdemokraterna.se\/munkedal\/wp-json\/wp\/v2\/tags?post=848"}],"curies":[{"name":"wp","href":"https:\/\/api.w.org\/{rel}","templated":true}]}}