{"id":852,"date":"2026-04-30T15:03:35","date_gmt":"2026-04-30T13:03:35","guid":{"rendered":"https:\/\/wp.kristdemokraterna.se\/munkedal\/?p=852"},"modified":"2026-04-30T15:03:35","modified_gmt":"2026-04-30T13:03:35","slug":"tro-pa-sverige","status":"publish","type":"post","link":"https:\/\/wp.kristdemokraterna.se\/munkedal\/tro-pa-sverige\/","title":{"rendered":"Tro p\u00e5 Sverige!"},"content":{"rendered":"<p class=\"font-normal\">Ebbas tal och budskapet som f\u00f6rmedlades under KD-dagarna 2026 var tydligt.<\/p>\n<p class=\"font-normal\">&#8221;I \u00e5r g\u00e5r Sverige till val&#8230; Och det har h\u00e4nt s\u00e5 mycket med v\u00e5rt land sedan svensken sist tog sig<\/p>\n<p class=\"font-normal\">till valurnorna&#8230; En sak blir s\u00e5 fruktansv\u00e4rt tydlig n\u00e4r man blickar tillbaka s\u00e5 h\u00e4r efter fyra \u00e5r i Rosenbad:<\/p>\n<p class=\"font-normal\">m\u00e5nga av problemen vi stod med 2022 var en direkt f\u00f6ljd av total oordning och brist p\u00e5<\/p>\n<p class=\"font-normal\">politisk riktning.&#8221; cit. ur <a href=\"https:\/\/kristdemokraterna.se\/arkiv\/nyheter\/2026\/2026-04-17-tro-pa-sverige---ebbas-tal-pa-kd-dagarna-2026\">Ebbas tal<\/a>.<\/p>\n<p>Kort &amp; gott:<\/p>\n<ul>\n<li>F\u00f6r tredje \u00e5ret i rad minskar skjutningarna<\/li>\n<li>Polisen fick Adrianalagarna<\/li>\n<li>Fr\u00e5n valet 2022 till 2025 har elpriserna i snitt halverats<\/li>\n<li>Asyltrycket \u00e4r det l\u00e4gsta sedan 1985<\/li>\n<li>V\u00e5rdk\u00f6erna har minskat med 28 procent<\/li>\n<li>Inflationen \u201cpeakade\u201d p\u00e5 \u00f6ver 10 procent, nu \u00e4r den runt 2 procent<\/li>\n<li>Om de r\u00f6dgr\u00f6na vinner valet blir \u00e5rets julklapp \u2013 10 kronor mer vid pump (!)<\/li>\n<li>Nu har vi det l\u00e4gsta skattetrycket p\u00e5 50 \u00e5r<\/li>\n<li>S\u00e4nkt skatter och avgifter f\u00f6r en typisk sm\u00e5barnsfamilj med 5.000 kr i m\u00e5naden<\/li>\n<\/ul>\n<p>Det kan inte bli mer sp\u00e4nnande i \u00e5rets val. Kommer vi f\u00e5 mer tid att kunna styra landet \u00e5t ett b\u00e4ttre och familjev\u00e4nligare h\u00e5ll?<\/p>\n<p class=\"font-normal\">Tro p\u00e5 Sverige, R\u00f6sta p\u00e5 Kristdemokraterna!<\/p>\n","protected":false},"excerpt":{"rendered":"<p>Ebbas tal och budskapet som f\u00f6rmedlades under KD-dagarna 2026 var tydligt. &#8221;I \u00e5r g\u00e5r Sverige till val&#8230; Och det har h\u00e4nt s\u00e5 mycket med v\u00e5rt land sedan svensken sist tog sig till valurnorna&#8230; En sak blir s\u00e5 fruktansv\u00e4rt tydlig n\u00e4r man blickar tillbaka s\u00e5 h\u00e4r efter fyra \u00e5r i Rosenbad: m\u00e5nga av problemen vi stod <a class=\"read-more-link\" href=\"https:\/\/wp.kristdemokraterna.se\/munkedal\/tro-pa-sverige\/\">Read More<\/a><\/p>\n","protected":false},"author":801,"featured_media":0,"comment_status":"closed","ping_status":"closed","sticky":false,"template":"","format":"standard","meta":{"_acf_changed":false,"footnotes":""},"categories":[4,3],"tags":[],"class_list":["post-852","post","type-post","status-publish","format-standard","hentry","category-debatt","category-nyheter"],"acf":[],"yoast_head":"<!-- This site is optimized with the Yoast SEO plugin v27.5 - https:\/\/yoast.com\/product\/yoast-seo-wordpress\/ -->\n<title>Tro p\u00e5 Sverige! - Kristdemokraterna i Munkedal<\/title>\n<meta name=\"robots\" content=\"index, follow, max-snippet:-1, max-image-preview:large, max-video-preview:-1\" \/>\n<link rel=\"canonical\" href=\"https:\/\/wp.kristdemokraterna.se\/munkedal\/tro-pa-sverige\/\" \/>\n<meta property=\"og:locale\" content=\"sv_SE\" \/>\n<meta property=\"og:type\" content=\"article\" \/>\n<meta property=\"og:title\" content=\"Tro p\u00e5 Sverige! - Kristdemokraterna i Munkedal\" \/>\n<meta property=\"og:description\" content=\"Ebbas tal och budskapet som f\u00f6rmedlades under KD-dagarna 2026 var tydligt. &#8221;I \u00e5r g\u00e5r Sverige till val&#8230; Och det har h\u00e4nt s\u00e5 mycket med v\u00e5rt land sedan svensken sist tog sig till valurnorna&#8230; En sak blir s\u00e5 fruktansv\u00e4rt tydlig n\u00e4r man blickar tillbaka s\u00e5 h\u00e4r efter fyra \u00e5r i Rosenbad: m\u00e5nga av problemen vi stod Read More\" \/>\n<meta property=\"og:url\" content=\"https:\/\/wp.kristdemokraterna.se\/munkedal\/tro-pa-sverige\/\" \/>\n<meta property=\"og:site_name\" content=\"Kristdemokraterna i Munkedal\" \/>\n<meta property=\"article:published_time\" content=\"2026-04-30T13:03:35+00:00\" \/>\n<meta name=\"author\" content=\"munkedal\" \/>\n<meta name=\"twitter:card\" content=\"summary_large_image\" \/>\n<meta name=\"twitter:label1\" content=\"Skriven av\" \/>\n\t<meta name=\"twitter:data1\" content=\"munkedal\" \/>\n\t<meta name=\"twitter:label2\" content=\"Ber\u00e4knad l\u00e4stid\" \/>\n\t<meta name=\"twitter:data2\" content=\"1 minut\" \/>\n<script type=\"application\/ld+json\" class=\"yoast-schema-graph\">{\"@context\":\"https:\\\/\\\/schema.org\",\"@graph\":[{\"@type\":\"Article\",\"@id\":\"https:\\\/\\\/wp.kristdemokraterna.se\\\/munkedal\\\/tro-pa-sverige\\\/#article\",\"isPartOf\":{\"@id\":\"https:\\\/\\\/wp.kristdemokraterna.se\\\/munkedal\\\/tro-pa-sverige\\\/\"},\"author\":{\"name\":\"munkedal\",\"@id\":\"https:\\\/\\\/wp.kristdemokraterna.se\\\/munkedal\\\/#\\\/schema\\\/person\\\/f6bbbc8d890e321734cca0981e0479d8\"},\"headline\":\"Tro p\u00e5 Sverige!\",\"datePublished\":\"2026-04-30T13:03:35+00:00\",\"mainEntityOfPage\":{\"@id\":\"https:\\\/\\\/wp.kristdemokraterna.se\\\/munkedal\\\/tro-pa-sverige\\\/\"},\"wordCount\":203,\"articleSection\":[\"Debatt\",\"Nyheter\"],\"inLanguage\":\"sv-SE\"},{\"@type\":\"WebPage\",\"@id\":\"https:\\\/\\\/wp.kristdemokraterna.se\\\/munkedal\\\/tro-pa-sverige\\\/\",\"url\":\"https:\\\/\\\/wp.kristdemokraterna.se\\\/munkedal\\\/tro-pa-sverige\\\/\",\"name\":\"Tro p\u00e5 Sverige! - Kristdemokraterna i Munkedal\",\"isPartOf\":{\"@id\":\"https:\\\/\\\/wp.kristdemokraterna.se\\\/munkedal\\\/#website\"},\"datePublished\":\"2026-04-30T13:03:35+00:00\",\"author\":{\"@id\":\"https:\\\/\\\/wp.kristdemokraterna.se\\\/munkedal\\\/#\\\/schema\\\/person\\\/f6bbbc8d890e321734cca0981e0479d8\"},\"breadcrumb\":{\"@id\":\"https:\\\/\\\/wp.kristdemokraterna.se\\\/munkedal\\\/tro-pa-sverige\\\/#breadcrumb\"},\"inLanguage\":\"sv-SE\",\"potentialAction\":[{\"@type\":\"ReadAction\",\"target\":[\"https:\\\/\\\/wp.kristdemokraterna.se\\\/munkedal\\\/tro-pa-sverige\\\/\"]}]},{\"@type\":\"BreadcrumbList\",\"@id\":\"https:\\\/\\\/wp.kristdemokraterna.se\\\/munkedal\\\/tro-pa-sverige\\\/#breadcrumb\",\"itemListElement\":[{\"@type\":\"ListItem\",\"position\":1,\"name\":\"Hem\",\"item\":\"https:\\\/\\\/wp.kristdemokraterna.se\\\/munkedal\\\/\"},{\"@type\":\"ListItem\",\"position\":2,\"name\":\"Tro p\u00e5 Sverige!\"}]},{\"@type\":\"WebSite\",\"@id\":\"https:\\\/\\\/wp.kristdemokraterna.se\\\/munkedal\\\/#website\",\"url\":\"https:\\\/\\\/wp.kristdemokraterna.se\\\/munkedal\\\/\",\"name\":\"Kristdemokraterna i Munkedal\",\"description\":\"Hand i hand f\u00f6r framtiden\",\"inLanguage\":\"sv-SE\"},{\"@type\":\"Person\",\"@id\":\"https:\\\/\\\/wp.kristdemokraterna.se\\\/munkedal\\\/#\\\/schema\\\/person\\\/f6bbbc8d890e321734cca0981e0479d8\",\"name\":\"munkedal\",\"image\":{\"@type\":\"ImageObject\",\"inLanguage\":\"sv-SE\",\"@id\":\"https:\\\/\\\/secure.gravatar.com\\\/avatar\\\/27942781c112b54cf36e47a16946ce410c262b228c1e6555cd389c15474ef2b6?s=96&d=mm&r=g\",\"url\":\"https:\\\/\\\/secure.gravatar.com\\\/avatar\\\/27942781c112b54cf36e47a16946ce410c262b228c1e6555cd389c15474ef2b6?s=96&d=mm&r=g\",\"contentUrl\":\"https:\\\/\\\/secure.gravatar.com\\\/avatar\\\/27942781c112b54cf36e47a16946ce410c262b228c1e6555cd389c15474ef2b6?s=96&d=mm&r=g\",\"caption\":\"munkedal\"},\"url\":\"https:\\\/\\\/wp.kristdemokraterna.se\\\/munkedal\\\/author\\\/munkedal\\\/\"}]}<\/script>\n<!-- \/ Yoast SEO plugin. -->","yoast_head_json":{"title":"Tro p\u00e5 Sverige! - Kristdemokraterna i Munkedal","robots":{"index":"index","follow":"follow","max-snippet":"max-snippet:-1","max-image-preview":"max-image-preview:large","max-video-preview":"max-video-preview:-1"},"canonical":"https:\/\/wp.kristdemokraterna.se\/munkedal\/tro-pa-sverige\/","og_locale":"sv_SE","og_type":"article","og_title":"Tro p\u00e5 Sverige! - Kristdemokraterna i Munkedal","og_description":"Ebbas tal och budskapet som f\u00f6rmedlades under KD-dagarna 2026 var tydligt. &#8221;I \u00e5r g\u00e5r Sverige till val&#8230; Och det har h\u00e4nt s\u00e5 mycket med v\u00e5rt land sedan svensken sist tog sig till valurnorna&#8230; En sak blir s\u00e5 fruktansv\u00e4rt tydlig n\u00e4r man blickar tillbaka s\u00e5 h\u00e4r efter fyra \u00e5r i Rosenbad: m\u00e5nga av problemen vi stod Read More","og_url":"https:\/\/wp.kristdemokraterna.se\/munkedal\/tro-pa-sverige\/","og_site_name":"Kristdemokraterna i Munkedal","article_published_time":"2026-04-30T13:03:35+00:00","author":"munkedal","twitter_card":"summary_large_image","twitter_misc":{"Skriven av":"munkedal","Ber\u00e4knad l\u00e4stid":"1 minut"},"schema":{"@context":"https:\/\/schema.org","@graph":[{"@type":"Article","@id":"https:\/\/wp.kristdemokraterna.se\/munkedal\/tro-pa-sverige\/#article","isPartOf":{"@id":"https:\/\/wp.kristdemokraterna.se\/munkedal\/tro-pa-sverige\/"},"author":{"name":"munkedal","@id":"https:\/\/wp.kristdemokraterna.se\/munkedal\/#\/schema\/person\/f6bbbc8d890e321734cca0981e0479d8"},"headline":"Tro p\u00e5 Sverige!","datePublished":"2026-04-30T13:03:35+00:00","mainEntityOfPage":{"@id":"https:\/\/wp.kristdemokraterna.se\/munkedal\/tro-pa-sverige\/"},"wordCount":203,"articleSection":["Debatt","Nyheter"],"inLanguage":"sv-SE"},{"@type":"WebPage","@id":"https:\/\/wp.kristdemokraterna.se\/munkedal\/tro-pa-sverige\/","url":"https:\/\/wp.kristdemokraterna.se\/munkedal\/tro-pa-sverige\/","name":"Tro p\u00e5 Sverige! - Kristdemokraterna i Munkedal","isPartOf":{"@id":"https:\/\/wp.kristdemokraterna.se\/munkedal\/#website"},"datePublished":"2026-04-30T13:03:35+00:00","author":{"@id":"https:\/\/wp.kristdemokraterna.se\/munkedal\/#\/schema\/person\/f6bbbc8d890e321734cca0981e0479d8"},"breadcrumb":{"@id":"https:\/\/wp.kristdemokraterna.se\/munkedal\/tro-pa-sverige\/#breadcrumb"},"inLanguage":"sv-SE","potentialAction":[{"@type":"ReadAction","target":["https:\/\/wp.kristdemokraterna.se\/munkedal\/tro-pa-sverige\/"]}]},{"@type":"BreadcrumbList","@id":"https:\/\/wp.kristdemokraterna.se\/munkedal\/tro-pa-sverige\/#breadcrumb","itemListElement":[{"@type":"ListItem","position":1,"name":"Hem","item":"https:\/\/wp.kristdemokraterna.se\/munkedal\/"},{"@type":"ListItem","position":2,"name":"Tro p\u00e5 Sverige!"}]},{"@type":"WebSite","@id":"https:\/\/wp.kristdemokraterna.se\/munkedal\/#website","url":"https:\/\/wp.kristdemokraterna.se\/munkedal\/","name":"Kristdemokraterna i Munkedal","description":"Hand i hand f\u00f6r framtiden","inLanguage":"sv-SE"},{"@type":"Person","@id":"https:\/\/wp.kristdemokraterna.se\/munkedal\/#\/schema\/person\/f6bbbc8d890e321734cca0981e0479d8","name":"munkedal","image":{"@type":"ImageObject","inLanguage":"sv-SE","@id":"https:\/\/secure.gravatar.com\/avatar\/27942781c112b54cf36e47a16946ce410c262b228c1e6555cd389c15474ef2b6?s=96&d=mm&r=g","url":"https:\/\/secure.gravatar.com\/avatar\/27942781c112b54cf36e47a16946ce410c262b228c1e6555cd389c15474ef2b6?s=96&d=mm&r=g","contentUrl":"https:\/\/secure.gravatar.com\/avatar\/27942781c112b54cf36e47a16946ce410c262b228c1e6555cd389c15474ef2b6?s=96&d=mm&r=g","caption":"munkedal"},"url":"https:\/\/wp.kristdemokraterna.se\/munkedal\/author\/munkedal\/"}]}},"_links":{"self":[{"href":"https:\/\/wp.kristdemokraterna.se\/munkedal\/wp-json\/wp\/v2\/posts\/852","targetHints":{"allow":["GET"]}}],"collection":[{"href":"https:\/\/wp.kristdemokraterna.se\/munkedal\/wp-json\/wp\/v2\/posts"}],"about":[{"href":"https:\/\/wp.kristdemokraterna.se\/munkedal\/wp-json\/wp\/v2\/types\/post"}],"author":[{"embeddable":true,"href":"https:\/\/wp.kristdemokraterna.se\/munkedal\/wp-json\/wp\/v2\/users\/801"}],"replies":[{"embeddable":true,"href":"https:\/\/wp.kristdemokraterna.se\/munkedal\/wp-json\/wp\/v2\/comments?post=852"}],"version-history":[{"count":2,"href":"https:\/\/wp.kristdemokraterna.se\/munkedal\/wp-json\/wp\/v2\/posts\/852\/revisions"}],"predecessor-version":[{"id":855,"href":"https:\/\/wp.kristdemokraterna.se\/munkedal\/wp-json\/wp\/v2\/posts\/852\/revisions\/855"}],"wp:attachment":[{"href":"https:\/\/wp.kristdemokraterna.se\/munkedal\/wp-json\/wp\/v2\/media?parent=852"}],"wp:term":[{"taxonomy":"category","embeddable":true,"href":"https:\/\/wp.kristdemokraterna.se\/munkedal\/wp-json\/wp\/v2\/categories?post=852"},{"taxonomy":"post_tag","embeddable":true,"href":"https:\/\/wp.kristdemokraterna.se\/munkedal\/wp-json\/wp\/v2\/tags?post=852"}],"curies":[{"name":"wp","href":"https:\/\/api.w.org\/{rel}","templated":true}]}}