{"id":1004,"date":"2023-01-18T10:26:58","date_gmt":"2023-01-18T09:26:58","guid":{"rendered":"https:\/\/wp.kristdemokraterna.se\/nacka\/?p=1004"},"modified":"2023-01-18T10:26:58","modified_gmt":"2023-01-18T09:26:58","slug":"medborgarforslag-handlar-om-politiskt-inflytande-mellan-valen","status":"publish","type":"post","link":"https:\/\/wp.kristdemokraterna.se\/nacka\/medborgarforslag-handlar-om-politiskt-inflytande-mellan-valen\/","title":{"rendered":"Medborgarf\u00f6rslag handlar om politiskt inflytande mellan valen"},"content":{"rendered":"<div class=\"x11i5rnm xat24cr x1mh8g0r x1vvkbs xtlvy1s x126k92a\">\n<div dir=\"auto\">Val- och demokratin\u00e4mnden har enligt sitt ut\u00f6kade uppdrag, att st\u00e4rka m\u00e4nniskors m\u00f6jlighet till inflytande, jobbat med fr\u00e5gan om medborgarf\u00f6rslag. Nu har \u00e4rendet n\u00e5tt kommunstyrelsen f\u00f6r beslut. F\u00f6r Kristdemokraterna \u00e4r detta en mycket central fr\u00e5ga.<\/div>\n<div dir=\"auto\"><\/div>\n<div dir=\"auto\">Den handlar om grunden f\u00f6r v\u00e5r demokrati, att kunna p\u00e5verka samh\u00e4llet, \u00e4ven mellan valen. Den m\u00f6jligheten m\u00e5ste v\u00e4rnas, \u00e4ven om det kostar.<\/div>\n<\/div>\n<div class=\"x11i5rnm xat24cr x1mh8g0r x1vvkbs xtlvy1s x126k92a\">\n<div dir=\"auto\">Begreppet \u201dmedborgarf\u00f6rslag\u201d \u00e4r lagreglerat och f\u00e5r d\u00e4rf\u00f6r inte hanteras hur som helst. Ett medborgarf\u00f6rslag ska beredas och utredas enligt lagens krav.<\/div>\n<div dir=\"auto\">En del fr\u00e5gor kan kr\u00e4va m\u00e5nga timmars utredning och blir mycket kostsamma f\u00f6r kommunen\/skattebetalarna. Det \u00e4r emellertid inget att tveka inf\u00f6r, eftersom det handlar om grundl\u00e4ggande demokratiska r\u00e4ttigheter.<\/div>\n<div dir=\"auto\"><\/div>\n<\/div>\n<div class=\"x11i5rnm xat24cr x1mh8g0r x1vvkbs xtlvy1s x126k92a\">\n<div dir=\"auto\">Man kan emellertid fundera p\u00e5 om det \u00e4r v\u00e4l anv\u00e4nda resurser att l\u00e4gga skattepengar p\u00e5 att utreda en fr\u00e5ga som kan hanteras som ett enkelt tips eller konkret f\u00f6rslag. Den kanske kan \u00e5tg\u00e4rdas direkt, utan utredning. Men om \u00e4rendet sorteras som medborgarf\u00f6rslag s\u00e5 f\u00f6reskriver lagen en omfattande hantering med \u00e5tf\u00f6ljande kostnad.<\/div>\n<div dir=\"auto\"><\/div>\n<div dir=\"auto\">Det \u00e4r d\u00e4rf\u00f6r bra att detta sorteras upp, s\u00e5 att olika \u00e4renden f\u00e5r b\u00e4sta och effektivaste v\u00e4g genom den kommunala byr\u00e5kratin. Det \u00e4r ett uttryck f\u00f6r respekt s\u00e5v\u00e4l f\u00f6r de demokratiska kraven som kravet p\u00e5 effektivitet.<\/div>\n<\/div>\n","protected":false},"excerpt":{"rendered":"<p>Val- och demokratin\u00e4mnden har enligt sitt ut\u00f6kade uppdrag, att st\u00e4rka m\u00e4nniskors m\u00f6jlighet till inflytande, jobbat med fr\u00e5gan om medborgarf\u00f6rslag. Nu har \u00e4rendet n\u00e5tt kommunstyrelsen f\u00f6r beslut. F\u00f6r Kristdemokraterna \u00e4r detta en mycket central fr\u00e5ga. Den handlar om grunden f\u00f6r v\u00e5r demokrati, att kunna p\u00e5verka samh\u00e4llet, \u00e4ven mellan valen. Den m\u00f6jligheten m\u00e5ste v\u00e4rnas, \u00e4ven om det <a class=\"read-more-link\" href=\"https:\/\/wp.kristdemokraterna.se\/nacka\/medborgarforslag-handlar-om-politiskt-inflytande-mellan-valen\/\">L\u00e4s mer<\/a><\/p>\n","protected":false},"author":1020,"featured_media":0,"comment_status":"closed","ping_status":"closed","sticky":false,"template":"","format":"standard","meta":{"_acf_changed":false,"footnotes":""},"categories":[11],"tags":[],"class_list":["post-1004","post","type-post","status-publish","format-standard","hentry","category-inlagg"],"acf":[],"yoast_head":"<!-- This site is optimized with the Yoast SEO plugin v27.4 - https:\/\/yoast.com\/product\/yoast-seo-wordpress\/ -->\n<title>Medborgarf\u00f6rslag handlar om politiskt inflytande mellan valen - Kristdemokraterna i Nacka<\/title>\n<meta name=\"robots\" content=\"index, follow, max-snippet:-1, max-image-preview:large, max-video-preview:-1\" \/>\n<link rel=\"canonical\" href=\"https:\/\/wp.kristdemokraterna.se\/nacka\/medborgarforslag-handlar-om-politiskt-inflytande-mellan-valen\/\" \/>\n<meta property=\"og:locale\" content=\"sv_SE\" \/>\n<meta property=\"og:type\" content=\"article\" \/>\n<meta property=\"og:title\" content=\"Medborgarf\u00f6rslag handlar om politiskt inflytande mellan valen - Kristdemokraterna i Nacka\" \/>\n<meta property=\"og:description\" content=\"Val- och demokratin\u00e4mnden har enligt sitt ut\u00f6kade uppdrag, att st\u00e4rka m\u00e4nniskors m\u00f6jlighet till inflytande, jobbat med fr\u00e5gan om medborgarf\u00f6rslag. Nu har \u00e4rendet n\u00e5tt kommunstyrelsen f\u00f6r beslut. F\u00f6r Kristdemokraterna \u00e4r detta en mycket central fr\u00e5ga. Den handlar om grunden f\u00f6r v\u00e5r demokrati, att kunna p\u00e5verka samh\u00e4llet, \u00e4ven mellan valen. Den m\u00f6jligheten m\u00e5ste v\u00e4rnas, \u00e4ven om det L\u00e4s mer\" \/>\n<meta property=\"og:url\" content=\"https:\/\/wp.kristdemokraterna.se\/nacka\/medborgarforslag-handlar-om-politiskt-inflytande-mellan-valen\/\" \/>\n<meta property=\"og:site_name\" content=\"Kristdemokraterna i Nacka\" \/>\n<meta property=\"article:published_time\" content=\"2023-01-18T09:26:58+00:00\" \/>\n<meta property=\"og:image\" content=\"https:\/\/wp.kristdemokraterna.se\/nacka\/files\/2019\/04\/cropped-kd_standard_cmyk.jpg\" \/>\n\t<meta property=\"og:image:width\" content=\"512\" \/>\n\t<meta property=\"og:image:height\" content=\"512\" \/>\n\t<meta property=\"og:image:type\" content=\"image\/jpeg\" \/>\n<meta name=\"author\" content=\"Henrik Lindberg\" \/>\n<meta name=\"twitter:card\" content=\"summary_large_image\" \/>\n<meta name=\"twitter:label1\" content=\"Skriven av\" \/>\n\t<meta name=\"twitter:data1\" content=\"Henrik Lindberg\" \/>\n\t<meta name=\"twitter:label2\" content=\"Ber\u00e4knad l\u00e4stid\" \/>\n\t<meta name=\"twitter:data2\" content=\"1 minut\" \/>\n<script type=\"application\/ld+json\" class=\"yoast-schema-graph\">{\"@context\":\"https:\\\/\\\/schema.org\",\"@graph\":[{\"@type\":\"Article\",\"@id\":\"https:\\\/\\\/wp.kristdemokraterna.se\\\/nacka\\\/medborgarforslag-handlar-om-politiskt-inflytande-mellan-valen\\\/#article\",\"isPartOf\":{\"@id\":\"https:\\\/\\\/wp.kristdemokraterna.se\\\/nacka\\\/medborgarforslag-handlar-om-politiskt-inflytande-mellan-valen\\\/\"},\"author\":{\"name\":\"Henrik Lindberg\",\"@id\":\"https:\\\/\\\/wp.kristdemokraterna.se\\\/nacka\\\/#\\\/schema\\\/person\\\/b48b358cf9875c27c3acdf1c8d2fc8f1\"},\"headline\":\"Medborgarf\u00f6rslag handlar om politiskt inflytande mellan valen\",\"datePublished\":\"2023-01-18T09:26:58+00:00\",\"mainEntityOfPage\":{\"@id\":\"https:\\\/\\\/wp.kristdemokraterna.se\\\/nacka\\\/medborgarforslag-handlar-om-politiskt-inflytande-mellan-valen\\\/\"},\"wordCount\":250,\"articleSection\":[\"Inl\u00e4gg\"],\"inLanguage\":\"sv-SE\"},{\"@type\":\"WebPage\",\"@id\":\"https:\\\/\\\/wp.kristdemokraterna.se\\\/nacka\\\/medborgarforslag-handlar-om-politiskt-inflytande-mellan-valen\\\/\",\"url\":\"https:\\\/\\\/wp.kristdemokraterna.se\\\/nacka\\\/medborgarforslag-handlar-om-politiskt-inflytande-mellan-valen\\\/\",\"name\":\"Medborgarf\u00f6rslag handlar om politiskt inflytande mellan valen - Kristdemokraterna i Nacka\",\"isPartOf\":{\"@id\":\"https:\\\/\\\/wp.kristdemokraterna.se\\\/nacka\\\/#website\"},\"datePublished\":\"2023-01-18T09:26:58+00:00\",\"author\":{\"@id\":\"https:\\\/\\\/wp.kristdemokraterna.se\\\/nacka\\\/#\\\/schema\\\/person\\\/b48b358cf9875c27c3acdf1c8d2fc8f1\"},\"breadcrumb\":{\"@id\":\"https:\\\/\\\/wp.kristdemokraterna.se\\\/nacka\\\/medborgarforslag-handlar-om-politiskt-inflytande-mellan-valen\\\/#breadcrumb\"},\"inLanguage\":\"sv-SE\",\"potentialAction\":[{\"@type\":\"ReadAction\",\"target\":[\"https:\\\/\\\/wp.kristdemokraterna.se\\\/nacka\\\/medborgarforslag-handlar-om-politiskt-inflytande-mellan-valen\\\/\"]}]},{\"@type\":\"BreadcrumbList\",\"@id\":\"https:\\\/\\\/wp.kristdemokraterna.se\\\/nacka\\\/medborgarforslag-handlar-om-politiskt-inflytande-mellan-valen\\\/#breadcrumb\",\"itemListElement\":[{\"@type\":\"ListItem\",\"position\":1,\"name\":\"Hem\",\"item\":\"https:\\\/\\\/wp.kristdemokraterna.se\\\/nacka\\\/\"},{\"@type\":\"ListItem\",\"position\":2,\"name\":\"Medborgarf\u00f6rslag handlar om politiskt inflytande mellan valen\"}]},{\"@type\":\"WebSite\",\"@id\":\"https:\\\/\\\/wp.kristdemokraterna.se\\\/nacka\\\/#website\",\"url\":\"https:\\\/\\\/wp.kristdemokraterna.se\\\/nacka\\\/\",\"name\":\"Kristdemokraterna i Nacka\",\"description\":\"Vi \u00e4r hj\u00e4rtat till h\u00f6ger\",\"inLanguage\":\"sv-SE\"},{\"@type\":\"Person\",\"@id\":\"https:\\\/\\\/wp.kristdemokraterna.se\\\/nacka\\\/#\\\/schema\\\/person\\\/b48b358cf9875c27c3acdf1c8d2fc8f1\",\"name\":\"Henrik Lindberg\",\"image\":{\"@type\":\"ImageObject\",\"inLanguage\":\"sv-SE\",\"@id\":\"https:\\\/\\\/secure.gravatar.com\\\/avatar\\\/497ef276c180208a266e066d54f9bc20528edb9b95adda3de62b2fe05abf6405?s=96&d=mm&r=g\",\"url\":\"https:\\\/\\\/secure.gravatar.com\\\/avatar\\\/497ef276c180208a266e066d54f9bc20528edb9b95adda3de62b2fe05abf6405?s=96&d=mm&r=g\",\"contentUrl\":\"https:\\\/\\\/secure.gravatar.com\\\/avatar\\\/497ef276c180208a266e066d54f9bc20528edb9b95adda3de62b2fe05abf6405?s=96&d=mm&r=g\",\"caption\":\"Henrik Lindberg\"},\"url\":\"https:\\\/\\\/wp.kristdemokraterna.se\\\/nacka\\\/author\\\/henriknacka\\\/\"}]}<\/script>\n<!-- \/ Yoast SEO plugin. -->","yoast_head_json":{"title":"Medborgarf\u00f6rslag handlar om politiskt inflytande mellan valen - Kristdemokraterna i Nacka","robots":{"index":"index","follow":"follow","max-snippet":"max-snippet:-1","max-image-preview":"max-image-preview:large","max-video-preview":"max-video-preview:-1"},"canonical":"https:\/\/wp.kristdemokraterna.se\/nacka\/medborgarforslag-handlar-om-politiskt-inflytande-mellan-valen\/","og_locale":"sv_SE","og_type":"article","og_title":"Medborgarf\u00f6rslag handlar om politiskt inflytande mellan valen - Kristdemokraterna i Nacka","og_description":"Val- och demokratin\u00e4mnden har enligt sitt ut\u00f6kade uppdrag, att st\u00e4rka m\u00e4nniskors m\u00f6jlighet till inflytande, jobbat med fr\u00e5gan om medborgarf\u00f6rslag. Nu har \u00e4rendet n\u00e5tt kommunstyrelsen f\u00f6r beslut. F\u00f6r Kristdemokraterna \u00e4r detta en mycket central fr\u00e5ga. Den handlar om grunden f\u00f6r v\u00e5r demokrati, att kunna p\u00e5verka samh\u00e4llet, \u00e4ven mellan valen. Den m\u00f6jligheten m\u00e5ste v\u00e4rnas, \u00e4ven om det L\u00e4s mer","og_url":"https:\/\/wp.kristdemokraterna.se\/nacka\/medborgarforslag-handlar-om-politiskt-inflytande-mellan-valen\/","og_site_name":"Kristdemokraterna i Nacka","article_published_time":"2023-01-18T09:26:58+00:00","og_image":[{"width":512,"height":512,"url":"https:\/\/wp.kristdemokraterna.se\/nacka\/files\/2019\/04\/cropped-kd_standard_cmyk.jpg","type":"image\/jpeg"}],"author":"Henrik Lindberg","twitter_card":"summary_large_image","twitter_misc":{"Skriven av":"Henrik Lindberg","Ber\u00e4knad l\u00e4stid":"1 minut"},"schema":{"@context":"https:\/\/schema.org","@graph":[{"@type":"Article","@id":"https:\/\/wp.kristdemokraterna.se\/nacka\/medborgarforslag-handlar-om-politiskt-inflytande-mellan-valen\/#article","isPartOf":{"@id":"https:\/\/wp.kristdemokraterna.se\/nacka\/medborgarforslag-handlar-om-politiskt-inflytande-mellan-valen\/"},"author":{"name":"Henrik Lindberg","@id":"https:\/\/wp.kristdemokraterna.se\/nacka\/#\/schema\/person\/b48b358cf9875c27c3acdf1c8d2fc8f1"},"headline":"Medborgarf\u00f6rslag handlar om politiskt inflytande mellan valen","datePublished":"2023-01-18T09:26:58+00:00","mainEntityOfPage":{"@id":"https:\/\/wp.kristdemokraterna.se\/nacka\/medborgarforslag-handlar-om-politiskt-inflytande-mellan-valen\/"},"wordCount":250,"articleSection":["Inl\u00e4gg"],"inLanguage":"sv-SE"},{"@type":"WebPage","@id":"https:\/\/wp.kristdemokraterna.se\/nacka\/medborgarforslag-handlar-om-politiskt-inflytande-mellan-valen\/","url":"https:\/\/wp.kristdemokraterna.se\/nacka\/medborgarforslag-handlar-om-politiskt-inflytande-mellan-valen\/","name":"Medborgarf\u00f6rslag handlar om politiskt inflytande mellan valen - Kristdemokraterna i Nacka","isPartOf":{"@id":"https:\/\/wp.kristdemokraterna.se\/nacka\/#website"},"datePublished":"2023-01-18T09:26:58+00:00","author":{"@id":"https:\/\/wp.kristdemokraterna.se\/nacka\/#\/schema\/person\/b48b358cf9875c27c3acdf1c8d2fc8f1"},"breadcrumb":{"@id":"https:\/\/wp.kristdemokraterna.se\/nacka\/medborgarforslag-handlar-om-politiskt-inflytande-mellan-valen\/#breadcrumb"},"inLanguage":"sv-SE","potentialAction":[{"@type":"ReadAction","target":["https:\/\/wp.kristdemokraterna.se\/nacka\/medborgarforslag-handlar-om-politiskt-inflytande-mellan-valen\/"]}]},{"@type":"BreadcrumbList","@id":"https:\/\/wp.kristdemokraterna.se\/nacka\/medborgarforslag-handlar-om-politiskt-inflytande-mellan-valen\/#breadcrumb","itemListElement":[{"@type":"ListItem","position":1,"name":"Hem","item":"https:\/\/wp.kristdemokraterna.se\/nacka\/"},{"@type":"ListItem","position":2,"name":"Medborgarf\u00f6rslag handlar om politiskt inflytande mellan valen"}]},{"@type":"WebSite","@id":"https:\/\/wp.kristdemokraterna.se\/nacka\/#website","url":"https:\/\/wp.kristdemokraterna.se\/nacka\/","name":"Kristdemokraterna i Nacka","description":"Vi \u00e4r hj\u00e4rtat till h\u00f6ger","inLanguage":"sv-SE"},{"@type":"Person","@id":"https:\/\/wp.kristdemokraterna.se\/nacka\/#\/schema\/person\/b48b358cf9875c27c3acdf1c8d2fc8f1","name":"Henrik Lindberg","image":{"@type":"ImageObject","inLanguage":"sv-SE","@id":"https:\/\/secure.gravatar.com\/avatar\/497ef276c180208a266e066d54f9bc20528edb9b95adda3de62b2fe05abf6405?s=96&d=mm&r=g","url":"https:\/\/secure.gravatar.com\/avatar\/497ef276c180208a266e066d54f9bc20528edb9b95adda3de62b2fe05abf6405?s=96&d=mm&r=g","contentUrl":"https:\/\/secure.gravatar.com\/avatar\/497ef276c180208a266e066d54f9bc20528edb9b95adda3de62b2fe05abf6405?s=96&d=mm&r=g","caption":"Henrik Lindberg"},"url":"https:\/\/wp.kristdemokraterna.se\/nacka\/author\/henriknacka\/"}]}},"_links":{"self":[{"href":"https:\/\/wp.kristdemokraterna.se\/nacka\/wp-json\/wp\/v2\/posts\/1004","targetHints":{"allow":["GET"]}}],"collection":[{"href":"https:\/\/wp.kristdemokraterna.se\/nacka\/wp-json\/wp\/v2\/posts"}],"about":[{"href":"https:\/\/wp.kristdemokraterna.se\/nacka\/wp-json\/wp\/v2\/types\/post"}],"author":[{"embeddable":true,"href":"https:\/\/wp.kristdemokraterna.se\/nacka\/wp-json\/wp\/v2\/users\/1020"}],"replies":[{"embeddable":true,"href":"https:\/\/wp.kristdemokraterna.se\/nacka\/wp-json\/wp\/v2\/comments?post=1004"}],"version-history":[{"count":3,"href":"https:\/\/wp.kristdemokraterna.se\/nacka\/wp-json\/wp\/v2\/posts\/1004\/revisions"}],"predecessor-version":[{"id":1007,"href":"https:\/\/wp.kristdemokraterna.se\/nacka\/wp-json\/wp\/v2\/posts\/1004\/revisions\/1007"}],"wp:attachment":[{"href":"https:\/\/wp.kristdemokraterna.se\/nacka\/wp-json\/wp\/v2\/media?parent=1004"}],"wp:term":[{"taxonomy":"category","embeddable":true,"href":"https:\/\/wp.kristdemokraterna.se\/nacka\/wp-json\/wp\/v2\/categories?post=1004"},{"taxonomy":"post_tag","embeddable":true,"href":"https:\/\/wp.kristdemokraterna.se\/nacka\/wp-json\/wp\/v2\/tags?post=1004"}],"curies":[{"name":"wp","href":"https:\/\/api.w.org\/{rel}","templated":true}]}}