{"id":1012,"date":"2023-01-20T14:16:42","date_gmt":"2023-01-20T13:16:42","guid":{"rendered":"https:\/\/wp.kristdemokraterna.se\/nacka\/?p=1012"},"modified":"2023-01-20T14:17:00","modified_gmt":"2023-01-20T13:17:00","slug":"bra-blir-battre","status":"publish","type":"post","link":"https:\/\/wp.kristdemokraterna.se\/nacka\/bra-blir-battre\/","title":{"rendered":"Bra blir b\u00e4ttre"},"content":{"rendered":"<p><a href=\"https:\/\/wp.kristdemokraterna.se\/nacka\/files\/2022\/04\/nacka-under-bla-300dpi.png\"><img loading=\"lazy\" decoding=\"async\" class=\"size-medium wp-image-656 aligncenter\" src=\"https:\/\/wp.kristdemokraterna.se\/nacka\/files\/2022\/04\/nacka-under-bla-300dpi-211x300.png\" alt=\"\" width=\"211\" height=\"300\" srcset=\"https:\/\/wp.kristdemokraterna.se\/nacka\/files\/2022\/04\/nacka-under-bla-300dpi-211x300.png 211w, https:\/\/wp.kristdemokraterna.se\/nacka\/files\/2022\/04\/nacka-under-bla-300dpi-141x200.png 141w, https:\/\/wp.kristdemokraterna.se\/nacka\/files\/2022\/04\/nacka-under-bla-300dpi-370x525.png 370w, https:\/\/wp.kristdemokraterna.se\/nacka\/files\/2022\/04\/nacka-under-bla-300dpi-450x639.png 450w, https:\/\/wp.kristdemokraterna.se\/nacka\/files\/2022\/04\/nacka-under-bla-300dpi-280x398.png 280w, https:\/\/wp.kristdemokraterna.se\/nacka\/files\/2022\/04\/nacka-under-bla-300dpi-340x483.png 340w, https:\/\/wp.kristdemokraterna.se\/nacka\/files\/2022\/04\/nacka-under-bla-300dpi-39x56.png 39w, https:\/\/wp.kristdemokraterna.se\/nacka\/files\/2022\/04\/nacka-under-bla-300dpi.png 681w\" sizes=\"auto, (max-width: 211px) 100vw, 211px\" \/><\/a><\/p>\n<p><em>Att st\u00e4ndigt str\u00e4va efter att bli lite b\u00e4ttre p\u00e5 det vi g\u00f6r, att respektera alla m\u00e4nniskors f\u00f6rm\u00e5ga och vilja, och att aldrig gl\u00f6mma att det \u00e4r medborgarnas pengar och f\u00f6rtroende vi f\u00f6rvaltar ger resultat. 2022 var Nackaborna \u00e4n mer n\u00f6jda med sin kommun \u00e4n tidigare!<\/em><\/p>\n<p>F\u00f6r den som lyssnade till f\u00f6rra \u00e5rets valr\u00f6relse var det s\u00e4kert l\u00e4tt att f\u00e5 intrycket av att det mesta var fel i vr\u00e5 k\u00e4ra kommun, och att vi som suttit vid makten inte sk\u00f6tt den s\u00e5 v\u00e4l. Men vi Kristdemokrater var fortsatt \u00f6vertygade om det inte var vad de allra flest tycker \u2013 h\u00e4lsan tiger still. Nu har \u00e5rets upplaga av Statistiska Centralbyr\u00e5ns medborgarunders\u00f6kning kommit, och det visare sig att vi var r\u00e4tt ute. Med hj\u00e4lp av v\u00e5ra v\u00e4nner i Alliansen driver vi Nacka fram\u00e5t p\u00e5 ett f\u00f6rnuftigt och l\u00e5ngsiktigt s\u00e4tt, och det ger utdelning. Visst \u00e4r den snabba utvecklingen n\u00e4r Nacka bygger stad tidvis p\u00e5frestande, men n\u00e4r nu delar av projekten b\u00f6rjar bli klara \u00e4r det allt fler som ser att det kommer bli riktigt bra! Mitt i denna frenetiska utveckling uppr\u00e4tth\u00e5ller vi den h\u00f6ga kvaliteten p\u00e5 v\u00e5ra skolor och v\u00e5r \u00e4ldreomsorg, samtidigt som vi har Sveriges b\u00e4st utbyggda valfrihet. Resultatet visar att det l\u00f6nar sig att lita p\u00e5 medborgarnas vilja och f\u00f6rm\u00e5ga att forma sina egna liv!<\/p>\n<p>I SCBs stora medborgarunders\u00f6kning visar det sig att hela 39 av 40 Nackabor tycker att kommen \u00e4r en bra del av Sverige att bo i. 97,5% \u00e4r en sm\u00e4rre uppg\u00e5ng fr\u00e5n f\u00f6rra \u00e5rets 96,9%, och motsvarar en uppg\u00e5ng fr\u00e5n 19:e till 11:e plats i landet. Nackabor av alla kategorier \u00e4r n\u00f6jda, och mest n\u00f6jda \u00e4r kvinnor och familjer i sm\u00e5barns\u00e5ldern.<\/p>\n","protected":false},"excerpt":{"rendered":"<p>Att st\u00e4ndigt str\u00e4va efter att bli lite b\u00e4ttre p\u00e5 det vi g\u00f6r, att respektera alla m\u00e4nniskors f\u00f6rm\u00e5ga och vilja, och att aldrig gl\u00f6mma att det \u00e4r medborgarnas pengar och f\u00f6rtroende vi f\u00f6rvaltar ger resultat. 2022 var Nackaborna \u00e4n mer n\u00f6jda med sin kommun \u00e4n tidigare! F\u00f6r den som lyssnade till f\u00f6rra \u00e5rets valr\u00f6relse var det <a class=\"read-more-link\" href=\"https:\/\/wp.kristdemokraterna.se\/nacka\/bra-blir-battre\/\">L\u00e4s mer<\/a><\/p>\n","protected":false},"author":789,"featured_media":0,"comment_status":"closed","ping_status":"closed","sticky":false,"template":"","format":"standard","meta":{"_acf_changed":false,"footnotes":""},"categories":[4],"tags":[],"class_list":["post-1012","post","type-post","status-publish","format-standard","hentry","category-i-kommunen"],"acf":[],"yoast_head":"<!-- This site is optimized with the Yoast SEO plugin v27.4 - https:\/\/yoast.com\/product\/yoast-seo-wordpress\/ -->\n<title>Bra blir b\u00e4ttre - Kristdemokraterna i Nacka<\/title>\n<meta name=\"robots\" content=\"index, follow, max-snippet:-1, max-image-preview:large, max-video-preview:-1\" \/>\n<link rel=\"canonical\" href=\"https:\/\/wp.kristdemokraterna.se\/nacka\/bra-blir-battre\/\" \/>\n<meta property=\"og:locale\" content=\"sv_SE\" \/>\n<meta property=\"og:type\" content=\"article\" \/>\n<meta property=\"og:title\" content=\"Bra blir b\u00e4ttre - Kristdemokraterna i Nacka\" \/>\n<meta property=\"og:description\" content=\"Att st\u00e4ndigt str\u00e4va efter att bli lite b\u00e4ttre p\u00e5 det vi g\u00f6r, att respektera alla m\u00e4nniskors f\u00f6rm\u00e5ga och vilja, och att aldrig gl\u00f6mma att det \u00e4r medborgarnas pengar och f\u00f6rtroende vi f\u00f6rvaltar ger resultat. 2022 var Nackaborna \u00e4n mer n\u00f6jda med sin kommun \u00e4n tidigare! F\u00f6r den som lyssnade till f\u00f6rra \u00e5rets valr\u00f6relse var det L\u00e4s mer\" \/>\n<meta property=\"og:url\" content=\"https:\/\/wp.kristdemokraterna.se\/nacka\/bra-blir-battre\/\" \/>\n<meta property=\"og:site_name\" content=\"Kristdemokraterna i Nacka\" \/>\n<meta property=\"article:published_time\" content=\"2023-01-20T13:16:42+00:00\" \/>\n<meta property=\"article:modified_time\" content=\"2023-01-20T13:17:00+00:00\" \/>\n<meta property=\"og:image\" content=\"http:\/\/wp.kristdemokraterna.se\/nacka\/files\/2022\/04\/nacka-under-bla-300dpi-211x300.png\" \/>\n<meta name=\"author\" content=\"Martin Gunnesson\" \/>\n<meta name=\"twitter:card\" content=\"summary_large_image\" \/>\n<meta name=\"twitter:label1\" content=\"Skriven av\" \/>\n\t<meta name=\"twitter:data1\" content=\"Martin Gunnesson\" \/>\n\t<meta name=\"twitter:label2\" content=\"Ber\u00e4knad l\u00e4stid\" \/>\n\t<meta name=\"twitter:data2\" content=\"2 minuter\" \/>\n<script type=\"application\/ld+json\" class=\"yoast-schema-graph\">{\"@context\":\"https:\\\/\\\/schema.org\",\"@graph\":[{\"@type\":\"Article\",\"@id\":\"https:\\\/\\\/wp.kristdemokraterna.se\\\/nacka\\\/bra-blir-battre\\\/#article\",\"isPartOf\":{\"@id\":\"https:\\\/\\\/wp.kristdemokraterna.se\\\/nacka\\\/bra-blir-battre\\\/\"},\"author\":{\"name\":\"Martin Gunnesson\",\"@id\":\"https:\\\/\\\/wp.kristdemokraterna.se\\\/nacka\\\/#\\\/schema\\\/person\\\/1fe29fc42c2877f685d953476e2c9df3\"},\"headline\":\"Bra blir b\u00e4ttre\",\"datePublished\":\"2023-01-20T13:16:42+00:00\",\"dateModified\":\"2023-01-20T13:17:00+00:00\",\"mainEntityOfPage\":{\"@id\":\"https:\\\/\\\/wp.kristdemokraterna.se\\\/nacka\\\/bra-blir-battre\\\/\"},\"wordCount\":326,\"image\":{\"@id\":\"https:\\\/\\\/wp.kristdemokraterna.se\\\/nacka\\\/bra-blir-battre\\\/#primaryimage\"},\"thumbnailUrl\":\"http:\\\/\\\/wp.kristdemokraterna.se\\\/nacka\\\/files\\\/2022\\\/04\\\/nacka-under-bla-300dpi-211x300.png\",\"articleSection\":[\"I Kommunen\"],\"inLanguage\":\"sv-SE\"},{\"@type\":\"WebPage\",\"@id\":\"https:\\\/\\\/wp.kristdemokraterna.se\\\/nacka\\\/bra-blir-battre\\\/\",\"url\":\"https:\\\/\\\/wp.kristdemokraterna.se\\\/nacka\\\/bra-blir-battre\\\/\",\"name\":\"Bra blir b\u00e4ttre - Kristdemokraterna i Nacka\",\"isPartOf\":{\"@id\":\"https:\\\/\\\/wp.kristdemokraterna.se\\\/nacka\\\/#website\"},\"primaryImageOfPage\":{\"@id\":\"https:\\\/\\\/wp.kristdemokraterna.se\\\/nacka\\\/bra-blir-battre\\\/#primaryimage\"},\"image\":{\"@id\":\"https:\\\/\\\/wp.kristdemokraterna.se\\\/nacka\\\/bra-blir-battre\\\/#primaryimage\"},\"thumbnailUrl\":\"http:\\\/\\\/wp.kristdemokraterna.se\\\/nacka\\\/files\\\/2022\\\/04\\\/nacka-under-bla-300dpi-211x300.png\",\"datePublished\":\"2023-01-20T13:16:42+00:00\",\"dateModified\":\"2023-01-20T13:17:00+00:00\",\"author\":{\"@id\":\"https:\\\/\\\/wp.kristdemokraterna.se\\\/nacka\\\/#\\\/schema\\\/person\\\/1fe29fc42c2877f685d953476e2c9df3\"},\"breadcrumb\":{\"@id\":\"https:\\\/\\\/wp.kristdemokraterna.se\\\/nacka\\\/bra-blir-battre\\\/#breadcrumb\"},\"inLanguage\":\"sv-SE\",\"potentialAction\":[{\"@type\":\"ReadAction\",\"target\":[\"https:\\\/\\\/wp.kristdemokraterna.se\\\/nacka\\\/bra-blir-battre\\\/\"]}]},{\"@type\":\"ImageObject\",\"inLanguage\":\"sv-SE\",\"@id\":\"https:\\\/\\\/wp.kristdemokraterna.se\\\/nacka\\\/bra-blir-battre\\\/#primaryimage\",\"url\":\"http:\\\/\\\/wp.kristdemokraterna.se\\\/nacka\\\/files\\\/2022\\\/04\\\/nacka-under-bla-300dpi-211x300.png\",\"contentUrl\":\"http:\\\/\\\/wp.kristdemokraterna.se\\\/nacka\\\/files\\\/2022\\\/04\\\/nacka-under-bla-300dpi-211x300.png\"},{\"@type\":\"BreadcrumbList\",\"@id\":\"https:\\\/\\\/wp.kristdemokraterna.se\\\/nacka\\\/bra-blir-battre\\\/#breadcrumb\",\"itemListElement\":[{\"@type\":\"ListItem\",\"position\":1,\"name\":\"Hem\",\"item\":\"https:\\\/\\\/wp.kristdemokraterna.se\\\/nacka\\\/\"},{\"@type\":\"ListItem\",\"position\":2,\"name\":\"Bra blir b\u00e4ttre\"}]},{\"@type\":\"WebSite\",\"@id\":\"https:\\\/\\\/wp.kristdemokraterna.se\\\/nacka\\\/#website\",\"url\":\"https:\\\/\\\/wp.kristdemokraterna.se\\\/nacka\\\/\",\"name\":\"Kristdemokraterna i Nacka\",\"description\":\"Vi \u00e4r hj\u00e4rtat till h\u00f6ger\",\"inLanguage\":\"sv-SE\"},{\"@type\":\"Person\",\"@id\":\"https:\\\/\\\/wp.kristdemokraterna.se\\\/nacka\\\/#\\\/schema\\\/person\\\/1fe29fc42c2877f685d953476e2c9df3\",\"name\":\"Martin Gunnesson\",\"image\":{\"@type\":\"ImageObject\",\"inLanguage\":\"sv-SE\",\"@id\":\"https:\\\/\\\/secure.gravatar.com\\\/avatar\\\/4a1c8981eae86754728f44bfabd3a53691f3916980281974fe783d97d2fbb7b7?s=96&d=mm&r=g\",\"url\":\"https:\\\/\\\/secure.gravatar.com\\\/avatar\\\/4a1c8981eae86754728f44bfabd3a53691f3916980281974fe783d97d2fbb7b7?s=96&d=mm&r=g\",\"contentUrl\":\"https:\\\/\\\/secure.gravatar.com\\\/avatar\\\/4a1c8981eae86754728f44bfabd3a53691f3916980281974fe783d97d2fbb7b7?s=96&d=mm&r=g\",\"caption\":\"Martin Gunnesson\"},\"description\":\"Ordf\u00f6rande f\u00f6r Kristdemokraterna Nacka.\",\"url\":\"https:\\\/\\\/wp.kristdemokraterna.se\\\/nacka\\\/author\\\/nacka1\\\/\"}]}<\/script>\n<!-- \/ Yoast SEO plugin. -->","yoast_head_json":{"title":"Bra blir b\u00e4ttre - Kristdemokraterna i Nacka","robots":{"index":"index","follow":"follow","max-snippet":"max-snippet:-1","max-image-preview":"max-image-preview:large","max-video-preview":"max-video-preview:-1"},"canonical":"https:\/\/wp.kristdemokraterna.se\/nacka\/bra-blir-battre\/","og_locale":"sv_SE","og_type":"article","og_title":"Bra blir b\u00e4ttre - Kristdemokraterna i Nacka","og_description":"Att st\u00e4ndigt str\u00e4va efter att bli lite b\u00e4ttre p\u00e5 det vi g\u00f6r, att respektera alla m\u00e4nniskors f\u00f6rm\u00e5ga och vilja, och att aldrig gl\u00f6mma att det \u00e4r medborgarnas pengar och f\u00f6rtroende vi f\u00f6rvaltar ger resultat. 2022 var Nackaborna \u00e4n mer n\u00f6jda med sin kommun \u00e4n tidigare! F\u00f6r den som lyssnade till f\u00f6rra \u00e5rets valr\u00f6relse var det L\u00e4s mer","og_url":"https:\/\/wp.kristdemokraterna.se\/nacka\/bra-blir-battre\/","og_site_name":"Kristdemokraterna i Nacka","article_published_time":"2023-01-20T13:16:42+00:00","article_modified_time":"2023-01-20T13:17:00+00:00","og_image":[{"url":"http:\/\/wp.kristdemokraterna.se\/nacka\/files\/2022\/04\/nacka-under-bla-300dpi-211x300.png","type":"","width":"","height":""}],"author":"Martin Gunnesson","twitter_card":"summary_large_image","twitter_misc":{"Skriven av":"Martin Gunnesson","Ber\u00e4knad l\u00e4stid":"2 minuter"},"schema":{"@context":"https:\/\/schema.org","@graph":[{"@type":"Article","@id":"https:\/\/wp.kristdemokraterna.se\/nacka\/bra-blir-battre\/#article","isPartOf":{"@id":"https:\/\/wp.kristdemokraterna.se\/nacka\/bra-blir-battre\/"},"author":{"name":"Martin Gunnesson","@id":"https:\/\/wp.kristdemokraterna.se\/nacka\/#\/schema\/person\/1fe29fc42c2877f685d953476e2c9df3"},"headline":"Bra blir b\u00e4ttre","datePublished":"2023-01-20T13:16:42+00:00","dateModified":"2023-01-20T13:17:00+00:00","mainEntityOfPage":{"@id":"https:\/\/wp.kristdemokraterna.se\/nacka\/bra-blir-battre\/"},"wordCount":326,"image":{"@id":"https:\/\/wp.kristdemokraterna.se\/nacka\/bra-blir-battre\/#primaryimage"},"thumbnailUrl":"http:\/\/wp.kristdemokraterna.se\/nacka\/files\/2022\/04\/nacka-under-bla-300dpi-211x300.png","articleSection":["I Kommunen"],"inLanguage":"sv-SE"},{"@type":"WebPage","@id":"https:\/\/wp.kristdemokraterna.se\/nacka\/bra-blir-battre\/","url":"https:\/\/wp.kristdemokraterna.se\/nacka\/bra-blir-battre\/","name":"Bra blir b\u00e4ttre - Kristdemokraterna i Nacka","isPartOf":{"@id":"https:\/\/wp.kristdemokraterna.se\/nacka\/#website"},"primaryImageOfPage":{"@id":"https:\/\/wp.kristdemokraterna.se\/nacka\/bra-blir-battre\/#primaryimage"},"image":{"@id":"https:\/\/wp.kristdemokraterna.se\/nacka\/bra-blir-battre\/#primaryimage"},"thumbnailUrl":"http:\/\/wp.kristdemokraterna.se\/nacka\/files\/2022\/04\/nacka-under-bla-300dpi-211x300.png","datePublished":"2023-01-20T13:16:42+00:00","dateModified":"2023-01-20T13:17:00+00:00","author":{"@id":"https:\/\/wp.kristdemokraterna.se\/nacka\/#\/schema\/person\/1fe29fc42c2877f685d953476e2c9df3"},"breadcrumb":{"@id":"https:\/\/wp.kristdemokraterna.se\/nacka\/bra-blir-battre\/#breadcrumb"},"inLanguage":"sv-SE","potentialAction":[{"@type":"ReadAction","target":["https:\/\/wp.kristdemokraterna.se\/nacka\/bra-blir-battre\/"]}]},{"@type":"ImageObject","inLanguage":"sv-SE","@id":"https:\/\/wp.kristdemokraterna.se\/nacka\/bra-blir-battre\/#primaryimage","url":"http:\/\/wp.kristdemokraterna.se\/nacka\/files\/2022\/04\/nacka-under-bla-300dpi-211x300.png","contentUrl":"http:\/\/wp.kristdemokraterna.se\/nacka\/files\/2022\/04\/nacka-under-bla-300dpi-211x300.png"},{"@type":"BreadcrumbList","@id":"https:\/\/wp.kristdemokraterna.se\/nacka\/bra-blir-battre\/#breadcrumb","itemListElement":[{"@type":"ListItem","position":1,"name":"Hem","item":"https:\/\/wp.kristdemokraterna.se\/nacka\/"},{"@type":"ListItem","position":2,"name":"Bra blir b\u00e4ttre"}]},{"@type":"WebSite","@id":"https:\/\/wp.kristdemokraterna.se\/nacka\/#website","url":"https:\/\/wp.kristdemokraterna.se\/nacka\/","name":"Kristdemokraterna i Nacka","description":"Vi \u00e4r hj\u00e4rtat till h\u00f6ger","inLanguage":"sv-SE"},{"@type":"Person","@id":"https:\/\/wp.kristdemokraterna.se\/nacka\/#\/schema\/person\/1fe29fc42c2877f685d953476e2c9df3","name":"Martin Gunnesson","image":{"@type":"ImageObject","inLanguage":"sv-SE","@id":"https:\/\/secure.gravatar.com\/avatar\/4a1c8981eae86754728f44bfabd3a53691f3916980281974fe783d97d2fbb7b7?s=96&d=mm&r=g","url":"https:\/\/secure.gravatar.com\/avatar\/4a1c8981eae86754728f44bfabd3a53691f3916980281974fe783d97d2fbb7b7?s=96&d=mm&r=g","contentUrl":"https:\/\/secure.gravatar.com\/avatar\/4a1c8981eae86754728f44bfabd3a53691f3916980281974fe783d97d2fbb7b7?s=96&d=mm&r=g","caption":"Martin Gunnesson"},"description":"Ordf\u00f6rande f\u00f6r Kristdemokraterna Nacka.","url":"https:\/\/wp.kristdemokraterna.se\/nacka\/author\/nacka1\/"}]}},"_links":{"self":[{"href":"https:\/\/wp.kristdemokraterna.se\/nacka\/wp-json\/wp\/v2\/posts\/1012","targetHints":{"allow":["GET"]}}],"collection":[{"href":"https:\/\/wp.kristdemokraterna.se\/nacka\/wp-json\/wp\/v2\/posts"}],"about":[{"href":"https:\/\/wp.kristdemokraterna.se\/nacka\/wp-json\/wp\/v2\/types\/post"}],"author":[{"embeddable":true,"href":"https:\/\/wp.kristdemokraterna.se\/nacka\/wp-json\/wp\/v2\/users\/789"}],"replies":[{"embeddable":true,"href":"https:\/\/wp.kristdemokraterna.se\/nacka\/wp-json\/wp\/v2\/comments?post=1012"}],"version-history":[{"count":2,"href":"https:\/\/wp.kristdemokraterna.se\/nacka\/wp-json\/wp\/v2\/posts\/1012\/revisions"}],"predecessor-version":[{"id":1014,"href":"https:\/\/wp.kristdemokraterna.se\/nacka\/wp-json\/wp\/v2\/posts\/1012\/revisions\/1014"}],"wp:attachment":[{"href":"https:\/\/wp.kristdemokraterna.se\/nacka\/wp-json\/wp\/v2\/media?parent=1012"}],"wp:term":[{"taxonomy":"category","embeddable":true,"href":"https:\/\/wp.kristdemokraterna.se\/nacka\/wp-json\/wp\/v2\/categories?post=1012"},{"taxonomy":"post_tag","embeddable":true,"href":"https:\/\/wp.kristdemokraterna.se\/nacka\/wp-json\/wp\/v2\/tags?post=1012"}],"curies":[{"name":"wp","href":"https:\/\/api.w.org\/{rel}","templated":true}]}}