{"id":1015,"date":"2023-01-20T16:25:33","date_gmt":"2023-01-20T15:25:33","guid":{"rendered":"https:\/\/wp.kristdemokraterna.se\/nacka\/?p=1015"},"modified":"2023-01-20T16:25:33","modified_gmt":"2023-01-20T15:25:33","slug":"nackas-beredskap-skall-vara-god","status":"publish","type":"post","link":"https:\/\/wp.kristdemokraterna.se\/nacka\/nackas-beredskap-skall-vara-god\/","title":{"rendered":"Nackas beredskap skall vara god"},"content":{"rendered":"<p><em>\u00c4r du beredd bredda arbetet med beredskap? D\u00e5 har Nacka Beredningen f\u00f6r dig! Den heter Beredningen f\u00f6r Beredskap (BB), och det \u00e4r vi som leder den!<\/em><\/p>\n<p>Ja, det \u00e4r ett otympligt namn, och ja, denna ingress kan tyckas lite oseri\u00f6s, men det intrycket \u00e4r bedr\u00e4gligt. L\u00e4get i v\u00e5r omv\u00e4rld \u00e4r allvarligt, och har utvecklats negativt p\u00e5 m\u00e5nga ledder under senare \u00e5r. Men inget ont som inte har n\u00e5got gott med sig &#8211; Putins anfallskrig p\u00e5 Ukraina har till slut f\u00e5tt Sverige att p\u00e5 allvar \u00e4ndra kurs i fr\u00e5gor om det milit\u00e4ra f\u00f6rsvaret av v\u00e5rt land, och av behovet att vi alla rustar oss f\u00f6r h\u00e4ndelser som vi alla helst skulle slippa f\u00f6rest\u00e4lla oss. Vi drev, som enda parti, denna fr\u00e5ga i valr\u00f6relsen, och nu b\u00e4r det arbetet frukt. Kommunstyrelsen tills\u00e4tter en beredning f\u00f6r att arbeta fram de politiska insatser som beh\u00f6vs f\u00f6r att st\u00e4rka Nackas resilliens mot katastrofer, s\u00e5 v\u00e4l antagonistiska som naturliga, och det \u00e4r vi som f\u00e5r uppdraget att leda den.<\/p>\n<p>Beredningen f\u00f6r Beredskap best\u00e5r av representanter f\u00f6r \u00e5tta av Nackas partier, och leds av KDs ordf\u00f6rande Martin Gunnesson. Kommunen har m\u00e5nga ansvarsomr\u00e5den n\u00e4r det g\u00e4ller beredskap, och m\u00e5nga styrs av regering och lagar. Arbetet med att dessa omr\u00e5den \u00e4r i full g\u00e5ng, och har idogt drivits av v\u00e5ra tj\u00e4nstem\u00e4n under det senaste \u00e5ret. Men vissa delar av det \u00e4r politiska fr\u00e5gor \u2013 hur skall vi prioritera bland kommunens uppgifter i h\u00e4ndelse av h\u00f6gsta beredskap, exempelvis? At t\u00e4nka igenom och l\u00f6sa s\u00e5dana fr\u00e5gor innan skarpt l\u00e4ge uppst\u00e5r \u00e4r vad denna beredning skall g\u00f6ra.<\/p>\n<p>\u201dDet \u00e4r en uppgift jag tar p\u00e5 mycket stort allvar, och som jag hoppas skall kunna genomf\u00f6ras i samf\u00f6rst\u00e5nd mellan alla partier.\u201d s\u00e4ger Martin.<\/p>\n","protected":false},"excerpt":{"rendered":"<p>\u00c4r du beredd bredda arbetet med beredskap? D\u00e5 har Nacka Beredningen f\u00f6r dig! Den heter Beredningen f\u00f6r Beredskap (BB), och det \u00e4r vi som leder den! Ja, det \u00e4r ett otympligt namn, och ja, denna ingress kan tyckas lite oseri\u00f6s, men det intrycket \u00e4r bedr\u00e4gligt. L\u00e4get i v\u00e5r omv\u00e4rld \u00e4r allvarligt, och har utvecklats negativt <a class=\"read-more-link\" href=\"https:\/\/wp.kristdemokraterna.se\/nacka\/nackas-beredskap-skall-vara-god\/\">L\u00e4s mer<\/a><\/p>\n","protected":false},"author":789,"featured_media":0,"comment_status":"closed","ping_status":"closed","sticky":false,"template":"","format":"standard","meta":{"_acf_changed":false,"footnotes":""},"categories":[16,4],"tags":[],"class_list":["post-1015","post","type-post","status-publish","format-standard","hentry","category-civilt-forsvar","category-i-kommunen"],"acf":[],"yoast_head":"<!-- This site is optimized with the Yoast SEO plugin v27.4 - https:\/\/yoast.com\/product\/yoast-seo-wordpress\/ -->\n<title>Nackas beredskap skall vara god - Kristdemokraterna i Nacka<\/title>\n<meta name=\"robots\" content=\"index, follow, max-snippet:-1, max-image-preview:large, max-video-preview:-1\" \/>\n<link rel=\"canonical\" href=\"https:\/\/wp.kristdemokraterna.se\/nacka\/nackas-beredskap-skall-vara-god\/\" \/>\n<meta property=\"og:locale\" content=\"sv_SE\" \/>\n<meta property=\"og:type\" content=\"article\" \/>\n<meta property=\"og:title\" content=\"Nackas beredskap skall vara god - Kristdemokraterna i Nacka\" \/>\n<meta property=\"og:description\" content=\"\u00c4r du beredd bredda arbetet med beredskap? D\u00e5 har Nacka Beredningen f\u00f6r dig! Den heter Beredningen f\u00f6r Beredskap (BB), och det \u00e4r vi som leder den! Ja, det \u00e4r ett otympligt namn, och ja, denna ingress kan tyckas lite oseri\u00f6s, men det intrycket \u00e4r bedr\u00e4gligt. L\u00e4get i v\u00e5r omv\u00e4rld \u00e4r allvarligt, och har utvecklats negativt L\u00e4s mer\" \/>\n<meta property=\"og:url\" content=\"https:\/\/wp.kristdemokraterna.se\/nacka\/nackas-beredskap-skall-vara-god\/\" \/>\n<meta property=\"og:site_name\" content=\"Kristdemokraterna i Nacka\" \/>\n<meta property=\"article:published_time\" content=\"2023-01-20T15:25:33+00:00\" \/>\n<meta name=\"author\" content=\"Martin Gunnesson\" \/>\n<meta name=\"twitter:card\" content=\"summary_large_image\" \/>\n<meta name=\"twitter:label1\" content=\"Skriven av\" \/>\n\t<meta name=\"twitter:data1\" content=\"Martin Gunnesson\" \/>\n\t<meta name=\"twitter:label2\" content=\"Ber\u00e4knad l\u00e4stid\" \/>\n\t<meta name=\"twitter:data2\" content=\"2 minuter\" \/>\n<script type=\"application\/ld+json\" class=\"yoast-schema-graph\">{\"@context\":\"https:\\\/\\\/schema.org\",\"@graph\":[{\"@type\":\"Article\",\"@id\":\"https:\\\/\\\/wp.kristdemokraterna.se\\\/nacka\\\/nackas-beredskap-skall-vara-god\\\/#article\",\"isPartOf\":{\"@id\":\"https:\\\/\\\/wp.kristdemokraterna.se\\\/nacka\\\/nackas-beredskap-skall-vara-god\\\/\"},\"author\":{\"name\":\"Martin Gunnesson\",\"@id\":\"https:\\\/\\\/wp.kristdemokraterna.se\\\/nacka\\\/#\\\/schema\\\/person\\\/1fe29fc42c2877f685d953476e2c9df3\"},\"headline\":\"Nackas beredskap skall vara god\",\"datePublished\":\"2023-01-20T15:25:33+00:00\",\"mainEntityOfPage\":{\"@id\":\"https:\\\/\\\/wp.kristdemokraterna.se\\\/nacka\\\/nackas-beredskap-skall-vara-god\\\/\"},\"wordCount\":339,\"articleSection\":[\"Civilt f\u00f6rsvar\",\"I Kommunen\"],\"inLanguage\":\"sv-SE\"},{\"@type\":\"WebPage\",\"@id\":\"https:\\\/\\\/wp.kristdemokraterna.se\\\/nacka\\\/nackas-beredskap-skall-vara-god\\\/\",\"url\":\"https:\\\/\\\/wp.kristdemokraterna.se\\\/nacka\\\/nackas-beredskap-skall-vara-god\\\/\",\"name\":\"Nackas beredskap skall vara god - Kristdemokraterna i Nacka\",\"isPartOf\":{\"@id\":\"https:\\\/\\\/wp.kristdemokraterna.se\\\/nacka\\\/#website\"},\"datePublished\":\"2023-01-20T15:25:33+00:00\",\"author\":{\"@id\":\"https:\\\/\\\/wp.kristdemokraterna.se\\\/nacka\\\/#\\\/schema\\\/person\\\/1fe29fc42c2877f685d953476e2c9df3\"},\"breadcrumb\":{\"@id\":\"https:\\\/\\\/wp.kristdemokraterna.se\\\/nacka\\\/nackas-beredskap-skall-vara-god\\\/#breadcrumb\"},\"inLanguage\":\"sv-SE\",\"potentialAction\":[{\"@type\":\"ReadAction\",\"target\":[\"https:\\\/\\\/wp.kristdemokraterna.se\\\/nacka\\\/nackas-beredskap-skall-vara-god\\\/\"]}]},{\"@type\":\"BreadcrumbList\",\"@id\":\"https:\\\/\\\/wp.kristdemokraterna.se\\\/nacka\\\/nackas-beredskap-skall-vara-god\\\/#breadcrumb\",\"itemListElement\":[{\"@type\":\"ListItem\",\"position\":1,\"name\":\"Hem\",\"item\":\"https:\\\/\\\/wp.kristdemokraterna.se\\\/nacka\\\/\"},{\"@type\":\"ListItem\",\"position\":2,\"name\":\"Nackas beredskap skall vara god\"}]},{\"@type\":\"WebSite\",\"@id\":\"https:\\\/\\\/wp.kristdemokraterna.se\\\/nacka\\\/#website\",\"url\":\"https:\\\/\\\/wp.kristdemokraterna.se\\\/nacka\\\/\",\"name\":\"Kristdemokraterna i Nacka\",\"description\":\"Vi \u00e4r hj\u00e4rtat till h\u00f6ger\",\"inLanguage\":\"sv-SE\"},{\"@type\":\"Person\",\"@id\":\"https:\\\/\\\/wp.kristdemokraterna.se\\\/nacka\\\/#\\\/schema\\\/person\\\/1fe29fc42c2877f685d953476e2c9df3\",\"name\":\"Martin Gunnesson\",\"image\":{\"@type\":\"ImageObject\",\"inLanguage\":\"sv-SE\",\"@id\":\"https:\\\/\\\/secure.gravatar.com\\\/avatar\\\/4a1c8981eae86754728f44bfabd3a53691f3916980281974fe783d97d2fbb7b7?s=96&d=mm&r=g\",\"url\":\"https:\\\/\\\/secure.gravatar.com\\\/avatar\\\/4a1c8981eae86754728f44bfabd3a53691f3916980281974fe783d97d2fbb7b7?s=96&d=mm&r=g\",\"contentUrl\":\"https:\\\/\\\/secure.gravatar.com\\\/avatar\\\/4a1c8981eae86754728f44bfabd3a53691f3916980281974fe783d97d2fbb7b7?s=96&d=mm&r=g\",\"caption\":\"Martin Gunnesson\"},\"description\":\"Ordf\u00f6rande f\u00f6r Kristdemokraterna Nacka.\",\"url\":\"https:\\\/\\\/wp.kristdemokraterna.se\\\/nacka\\\/author\\\/nacka1\\\/\"}]}<\/script>\n<!-- \/ Yoast SEO plugin. -->","yoast_head_json":{"title":"Nackas beredskap skall vara god - Kristdemokraterna i Nacka","robots":{"index":"index","follow":"follow","max-snippet":"max-snippet:-1","max-image-preview":"max-image-preview:large","max-video-preview":"max-video-preview:-1"},"canonical":"https:\/\/wp.kristdemokraterna.se\/nacka\/nackas-beredskap-skall-vara-god\/","og_locale":"sv_SE","og_type":"article","og_title":"Nackas beredskap skall vara god - Kristdemokraterna i Nacka","og_description":"\u00c4r du beredd bredda arbetet med beredskap? D\u00e5 har Nacka Beredningen f\u00f6r dig! Den heter Beredningen f\u00f6r Beredskap (BB), och det \u00e4r vi som leder den! Ja, det \u00e4r ett otympligt namn, och ja, denna ingress kan tyckas lite oseri\u00f6s, men det intrycket \u00e4r bedr\u00e4gligt. L\u00e4get i v\u00e5r omv\u00e4rld \u00e4r allvarligt, och har utvecklats negativt L\u00e4s mer","og_url":"https:\/\/wp.kristdemokraterna.se\/nacka\/nackas-beredskap-skall-vara-god\/","og_site_name":"Kristdemokraterna i Nacka","article_published_time":"2023-01-20T15:25:33+00:00","author":"Martin Gunnesson","twitter_card":"summary_large_image","twitter_misc":{"Skriven av":"Martin Gunnesson","Ber\u00e4knad l\u00e4stid":"2 minuter"},"schema":{"@context":"https:\/\/schema.org","@graph":[{"@type":"Article","@id":"https:\/\/wp.kristdemokraterna.se\/nacka\/nackas-beredskap-skall-vara-god\/#article","isPartOf":{"@id":"https:\/\/wp.kristdemokraterna.se\/nacka\/nackas-beredskap-skall-vara-god\/"},"author":{"name":"Martin Gunnesson","@id":"https:\/\/wp.kristdemokraterna.se\/nacka\/#\/schema\/person\/1fe29fc42c2877f685d953476e2c9df3"},"headline":"Nackas beredskap skall vara god","datePublished":"2023-01-20T15:25:33+00:00","mainEntityOfPage":{"@id":"https:\/\/wp.kristdemokraterna.se\/nacka\/nackas-beredskap-skall-vara-god\/"},"wordCount":339,"articleSection":["Civilt f\u00f6rsvar","I Kommunen"],"inLanguage":"sv-SE"},{"@type":"WebPage","@id":"https:\/\/wp.kristdemokraterna.se\/nacka\/nackas-beredskap-skall-vara-god\/","url":"https:\/\/wp.kristdemokraterna.se\/nacka\/nackas-beredskap-skall-vara-god\/","name":"Nackas beredskap skall vara god - Kristdemokraterna i Nacka","isPartOf":{"@id":"https:\/\/wp.kristdemokraterna.se\/nacka\/#website"},"datePublished":"2023-01-20T15:25:33+00:00","author":{"@id":"https:\/\/wp.kristdemokraterna.se\/nacka\/#\/schema\/person\/1fe29fc42c2877f685d953476e2c9df3"},"breadcrumb":{"@id":"https:\/\/wp.kristdemokraterna.se\/nacka\/nackas-beredskap-skall-vara-god\/#breadcrumb"},"inLanguage":"sv-SE","potentialAction":[{"@type":"ReadAction","target":["https:\/\/wp.kristdemokraterna.se\/nacka\/nackas-beredskap-skall-vara-god\/"]}]},{"@type":"BreadcrumbList","@id":"https:\/\/wp.kristdemokraterna.se\/nacka\/nackas-beredskap-skall-vara-god\/#breadcrumb","itemListElement":[{"@type":"ListItem","position":1,"name":"Hem","item":"https:\/\/wp.kristdemokraterna.se\/nacka\/"},{"@type":"ListItem","position":2,"name":"Nackas beredskap skall vara god"}]},{"@type":"WebSite","@id":"https:\/\/wp.kristdemokraterna.se\/nacka\/#website","url":"https:\/\/wp.kristdemokraterna.se\/nacka\/","name":"Kristdemokraterna i Nacka","description":"Vi \u00e4r hj\u00e4rtat till h\u00f6ger","inLanguage":"sv-SE"},{"@type":"Person","@id":"https:\/\/wp.kristdemokraterna.se\/nacka\/#\/schema\/person\/1fe29fc42c2877f685d953476e2c9df3","name":"Martin Gunnesson","image":{"@type":"ImageObject","inLanguage":"sv-SE","@id":"https:\/\/secure.gravatar.com\/avatar\/4a1c8981eae86754728f44bfabd3a53691f3916980281974fe783d97d2fbb7b7?s=96&d=mm&r=g","url":"https:\/\/secure.gravatar.com\/avatar\/4a1c8981eae86754728f44bfabd3a53691f3916980281974fe783d97d2fbb7b7?s=96&d=mm&r=g","contentUrl":"https:\/\/secure.gravatar.com\/avatar\/4a1c8981eae86754728f44bfabd3a53691f3916980281974fe783d97d2fbb7b7?s=96&d=mm&r=g","caption":"Martin Gunnesson"},"description":"Ordf\u00f6rande f\u00f6r Kristdemokraterna Nacka.","url":"https:\/\/wp.kristdemokraterna.se\/nacka\/author\/nacka1\/"}]}},"_links":{"self":[{"href":"https:\/\/wp.kristdemokraterna.se\/nacka\/wp-json\/wp\/v2\/posts\/1015","targetHints":{"allow":["GET"]}}],"collection":[{"href":"https:\/\/wp.kristdemokraterna.se\/nacka\/wp-json\/wp\/v2\/posts"}],"about":[{"href":"https:\/\/wp.kristdemokraterna.se\/nacka\/wp-json\/wp\/v2\/types\/post"}],"author":[{"embeddable":true,"href":"https:\/\/wp.kristdemokraterna.se\/nacka\/wp-json\/wp\/v2\/users\/789"}],"replies":[{"embeddable":true,"href":"https:\/\/wp.kristdemokraterna.se\/nacka\/wp-json\/wp\/v2\/comments?post=1015"}],"version-history":[{"count":1,"href":"https:\/\/wp.kristdemokraterna.se\/nacka\/wp-json\/wp\/v2\/posts\/1015\/revisions"}],"predecessor-version":[{"id":1016,"href":"https:\/\/wp.kristdemokraterna.se\/nacka\/wp-json\/wp\/v2\/posts\/1015\/revisions\/1016"}],"wp:attachment":[{"href":"https:\/\/wp.kristdemokraterna.se\/nacka\/wp-json\/wp\/v2\/media?parent=1015"}],"wp:term":[{"taxonomy":"category","embeddable":true,"href":"https:\/\/wp.kristdemokraterna.se\/nacka\/wp-json\/wp\/v2\/categories?post=1015"},{"taxonomy":"post_tag","embeddable":true,"href":"https:\/\/wp.kristdemokraterna.se\/nacka\/wp-json\/wp\/v2\/tags?post=1015"}],"curies":[{"name":"wp","href":"https:\/\/api.w.org\/{rel}","templated":true}]}}