{"id":1021,"date":"2023-02-24T09:15:56","date_gmt":"2023-02-24T08:15:56","guid":{"rendered":"https:\/\/wp.kristdemokraterna.se\/nacka\/?p=1021"},"modified":"2023-02-24T09:27:20","modified_gmt":"2023-02-24T08:27:20","slug":"ge-ukrainska-flyktingar-mojlighet-att-lasa-svenska","status":"publish","type":"post","link":"https:\/\/wp.kristdemokraterna.se\/nacka\/ge-ukrainska-flyktingar-mojlighet-att-lasa-svenska\/","title":{"rendered":"Ge ukrainska flyktingar m\u00f6jlighet att l\u00e4sa svenska!"},"content":{"rendered":"<p><em>Pressmeddelande fr\u00e5n Alliansen i Nacka<\/em><\/p>\n<h1><strong>Ge ukrainska flyktingar m\u00f6jlighet att l\u00e4sa svenska!<\/strong><\/h1>\n<p>&nbsp;<\/p>\n<p><strong>Den 24 februari 2022 \u00f6vergick Rysslands angrepp p\u00e5 Ukraina till en fullskalig invasion. M\u00e5nga ukrainare har flytt f\u00f6r sina liv och s\u00f6kt skydd i andra l\u00e4nder, fr\u00e4mst i Europa och m\u00e5nga i Sverige. I Nacka bor uppskattningsvis 600 ukrainska flyktingar, varav 50 barn som g\u00e5r i skolan. <\/strong><\/p>\n<p>&nbsp;<\/p>\n<p>De ukrainska flyktingarna omfattas av det sk massflyktsdirektivet, vilket inneb\u00e4r andra villkor \u00e4n f\u00f6r \u00f6vriga flyktingar och asyls\u00f6kande. Ukrainaflyktingarna kan f\u00e5 uppeh\u00e5llstillst\u00e5nd ett \u00e5r i taget, de f\u00e5r en dagers\u00e4ttning och kommunerna ordnar tillf\u00e4lligt boende f\u00f6r dem som beh\u00f6ver. Barnen har r\u00e4tt att g\u00e5 i skolan och de vuxna f\u00e5r m\u00f6jlighet att l\u00e4sa \u201dsvenska fr\u00e5n dag ett\u201d via folkh\u00f6gskolor och studief\u00f6rbund. S-regeringen sa dock nej till att de ukrainska flyktingarna skulle f\u00e5 l\u00e4sa svenska inom sfi.<\/p>\n<p>&nbsp;<\/p>\n<p>Kriget g\u00e5r nu in p\u00e5 sitt andra \u00e5r och ser ut att bli l\u00e5ngvarigt. Det medf\u00f6r att m\u00e5nga ukrainare sannolikt kommer att stanna l\u00e4ngre i Sverige \u00e4n vad b\u00e5de de sj\u00e4lva och vi i Sverige antog fr\u00e5n b\u00f6rjan. M\u00e5nga har b\u00f6rjat rota sig h\u00e4r med jobb, nya v\u00e4nner och barn som g\u00e5r i skolan. De b\u00f6rjar planera f\u00f6r ett liv i v\u00e5rt land. Det finns d\u00e4rf\u00f6r sk\u00e4l att p\u00e5 nytt lyfta fr\u00e5gan om att de ukrainska flyktingarna ska f\u00e5 m\u00f6jlighet att l\u00e4sa sfi och m\u00f6jligen ocks\u00e5 delta i \u00f6vrig vuxenutbildning. \u201dSvenska fr\u00e5n dag ett\u201d upplevs inte tillr\u00e4ckligt f\u00f6r att snabbt l\u00e4ra sig svenska. Just m\u00f6jligheten att l\u00e4ra sig svenska \u00e4r centralt f\u00f6r att delta i och klara sig i det svenska samh\u00e4llet. Vi vill undvika utanf\u00f6rskap och l\u00e5ngvarig fr\u00e5nvaro fr\u00e5n arbetsmarknaden och vi ska underl\u00e4tta f\u00f6r dem som vill l\u00e4ra sig svenska.<\/p>\n<p>&nbsp;<\/p>\n<p>Det b\u00e4sta vore givetvis om de ukrainska flyktingarna f\u00e5r samma r\u00e4tt som \u00f6vriga flyktingar att l\u00e4sa inom sfi i hela landet och d\u00e5 kr\u00e4vs nya beslut fr\u00e5n regeringen. En risk om Nacka inf\u00f6r en s\u00e5dan m\u00f6jlighet som enda kommun i l\u00e4net \u00e4r att det kan bli en \u00f6kad tillstr\u00f6mning till Nacka och att Nacka d\u00e4rmed f\u00e5r ta en oproportionellt stor del av kostnaderna. D\u00e4rf\u00f6r vore det bra med en gemensam h\u00e5llning i Stockholmsregionen.<\/p>\n<p>&nbsp;<\/p>\n<p><strong>Mot denna bakgrund f\u00f6resl\u00e5r vi i Alliansen f\u00f6ljande.<\/strong><\/p>\n<p>&nbsp;<\/p>\n<p>Uppvakta regeringen om att flyktingarna fr\u00e5n Ukraina b\u00f6r f\u00e5r r\u00e4tt att l\u00e4sa sfi och att staten finansierar den utbildningen.<\/p>\n<p>Ta kontakt med andra kommuner i Stockholms l\u00e4n f\u00f6r att f\u00f6rhoppningsvis skapa en gemensam h\u00e5llning kring sfi f\u00f6r ukrainare.<\/p>\n<p>Ge N\u00e4mnden f\u00f6r arbete och f\u00f6rs\u00f6rjning i uppdrag att utreda omfattning, kostnader och andra konsekvenser av om de ukrainska flyktingar som \u00e4r bosatta i Nacka f\u00e5r m\u00f6jlighet att l\u00e4sa sfi och \u00e5terrapportera till kommunstyrelsen.<\/p>\n<p>&nbsp;<\/p>\n<ul>\n<li>Det gagnar ingen om avsaknad av ordentlig spr\u00e5kutbildning skulle leda till l\u00e5ngvarigt utanf\u00f6rskap f\u00f6r de ukrainska flyktingarna. D\u00e4rf\u00f6r \u00e4r det dags f\u00f6r regeringen att \u00e4ndra p\u00e5 dagens regelverk g\u00e4llande sfi, <strong>s\u00e4ger Mats Gerdau (M), kommunstyrelsens ordf\u00f6rande.<\/strong><\/li>\n<\/ul>\n<p>&nbsp;<\/p>\n<ul>\n<li>Ukrainas f\u00f6rsvar av sin frihet och sitt oberoende \u00e4r en kamp som ang\u00e5r oss alla. En del av v\u00e5rt st\u00f6d f\u00f6r den m\u00e5ste vara att ge ukrainska flyktingar m\u00f6jlighet att bygga nya liv h\u00e4r, och d\u00e5 \u00e4r det svenska spr\u00e5ket avg\u00f6rande, <strong>s\u00e4ger Karin Teljstedt (KD), kommunalr\u00e5d.<\/strong><\/li>\n<\/ul>\n<p>&nbsp;<\/p>\n<ul>\n<li>En av de viktigaste f\u00f6ruts\u00e4ttningarna f\u00f6r att ta del av, och bidra till det svenska samh\u00e4llet \u00e4r att l\u00e4ra sig svenska. D\u00e4rf\u00f6r k\u00e4nns det sj\u00e4lvklart att \u00e4ven ukrainska flyktingar ska omfattas av sfi, <strong>s\u00e4ger Emma Eide (C), bitr. kommunalr\u00e5d.<\/strong><\/li>\n<\/ul>\n<p>&nbsp;<\/p>\n<ul>\n<li>Att beh\u00e4rska det svenska spr\u00e5ket \u00e4r en viktig nyckel in i samh\u00e4llet, och d\u00e5 vi tyv\u00e4rr inte ser m\u00f6jligheter f\u00f6r ukrainska flyktingar att snart \u00e5terv\u00e4nda till sitt hemland vill vi erbjuda b\u00e4ttre m\u00f6jligheter till utbildning i svenska genom sfi, <strong>s\u00e4ger Gunilla Grudevall-Steen (L), kommunalr\u00e5d.<\/strong><\/li>\n<\/ul>\n","protected":false},"excerpt":{"rendered":"<p>Pressmeddelande fr\u00e5n Alliansen i Nacka Ge ukrainska flyktingar m\u00f6jlighet att l\u00e4sa svenska! &nbsp; Den 24 februari 2022 \u00f6vergick Rysslands angrepp p\u00e5 Ukraina till en fullskalig invasion. M\u00e5nga ukrainare har flytt f\u00f6r sina liv och s\u00f6kt skydd i andra l\u00e4nder, fr\u00e4mst i Europa och m\u00e5nga i Sverige. I Nacka bor uppskattningsvis 600 ukrainska flyktingar, varav 50 <a class=\"read-more-link\" href=\"https:\/\/wp.kristdemokraterna.se\/nacka\/ge-ukrainska-flyktingar-mojlighet-att-lasa-svenska\/\">L\u00e4s mer<\/a><\/p>\n","protected":false},"author":1020,"featured_media":0,"comment_status":"closed","ping_status":"closed","sticky":false,"template":"","format":"standard","meta":{"_acf_changed":false,"footnotes":""},"categories":[1],"tags":[],"class_list":["post-1021","post","type-post","status-publish","format-standard","hentry","category-okategoriserade"],"acf":[],"yoast_head":"<!-- This site is optimized with the Yoast SEO plugin v27.5 - https:\/\/yoast.com\/product\/yoast-seo-wordpress\/ -->\n<title>Ge ukrainska flyktingar m\u00f6jlighet att l\u00e4sa svenska! - Kristdemokraterna i Nacka<\/title>\n<meta name=\"robots\" content=\"index, follow, max-snippet:-1, max-image-preview:large, max-video-preview:-1\" \/>\n<link rel=\"canonical\" href=\"https:\/\/wp.kristdemokraterna.se\/nacka\/ge-ukrainska-flyktingar-mojlighet-att-lasa-svenska\/\" \/>\n<meta property=\"og:locale\" content=\"sv_SE\" \/>\n<meta property=\"og:type\" content=\"article\" \/>\n<meta property=\"og:title\" content=\"Ge ukrainska flyktingar m\u00f6jlighet att l\u00e4sa svenska! - Kristdemokraterna i Nacka\" \/>\n<meta property=\"og:description\" content=\"Pressmeddelande fr\u00e5n Alliansen i Nacka Ge ukrainska flyktingar m\u00f6jlighet att l\u00e4sa svenska! &nbsp; Den 24 februari 2022 \u00f6vergick Rysslands angrepp p\u00e5 Ukraina till en fullskalig invasion. M\u00e5nga ukrainare har flytt f\u00f6r sina liv och s\u00f6kt skydd i andra l\u00e4nder, fr\u00e4mst i Europa och m\u00e5nga i Sverige. I Nacka bor uppskattningsvis 600 ukrainska flyktingar, varav 50 L\u00e4s mer\" \/>\n<meta property=\"og:url\" content=\"https:\/\/wp.kristdemokraterna.se\/nacka\/ge-ukrainska-flyktingar-mojlighet-att-lasa-svenska\/\" \/>\n<meta property=\"og:site_name\" content=\"Kristdemokraterna i Nacka\" \/>\n<meta property=\"article:published_time\" content=\"2023-02-24T08:15:56+00:00\" \/>\n<meta property=\"article:modified_time\" content=\"2023-02-24T08:27:20+00:00\" \/>\n<meta property=\"og:image\" content=\"https:\/\/wp.kristdemokraterna.se\/nacka\/files\/2023\/02\/flagge-ukraine-2000x1333-1.jpg\" \/>\n\t<meta property=\"og:image:width\" content=\"2000\" \/>\n\t<meta property=\"og:image:height\" content=\"1333\" \/>\n\t<meta property=\"og:image:type\" content=\"image\/jpeg\" \/>\n<meta name=\"author\" content=\"Henrik Lindberg\" \/>\n<meta name=\"twitter:card\" content=\"summary_large_image\" \/>\n<meta name=\"twitter:label1\" content=\"Skriven av\" \/>\n\t<meta name=\"twitter:data1\" content=\"Henrik Lindberg\" \/>\n\t<meta name=\"twitter:label2\" content=\"Ber\u00e4knad l\u00e4stid\" \/>\n\t<meta name=\"twitter:data2\" content=\"3 minuter\" \/>\n<script type=\"application\/ld+json\" class=\"yoast-schema-graph\">{\"@context\":\"https:\\\/\\\/schema.org\",\"@graph\":[{\"@type\":\"Article\",\"@id\":\"https:\\\/\\\/wp.kristdemokraterna.se\\\/nacka\\\/ge-ukrainska-flyktingar-mojlighet-att-lasa-svenska\\\/#article\",\"isPartOf\":{\"@id\":\"https:\\\/\\\/wp.kristdemokraterna.se\\\/nacka\\\/ge-ukrainska-flyktingar-mojlighet-att-lasa-svenska\\\/\"},\"author\":{\"name\":\"Henrik Lindberg\",\"@id\":\"https:\\\/\\\/wp.kristdemokraterna.se\\\/nacka\\\/#\\\/schema\\\/person\\\/b48b358cf9875c27c3acdf1c8d2fc8f1\"},\"headline\":\"Ge ukrainska flyktingar m\u00f6jlighet att l\u00e4sa svenska!\",\"datePublished\":\"2023-02-24T08:15:56+00:00\",\"dateModified\":\"2023-02-24T08:27:20+00:00\",\"mainEntityOfPage\":{\"@id\":\"https:\\\/\\\/wp.kristdemokraterna.se\\\/nacka\\\/ge-ukrainska-flyktingar-mojlighet-att-lasa-svenska\\\/\"},\"wordCount\":757,\"inLanguage\":\"sv-SE\"},{\"@type\":\"WebPage\",\"@id\":\"https:\\\/\\\/wp.kristdemokraterna.se\\\/nacka\\\/ge-ukrainska-flyktingar-mojlighet-att-lasa-svenska\\\/\",\"url\":\"https:\\\/\\\/wp.kristdemokraterna.se\\\/nacka\\\/ge-ukrainska-flyktingar-mojlighet-att-lasa-svenska\\\/\",\"name\":\"Ge ukrainska flyktingar m\u00f6jlighet att l\u00e4sa svenska! - Kristdemokraterna i Nacka\",\"isPartOf\":{\"@id\":\"https:\\\/\\\/wp.kristdemokraterna.se\\\/nacka\\\/#website\"},\"datePublished\":\"2023-02-24T08:15:56+00:00\",\"dateModified\":\"2023-02-24T08:27:20+00:00\",\"author\":{\"@id\":\"https:\\\/\\\/wp.kristdemokraterna.se\\\/nacka\\\/#\\\/schema\\\/person\\\/b48b358cf9875c27c3acdf1c8d2fc8f1\"},\"breadcrumb\":{\"@id\":\"https:\\\/\\\/wp.kristdemokraterna.se\\\/nacka\\\/ge-ukrainska-flyktingar-mojlighet-att-lasa-svenska\\\/#breadcrumb\"},\"inLanguage\":\"sv-SE\",\"potentialAction\":[{\"@type\":\"ReadAction\",\"target\":[\"https:\\\/\\\/wp.kristdemokraterna.se\\\/nacka\\\/ge-ukrainska-flyktingar-mojlighet-att-lasa-svenska\\\/\"]}]},{\"@type\":\"BreadcrumbList\",\"@id\":\"https:\\\/\\\/wp.kristdemokraterna.se\\\/nacka\\\/ge-ukrainska-flyktingar-mojlighet-att-lasa-svenska\\\/#breadcrumb\",\"itemListElement\":[{\"@type\":\"ListItem\",\"position\":1,\"name\":\"Hem\",\"item\":\"https:\\\/\\\/wp.kristdemokraterna.se\\\/nacka\\\/\"},{\"@type\":\"ListItem\",\"position\":2,\"name\":\"Ge ukrainska flyktingar m\u00f6jlighet att l\u00e4sa svenska!\"}]},{\"@type\":\"WebSite\",\"@id\":\"https:\\\/\\\/wp.kristdemokraterna.se\\\/nacka\\\/#website\",\"url\":\"https:\\\/\\\/wp.kristdemokraterna.se\\\/nacka\\\/\",\"name\":\"Kristdemokraterna i Nacka\",\"description\":\"Vi \u00e4r hj\u00e4rtat till h\u00f6ger\",\"inLanguage\":\"sv-SE\"},{\"@type\":\"Person\",\"@id\":\"https:\\\/\\\/wp.kristdemokraterna.se\\\/nacka\\\/#\\\/schema\\\/person\\\/b48b358cf9875c27c3acdf1c8d2fc8f1\",\"name\":\"Henrik Lindberg\",\"image\":{\"@type\":\"ImageObject\",\"inLanguage\":\"sv-SE\",\"@id\":\"https:\\\/\\\/secure.gravatar.com\\\/avatar\\\/497ef276c180208a266e066d54f9bc20528edb9b95adda3de62b2fe05abf6405?s=96&d=mm&r=g\",\"url\":\"https:\\\/\\\/secure.gravatar.com\\\/avatar\\\/497ef276c180208a266e066d54f9bc20528edb9b95adda3de62b2fe05abf6405?s=96&d=mm&r=g\",\"contentUrl\":\"https:\\\/\\\/secure.gravatar.com\\\/avatar\\\/497ef276c180208a266e066d54f9bc20528edb9b95adda3de62b2fe05abf6405?s=96&d=mm&r=g\",\"caption\":\"Henrik Lindberg\"},\"url\":\"https:\\\/\\\/wp.kristdemokraterna.se\\\/nacka\\\/author\\\/henriknacka\\\/\"}]}<\/script>\n<!-- \/ Yoast SEO plugin. -->","yoast_head_json":{"title":"Ge ukrainska flyktingar m\u00f6jlighet att l\u00e4sa svenska! - Kristdemokraterna i Nacka","robots":{"index":"index","follow":"follow","max-snippet":"max-snippet:-1","max-image-preview":"max-image-preview:large","max-video-preview":"max-video-preview:-1"},"canonical":"https:\/\/wp.kristdemokraterna.se\/nacka\/ge-ukrainska-flyktingar-mojlighet-att-lasa-svenska\/","og_locale":"sv_SE","og_type":"article","og_title":"Ge ukrainska flyktingar m\u00f6jlighet att l\u00e4sa svenska! - Kristdemokraterna i Nacka","og_description":"Pressmeddelande fr\u00e5n Alliansen i Nacka Ge ukrainska flyktingar m\u00f6jlighet att l\u00e4sa svenska! &nbsp; Den 24 februari 2022 \u00f6vergick Rysslands angrepp p\u00e5 Ukraina till en fullskalig invasion. M\u00e5nga ukrainare har flytt f\u00f6r sina liv och s\u00f6kt skydd i andra l\u00e4nder, fr\u00e4mst i Europa och m\u00e5nga i Sverige. I Nacka bor uppskattningsvis 600 ukrainska flyktingar, varav 50 L\u00e4s mer","og_url":"https:\/\/wp.kristdemokraterna.se\/nacka\/ge-ukrainska-flyktingar-mojlighet-att-lasa-svenska\/","og_site_name":"Kristdemokraterna i Nacka","article_published_time":"2023-02-24T08:15:56+00:00","article_modified_time":"2023-02-24T08:27:20+00:00","og_image":[{"width":2000,"height":1333,"url":"https:\/\/wp.kristdemokraterna.se\/nacka\/files\/2023\/02\/flagge-ukraine-2000x1333-1.jpg","type":"image\/jpeg"}],"author":"Henrik Lindberg","twitter_card":"summary_large_image","twitter_misc":{"Skriven av":"Henrik Lindberg","Ber\u00e4knad l\u00e4stid":"3 minuter"},"schema":{"@context":"https:\/\/schema.org","@graph":[{"@type":"Article","@id":"https:\/\/wp.kristdemokraterna.se\/nacka\/ge-ukrainska-flyktingar-mojlighet-att-lasa-svenska\/#article","isPartOf":{"@id":"https:\/\/wp.kristdemokraterna.se\/nacka\/ge-ukrainska-flyktingar-mojlighet-att-lasa-svenska\/"},"author":{"name":"Henrik Lindberg","@id":"https:\/\/wp.kristdemokraterna.se\/nacka\/#\/schema\/person\/b48b358cf9875c27c3acdf1c8d2fc8f1"},"headline":"Ge ukrainska flyktingar m\u00f6jlighet att l\u00e4sa svenska!","datePublished":"2023-02-24T08:15:56+00:00","dateModified":"2023-02-24T08:27:20+00:00","mainEntityOfPage":{"@id":"https:\/\/wp.kristdemokraterna.se\/nacka\/ge-ukrainska-flyktingar-mojlighet-att-lasa-svenska\/"},"wordCount":757,"inLanguage":"sv-SE"},{"@type":"WebPage","@id":"https:\/\/wp.kristdemokraterna.se\/nacka\/ge-ukrainska-flyktingar-mojlighet-att-lasa-svenska\/","url":"https:\/\/wp.kristdemokraterna.se\/nacka\/ge-ukrainska-flyktingar-mojlighet-att-lasa-svenska\/","name":"Ge ukrainska flyktingar m\u00f6jlighet att l\u00e4sa svenska! - Kristdemokraterna i Nacka","isPartOf":{"@id":"https:\/\/wp.kristdemokraterna.se\/nacka\/#website"},"datePublished":"2023-02-24T08:15:56+00:00","dateModified":"2023-02-24T08:27:20+00:00","author":{"@id":"https:\/\/wp.kristdemokraterna.se\/nacka\/#\/schema\/person\/b48b358cf9875c27c3acdf1c8d2fc8f1"},"breadcrumb":{"@id":"https:\/\/wp.kristdemokraterna.se\/nacka\/ge-ukrainska-flyktingar-mojlighet-att-lasa-svenska\/#breadcrumb"},"inLanguage":"sv-SE","potentialAction":[{"@type":"ReadAction","target":["https:\/\/wp.kristdemokraterna.se\/nacka\/ge-ukrainska-flyktingar-mojlighet-att-lasa-svenska\/"]}]},{"@type":"BreadcrumbList","@id":"https:\/\/wp.kristdemokraterna.se\/nacka\/ge-ukrainska-flyktingar-mojlighet-att-lasa-svenska\/#breadcrumb","itemListElement":[{"@type":"ListItem","position":1,"name":"Hem","item":"https:\/\/wp.kristdemokraterna.se\/nacka\/"},{"@type":"ListItem","position":2,"name":"Ge ukrainska flyktingar m\u00f6jlighet att l\u00e4sa svenska!"}]},{"@type":"WebSite","@id":"https:\/\/wp.kristdemokraterna.se\/nacka\/#website","url":"https:\/\/wp.kristdemokraterna.se\/nacka\/","name":"Kristdemokraterna i Nacka","description":"Vi \u00e4r hj\u00e4rtat till h\u00f6ger","inLanguage":"sv-SE"},{"@type":"Person","@id":"https:\/\/wp.kristdemokraterna.se\/nacka\/#\/schema\/person\/b48b358cf9875c27c3acdf1c8d2fc8f1","name":"Henrik Lindberg","image":{"@type":"ImageObject","inLanguage":"sv-SE","@id":"https:\/\/secure.gravatar.com\/avatar\/497ef276c180208a266e066d54f9bc20528edb9b95adda3de62b2fe05abf6405?s=96&d=mm&r=g","url":"https:\/\/secure.gravatar.com\/avatar\/497ef276c180208a266e066d54f9bc20528edb9b95adda3de62b2fe05abf6405?s=96&d=mm&r=g","contentUrl":"https:\/\/secure.gravatar.com\/avatar\/497ef276c180208a266e066d54f9bc20528edb9b95adda3de62b2fe05abf6405?s=96&d=mm&r=g","caption":"Henrik Lindberg"},"url":"https:\/\/wp.kristdemokraterna.se\/nacka\/author\/henriknacka\/"}]}},"_links":{"self":[{"href":"https:\/\/wp.kristdemokraterna.se\/nacka\/wp-json\/wp\/v2\/posts\/1021","targetHints":{"allow":["GET"]}}],"collection":[{"href":"https:\/\/wp.kristdemokraterna.se\/nacka\/wp-json\/wp\/v2\/posts"}],"about":[{"href":"https:\/\/wp.kristdemokraterna.se\/nacka\/wp-json\/wp\/v2\/types\/post"}],"author":[{"embeddable":true,"href":"https:\/\/wp.kristdemokraterna.se\/nacka\/wp-json\/wp\/v2\/users\/1020"}],"replies":[{"embeddable":true,"href":"https:\/\/wp.kristdemokraterna.se\/nacka\/wp-json\/wp\/v2\/comments?post=1021"}],"version-history":[{"count":10,"href":"https:\/\/wp.kristdemokraterna.se\/nacka\/wp-json\/wp\/v2\/posts\/1021\/revisions"}],"predecessor-version":[{"id":1036,"href":"https:\/\/wp.kristdemokraterna.se\/nacka\/wp-json\/wp\/v2\/posts\/1021\/revisions\/1036"}],"wp:attachment":[{"href":"https:\/\/wp.kristdemokraterna.se\/nacka\/wp-json\/wp\/v2\/media?parent=1021"}],"wp:term":[{"taxonomy":"category","embeddable":true,"href":"https:\/\/wp.kristdemokraterna.se\/nacka\/wp-json\/wp\/v2\/categories?post=1021"},{"taxonomy":"post_tag","embeddable":true,"href":"https:\/\/wp.kristdemokraterna.se\/nacka\/wp-json\/wp\/v2\/tags?post=1021"}],"curies":[{"name":"wp","href":"https:\/\/api.w.org\/{rel}","templated":true}]}}