{"id":1041,"date":"2023-04-01T13:20:37","date_gmt":"2023-04-01T11:20:37","guid":{"rendered":"https:\/\/wp.kristdemokraterna.se\/nacka\/?p=1041"},"modified":"2024-10-23T14:21:03","modified_gmt":"2024-10-23T12:21:03","slug":"elever-som-behover-nagot-extra-fokus-pa-sarbegavning","status":"publish","type":"post","link":"https:\/\/wp.kristdemokraterna.se\/nacka\/elever-som-behover-nagot-extra-fokus-pa-sarbegavning\/","title":{"rendered":"Elever som beh\u00f6ver n\u00e5got extra \u2013 fokus p\u00e5 s\u00e4rbeg\u00e5vning"},"content":{"rendered":"<p><em>Att vara s\u00e4rbeg\u00e5vad l\u00e5ter kanske som n\u00e5got positivt. Det kan det ocks\u00e5 absolut vara, men inte utan r\u00e4tt f\u00f6ruts\u00e4ttningar. KD Nacka har sedan l\u00e4nge drivit initiativ f\u00f6r att st\u00e4rka skolornas arbete f\u00f6r s\u00e4rbeg\u00e5vade barn. Nu tar vi n\u00e4sta steg!<\/em><\/p>\n<p>Vi har s\u00e4kert alla en uppfattning om vad som menas med att vara s\u00e4rskilt beg\u00e5vad. En stor f\u00f6rm\u00e5ga att l\u00e4ra sig, kanske en medf\u00f6dd talang, och ocks\u00e5 ofta ett stort intresse f\u00f6r n\u00e5got. Ett k\u00e4nnetecken f\u00f6r de som blir riktigt framst\u00e5ende inom sitt f\u00e4lt, \u00e4r det l\u00e4tt att t\u00e4nka. Allt fr\u00e5n matematiker till konstn\u00e4rer och idrottsstj\u00e4rnor ses ofta som s\u00e4rskilt beg\u00e5vade. Visst \u00e4r det sant att vi f\u00f6ds med mer eller mindre fallenhet f\u00e5r n\u00e5got, men att utveckla verklig f\u00f6rm\u00e5ga kr\u00e4ver framf\u00f6r allt h\u00e5rt arbete, och oftast \u00e4ven v\u00e4gledning, hj\u00e4lp och r\u00e4tt f\u00f6ruts\u00e4ttningar. Det har ju observerats att \u201dtalang\u201d \u00e4r mycket mer transpiration \u00e4n inspiration!<\/p>\n<p>En s\u00e4rskild beg\u00e5vning f\u00f6r n\u00e5got sammanfaller ocks\u00e5 ofta med ett stort fokus p\u00e5 ett visst intresse. Barn med mycket h\u00f6g f\u00f6rm\u00e5ga kallar vi s\u00e4rbeg\u00e5vade. Ibland avser f\u00f6rm\u00e5gan vissa omr\u00e5den men inte alla. En oj\u00e4mn f\u00f6rm\u00e5ga leder ofta till problem i den svenska skolan, med v\u00e5rt fokus p\u00e5 j\u00e4mlikhet och att alla skall med. \u00c4ven s\u00e4rskilt beg\u00e5vade barn som har en j\u00e4mn, h\u00f6g beg\u00e5vning inom m\u00e5nga omr\u00e5den f\u00e5r dock ofta ocks\u00e5 problem just i skolan. Problemen kan vara sociala, eftersom det upplevs sv\u00e5rt att passa in, och i de olika skol\u00e4mnena. Eleverna kan uppn\u00e5 d\u00e5liga resultat \u00e4ven i \u00e4mnen som omfattas av deras h\u00f6ga f\u00f6rm\u00e5ga, p\u00e5 grund av brist p\u00e5 adekvat v\u00e4gledning och frustration \u00f6ver bristen p\u00e5 utmaningar.<\/p>\n<p>Att vara s\u00e4rbeg\u00e5vad kan i praktiken p\u00e5 m\u00e5nga s\u00e4tt j\u00e4mf\u00f6ras med en neuropsykiatrisk funktionsvariation. Det f\u00f6rekommer \u00e4ven att s\u00e4rbeg\u00e5vade barn ocks\u00e5 har NPF-diagnoser. Vad grupperna har gemensamt \u00e4r att b\u00e4gge dessa grupper av elever kan ha sv\u00e5rt att passa in i skolans vardag, och beh\u00f6ver individuellt utformat st\u00f6d f\u00f6r att utveckla sin fulla potential.<\/p>\n<p>V\u00e5r skola skall vara en skola f\u00f6r alla barn. Ingen skall l\u00e4mnas efter, och ingen skall h\u00e5llas tillbaka. F\u00f6r att n\u00e5 det m\u00e5ste vi bli b\u00e4ttre p\u00e5 att identifiera, bem\u00f6ta och stimulera s\u00e4rskilt beg\u00e5vade barn. Kristdemokraterna har tidigare drivit initiativ kring s\u00e4rbeg\u00e5vning, vilket ledde till studier och inventeringar av tillst\u00e5ndet i Nackas skolor. Nu tar vi n\u00e4sta tag! I Utbildningsn\u00e4mnden ig\u00e5r (30\/3) presenterade vi tillsammans med Alliansen ett initiativ f\u00f6r att starta en riktad satsning p\u00e5 arbete i Nackas skolor. VI har valt att baka ihop det med den satsning p\u00e5 kunskapsutveckling och spridning kring NPF vi redan i budgeten beslutat om. L\u00e4s initiativet h\u00e4r: <em><a href=\"https:\/\/wp.kristdemokraterna.se\/nacka\/files\/2023\/04\/alliansinitiativ-sarbegavning-.pdf\">Alliansinitiativ S\u00e4rbeg\u00e5vning<\/a><\/em>! Nu skall ett konkret f\u00f6rslag utformas av Utbildningsenheten, och vi hoppas att det skall f\u00e5 brett st\u00f6d n\u00e4r vi inom en snar framtid skall fatta beslut.<\/p>\n<p>&nbsp;<\/p>\n<p>KD Nacka<\/p>\n<p>Martin Gunnesson<\/p>\n<p>Maria Lagerroos<\/p>\n<p>&nbsp;<\/p>\n","protected":false},"excerpt":{"rendered":"<p>Att vara s\u00e4rbeg\u00e5vad l\u00e5ter kanske som n\u00e5got positivt. Det kan det ocks\u00e5 absolut vara, men inte utan r\u00e4tt f\u00f6ruts\u00e4ttningar. KD Nacka har sedan l\u00e4nge drivit initiativ f\u00f6r att st\u00e4rka skolornas arbete f\u00f6r s\u00e4rbeg\u00e5vade barn. Nu tar vi n\u00e4sta steg! Vi har s\u00e4kert alla en uppfattning om vad som menas med att vara s\u00e4rskilt beg\u00e5vad. En <a class=\"read-more-link\" href=\"https:\/\/wp.kristdemokraterna.se\/nacka\/elever-som-behover-nagot-extra-fokus-pa-sarbegavning\/\">L\u00e4s mer<\/a><\/p>\n","protected":false},"author":789,"featured_media":0,"comment_status":"closed","ping_status":"closed","sticky":false,"template":"","format":"standard","meta":{"_acf_changed":false,"footnotes":""},"categories":[4,11,1,17],"tags":[],"class_list":["post-1041","post","type-post","status-publish","format-standard","hentry","category-i-kommunen","category-inlagg","category-okategoriserade","category-skolan"],"acf":[],"yoast_head":"<!-- This site is optimized with the Yoast SEO plugin v27.4 - https:\/\/yoast.com\/product\/yoast-seo-wordpress\/ -->\n<title>Elever som beh\u00f6ver n\u00e5got extra \u2013 fokus p\u00e5 s\u00e4rbeg\u00e5vning - Kristdemokraterna i Nacka<\/title>\n<meta name=\"robots\" content=\"index, follow, max-snippet:-1, max-image-preview:large, max-video-preview:-1\" \/>\n<link rel=\"canonical\" href=\"https:\/\/wp.kristdemokraterna.se\/nacka\/elever-som-behover-nagot-extra-fokus-pa-sarbegavning\/\" \/>\n<meta property=\"og:locale\" content=\"sv_SE\" \/>\n<meta property=\"og:type\" content=\"article\" \/>\n<meta property=\"og:title\" content=\"Elever som beh\u00f6ver n\u00e5got extra \u2013 fokus p\u00e5 s\u00e4rbeg\u00e5vning - Kristdemokraterna i Nacka\" \/>\n<meta property=\"og:description\" content=\"Att vara s\u00e4rbeg\u00e5vad l\u00e5ter kanske som n\u00e5got positivt. Det kan det ocks\u00e5 absolut vara, men inte utan r\u00e4tt f\u00f6ruts\u00e4ttningar. KD Nacka har sedan l\u00e4nge drivit initiativ f\u00f6r att st\u00e4rka skolornas arbete f\u00f6r s\u00e4rbeg\u00e5vade barn. Nu tar vi n\u00e4sta steg! Vi har s\u00e4kert alla en uppfattning om vad som menas med att vara s\u00e4rskilt beg\u00e5vad. En L\u00e4s mer\" \/>\n<meta property=\"og:url\" content=\"https:\/\/wp.kristdemokraterna.se\/nacka\/elever-som-behover-nagot-extra-fokus-pa-sarbegavning\/\" \/>\n<meta property=\"og:site_name\" content=\"Kristdemokraterna i Nacka\" \/>\n<meta property=\"article:published_time\" content=\"2023-04-01T11:20:37+00:00\" \/>\n<meta property=\"article:modified_time\" content=\"2024-10-23T12:21:03+00:00\" \/>\n<meta name=\"author\" content=\"Martin Gunnesson\" \/>\n<meta name=\"twitter:card\" content=\"summary_large_image\" \/>\n<meta name=\"twitter:label1\" content=\"Skriven av\" \/>\n\t<meta name=\"twitter:data1\" content=\"Martin Gunnesson\" \/>\n\t<meta name=\"twitter:label2\" content=\"Ber\u00e4knad l\u00e4stid\" \/>\n\t<meta name=\"twitter:data2\" content=\"3 minuter\" \/>\n<script type=\"application\/ld+json\" class=\"yoast-schema-graph\">{\"@context\":\"https:\\\/\\\/schema.org\",\"@graph\":[{\"@type\":\"Article\",\"@id\":\"https:\\\/\\\/wp.kristdemokraterna.se\\\/nacka\\\/elever-som-behover-nagot-extra-fokus-pa-sarbegavning\\\/#article\",\"isPartOf\":{\"@id\":\"https:\\\/\\\/wp.kristdemokraterna.se\\\/nacka\\\/elever-som-behover-nagot-extra-fokus-pa-sarbegavning\\\/\"},\"author\":{\"name\":\"Martin Gunnesson\",\"@id\":\"https:\\\/\\\/wp.kristdemokraterna.se\\\/nacka\\\/#\\\/schema\\\/person\\\/1fe29fc42c2877f685d953476e2c9df3\"},\"headline\":\"Elever som beh\u00f6ver n\u00e5got extra \u2013 fokus p\u00e5 s\u00e4rbeg\u00e5vning\",\"datePublished\":\"2023-04-01T11:20:37+00:00\",\"dateModified\":\"2024-10-23T12:21:03+00:00\",\"mainEntityOfPage\":{\"@id\":\"https:\\\/\\\/wp.kristdemokraterna.se\\\/nacka\\\/elever-som-behover-nagot-extra-fokus-pa-sarbegavning\\\/\"},\"wordCount\":584,\"articleSection\":{\"0\":\"I Kommunen\",\"1\":\"Inl\u00e4gg\",\"3\":\"Skolan\"},\"inLanguage\":\"sv-SE\"},{\"@type\":\"WebPage\",\"@id\":\"https:\\\/\\\/wp.kristdemokraterna.se\\\/nacka\\\/elever-som-behover-nagot-extra-fokus-pa-sarbegavning\\\/\",\"url\":\"https:\\\/\\\/wp.kristdemokraterna.se\\\/nacka\\\/elever-som-behover-nagot-extra-fokus-pa-sarbegavning\\\/\",\"name\":\"Elever som beh\u00f6ver n\u00e5got extra \u2013 fokus p\u00e5 s\u00e4rbeg\u00e5vning - Kristdemokraterna i Nacka\",\"isPartOf\":{\"@id\":\"https:\\\/\\\/wp.kristdemokraterna.se\\\/nacka\\\/#website\"},\"datePublished\":\"2023-04-01T11:20:37+00:00\",\"dateModified\":\"2024-10-23T12:21:03+00:00\",\"author\":{\"@id\":\"https:\\\/\\\/wp.kristdemokraterna.se\\\/nacka\\\/#\\\/schema\\\/person\\\/1fe29fc42c2877f685d953476e2c9df3\"},\"breadcrumb\":{\"@id\":\"https:\\\/\\\/wp.kristdemokraterna.se\\\/nacka\\\/elever-som-behover-nagot-extra-fokus-pa-sarbegavning\\\/#breadcrumb\"},\"inLanguage\":\"sv-SE\",\"potentialAction\":[{\"@type\":\"ReadAction\",\"target\":[\"https:\\\/\\\/wp.kristdemokraterna.se\\\/nacka\\\/elever-som-behover-nagot-extra-fokus-pa-sarbegavning\\\/\"]}]},{\"@type\":\"BreadcrumbList\",\"@id\":\"https:\\\/\\\/wp.kristdemokraterna.se\\\/nacka\\\/elever-som-behover-nagot-extra-fokus-pa-sarbegavning\\\/#breadcrumb\",\"itemListElement\":[{\"@type\":\"ListItem\",\"position\":1,\"name\":\"Hem\",\"item\":\"https:\\\/\\\/wp.kristdemokraterna.se\\\/nacka\\\/\"},{\"@type\":\"ListItem\",\"position\":2,\"name\":\"Elever som beh\u00f6ver n\u00e5got extra \u2013 fokus p\u00e5 s\u00e4rbeg\u00e5vning\"}]},{\"@type\":\"WebSite\",\"@id\":\"https:\\\/\\\/wp.kristdemokraterna.se\\\/nacka\\\/#website\",\"url\":\"https:\\\/\\\/wp.kristdemokraterna.se\\\/nacka\\\/\",\"name\":\"Kristdemokraterna i Nacka\",\"description\":\"Vi \u00e4r hj\u00e4rtat till h\u00f6ger\",\"inLanguage\":\"sv-SE\"},{\"@type\":\"Person\",\"@id\":\"https:\\\/\\\/wp.kristdemokraterna.se\\\/nacka\\\/#\\\/schema\\\/person\\\/1fe29fc42c2877f685d953476e2c9df3\",\"name\":\"Martin Gunnesson\",\"image\":{\"@type\":\"ImageObject\",\"inLanguage\":\"sv-SE\",\"@id\":\"https:\\\/\\\/secure.gravatar.com\\\/avatar\\\/4a1c8981eae86754728f44bfabd3a53691f3916980281974fe783d97d2fbb7b7?s=96&d=mm&r=g\",\"url\":\"https:\\\/\\\/secure.gravatar.com\\\/avatar\\\/4a1c8981eae86754728f44bfabd3a53691f3916980281974fe783d97d2fbb7b7?s=96&d=mm&r=g\",\"contentUrl\":\"https:\\\/\\\/secure.gravatar.com\\\/avatar\\\/4a1c8981eae86754728f44bfabd3a53691f3916980281974fe783d97d2fbb7b7?s=96&d=mm&r=g\",\"caption\":\"Martin Gunnesson\"},\"description\":\"Ordf\u00f6rande f\u00f6r Kristdemokraterna Nacka.\",\"url\":\"https:\\\/\\\/wp.kristdemokraterna.se\\\/nacka\\\/author\\\/nacka1\\\/\"}]}<\/script>\n<!-- \/ Yoast SEO plugin. -->","yoast_head_json":{"title":"Elever som beh\u00f6ver n\u00e5got extra \u2013 fokus p\u00e5 s\u00e4rbeg\u00e5vning - Kristdemokraterna i Nacka","robots":{"index":"index","follow":"follow","max-snippet":"max-snippet:-1","max-image-preview":"max-image-preview:large","max-video-preview":"max-video-preview:-1"},"canonical":"https:\/\/wp.kristdemokraterna.se\/nacka\/elever-som-behover-nagot-extra-fokus-pa-sarbegavning\/","og_locale":"sv_SE","og_type":"article","og_title":"Elever som beh\u00f6ver n\u00e5got extra \u2013 fokus p\u00e5 s\u00e4rbeg\u00e5vning - Kristdemokraterna i Nacka","og_description":"Att vara s\u00e4rbeg\u00e5vad l\u00e5ter kanske som n\u00e5got positivt. Det kan det ocks\u00e5 absolut vara, men inte utan r\u00e4tt f\u00f6ruts\u00e4ttningar. KD Nacka har sedan l\u00e4nge drivit initiativ f\u00f6r att st\u00e4rka skolornas arbete f\u00f6r s\u00e4rbeg\u00e5vade barn. Nu tar vi n\u00e4sta steg! Vi har s\u00e4kert alla en uppfattning om vad som menas med att vara s\u00e4rskilt beg\u00e5vad. En L\u00e4s mer","og_url":"https:\/\/wp.kristdemokraterna.se\/nacka\/elever-som-behover-nagot-extra-fokus-pa-sarbegavning\/","og_site_name":"Kristdemokraterna i Nacka","article_published_time":"2023-04-01T11:20:37+00:00","article_modified_time":"2024-10-23T12:21:03+00:00","author":"Martin Gunnesson","twitter_card":"summary_large_image","twitter_misc":{"Skriven av":"Martin Gunnesson","Ber\u00e4knad l\u00e4stid":"3 minuter"},"schema":{"@context":"https:\/\/schema.org","@graph":[{"@type":"Article","@id":"https:\/\/wp.kristdemokraterna.se\/nacka\/elever-som-behover-nagot-extra-fokus-pa-sarbegavning\/#article","isPartOf":{"@id":"https:\/\/wp.kristdemokraterna.se\/nacka\/elever-som-behover-nagot-extra-fokus-pa-sarbegavning\/"},"author":{"name":"Martin Gunnesson","@id":"https:\/\/wp.kristdemokraterna.se\/nacka\/#\/schema\/person\/1fe29fc42c2877f685d953476e2c9df3"},"headline":"Elever som beh\u00f6ver n\u00e5got extra \u2013 fokus p\u00e5 s\u00e4rbeg\u00e5vning","datePublished":"2023-04-01T11:20:37+00:00","dateModified":"2024-10-23T12:21:03+00:00","mainEntityOfPage":{"@id":"https:\/\/wp.kristdemokraterna.se\/nacka\/elever-som-behover-nagot-extra-fokus-pa-sarbegavning\/"},"wordCount":584,"articleSection":{"0":"I Kommunen","1":"Inl\u00e4gg","3":"Skolan"},"inLanguage":"sv-SE"},{"@type":"WebPage","@id":"https:\/\/wp.kristdemokraterna.se\/nacka\/elever-som-behover-nagot-extra-fokus-pa-sarbegavning\/","url":"https:\/\/wp.kristdemokraterna.se\/nacka\/elever-som-behover-nagot-extra-fokus-pa-sarbegavning\/","name":"Elever som beh\u00f6ver n\u00e5got extra \u2013 fokus p\u00e5 s\u00e4rbeg\u00e5vning - Kristdemokraterna i Nacka","isPartOf":{"@id":"https:\/\/wp.kristdemokraterna.se\/nacka\/#website"},"datePublished":"2023-04-01T11:20:37+00:00","dateModified":"2024-10-23T12:21:03+00:00","author":{"@id":"https:\/\/wp.kristdemokraterna.se\/nacka\/#\/schema\/person\/1fe29fc42c2877f685d953476e2c9df3"},"breadcrumb":{"@id":"https:\/\/wp.kristdemokraterna.se\/nacka\/elever-som-behover-nagot-extra-fokus-pa-sarbegavning\/#breadcrumb"},"inLanguage":"sv-SE","potentialAction":[{"@type":"ReadAction","target":["https:\/\/wp.kristdemokraterna.se\/nacka\/elever-som-behover-nagot-extra-fokus-pa-sarbegavning\/"]}]},{"@type":"BreadcrumbList","@id":"https:\/\/wp.kristdemokraterna.se\/nacka\/elever-som-behover-nagot-extra-fokus-pa-sarbegavning\/#breadcrumb","itemListElement":[{"@type":"ListItem","position":1,"name":"Hem","item":"https:\/\/wp.kristdemokraterna.se\/nacka\/"},{"@type":"ListItem","position":2,"name":"Elever som beh\u00f6ver n\u00e5got extra \u2013 fokus p\u00e5 s\u00e4rbeg\u00e5vning"}]},{"@type":"WebSite","@id":"https:\/\/wp.kristdemokraterna.se\/nacka\/#website","url":"https:\/\/wp.kristdemokraterna.se\/nacka\/","name":"Kristdemokraterna i Nacka","description":"Vi \u00e4r hj\u00e4rtat till h\u00f6ger","inLanguage":"sv-SE"},{"@type":"Person","@id":"https:\/\/wp.kristdemokraterna.se\/nacka\/#\/schema\/person\/1fe29fc42c2877f685d953476e2c9df3","name":"Martin Gunnesson","image":{"@type":"ImageObject","inLanguage":"sv-SE","@id":"https:\/\/secure.gravatar.com\/avatar\/4a1c8981eae86754728f44bfabd3a53691f3916980281974fe783d97d2fbb7b7?s=96&d=mm&r=g","url":"https:\/\/secure.gravatar.com\/avatar\/4a1c8981eae86754728f44bfabd3a53691f3916980281974fe783d97d2fbb7b7?s=96&d=mm&r=g","contentUrl":"https:\/\/secure.gravatar.com\/avatar\/4a1c8981eae86754728f44bfabd3a53691f3916980281974fe783d97d2fbb7b7?s=96&d=mm&r=g","caption":"Martin Gunnesson"},"description":"Ordf\u00f6rande f\u00f6r Kristdemokraterna Nacka.","url":"https:\/\/wp.kristdemokraterna.se\/nacka\/author\/nacka1\/"}]}},"_links":{"self":[{"href":"https:\/\/wp.kristdemokraterna.se\/nacka\/wp-json\/wp\/v2\/posts\/1041","targetHints":{"allow":["GET"]}}],"collection":[{"href":"https:\/\/wp.kristdemokraterna.se\/nacka\/wp-json\/wp\/v2\/posts"}],"about":[{"href":"https:\/\/wp.kristdemokraterna.se\/nacka\/wp-json\/wp\/v2\/types\/post"}],"author":[{"embeddable":true,"href":"https:\/\/wp.kristdemokraterna.se\/nacka\/wp-json\/wp\/v2\/users\/789"}],"replies":[{"embeddable":true,"href":"https:\/\/wp.kristdemokraterna.se\/nacka\/wp-json\/wp\/v2\/comments?post=1041"}],"version-history":[{"count":2,"href":"https:\/\/wp.kristdemokraterna.se\/nacka\/wp-json\/wp\/v2\/posts\/1041\/revisions"}],"predecessor-version":[{"id":1044,"href":"https:\/\/wp.kristdemokraterna.se\/nacka\/wp-json\/wp\/v2\/posts\/1041\/revisions\/1044"}],"wp:attachment":[{"href":"https:\/\/wp.kristdemokraterna.se\/nacka\/wp-json\/wp\/v2\/media?parent=1041"}],"wp:term":[{"taxonomy":"category","embeddable":true,"href":"https:\/\/wp.kristdemokraterna.se\/nacka\/wp-json\/wp\/v2\/categories?post=1041"},{"taxonomy":"post_tag","embeddable":true,"href":"https:\/\/wp.kristdemokraterna.se\/nacka\/wp-json\/wp\/v2\/tags?post=1041"}],"curies":[{"name":"wp","href":"https:\/\/api.w.org\/{rel}","templated":true}]}}