{"id":1060,"date":"2024-02-11T21:08:59","date_gmt":"2024-02-11T20:08:59","guid":{"rendered":"https:\/\/wp.kristdemokraterna.se\/nacka\/?p=1060"},"modified":"2024-02-11T21:22:33","modified_gmt":"2024-02-11T20:22:33","slug":"bli-medlem-idag","status":"publish","type":"post","link":"https:\/\/wp.kristdemokraterna.se\/nacka\/bli-medlem-idag\/","title":{"rendered":"Bli medlem idag!"},"content":{"rendered":"<p><a href=\"https:\/\/wp.kristdemokraterna.se\/nacka\/files\/2024\/02\/delabild-alla-hjartans-dag-1.png\"><img loading=\"lazy\" decoding=\"async\" class=\"size-medium wp-image-1061 aligncenter\" src=\"https:\/\/wp.kristdemokraterna.se\/nacka\/files\/2024\/02\/delabild-alla-hjartans-dag-1-240x300.png\" alt=\"\" width=\"240\" height=\"300\" \/><\/a><\/p>\n<p>G\u00e5 med idag! Hj\u00e4lp oss att bygga Nacka till en \u00e4n starkare och varmare kommun!<\/p>\n<p>F\u00f6r mer information, kontakta oss p\u00e5 <a href=\"mailto:nacka@kristdemokraterna.se\">nacka@kristdemokraterna.se<\/a> eller v\u00e5r ordf\u00f6rande <a href=\"mailto:martin.gunnesson@kristdemokraterna.se\">martin.gunnesson@kristdemokraterna.se<\/a>, eller <a href=\"https:\/\/kristdemokraterna.se\/engagera-dig\/bli-medlem\">g\u00e5 med direkt h\u00e4r<\/a>!<\/p>\n","protected":false},"excerpt":{"rendered":"<p>G\u00e5 med idag! Hj\u00e4lp oss att bygga Nacka till en \u00e4n starkare och varmare kommun! F\u00f6r mer information, kontakta oss p\u00e5 nacka@kristdemokraterna.se eller v\u00e5r ordf\u00f6rande martin.gunnesson@kristdemokraterna.se, eller g\u00e5 med direkt h\u00e4r!<\/p>\n","protected":false},"author":789,"featured_media":0,"comment_status":"closed","ping_status":"closed","sticky":false,"template":"","format":"standard","meta":{"_acf_changed":false,"footnotes":""},"categories":[4,1],"tags":[],"class_list":["post-1060","post","type-post","status-publish","format-standard","hentry","category-i-kommunen","category-okategoriserade"],"acf":[],"yoast_head":"<!-- This site is optimized with the Yoast SEO plugin v27.4 - https:\/\/yoast.com\/product\/yoast-seo-wordpress\/ -->\n<title>Bli medlem idag! - Kristdemokraterna i Nacka<\/title>\n<meta name=\"robots\" content=\"index, follow, max-snippet:-1, max-image-preview:large, max-video-preview:-1\" \/>\n<link rel=\"canonical\" href=\"https:\/\/wp.kristdemokraterna.se\/nacka\/bli-medlem-idag\/\" \/>\n<meta property=\"og:locale\" content=\"sv_SE\" \/>\n<meta property=\"og:type\" content=\"article\" \/>\n<meta property=\"og:title\" content=\"Bli medlem idag! - Kristdemokraterna i Nacka\" \/>\n<meta property=\"og:description\" content=\"G\u00e5 med idag! Hj\u00e4lp oss att bygga Nacka till en \u00e4n starkare och varmare kommun! F\u00f6r mer information, kontakta oss p\u00e5 nacka@kristdemokraterna.se eller v\u00e5r ordf\u00f6rande martin.gunnesson@kristdemokraterna.se, eller g\u00e5 med direkt h\u00e4r!\" \/>\n<meta property=\"og:url\" content=\"https:\/\/wp.kristdemokraterna.se\/nacka\/bli-medlem-idag\/\" \/>\n<meta property=\"og:site_name\" content=\"Kristdemokraterna i Nacka\" \/>\n<meta property=\"article:published_time\" content=\"2024-02-11T20:08:59+00:00\" \/>\n<meta property=\"article:modified_time\" content=\"2024-02-11T20:22:33+00:00\" \/>\n<meta property=\"og:image\" content=\"http:\/\/wp.kristdemokraterna.se\/nacka\/files\/2024\/02\/delabild-alla-hjartans-dag-1-240x300.png\" \/>\n<meta name=\"author\" content=\"Martin Gunnesson\" \/>\n<meta name=\"twitter:card\" content=\"summary_large_image\" \/>\n<meta name=\"twitter:label1\" content=\"Skriven av\" \/>\n\t<meta name=\"twitter:data1\" content=\"Martin Gunnesson\" \/>\n\t<meta name=\"twitter:label2\" content=\"Ber\u00e4knad l\u00e4stid\" \/>\n\t<meta name=\"twitter:data2\" content=\"1 minut\" \/>\n<script type=\"application\/ld+json\" class=\"yoast-schema-graph\">{\"@context\":\"https:\\\/\\\/schema.org\",\"@graph\":[{\"@type\":\"Article\",\"@id\":\"https:\\\/\\\/wp.kristdemokraterna.se\\\/nacka\\\/bli-medlem-idag\\\/#article\",\"isPartOf\":{\"@id\":\"https:\\\/\\\/wp.kristdemokraterna.se\\\/nacka\\\/bli-medlem-idag\\\/\"},\"author\":{\"name\":\"Martin Gunnesson\",\"@id\":\"https:\\\/\\\/wp.kristdemokraterna.se\\\/nacka\\\/#\\\/schema\\\/person\\\/1fe29fc42c2877f685d953476e2c9df3\"},\"headline\":\"Bli medlem idag!\",\"datePublished\":\"2024-02-11T20:08:59+00:00\",\"dateModified\":\"2024-02-11T20:22:33+00:00\",\"mainEntityOfPage\":{\"@id\":\"https:\\\/\\\/wp.kristdemokraterna.se\\\/nacka\\\/bli-medlem-idag\\\/\"},\"wordCount\":44,\"image\":{\"@id\":\"https:\\\/\\\/wp.kristdemokraterna.se\\\/nacka\\\/bli-medlem-idag\\\/#primaryimage\"},\"thumbnailUrl\":\"http:\\\/\\\/wp.kristdemokraterna.se\\\/nacka\\\/files\\\/2024\\\/02\\\/delabild-alla-hjartans-dag-1-240x300.png\",\"articleSection\":[\"I Kommunen\"],\"inLanguage\":\"sv-SE\"},{\"@type\":\"WebPage\",\"@id\":\"https:\\\/\\\/wp.kristdemokraterna.se\\\/nacka\\\/bli-medlem-idag\\\/\",\"url\":\"https:\\\/\\\/wp.kristdemokraterna.se\\\/nacka\\\/bli-medlem-idag\\\/\",\"name\":\"Bli medlem idag! - Kristdemokraterna i Nacka\",\"isPartOf\":{\"@id\":\"https:\\\/\\\/wp.kristdemokraterna.se\\\/nacka\\\/#website\"},\"primaryImageOfPage\":{\"@id\":\"https:\\\/\\\/wp.kristdemokraterna.se\\\/nacka\\\/bli-medlem-idag\\\/#primaryimage\"},\"image\":{\"@id\":\"https:\\\/\\\/wp.kristdemokraterna.se\\\/nacka\\\/bli-medlem-idag\\\/#primaryimage\"},\"thumbnailUrl\":\"http:\\\/\\\/wp.kristdemokraterna.se\\\/nacka\\\/files\\\/2024\\\/02\\\/delabild-alla-hjartans-dag-1-240x300.png\",\"datePublished\":\"2024-02-11T20:08:59+00:00\",\"dateModified\":\"2024-02-11T20:22:33+00:00\",\"author\":{\"@id\":\"https:\\\/\\\/wp.kristdemokraterna.se\\\/nacka\\\/#\\\/schema\\\/person\\\/1fe29fc42c2877f685d953476e2c9df3\"},\"breadcrumb\":{\"@id\":\"https:\\\/\\\/wp.kristdemokraterna.se\\\/nacka\\\/bli-medlem-idag\\\/#breadcrumb\"},\"inLanguage\":\"sv-SE\",\"potentialAction\":[{\"@type\":\"ReadAction\",\"target\":[\"https:\\\/\\\/wp.kristdemokraterna.se\\\/nacka\\\/bli-medlem-idag\\\/\"]}]},{\"@type\":\"ImageObject\",\"inLanguage\":\"sv-SE\",\"@id\":\"https:\\\/\\\/wp.kristdemokraterna.se\\\/nacka\\\/bli-medlem-idag\\\/#primaryimage\",\"url\":\"http:\\\/\\\/wp.kristdemokraterna.se\\\/nacka\\\/files\\\/2024\\\/02\\\/delabild-alla-hjartans-dag-1-240x300.png\",\"contentUrl\":\"http:\\\/\\\/wp.kristdemokraterna.se\\\/nacka\\\/files\\\/2024\\\/02\\\/delabild-alla-hjartans-dag-1-240x300.png\"},{\"@type\":\"BreadcrumbList\",\"@id\":\"https:\\\/\\\/wp.kristdemokraterna.se\\\/nacka\\\/bli-medlem-idag\\\/#breadcrumb\",\"itemListElement\":[{\"@type\":\"ListItem\",\"position\":1,\"name\":\"Hem\",\"item\":\"https:\\\/\\\/wp.kristdemokraterna.se\\\/nacka\\\/\"},{\"@type\":\"ListItem\",\"position\":2,\"name\":\"Bli medlem idag!\"}]},{\"@type\":\"WebSite\",\"@id\":\"https:\\\/\\\/wp.kristdemokraterna.se\\\/nacka\\\/#website\",\"url\":\"https:\\\/\\\/wp.kristdemokraterna.se\\\/nacka\\\/\",\"name\":\"Kristdemokraterna i Nacka\",\"description\":\"Vi \u00e4r hj\u00e4rtat till h\u00f6ger\",\"inLanguage\":\"sv-SE\"},{\"@type\":\"Person\",\"@id\":\"https:\\\/\\\/wp.kristdemokraterna.se\\\/nacka\\\/#\\\/schema\\\/person\\\/1fe29fc42c2877f685d953476e2c9df3\",\"name\":\"Martin Gunnesson\",\"image\":{\"@type\":\"ImageObject\",\"inLanguage\":\"sv-SE\",\"@id\":\"https:\\\/\\\/secure.gravatar.com\\\/avatar\\\/4a1c8981eae86754728f44bfabd3a53691f3916980281974fe783d97d2fbb7b7?s=96&d=mm&r=g\",\"url\":\"https:\\\/\\\/secure.gravatar.com\\\/avatar\\\/4a1c8981eae86754728f44bfabd3a53691f3916980281974fe783d97d2fbb7b7?s=96&d=mm&r=g\",\"contentUrl\":\"https:\\\/\\\/secure.gravatar.com\\\/avatar\\\/4a1c8981eae86754728f44bfabd3a53691f3916980281974fe783d97d2fbb7b7?s=96&d=mm&r=g\",\"caption\":\"Martin Gunnesson\"},\"description\":\"Ordf\u00f6rande f\u00f6r Kristdemokraterna Nacka.\",\"url\":\"https:\\\/\\\/wp.kristdemokraterna.se\\\/nacka\\\/author\\\/nacka1\\\/\"}]}<\/script>\n<!-- \/ Yoast SEO plugin. -->","yoast_head_json":{"title":"Bli medlem idag! - Kristdemokraterna i Nacka","robots":{"index":"index","follow":"follow","max-snippet":"max-snippet:-1","max-image-preview":"max-image-preview:large","max-video-preview":"max-video-preview:-1"},"canonical":"https:\/\/wp.kristdemokraterna.se\/nacka\/bli-medlem-idag\/","og_locale":"sv_SE","og_type":"article","og_title":"Bli medlem idag! - Kristdemokraterna i Nacka","og_description":"G\u00e5 med idag! Hj\u00e4lp oss att bygga Nacka till en \u00e4n starkare och varmare kommun! F\u00f6r mer information, kontakta oss p\u00e5 nacka@kristdemokraterna.se eller v\u00e5r ordf\u00f6rande martin.gunnesson@kristdemokraterna.se, eller g\u00e5 med direkt h\u00e4r!","og_url":"https:\/\/wp.kristdemokraterna.se\/nacka\/bli-medlem-idag\/","og_site_name":"Kristdemokraterna i Nacka","article_published_time":"2024-02-11T20:08:59+00:00","article_modified_time":"2024-02-11T20:22:33+00:00","og_image":[{"url":"http:\/\/wp.kristdemokraterna.se\/nacka\/files\/2024\/02\/delabild-alla-hjartans-dag-1-240x300.png","type":"","width":"","height":""}],"author":"Martin Gunnesson","twitter_card":"summary_large_image","twitter_misc":{"Skriven av":"Martin Gunnesson","Ber\u00e4knad l\u00e4stid":"1 minut"},"schema":{"@context":"https:\/\/schema.org","@graph":[{"@type":"Article","@id":"https:\/\/wp.kristdemokraterna.se\/nacka\/bli-medlem-idag\/#article","isPartOf":{"@id":"https:\/\/wp.kristdemokraterna.se\/nacka\/bli-medlem-idag\/"},"author":{"name":"Martin Gunnesson","@id":"https:\/\/wp.kristdemokraterna.se\/nacka\/#\/schema\/person\/1fe29fc42c2877f685d953476e2c9df3"},"headline":"Bli medlem idag!","datePublished":"2024-02-11T20:08:59+00:00","dateModified":"2024-02-11T20:22:33+00:00","mainEntityOfPage":{"@id":"https:\/\/wp.kristdemokraterna.se\/nacka\/bli-medlem-idag\/"},"wordCount":44,"image":{"@id":"https:\/\/wp.kristdemokraterna.se\/nacka\/bli-medlem-idag\/#primaryimage"},"thumbnailUrl":"http:\/\/wp.kristdemokraterna.se\/nacka\/files\/2024\/02\/delabild-alla-hjartans-dag-1-240x300.png","articleSection":["I Kommunen"],"inLanguage":"sv-SE"},{"@type":"WebPage","@id":"https:\/\/wp.kristdemokraterna.se\/nacka\/bli-medlem-idag\/","url":"https:\/\/wp.kristdemokraterna.se\/nacka\/bli-medlem-idag\/","name":"Bli medlem idag! - Kristdemokraterna i Nacka","isPartOf":{"@id":"https:\/\/wp.kristdemokraterna.se\/nacka\/#website"},"primaryImageOfPage":{"@id":"https:\/\/wp.kristdemokraterna.se\/nacka\/bli-medlem-idag\/#primaryimage"},"image":{"@id":"https:\/\/wp.kristdemokraterna.se\/nacka\/bli-medlem-idag\/#primaryimage"},"thumbnailUrl":"http:\/\/wp.kristdemokraterna.se\/nacka\/files\/2024\/02\/delabild-alla-hjartans-dag-1-240x300.png","datePublished":"2024-02-11T20:08:59+00:00","dateModified":"2024-02-11T20:22:33+00:00","author":{"@id":"https:\/\/wp.kristdemokraterna.se\/nacka\/#\/schema\/person\/1fe29fc42c2877f685d953476e2c9df3"},"breadcrumb":{"@id":"https:\/\/wp.kristdemokraterna.se\/nacka\/bli-medlem-idag\/#breadcrumb"},"inLanguage":"sv-SE","potentialAction":[{"@type":"ReadAction","target":["https:\/\/wp.kristdemokraterna.se\/nacka\/bli-medlem-idag\/"]}]},{"@type":"ImageObject","inLanguage":"sv-SE","@id":"https:\/\/wp.kristdemokraterna.se\/nacka\/bli-medlem-idag\/#primaryimage","url":"http:\/\/wp.kristdemokraterna.se\/nacka\/files\/2024\/02\/delabild-alla-hjartans-dag-1-240x300.png","contentUrl":"http:\/\/wp.kristdemokraterna.se\/nacka\/files\/2024\/02\/delabild-alla-hjartans-dag-1-240x300.png"},{"@type":"BreadcrumbList","@id":"https:\/\/wp.kristdemokraterna.se\/nacka\/bli-medlem-idag\/#breadcrumb","itemListElement":[{"@type":"ListItem","position":1,"name":"Hem","item":"https:\/\/wp.kristdemokraterna.se\/nacka\/"},{"@type":"ListItem","position":2,"name":"Bli medlem idag!"}]},{"@type":"WebSite","@id":"https:\/\/wp.kristdemokraterna.se\/nacka\/#website","url":"https:\/\/wp.kristdemokraterna.se\/nacka\/","name":"Kristdemokraterna i Nacka","description":"Vi \u00e4r hj\u00e4rtat till h\u00f6ger","inLanguage":"sv-SE"},{"@type":"Person","@id":"https:\/\/wp.kristdemokraterna.se\/nacka\/#\/schema\/person\/1fe29fc42c2877f685d953476e2c9df3","name":"Martin Gunnesson","image":{"@type":"ImageObject","inLanguage":"sv-SE","@id":"https:\/\/secure.gravatar.com\/avatar\/4a1c8981eae86754728f44bfabd3a53691f3916980281974fe783d97d2fbb7b7?s=96&d=mm&r=g","url":"https:\/\/secure.gravatar.com\/avatar\/4a1c8981eae86754728f44bfabd3a53691f3916980281974fe783d97d2fbb7b7?s=96&d=mm&r=g","contentUrl":"https:\/\/secure.gravatar.com\/avatar\/4a1c8981eae86754728f44bfabd3a53691f3916980281974fe783d97d2fbb7b7?s=96&d=mm&r=g","caption":"Martin Gunnesson"},"description":"Ordf\u00f6rande f\u00f6r Kristdemokraterna Nacka.","url":"https:\/\/wp.kristdemokraterna.se\/nacka\/author\/nacka1\/"}]}},"_links":{"self":[{"href":"https:\/\/wp.kristdemokraterna.se\/nacka\/wp-json\/wp\/v2\/posts\/1060","targetHints":{"allow":["GET"]}}],"collection":[{"href":"https:\/\/wp.kristdemokraterna.se\/nacka\/wp-json\/wp\/v2\/posts"}],"about":[{"href":"https:\/\/wp.kristdemokraterna.se\/nacka\/wp-json\/wp\/v2\/types\/post"}],"author":[{"embeddable":true,"href":"https:\/\/wp.kristdemokraterna.se\/nacka\/wp-json\/wp\/v2\/users\/789"}],"replies":[{"embeddable":true,"href":"https:\/\/wp.kristdemokraterna.se\/nacka\/wp-json\/wp\/v2\/comments?post=1060"}],"version-history":[{"count":4,"href":"https:\/\/wp.kristdemokraterna.se\/nacka\/wp-json\/wp\/v2\/posts\/1060\/revisions"}],"predecessor-version":[{"id":1066,"href":"https:\/\/wp.kristdemokraterna.se\/nacka\/wp-json\/wp\/v2\/posts\/1060\/revisions\/1066"}],"wp:attachment":[{"href":"https:\/\/wp.kristdemokraterna.se\/nacka\/wp-json\/wp\/v2\/media?parent=1060"}],"wp:term":[{"taxonomy":"category","embeddable":true,"href":"https:\/\/wp.kristdemokraterna.se\/nacka\/wp-json\/wp\/v2\/categories?post=1060"},{"taxonomy":"post_tag","embeddable":true,"href":"https:\/\/wp.kristdemokraterna.se\/nacka\/wp-json\/wp\/v2\/tags?post=1060"}],"curies":[{"name":"wp","href":"https:\/\/api.w.org\/{rel}","templated":true}]}}