{"id":1096,"date":"2024-10-15T14:40:46","date_gmt":"2024-10-15T12:40:46","guid":{"rendered":"https:\/\/wp.kristdemokraterna.se\/nacka\/?p=1096"},"modified":"2024-10-23T14:19:17","modified_gmt":"2024-10-23T12:19:17","slug":"oktober-manaden-att-uppmarksamma-brostcancer","status":"publish","type":"post","link":"https:\/\/wp.kristdemokraterna.se\/nacka\/oktober-manaden-att-uppmarksamma-brostcancer\/","title":{"rendered":"Oktober  &#8211; m\u00e5naden att uppm\u00e4rksamma br\u00f6stcancer"},"content":{"rendered":"<div class=\"xdj266r x11i5rnm xat24cr x1mh8g0r x1vvkbs x126k92a\">\n<div dir=\"auto\">Kristdemokraterna vill h\u00f6ja den \u00f6vre \u00e5ldersgr\u00e4nsen f\u00f6r mammografi och s\u00e4kerst\u00e4lla att alla kvinnor, oavsett \u00e5lder, f\u00e5r samma m\u00f6jlighet till tidig uppt\u00e4ckt och den v\u00e5rd som kan vara avg\u00f6rande f\u00f6r \u00f6verlevnaden.<\/div>\n<\/div>\n<div class=\"x11i5rnm xat24cr x1mh8g0r x1vvkbs xtlvy1s x126k92a\">\n<div dir=\"auto\">Br\u00f6stcancer \u00e4r den vanligaste cancerformen bland kvinnor i Sverige d\u00e4r det varje \u00e5r drabbas omkring 8 500 kvinnor. Tack vare tidig uppt\u00e4ckt och f\u00f6rb\u00e4ttrade behandlingsmetoder \u00f6verlever idag n\u00e4ra nio av tio kvinnor som f\u00e5r diagnosen.<\/div>\n<\/div>\n<div class=\"x11i5rnm xat24cr x1mh8g0r x1vvkbs xtlvy1s x126k92a\">\n<div dir=\"auto\">Mammografi har spelat en avg\u00f6rande roll i att r\u00e4dda liv och har minskat d\u00f6dligheten i br\u00f6stcancer med 30 procent sedan det inf\u00f6rdes i slutet av 1990-talet. Br\u00f6stcancer drabbar kvinnor i alla \u00e5ldrar, men det \u00e4r viktigt att komma ih\u00e5g att var femte kvinna som f\u00e5r diagnosen \u00e4r \u00f6ver 74 \u00e5r. Trots detta upph\u00f6r br\u00f6stcancerscreeningen vid 74 \u00e5rs \u00e5lder.<\/div>\n<\/div>\n<div class=\"x11i5rnm xat24cr x1mh8g0r x1vvkbs xtlvy1s x126k92a\">\n<div dir=\"auto\">Kristdemokraterna och Tid\u00f6partierna satsar p\u00e5 b\u00e5de cancerv\u00e5rd, forskning och kliniska pr\u00f6vningar. Vilket \u00e4r avg\u00f6rande f\u00f6r den medicinska utvecklingen med innovativa behandlingar. Detta kan b\u00e5de f\u00f6rl\u00e4nga och r\u00e4dda liv.<\/div>\n<\/div>\n<div class=\"x11i5rnm xat24cr x1mh8g0r x1vvkbs xtlvy1s x126k92a\">\n<div dir=\"auto\">Vi arbetar f\u00f6r en v\u00e5rd d\u00e4r det inte ska finnas begr\u00e4nsningar f\u00f6r att f\u00e5 livsviktig behandling.<\/div>\n<\/div>\n","protected":false},"excerpt":{"rendered":"<p>Kristdemokraterna vill h\u00f6ja den \u00f6vre \u00e5ldersgr\u00e4nsen f\u00f6r mammografi och s\u00e4kerst\u00e4lla att alla kvinnor, oavsett \u00e5lder, f\u00e5r samma m\u00f6jlighet till tidig uppt\u00e4ckt och den v\u00e5rd som kan vara avg\u00f6rande f\u00f6r \u00f6verlevnaden. Br\u00f6stcancer \u00e4r den vanligaste cancerformen bland kvinnor i Sverige d\u00e4r det varje \u00e5r drabbas omkring 8 500 kvinnor. Tack vare tidig uppt\u00e4ckt och f\u00f6rb\u00e4ttrade behandlingsmetoder <a class=\"read-more-link\" href=\"https:\/\/wp.kristdemokraterna.se\/nacka\/oktober-manaden-att-uppmarksamma-brostcancer\/\">L\u00e4s mer<\/a><\/p>\n","protected":false},"author":789,"featured_media":0,"comment_status":"closed","ping_status":"closed","sticky":false,"template":"","format":"standard","meta":{"_acf_changed":false,"footnotes":""},"categories":[4,11],"tags":[18],"class_list":["post-1096","post","type-post","status-publish","format-standard","hentry","category-i-kommunen","category-inlagg","tag-fritidsnamnden"],"acf":[],"yoast_head":"<!-- This site is optimized with the Yoast SEO plugin v27.4 - https:\/\/yoast.com\/product\/yoast-seo-wordpress\/ -->\n<title>Oktober - m\u00e5naden att uppm\u00e4rksamma br\u00f6stcancer - Kristdemokraterna i Nacka<\/title>\n<meta name=\"robots\" content=\"index, follow, max-snippet:-1, max-image-preview:large, max-video-preview:-1\" \/>\n<link rel=\"canonical\" href=\"https:\/\/wp.kristdemokraterna.se\/nacka\/oktober-manaden-att-uppmarksamma-brostcancer\/\" \/>\n<meta property=\"og:locale\" content=\"sv_SE\" \/>\n<meta property=\"og:type\" content=\"article\" \/>\n<meta property=\"og:title\" content=\"Oktober - m\u00e5naden att uppm\u00e4rksamma br\u00f6stcancer - Kristdemokraterna i Nacka\" \/>\n<meta property=\"og:description\" content=\"Kristdemokraterna vill h\u00f6ja den \u00f6vre \u00e5ldersgr\u00e4nsen f\u00f6r mammografi och s\u00e4kerst\u00e4lla att alla kvinnor, oavsett \u00e5lder, f\u00e5r samma m\u00f6jlighet till tidig uppt\u00e4ckt och den v\u00e5rd som kan vara avg\u00f6rande f\u00f6r \u00f6verlevnaden. Br\u00f6stcancer \u00e4r den vanligaste cancerformen bland kvinnor i Sverige d\u00e4r det varje \u00e5r drabbas omkring 8 500 kvinnor. Tack vare tidig uppt\u00e4ckt och f\u00f6rb\u00e4ttrade behandlingsmetoder L\u00e4s mer\" \/>\n<meta property=\"og:url\" content=\"https:\/\/wp.kristdemokraterna.se\/nacka\/oktober-manaden-att-uppmarksamma-brostcancer\/\" \/>\n<meta property=\"og:site_name\" content=\"Kristdemokraterna i Nacka\" \/>\n<meta property=\"article:published_time\" content=\"2024-10-15T12:40:46+00:00\" \/>\n<meta property=\"article:modified_time\" content=\"2024-10-23T12:19:17+00:00\" \/>\n<meta name=\"author\" content=\"Martin Gunnesson\" \/>\n<meta name=\"twitter:card\" content=\"summary_large_image\" \/>\n<meta name=\"twitter:label1\" content=\"Skriven av\" \/>\n\t<meta name=\"twitter:data1\" content=\"Martin Gunnesson\" \/>\n\t<meta name=\"twitter:label2\" content=\"Ber\u00e4knad l\u00e4stid\" \/>\n\t<meta name=\"twitter:data2\" content=\"1 minut\" \/>\n<script type=\"application\/ld+json\" class=\"yoast-schema-graph\">{\"@context\":\"https:\\\/\\\/schema.org\",\"@graph\":[{\"@type\":\"Article\",\"@id\":\"https:\\\/\\\/wp.kristdemokraterna.se\\\/nacka\\\/oktober-manaden-att-uppmarksamma-brostcancer\\\/#article\",\"isPartOf\":{\"@id\":\"https:\\\/\\\/wp.kristdemokraterna.se\\\/nacka\\\/oktober-manaden-att-uppmarksamma-brostcancer\\\/\"},\"author\":{\"name\":\"Martin Gunnesson\",\"@id\":\"https:\\\/\\\/wp.kristdemokraterna.se\\\/nacka\\\/#\\\/schema\\\/person\\\/1fe29fc42c2877f685d953476e2c9df3\"},\"headline\":\"Oktober &#8211; m\u00e5naden att uppm\u00e4rksamma br\u00f6stcancer\",\"datePublished\":\"2024-10-15T12:40:46+00:00\",\"dateModified\":\"2024-10-23T12:19:17+00:00\",\"mainEntityOfPage\":{\"@id\":\"https:\\\/\\\/wp.kristdemokraterna.se\\\/nacka\\\/oktober-manaden-att-uppmarksamma-brostcancer\\\/\"},\"wordCount\":214,\"keywords\":[\"#fritidsn\u00e4mnden\"],\"articleSection\":[\"I Kommunen\",\"Inl\u00e4gg\"],\"inLanguage\":\"sv-SE\"},{\"@type\":\"WebPage\",\"@id\":\"https:\\\/\\\/wp.kristdemokraterna.se\\\/nacka\\\/oktober-manaden-att-uppmarksamma-brostcancer\\\/\",\"url\":\"https:\\\/\\\/wp.kristdemokraterna.se\\\/nacka\\\/oktober-manaden-att-uppmarksamma-brostcancer\\\/\",\"name\":\"Oktober - m\u00e5naden att uppm\u00e4rksamma br\u00f6stcancer - Kristdemokraterna i Nacka\",\"isPartOf\":{\"@id\":\"https:\\\/\\\/wp.kristdemokraterna.se\\\/nacka\\\/#website\"},\"datePublished\":\"2024-10-15T12:40:46+00:00\",\"dateModified\":\"2024-10-23T12:19:17+00:00\",\"author\":{\"@id\":\"https:\\\/\\\/wp.kristdemokraterna.se\\\/nacka\\\/#\\\/schema\\\/person\\\/1fe29fc42c2877f685d953476e2c9df3\"},\"breadcrumb\":{\"@id\":\"https:\\\/\\\/wp.kristdemokraterna.se\\\/nacka\\\/oktober-manaden-att-uppmarksamma-brostcancer\\\/#breadcrumb\"},\"inLanguage\":\"sv-SE\",\"potentialAction\":[{\"@type\":\"ReadAction\",\"target\":[\"https:\\\/\\\/wp.kristdemokraterna.se\\\/nacka\\\/oktober-manaden-att-uppmarksamma-brostcancer\\\/\"]}]},{\"@type\":\"BreadcrumbList\",\"@id\":\"https:\\\/\\\/wp.kristdemokraterna.se\\\/nacka\\\/oktober-manaden-att-uppmarksamma-brostcancer\\\/#breadcrumb\",\"itemListElement\":[{\"@type\":\"ListItem\",\"position\":1,\"name\":\"Hem\",\"item\":\"https:\\\/\\\/wp.kristdemokraterna.se\\\/nacka\\\/\"},{\"@type\":\"ListItem\",\"position\":2,\"name\":\"Oktober &#8211; m\u00e5naden att uppm\u00e4rksamma br\u00f6stcancer\"}]},{\"@type\":\"WebSite\",\"@id\":\"https:\\\/\\\/wp.kristdemokraterna.se\\\/nacka\\\/#website\",\"url\":\"https:\\\/\\\/wp.kristdemokraterna.se\\\/nacka\\\/\",\"name\":\"Kristdemokraterna i Nacka\",\"description\":\"Vi \u00e4r hj\u00e4rtat till h\u00f6ger\",\"inLanguage\":\"sv-SE\"},{\"@type\":\"Person\",\"@id\":\"https:\\\/\\\/wp.kristdemokraterna.se\\\/nacka\\\/#\\\/schema\\\/person\\\/1fe29fc42c2877f685d953476e2c9df3\",\"name\":\"Martin Gunnesson\",\"image\":{\"@type\":\"ImageObject\",\"inLanguage\":\"sv-SE\",\"@id\":\"https:\\\/\\\/secure.gravatar.com\\\/avatar\\\/4a1c8981eae86754728f44bfabd3a53691f3916980281974fe783d97d2fbb7b7?s=96&d=mm&r=g\",\"url\":\"https:\\\/\\\/secure.gravatar.com\\\/avatar\\\/4a1c8981eae86754728f44bfabd3a53691f3916980281974fe783d97d2fbb7b7?s=96&d=mm&r=g\",\"contentUrl\":\"https:\\\/\\\/secure.gravatar.com\\\/avatar\\\/4a1c8981eae86754728f44bfabd3a53691f3916980281974fe783d97d2fbb7b7?s=96&d=mm&r=g\",\"caption\":\"Martin Gunnesson\"},\"description\":\"Ordf\u00f6rande f\u00f6r Kristdemokraterna Nacka.\",\"url\":\"https:\\\/\\\/wp.kristdemokraterna.se\\\/nacka\\\/author\\\/nacka1\\\/\"}]}<\/script>\n<!-- \/ Yoast SEO plugin. -->","yoast_head_json":{"title":"Oktober - m\u00e5naden att uppm\u00e4rksamma br\u00f6stcancer - Kristdemokraterna i Nacka","robots":{"index":"index","follow":"follow","max-snippet":"max-snippet:-1","max-image-preview":"max-image-preview:large","max-video-preview":"max-video-preview:-1"},"canonical":"https:\/\/wp.kristdemokraterna.se\/nacka\/oktober-manaden-att-uppmarksamma-brostcancer\/","og_locale":"sv_SE","og_type":"article","og_title":"Oktober - m\u00e5naden att uppm\u00e4rksamma br\u00f6stcancer - Kristdemokraterna i Nacka","og_description":"Kristdemokraterna vill h\u00f6ja den \u00f6vre \u00e5ldersgr\u00e4nsen f\u00f6r mammografi och s\u00e4kerst\u00e4lla att alla kvinnor, oavsett \u00e5lder, f\u00e5r samma m\u00f6jlighet till tidig uppt\u00e4ckt och den v\u00e5rd som kan vara avg\u00f6rande f\u00f6r \u00f6verlevnaden. Br\u00f6stcancer \u00e4r den vanligaste cancerformen bland kvinnor i Sverige d\u00e4r det varje \u00e5r drabbas omkring 8 500 kvinnor. Tack vare tidig uppt\u00e4ckt och f\u00f6rb\u00e4ttrade behandlingsmetoder L\u00e4s mer","og_url":"https:\/\/wp.kristdemokraterna.se\/nacka\/oktober-manaden-att-uppmarksamma-brostcancer\/","og_site_name":"Kristdemokraterna i Nacka","article_published_time":"2024-10-15T12:40:46+00:00","article_modified_time":"2024-10-23T12:19:17+00:00","author":"Martin Gunnesson","twitter_card":"summary_large_image","twitter_misc":{"Skriven av":"Martin Gunnesson","Ber\u00e4knad l\u00e4stid":"1 minut"},"schema":{"@context":"https:\/\/schema.org","@graph":[{"@type":"Article","@id":"https:\/\/wp.kristdemokraterna.se\/nacka\/oktober-manaden-att-uppmarksamma-brostcancer\/#article","isPartOf":{"@id":"https:\/\/wp.kristdemokraterna.se\/nacka\/oktober-manaden-att-uppmarksamma-brostcancer\/"},"author":{"name":"Martin Gunnesson","@id":"https:\/\/wp.kristdemokraterna.se\/nacka\/#\/schema\/person\/1fe29fc42c2877f685d953476e2c9df3"},"headline":"Oktober &#8211; m\u00e5naden att uppm\u00e4rksamma br\u00f6stcancer","datePublished":"2024-10-15T12:40:46+00:00","dateModified":"2024-10-23T12:19:17+00:00","mainEntityOfPage":{"@id":"https:\/\/wp.kristdemokraterna.se\/nacka\/oktober-manaden-att-uppmarksamma-brostcancer\/"},"wordCount":214,"keywords":["#fritidsn\u00e4mnden"],"articleSection":["I Kommunen","Inl\u00e4gg"],"inLanguage":"sv-SE"},{"@type":"WebPage","@id":"https:\/\/wp.kristdemokraterna.se\/nacka\/oktober-manaden-att-uppmarksamma-brostcancer\/","url":"https:\/\/wp.kristdemokraterna.se\/nacka\/oktober-manaden-att-uppmarksamma-brostcancer\/","name":"Oktober - m\u00e5naden att uppm\u00e4rksamma br\u00f6stcancer - Kristdemokraterna i Nacka","isPartOf":{"@id":"https:\/\/wp.kristdemokraterna.se\/nacka\/#website"},"datePublished":"2024-10-15T12:40:46+00:00","dateModified":"2024-10-23T12:19:17+00:00","author":{"@id":"https:\/\/wp.kristdemokraterna.se\/nacka\/#\/schema\/person\/1fe29fc42c2877f685d953476e2c9df3"},"breadcrumb":{"@id":"https:\/\/wp.kristdemokraterna.se\/nacka\/oktober-manaden-att-uppmarksamma-brostcancer\/#breadcrumb"},"inLanguage":"sv-SE","potentialAction":[{"@type":"ReadAction","target":["https:\/\/wp.kristdemokraterna.se\/nacka\/oktober-manaden-att-uppmarksamma-brostcancer\/"]}]},{"@type":"BreadcrumbList","@id":"https:\/\/wp.kristdemokraterna.se\/nacka\/oktober-manaden-att-uppmarksamma-brostcancer\/#breadcrumb","itemListElement":[{"@type":"ListItem","position":1,"name":"Hem","item":"https:\/\/wp.kristdemokraterna.se\/nacka\/"},{"@type":"ListItem","position":2,"name":"Oktober &#8211; m\u00e5naden att uppm\u00e4rksamma br\u00f6stcancer"}]},{"@type":"WebSite","@id":"https:\/\/wp.kristdemokraterna.se\/nacka\/#website","url":"https:\/\/wp.kristdemokraterna.se\/nacka\/","name":"Kristdemokraterna i Nacka","description":"Vi \u00e4r hj\u00e4rtat till h\u00f6ger","inLanguage":"sv-SE"},{"@type":"Person","@id":"https:\/\/wp.kristdemokraterna.se\/nacka\/#\/schema\/person\/1fe29fc42c2877f685d953476e2c9df3","name":"Martin Gunnesson","image":{"@type":"ImageObject","inLanguage":"sv-SE","@id":"https:\/\/secure.gravatar.com\/avatar\/4a1c8981eae86754728f44bfabd3a53691f3916980281974fe783d97d2fbb7b7?s=96&d=mm&r=g","url":"https:\/\/secure.gravatar.com\/avatar\/4a1c8981eae86754728f44bfabd3a53691f3916980281974fe783d97d2fbb7b7?s=96&d=mm&r=g","contentUrl":"https:\/\/secure.gravatar.com\/avatar\/4a1c8981eae86754728f44bfabd3a53691f3916980281974fe783d97d2fbb7b7?s=96&d=mm&r=g","caption":"Martin Gunnesson"},"description":"Ordf\u00f6rande f\u00f6r Kristdemokraterna Nacka.","url":"https:\/\/wp.kristdemokraterna.se\/nacka\/author\/nacka1\/"}]}},"_links":{"self":[{"href":"https:\/\/wp.kristdemokraterna.se\/nacka\/wp-json\/wp\/v2\/posts\/1096","targetHints":{"allow":["GET"]}}],"collection":[{"href":"https:\/\/wp.kristdemokraterna.se\/nacka\/wp-json\/wp\/v2\/posts"}],"about":[{"href":"https:\/\/wp.kristdemokraterna.se\/nacka\/wp-json\/wp\/v2\/types\/post"}],"author":[{"embeddable":true,"href":"https:\/\/wp.kristdemokraterna.se\/nacka\/wp-json\/wp\/v2\/users\/789"}],"replies":[{"embeddable":true,"href":"https:\/\/wp.kristdemokraterna.se\/nacka\/wp-json\/wp\/v2\/comments?post=1096"}],"version-history":[{"count":1,"href":"https:\/\/wp.kristdemokraterna.se\/nacka\/wp-json\/wp\/v2\/posts\/1096\/revisions"}],"predecessor-version":[{"id":1103,"href":"https:\/\/wp.kristdemokraterna.se\/nacka\/wp-json\/wp\/v2\/posts\/1096\/revisions\/1103"}],"wp:attachment":[{"href":"https:\/\/wp.kristdemokraterna.se\/nacka\/wp-json\/wp\/v2\/media?parent=1096"}],"wp:term":[{"taxonomy":"category","embeddable":true,"href":"https:\/\/wp.kristdemokraterna.se\/nacka\/wp-json\/wp\/v2\/categories?post=1096"},{"taxonomy":"post_tag","embeddable":true,"href":"https:\/\/wp.kristdemokraterna.se\/nacka\/wp-json\/wp\/v2\/tags?post=1096"}],"curies":[{"name":"wp","href":"https:\/\/api.w.org\/{rel}","templated":true}]}}