{"id":1122,"date":"2024-10-22T14:04:02","date_gmt":"2024-10-22T12:04:02","guid":{"rendered":"https:\/\/wp.kristdemokraterna.se\/nacka\/?p=1122"},"modified":"2024-10-23T14:18:24","modified_gmt":"2024-10-23T12:18:24","slug":"multihall-med-vardskap-ska-ge-unga-chans-till-trygg-fritid","status":"publish","type":"post","link":"https:\/\/wp.kristdemokraterna.se\/nacka\/multihall-med-vardskap-ska-ge-unga-chans-till-trygg-fritid\/","title":{"rendered":"Multihall med v\u00e4rdskap ska ge unga chans till trygg fritid"},"content":{"rendered":"<div dir=\"auto\">Med v\u00e5rt multihallskoncept i Fisks\u00e4tra skapar vi trygga fritidsm\u00f6jligheter f\u00f6r barn och unga. Genom ett brett utbud av aktiviteter och engagerade v\u00e4rdar, ges fler m\u00f6jligheten att testa nya saker, umg\u00e5s och idrotta p\u00e5 ett tryggt och meningsfullt s\u00e4tt.<\/div>\n<div dir=\"auto\">L\u00e4s mer i Nacka V\u00e4rmd\u00f6 Posten:\u00a0\u00a0<a href=\"https:\/\/www.nvp.se\/2024-10-08\/multivardar-ska-skapa-trygghet-i-nya-hallen\/?fbclid=IwY2xjawGFxclleHRuA2FlbQIxMAABHQRkqaunHc7ThaTK0H7HO3ZRmxVbfWg1pUvCCV58MjcNZnLWgRfZTLBi9g_aem_6C8Vg3mdgpiTdkW2loVsjQ\">https:\/\/www.nvp.se\/2024-10-08\/multivardar-ska-skapa-trygghet-i-nya-hallen\/?fbclid=IwY2xjawGFxclleHRuA2FlbQIxMAABHQRkqaunHc7ThaTK0H7HO3ZRmxVbfWg1pUvCCV58MjcNZnLWgRfZTLBi9g_aem_6C8Vg3mdgpiTdkW2loVsjQ<\/a><\/div>\n","protected":false},"excerpt":{"rendered":"<p>Med v\u00e5rt multihallskoncept i Fisks\u00e4tra skapar vi trygga fritidsm\u00f6jligheter f\u00f6r barn och unga. Genom ett brett utbud av aktiviteter och engagerade v\u00e4rdar, ges fler m\u00f6jligheten att testa nya saker, umg\u00e5s och idrotta p\u00e5 ett tryggt och meningsfullt s\u00e4tt. L\u00e4s mer i Nacka V\u00e4rmd\u00f6 Posten:\u00a0\u00a0https:\/\/www.nvp.se\/2024-10-08\/multivardar-ska-skapa-trygghet-i-nya-hallen\/?fbclid=IwY2xjawGFxclleHRuA2FlbQIxMAABHQRkqaunHc7ThaTK0H7HO3ZRmxVbfWg1pUvCCV58MjcNZnLWgRfZTLBi9g_aem_6C8Vg3mdgpiTdkW2loVsjQ<\/p>\n","protected":false},"author":789,"featured_media":0,"comment_status":"closed","ping_status":"closed","sticky":false,"template":"","format":"standard","meta":{"_acf_changed":false,"footnotes":""},"categories":[4,11,1],"tags":[],"class_list":["post-1122","post","type-post","status-publish","format-standard","hentry","category-i-kommunen","category-inlagg","category-okategoriserade"],"acf":[],"yoast_head":"<!-- This site is optimized with the Yoast SEO plugin v27.4 - https:\/\/yoast.com\/product\/yoast-seo-wordpress\/ -->\n<title>Multihall med v\u00e4rdskap ska ge unga chans till trygg fritid - Kristdemokraterna i Nacka<\/title>\n<meta name=\"robots\" content=\"index, follow, max-snippet:-1, max-image-preview:large, max-video-preview:-1\" \/>\n<link rel=\"canonical\" href=\"https:\/\/wp.kristdemokraterna.se\/nacka\/multihall-med-vardskap-ska-ge-unga-chans-till-trygg-fritid\/\" \/>\n<meta property=\"og:locale\" content=\"sv_SE\" \/>\n<meta property=\"og:type\" content=\"article\" \/>\n<meta property=\"og:title\" content=\"Multihall med v\u00e4rdskap ska ge unga chans till trygg fritid - Kristdemokraterna i Nacka\" \/>\n<meta property=\"og:description\" content=\"Med v\u00e5rt multihallskoncept i Fisks\u00e4tra skapar vi trygga fritidsm\u00f6jligheter f\u00f6r barn och unga. Genom ett brett utbud av aktiviteter och engagerade v\u00e4rdar, ges fler m\u00f6jligheten att testa nya saker, umg\u00e5s och idrotta p\u00e5 ett tryggt och meningsfullt s\u00e4tt. L\u00e4s mer i Nacka V\u00e4rmd\u00f6 Posten:\u00a0\u00a0https:\/\/www.nvp.se\/2024-10-08\/multivardar-ska-skapa-trygghet-i-nya-hallen\/?fbclid=IwY2xjawGFxclleHRuA2FlbQIxMAABHQRkqaunHc7ThaTK0H7HO3ZRmxVbfWg1pUvCCV58MjcNZnLWgRfZTLBi9g_aem_6C8Vg3mdgpiTdkW2loVsjQ\" \/>\n<meta property=\"og:url\" content=\"https:\/\/wp.kristdemokraterna.se\/nacka\/multihall-med-vardskap-ska-ge-unga-chans-till-trygg-fritid\/\" \/>\n<meta property=\"og:site_name\" content=\"Kristdemokraterna i Nacka\" \/>\n<meta property=\"article:published_time\" content=\"2024-10-22T12:04:02+00:00\" \/>\n<meta property=\"article:modified_time\" content=\"2024-10-23T12:18:24+00:00\" \/>\n<meta name=\"author\" content=\"Martin Gunnesson\" \/>\n<meta name=\"twitter:card\" content=\"summary_large_image\" \/>\n<meta name=\"twitter:label1\" content=\"Skriven av\" \/>\n\t<meta name=\"twitter:data1\" content=\"Martin Gunnesson\" \/>\n\t<meta name=\"twitter:label2\" content=\"Ber\u00e4knad l\u00e4stid\" \/>\n\t<meta name=\"twitter:data2\" content=\"1 minut\" \/>\n<script type=\"application\/ld+json\" class=\"yoast-schema-graph\">{\"@context\":\"https:\\\/\\\/schema.org\",\"@graph\":[{\"@type\":\"Article\",\"@id\":\"https:\\\/\\\/wp.kristdemokraterna.se\\\/nacka\\\/multihall-med-vardskap-ska-ge-unga-chans-till-trygg-fritid\\\/#article\",\"isPartOf\":{\"@id\":\"https:\\\/\\\/wp.kristdemokraterna.se\\\/nacka\\\/multihall-med-vardskap-ska-ge-unga-chans-till-trygg-fritid\\\/\"},\"author\":{\"name\":\"Martin Gunnesson\",\"@id\":\"https:\\\/\\\/wp.kristdemokraterna.se\\\/nacka\\\/#\\\/schema\\\/person\\\/1fe29fc42c2877f685d953476e2c9df3\"},\"headline\":\"Multihall med v\u00e4rdskap ska ge unga chans till trygg fritid\",\"datePublished\":\"2024-10-22T12:04:02+00:00\",\"dateModified\":\"2024-10-23T12:18:24+00:00\",\"mainEntityOfPage\":{\"@id\":\"https:\\\/\\\/wp.kristdemokraterna.se\\\/nacka\\\/multihall-med-vardskap-ska-ge-unga-chans-till-trygg-fritid\\\/\"},\"wordCount\":88,\"articleSection\":[\"I Kommunen\",\"Inl\u00e4gg\"],\"inLanguage\":\"sv-SE\"},{\"@type\":\"WebPage\",\"@id\":\"https:\\\/\\\/wp.kristdemokraterna.se\\\/nacka\\\/multihall-med-vardskap-ska-ge-unga-chans-till-trygg-fritid\\\/\",\"url\":\"https:\\\/\\\/wp.kristdemokraterna.se\\\/nacka\\\/multihall-med-vardskap-ska-ge-unga-chans-till-trygg-fritid\\\/\",\"name\":\"Multihall med v\u00e4rdskap ska ge unga chans till trygg fritid - Kristdemokraterna i Nacka\",\"isPartOf\":{\"@id\":\"https:\\\/\\\/wp.kristdemokraterna.se\\\/nacka\\\/#website\"},\"datePublished\":\"2024-10-22T12:04:02+00:00\",\"dateModified\":\"2024-10-23T12:18:24+00:00\",\"author\":{\"@id\":\"https:\\\/\\\/wp.kristdemokraterna.se\\\/nacka\\\/#\\\/schema\\\/person\\\/1fe29fc42c2877f685d953476e2c9df3\"},\"breadcrumb\":{\"@id\":\"https:\\\/\\\/wp.kristdemokraterna.se\\\/nacka\\\/multihall-med-vardskap-ska-ge-unga-chans-till-trygg-fritid\\\/#breadcrumb\"},\"inLanguage\":\"sv-SE\",\"potentialAction\":[{\"@type\":\"ReadAction\",\"target\":[\"https:\\\/\\\/wp.kristdemokraterna.se\\\/nacka\\\/multihall-med-vardskap-ska-ge-unga-chans-till-trygg-fritid\\\/\"]}]},{\"@type\":\"BreadcrumbList\",\"@id\":\"https:\\\/\\\/wp.kristdemokraterna.se\\\/nacka\\\/multihall-med-vardskap-ska-ge-unga-chans-till-trygg-fritid\\\/#breadcrumb\",\"itemListElement\":[{\"@type\":\"ListItem\",\"position\":1,\"name\":\"Hem\",\"item\":\"https:\\\/\\\/wp.kristdemokraterna.se\\\/nacka\\\/\"},{\"@type\":\"ListItem\",\"position\":2,\"name\":\"Multihall med v\u00e4rdskap ska ge unga chans till trygg fritid\"}]},{\"@type\":\"WebSite\",\"@id\":\"https:\\\/\\\/wp.kristdemokraterna.se\\\/nacka\\\/#website\",\"url\":\"https:\\\/\\\/wp.kristdemokraterna.se\\\/nacka\\\/\",\"name\":\"Kristdemokraterna i Nacka\",\"description\":\"Vi \u00e4r hj\u00e4rtat till h\u00f6ger\",\"inLanguage\":\"sv-SE\"},{\"@type\":\"Person\",\"@id\":\"https:\\\/\\\/wp.kristdemokraterna.se\\\/nacka\\\/#\\\/schema\\\/person\\\/1fe29fc42c2877f685d953476e2c9df3\",\"name\":\"Martin Gunnesson\",\"image\":{\"@type\":\"ImageObject\",\"inLanguage\":\"sv-SE\",\"@id\":\"https:\\\/\\\/secure.gravatar.com\\\/avatar\\\/4a1c8981eae86754728f44bfabd3a53691f3916980281974fe783d97d2fbb7b7?s=96&d=mm&r=g\",\"url\":\"https:\\\/\\\/secure.gravatar.com\\\/avatar\\\/4a1c8981eae86754728f44bfabd3a53691f3916980281974fe783d97d2fbb7b7?s=96&d=mm&r=g\",\"contentUrl\":\"https:\\\/\\\/secure.gravatar.com\\\/avatar\\\/4a1c8981eae86754728f44bfabd3a53691f3916980281974fe783d97d2fbb7b7?s=96&d=mm&r=g\",\"caption\":\"Martin Gunnesson\"},\"description\":\"Ordf\u00f6rande f\u00f6r Kristdemokraterna Nacka.\",\"url\":\"https:\\\/\\\/wp.kristdemokraterna.se\\\/nacka\\\/author\\\/nacka1\\\/\"}]}<\/script>\n<!-- \/ Yoast SEO plugin. -->","yoast_head_json":{"title":"Multihall med v\u00e4rdskap ska ge unga chans till trygg fritid - Kristdemokraterna i Nacka","robots":{"index":"index","follow":"follow","max-snippet":"max-snippet:-1","max-image-preview":"max-image-preview:large","max-video-preview":"max-video-preview:-1"},"canonical":"https:\/\/wp.kristdemokraterna.se\/nacka\/multihall-med-vardskap-ska-ge-unga-chans-till-trygg-fritid\/","og_locale":"sv_SE","og_type":"article","og_title":"Multihall med v\u00e4rdskap ska ge unga chans till trygg fritid - Kristdemokraterna i Nacka","og_description":"Med v\u00e5rt multihallskoncept i Fisks\u00e4tra skapar vi trygga fritidsm\u00f6jligheter f\u00f6r barn och unga. Genom ett brett utbud av aktiviteter och engagerade v\u00e4rdar, ges fler m\u00f6jligheten att testa nya saker, umg\u00e5s och idrotta p\u00e5 ett tryggt och meningsfullt s\u00e4tt. L\u00e4s mer i Nacka V\u00e4rmd\u00f6 Posten:\u00a0\u00a0https:\/\/www.nvp.se\/2024-10-08\/multivardar-ska-skapa-trygghet-i-nya-hallen\/?fbclid=IwY2xjawGFxclleHRuA2FlbQIxMAABHQRkqaunHc7ThaTK0H7HO3ZRmxVbfWg1pUvCCV58MjcNZnLWgRfZTLBi9g_aem_6C8Vg3mdgpiTdkW2loVsjQ","og_url":"https:\/\/wp.kristdemokraterna.se\/nacka\/multihall-med-vardskap-ska-ge-unga-chans-till-trygg-fritid\/","og_site_name":"Kristdemokraterna i Nacka","article_published_time":"2024-10-22T12:04:02+00:00","article_modified_time":"2024-10-23T12:18:24+00:00","author":"Martin Gunnesson","twitter_card":"summary_large_image","twitter_misc":{"Skriven av":"Martin Gunnesson","Ber\u00e4knad l\u00e4stid":"1 minut"},"schema":{"@context":"https:\/\/schema.org","@graph":[{"@type":"Article","@id":"https:\/\/wp.kristdemokraterna.se\/nacka\/multihall-med-vardskap-ska-ge-unga-chans-till-trygg-fritid\/#article","isPartOf":{"@id":"https:\/\/wp.kristdemokraterna.se\/nacka\/multihall-med-vardskap-ska-ge-unga-chans-till-trygg-fritid\/"},"author":{"name":"Martin Gunnesson","@id":"https:\/\/wp.kristdemokraterna.se\/nacka\/#\/schema\/person\/1fe29fc42c2877f685d953476e2c9df3"},"headline":"Multihall med v\u00e4rdskap ska ge unga chans till trygg fritid","datePublished":"2024-10-22T12:04:02+00:00","dateModified":"2024-10-23T12:18:24+00:00","mainEntityOfPage":{"@id":"https:\/\/wp.kristdemokraterna.se\/nacka\/multihall-med-vardskap-ska-ge-unga-chans-till-trygg-fritid\/"},"wordCount":88,"articleSection":["I Kommunen","Inl\u00e4gg"],"inLanguage":"sv-SE"},{"@type":"WebPage","@id":"https:\/\/wp.kristdemokraterna.se\/nacka\/multihall-med-vardskap-ska-ge-unga-chans-till-trygg-fritid\/","url":"https:\/\/wp.kristdemokraterna.se\/nacka\/multihall-med-vardskap-ska-ge-unga-chans-till-trygg-fritid\/","name":"Multihall med v\u00e4rdskap ska ge unga chans till trygg fritid - Kristdemokraterna i Nacka","isPartOf":{"@id":"https:\/\/wp.kristdemokraterna.se\/nacka\/#website"},"datePublished":"2024-10-22T12:04:02+00:00","dateModified":"2024-10-23T12:18:24+00:00","author":{"@id":"https:\/\/wp.kristdemokraterna.se\/nacka\/#\/schema\/person\/1fe29fc42c2877f685d953476e2c9df3"},"breadcrumb":{"@id":"https:\/\/wp.kristdemokraterna.se\/nacka\/multihall-med-vardskap-ska-ge-unga-chans-till-trygg-fritid\/#breadcrumb"},"inLanguage":"sv-SE","potentialAction":[{"@type":"ReadAction","target":["https:\/\/wp.kristdemokraterna.se\/nacka\/multihall-med-vardskap-ska-ge-unga-chans-till-trygg-fritid\/"]}]},{"@type":"BreadcrumbList","@id":"https:\/\/wp.kristdemokraterna.se\/nacka\/multihall-med-vardskap-ska-ge-unga-chans-till-trygg-fritid\/#breadcrumb","itemListElement":[{"@type":"ListItem","position":1,"name":"Hem","item":"https:\/\/wp.kristdemokraterna.se\/nacka\/"},{"@type":"ListItem","position":2,"name":"Multihall med v\u00e4rdskap ska ge unga chans till trygg fritid"}]},{"@type":"WebSite","@id":"https:\/\/wp.kristdemokraterna.se\/nacka\/#website","url":"https:\/\/wp.kristdemokraterna.se\/nacka\/","name":"Kristdemokraterna i Nacka","description":"Vi \u00e4r hj\u00e4rtat till h\u00f6ger","inLanguage":"sv-SE"},{"@type":"Person","@id":"https:\/\/wp.kristdemokraterna.se\/nacka\/#\/schema\/person\/1fe29fc42c2877f685d953476e2c9df3","name":"Martin Gunnesson","image":{"@type":"ImageObject","inLanguage":"sv-SE","@id":"https:\/\/secure.gravatar.com\/avatar\/4a1c8981eae86754728f44bfabd3a53691f3916980281974fe783d97d2fbb7b7?s=96&d=mm&r=g","url":"https:\/\/secure.gravatar.com\/avatar\/4a1c8981eae86754728f44bfabd3a53691f3916980281974fe783d97d2fbb7b7?s=96&d=mm&r=g","contentUrl":"https:\/\/secure.gravatar.com\/avatar\/4a1c8981eae86754728f44bfabd3a53691f3916980281974fe783d97d2fbb7b7?s=96&d=mm&r=g","caption":"Martin Gunnesson"},"description":"Ordf\u00f6rande f\u00f6r Kristdemokraterna Nacka.","url":"https:\/\/wp.kristdemokraterna.se\/nacka\/author\/nacka1\/"}]}},"_links":{"self":[{"href":"https:\/\/wp.kristdemokraterna.se\/nacka\/wp-json\/wp\/v2\/posts\/1122","targetHints":{"allow":["GET"]}}],"collection":[{"href":"https:\/\/wp.kristdemokraterna.se\/nacka\/wp-json\/wp\/v2\/posts"}],"about":[{"href":"https:\/\/wp.kristdemokraterna.se\/nacka\/wp-json\/wp\/v2\/types\/post"}],"author":[{"embeddable":true,"href":"https:\/\/wp.kristdemokraterna.se\/nacka\/wp-json\/wp\/v2\/users\/789"}],"replies":[{"embeddable":true,"href":"https:\/\/wp.kristdemokraterna.se\/nacka\/wp-json\/wp\/v2\/comments?post=1122"}],"version-history":[{"count":1,"href":"https:\/\/wp.kristdemokraterna.se\/nacka\/wp-json\/wp\/v2\/posts\/1122\/revisions"}],"predecessor-version":[{"id":1124,"href":"https:\/\/wp.kristdemokraterna.se\/nacka\/wp-json\/wp\/v2\/posts\/1122\/revisions\/1124"}],"wp:attachment":[{"href":"https:\/\/wp.kristdemokraterna.se\/nacka\/wp-json\/wp\/v2\/media?parent=1122"}],"wp:term":[{"taxonomy":"category","embeddable":true,"href":"https:\/\/wp.kristdemokraterna.se\/nacka\/wp-json\/wp\/v2\/categories?post=1122"},{"taxonomy":"post_tag","embeddable":true,"href":"https:\/\/wp.kristdemokraterna.se\/nacka\/wp-json\/wp\/v2\/tags?post=1122"}],"curies":[{"name":"wp","href":"https:\/\/api.w.org\/{rel}","templated":true}]}}