{"id":1143,"date":"2024-11-19T14:03:33","date_gmt":"2024-11-19T13:03:33","guid":{"rendered":"https:\/\/wp.kristdemokraterna.se\/nacka\/?p=1143"},"modified":"2024-11-19T14:03:33","modified_gmt":"2024-11-19T13:03:33","slug":"mal-och-budget-2025-beslutad","status":"publish","type":"post","link":"https:\/\/wp.kristdemokraterna.se\/nacka\/mal-och-budget-2025-beslutad\/","title":{"rendered":"M\u00e5l och budget 2025 beslutad"},"content":{"rendered":"<p>Ig\u00e5r h\u00f6lls Kommunfullm\u00e4ktige med M\u00e5l och budget 2025 som den mest centrala punkten p\u00e5 dagordningen. Vi kan konstatera att Kommunstyrelsen segrade i samtliga voteringar och att Alliansens f\u00f6rslag till m\u00e5l och budget antogs.<\/p>\n<p>Mycket kan s\u00e4gas om den omv\u00e4rld vi befinner oss i. En tid efter pandemi som f\u00f6r m\u00e5nga i dagsl\u00e4get k\u00e4nns r\u00e4tt avl\u00e4gsen. Men faktum \u00e4r att det inte \u00e4r mer \u00e4n drygt 2 \u00bd \u00e5r sedan merparten av de allm\u00e4nna restriktionerna upph\u00e4vdes. Nu \u00e4r det andra fr\u00e5gor som oroar oss. Ett presidentval och flera krig.<\/p>\n<p>I dag den 20 november \u00e4r det 1 000 dagar sedan kriget \u00e5ter kom till Europa och Ryssland oprovocerat attackerade ett grannland i syfte att er\u00f6vra mark och dominera sin omgivning.<\/p>\n<p>Det vi med S\u00c4KERHET kan s\u00e4ga \u00e4r att vi inte kan vara S\u00c4KRA p\u00e5 allt som kommer att h\u00e4nda eller vilka konsekvenser det kommer att f\u00e5 f\u00f6r oss i Nacka. D\u00e4rf\u00f6r k\u00e4nns det tryggt att vi \u00e4r en robust kommun med en i grunden \u00e4r stark ekonomi.<\/p>\n<p>Nacka \u00e4r en attraktiv kommun och vi ser positivt p\u00e5 framtiden, trots byggkris och h\u00f6ga r\u00e4ntor. Vi har f\u00f6rm\u00e5gan att hantera upp och nedg\u00e5ngar i konjunkturer. Men vi beh\u00f6ver anpassa oss och att vissa saker kommer att ta l\u00e4ngre tid. Det \u00e4r inte enbart negativt f\u00f6r oss.<\/p>\n<p>Vi anv\u00e4nder \u00e5ret till att utv\u00e4rdera investeringarna f\u00f6r att s\u00e4kerst\u00e4lla ett gott samh\u00e4lle med god ekonomi \u00e4ven om framtiden ser annorlunda \u00e4n vad vi tidigare trodde.<\/p>\n<p>Vi kommer nu ur en period med vikande bostadsmarknad med en kraftigt reducerad befolkningsprognos till f\u00f6ljd. Nya siffror visar 16 000 f\u00e4rre inv\u00e5nare 2040 \u00e4n vad som prognostiserades f\u00f6r bara ett \u00e5r sedan. 16 000! Det handlar inte bara om antalet som s\u00e5dant. Utan \u00e4ven om vilka grupper som f\u00f6rv\u00e4ntas \u00f6ka och vad f\u00e5r det f\u00f6r konsekvenser. Det \u00e4r endast gruppen 80 \u00e5r och \u00e4ldre som prognostiseras ha en tydlig \u00f6kning under perioden. Det h\u00e4r f\u00f6rpliktigar! Det \u00e4r i alliansens budget f\u00f6r n\u00e4sta \u00e5r n\u00e4rmare 80 miljoner kronor extra till i \u00c4ldren\u00e4mnden \u2013 bara i volymer.<\/p>\n<p>I \u00e5r beh\u00f6vde vi l\u00e4gga extra tid p\u00e5 v\u00e5ra investeringar, och som alltid diskutera hur vi realistiskt och ansvarfullt skulle finansiera dem. Allt budgetarbete utg\u00e5r fr\u00e5n tv\u00e5 enkla fakta: att alla pengar som spenderas tas in n\u00e5gonstans, och att alla val att spendera p\u00e5 en sak samtidigt \u00e4r val att inte spendera p\u00e5 n\u00e5got annat. Ingenting \u00e4r gratis, eller ens subventionerat \u2013 och det ska vara synligt vem man anser ska betala.<\/p>\n<p>Att vi satsar p\u00e5 skolan, att barnen ska ha m\u00f6jlighet till en meningsfull fritid och att vi forts\u00e4tter prioritera och budgetera f\u00f6r viktiga investeringar s\u00e5som idrottsanl\u00e4ggningar var tydliga ing\u00e5ngsv\u00e4rden f\u00f6r oss Kristdemokrater. Vi VET att det \u00e4r tok-s\u00e4kra investeringar som inte kan v\u00e4nta. Samtidigt ALLTID med ansatsen att vi \u00e4ven de kommande \u00e5ren ska kunna uppr\u00e4tth\u00e5lla en god omsorg f\u00f6r de \u00e5rsrika medborgare som stadigt blir allt fler.<\/p>\n<p>Nu st\u00e5r vi h\u00e4r med v\u00e5rt budgetf\u00f6rslag d\u00e4r skolan f\u00e5 rej\u00e4la check-\u00f6kningar, \u00e5tg\u00e4rder f\u00f6r att fler barn ska motiveras delta i fritidshemmens och klubbens aktiviteter och viktiga investeringar i idrottsanl\u00e4ggningar &#8211; det \u00e4r vi b\u00e5de glada och stola \u00f6ver.<\/p>\n<p>Vikten av att vi forts\u00e4tter och f\u00f6rst\u00e4rker arbetet mot v\u00e4lf\u00e4rdsbrottslighet \u00e4r f\u00f6r oss utan tvivel. Ingen ska f\u00e5 lura till sig pengar som ska g\u00e5 till v\u00e5r gemensamma v\u00e4lf\u00e4rd.<\/p>\n<p>Vi Kristdemokrater v\u00e4rnar skattebetalarnas pengar och vill i m\u00f6jligaste m\u00e5n att de f\u00e5r beh\u00e5lla s\u00e5 mycket som m\u00f6jligt i sina egna pl\u00e5nb\u00f6cker. Nacka ska vara h\u00e5llbart f\u00f6r m\u00e4nniskorna som bor h\u00e4r. D\u00e5 beh\u00f6vs en stramhet, en ekonomi i balans och en god milj\u00f6 \u2013 inte h\u00f6gre skatt.<\/p>\n<p>\u00c5rets budgetf\u00f6rslag \u00e4r en produkt av att vi i alliansen (M, C, L, KD) har f\u00f6rm\u00e5gan och viljan att n\u00f6ta, bl\u00f6ta, v\u00e4nda, vrida, ifr\u00e5gas\u00e4tta och tillsammans landa i ett f\u00f6rslag som vi alla \u00e4r n\u00f6jda med.<\/p>\n<p>P\u00e5 bilderna i sociala meder syns \u00e4ven Kristdemokraternas ledam\u00f6ter och ers\u00e4ttare i Kommunfullm\u00e4ktige; Karin Teljstedt (ledamot), Anders Tiger (gruppledare), Martin Gunnesson (ers\u00e4ttare), Jonathan Lindgren (ers\u00e4ttare) <a href=\"https:\/\/www.instagram.com\/kristdemokraternanacka\">Kristdemokraterna Nacka (@kristdemokraternanacka)<\/a><\/p>\n<p>Hela sammantr\u00e4det g\u00e5r att se via webbs\u00e4ndningen p\u00e5 nacka.se: <a href=\"https:\/\/nacka.webbtvkf.se\/?20241118-1\">KF Nacka &#8211; 20241118-1<\/a><\/p>\n","protected":false},"excerpt":{"rendered":"<p>Ig\u00e5r h\u00f6lls Kommunfullm\u00e4ktige med M\u00e5l och budget 2025 som den mest centrala punkten p\u00e5 dagordningen. Vi kan konstatera att Kommunstyrelsen segrade i samtliga voteringar och att Alliansens f\u00f6rslag till m\u00e5l och budget antogs. Mycket kan s\u00e4gas om den omv\u00e4rld vi befinner oss i. En tid efter pandemi som f\u00f6r m\u00e5nga i dagsl\u00e4get k\u00e4nns r\u00e4tt avl\u00e4gsen. <a class=\"read-more-link\" href=\"https:\/\/wp.kristdemokraterna.se\/nacka\/mal-och-budget-2025-beslutad\/\">L\u00e4s mer<\/a><\/p>\n","protected":false},"author":789,"featured_media":0,"comment_status":"closed","ping_status":"closed","sticky":false,"template":"","format":"standard","meta":{"_acf_changed":false,"footnotes":""},"categories":[4,11],"tags":[],"class_list":["post-1143","post","type-post","status-publish","format-standard","hentry","category-i-kommunen","category-inlagg"],"acf":[],"yoast_head":"<!-- This site is optimized with the Yoast SEO plugin v27.4 - https:\/\/yoast.com\/product\/yoast-seo-wordpress\/ -->\n<title>M\u00e5l och budget 2025 beslutad - Kristdemokraterna i Nacka<\/title>\n<meta name=\"robots\" content=\"index, follow, max-snippet:-1, max-image-preview:large, max-video-preview:-1\" \/>\n<link rel=\"canonical\" href=\"https:\/\/wp.kristdemokraterna.se\/nacka\/mal-och-budget-2025-beslutad\/\" \/>\n<meta property=\"og:locale\" content=\"sv_SE\" \/>\n<meta property=\"og:type\" content=\"article\" \/>\n<meta property=\"og:title\" content=\"M\u00e5l och budget 2025 beslutad - Kristdemokraterna i Nacka\" \/>\n<meta property=\"og:description\" content=\"Ig\u00e5r h\u00f6lls Kommunfullm\u00e4ktige med M\u00e5l och budget 2025 som den mest centrala punkten p\u00e5 dagordningen. Vi kan konstatera att Kommunstyrelsen segrade i samtliga voteringar och att Alliansens f\u00f6rslag till m\u00e5l och budget antogs. Mycket kan s\u00e4gas om den omv\u00e4rld vi befinner oss i. En tid efter pandemi som f\u00f6r m\u00e5nga i dagsl\u00e4get k\u00e4nns r\u00e4tt avl\u00e4gsen. L\u00e4s mer\" \/>\n<meta property=\"og:url\" content=\"https:\/\/wp.kristdemokraterna.se\/nacka\/mal-och-budget-2025-beslutad\/\" \/>\n<meta property=\"og:site_name\" content=\"Kristdemokraterna i Nacka\" \/>\n<meta property=\"article:published_time\" content=\"2024-11-19T13:03:33+00:00\" \/>\n<meta name=\"author\" content=\"Martin Gunnesson\" \/>\n<meta name=\"twitter:card\" content=\"summary_large_image\" \/>\n<meta name=\"twitter:label1\" content=\"Skriven av\" \/>\n\t<meta name=\"twitter:data1\" content=\"Martin Gunnesson\" \/>\n\t<meta name=\"twitter:label2\" content=\"Ber\u00e4knad l\u00e4stid\" \/>\n\t<meta name=\"twitter:data2\" content=\"4 minuter\" \/>\n<script type=\"application\/ld+json\" class=\"yoast-schema-graph\">{\"@context\":\"https:\\\/\\\/schema.org\",\"@graph\":[{\"@type\":\"Article\",\"@id\":\"https:\\\/\\\/wp.kristdemokraterna.se\\\/nacka\\\/mal-och-budget-2025-beslutad\\\/#article\",\"isPartOf\":{\"@id\":\"https:\\\/\\\/wp.kristdemokraterna.se\\\/nacka\\\/mal-och-budget-2025-beslutad\\\/\"},\"author\":{\"name\":\"Martin Gunnesson\",\"@id\":\"https:\\\/\\\/wp.kristdemokraterna.se\\\/nacka\\\/#\\\/schema\\\/person\\\/1fe29fc42c2877f685d953476e2c9df3\"},\"headline\":\"M\u00e5l och budget 2025 beslutad\",\"datePublished\":\"2024-11-19T13:03:33+00:00\",\"mainEntityOfPage\":{\"@id\":\"https:\\\/\\\/wp.kristdemokraterna.se\\\/nacka\\\/mal-och-budget-2025-beslutad\\\/\"},\"wordCount\":784,\"articleSection\":[\"I Kommunen\",\"Inl\u00e4gg\"],\"inLanguage\":\"sv-SE\"},{\"@type\":\"WebPage\",\"@id\":\"https:\\\/\\\/wp.kristdemokraterna.se\\\/nacka\\\/mal-och-budget-2025-beslutad\\\/\",\"url\":\"https:\\\/\\\/wp.kristdemokraterna.se\\\/nacka\\\/mal-och-budget-2025-beslutad\\\/\",\"name\":\"M\u00e5l och budget 2025 beslutad - Kristdemokraterna i Nacka\",\"isPartOf\":{\"@id\":\"https:\\\/\\\/wp.kristdemokraterna.se\\\/nacka\\\/#website\"},\"datePublished\":\"2024-11-19T13:03:33+00:00\",\"author\":{\"@id\":\"https:\\\/\\\/wp.kristdemokraterna.se\\\/nacka\\\/#\\\/schema\\\/person\\\/1fe29fc42c2877f685d953476e2c9df3\"},\"breadcrumb\":{\"@id\":\"https:\\\/\\\/wp.kristdemokraterna.se\\\/nacka\\\/mal-och-budget-2025-beslutad\\\/#breadcrumb\"},\"inLanguage\":\"sv-SE\",\"potentialAction\":[{\"@type\":\"ReadAction\",\"target\":[\"https:\\\/\\\/wp.kristdemokraterna.se\\\/nacka\\\/mal-och-budget-2025-beslutad\\\/\"]}]},{\"@type\":\"BreadcrumbList\",\"@id\":\"https:\\\/\\\/wp.kristdemokraterna.se\\\/nacka\\\/mal-och-budget-2025-beslutad\\\/#breadcrumb\",\"itemListElement\":[{\"@type\":\"ListItem\",\"position\":1,\"name\":\"Hem\",\"item\":\"https:\\\/\\\/wp.kristdemokraterna.se\\\/nacka\\\/\"},{\"@type\":\"ListItem\",\"position\":2,\"name\":\"M\u00e5l och budget 2025 beslutad\"}]},{\"@type\":\"WebSite\",\"@id\":\"https:\\\/\\\/wp.kristdemokraterna.se\\\/nacka\\\/#website\",\"url\":\"https:\\\/\\\/wp.kristdemokraterna.se\\\/nacka\\\/\",\"name\":\"Kristdemokraterna i Nacka\",\"description\":\"Vi \u00e4r hj\u00e4rtat till h\u00f6ger\",\"inLanguage\":\"sv-SE\"},{\"@type\":\"Person\",\"@id\":\"https:\\\/\\\/wp.kristdemokraterna.se\\\/nacka\\\/#\\\/schema\\\/person\\\/1fe29fc42c2877f685d953476e2c9df3\",\"name\":\"Martin Gunnesson\",\"image\":{\"@type\":\"ImageObject\",\"inLanguage\":\"sv-SE\",\"@id\":\"https:\\\/\\\/secure.gravatar.com\\\/avatar\\\/4a1c8981eae86754728f44bfabd3a53691f3916980281974fe783d97d2fbb7b7?s=96&d=mm&r=g\",\"url\":\"https:\\\/\\\/secure.gravatar.com\\\/avatar\\\/4a1c8981eae86754728f44bfabd3a53691f3916980281974fe783d97d2fbb7b7?s=96&d=mm&r=g\",\"contentUrl\":\"https:\\\/\\\/secure.gravatar.com\\\/avatar\\\/4a1c8981eae86754728f44bfabd3a53691f3916980281974fe783d97d2fbb7b7?s=96&d=mm&r=g\",\"caption\":\"Martin Gunnesson\"},\"description\":\"Ordf\u00f6rande f\u00f6r Kristdemokraterna Nacka.\",\"url\":\"https:\\\/\\\/wp.kristdemokraterna.se\\\/nacka\\\/author\\\/nacka1\\\/\"}]}<\/script>\n<!-- \/ Yoast SEO plugin. -->","yoast_head_json":{"title":"M\u00e5l och budget 2025 beslutad - Kristdemokraterna i Nacka","robots":{"index":"index","follow":"follow","max-snippet":"max-snippet:-1","max-image-preview":"max-image-preview:large","max-video-preview":"max-video-preview:-1"},"canonical":"https:\/\/wp.kristdemokraterna.se\/nacka\/mal-och-budget-2025-beslutad\/","og_locale":"sv_SE","og_type":"article","og_title":"M\u00e5l och budget 2025 beslutad - Kristdemokraterna i Nacka","og_description":"Ig\u00e5r h\u00f6lls Kommunfullm\u00e4ktige med M\u00e5l och budget 2025 som den mest centrala punkten p\u00e5 dagordningen. Vi kan konstatera att Kommunstyrelsen segrade i samtliga voteringar och att Alliansens f\u00f6rslag till m\u00e5l och budget antogs. Mycket kan s\u00e4gas om den omv\u00e4rld vi befinner oss i. En tid efter pandemi som f\u00f6r m\u00e5nga i dagsl\u00e4get k\u00e4nns r\u00e4tt avl\u00e4gsen. L\u00e4s mer","og_url":"https:\/\/wp.kristdemokraterna.se\/nacka\/mal-och-budget-2025-beslutad\/","og_site_name":"Kristdemokraterna i Nacka","article_published_time":"2024-11-19T13:03:33+00:00","author":"Martin Gunnesson","twitter_card":"summary_large_image","twitter_misc":{"Skriven av":"Martin Gunnesson","Ber\u00e4knad l\u00e4stid":"4 minuter"},"schema":{"@context":"https:\/\/schema.org","@graph":[{"@type":"Article","@id":"https:\/\/wp.kristdemokraterna.se\/nacka\/mal-och-budget-2025-beslutad\/#article","isPartOf":{"@id":"https:\/\/wp.kristdemokraterna.se\/nacka\/mal-och-budget-2025-beslutad\/"},"author":{"name":"Martin Gunnesson","@id":"https:\/\/wp.kristdemokraterna.se\/nacka\/#\/schema\/person\/1fe29fc42c2877f685d953476e2c9df3"},"headline":"M\u00e5l och budget 2025 beslutad","datePublished":"2024-11-19T13:03:33+00:00","mainEntityOfPage":{"@id":"https:\/\/wp.kristdemokraterna.se\/nacka\/mal-och-budget-2025-beslutad\/"},"wordCount":784,"articleSection":["I Kommunen","Inl\u00e4gg"],"inLanguage":"sv-SE"},{"@type":"WebPage","@id":"https:\/\/wp.kristdemokraterna.se\/nacka\/mal-och-budget-2025-beslutad\/","url":"https:\/\/wp.kristdemokraterna.se\/nacka\/mal-och-budget-2025-beslutad\/","name":"M\u00e5l och budget 2025 beslutad - Kristdemokraterna i Nacka","isPartOf":{"@id":"https:\/\/wp.kristdemokraterna.se\/nacka\/#website"},"datePublished":"2024-11-19T13:03:33+00:00","author":{"@id":"https:\/\/wp.kristdemokraterna.se\/nacka\/#\/schema\/person\/1fe29fc42c2877f685d953476e2c9df3"},"breadcrumb":{"@id":"https:\/\/wp.kristdemokraterna.se\/nacka\/mal-och-budget-2025-beslutad\/#breadcrumb"},"inLanguage":"sv-SE","potentialAction":[{"@type":"ReadAction","target":["https:\/\/wp.kristdemokraterna.se\/nacka\/mal-och-budget-2025-beslutad\/"]}]},{"@type":"BreadcrumbList","@id":"https:\/\/wp.kristdemokraterna.se\/nacka\/mal-och-budget-2025-beslutad\/#breadcrumb","itemListElement":[{"@type":"ListItem","position":1,"name":"Hem","item":"https:\/\/wp.kristdemokraterna.se\/nacka\/"},{"@type":"ListItem","position":2,"name":"M\u00e5l och budget 2025 beslutad"}]},{"@type":"WebSite","@id":"https:\/\/wp.kristdemokraterna.se\/nacka\/#website","url":"https:\/\/wp.kristdemokraterna.se\/nacka\/","name":"Kristdemokraterna i Nacka","description":"Vi \u00e4r hj\u00e4rtat till h\u00f6ger","inLanguage":"sv-SE"},{"@type":"Person","@id":"https:\/\/wp.kristdemokraterna.se\/nacka\/#\/schema\/person\/1fe29fc42c2877f685d953476e2c9df3","name":"Martin Gunnesson","image":{"@type":"ImageObject","inLanguage":"sv-SE","@id":"https:\/\/secure.gravatar.com\/avatar\/4a1c8981eae86754728f44bfabd3a53691f3916980281974fe783d97d2fbb7b7?s=96&d=mm&r=g","url":"https:\/\/secure.gravatar.com\/avatar\/4a1c8981eae86754728f44bfabd3a53691f3916980281974fe783d97d2fbb7b7?s=96&d=mm&r=g","contentUrl":"https:\/\/secure.gravatar.com\/avatar\/4a1c8981eae86754728f44bfabd3a53691f3916980281974fe783d97d2fbb7b7?s=96&d=mm&r=g","caption":"Martin Gunnesson"},"description":"Ordf\u00f6rande f\u00f6r Kristdemokraterna Nacka.","url":"https:\/\/wp.kristdemokraterna.se\/nacka\/author\/nacka1\/"}]}},"_links":{"self":[{"href":"https:\/\/wp.kristdemokraterna.se\/nacka\/wp-json\/wp\/v2\/posts\/1143","targetHints":{"allow":["GET"]}}],"collection":[{"href":"https:\/\/wp.kristdemokraterna.se\/nacka\/wp-json\/wp\/v2\/posts"}],"about":[{"href":"https:\/\/wp.kristdemokraterna.se\/nacka\/wp-json\/wp\/v2\/types\/post"}],"author":[{"embeddable":true,"href":"https:\/\/wp.kristdemokraterna.se\/nacka\/wp-json\/wp\/v2\/users\/789"}],"replies":[{"embeddable":true,"href":"https:\/\/wp.kristdemokraterna.se\/nacka\/wp-json\/wp\/v2\/comments?post=1143"}],"version-history":[{"count":3,"href":"https:\/\/wp.kristdemokraterna.se\/nacka\/wp-json\/wp\/v2\/posts\/1143\/revisions"}],"predecessor-version":[{"id":1152,"href":"https:\/\/wp.kristdemokraterna.se\/nacka\/wp-json\/wp\/v2\/posts\/1143\/revisions\/1152"}],"wp:attachment":[{"href":"https:\/\/wp.kristdemokraterna.se\/nacka\/wp-json\/wp\/v2\/media?parent=1143"}],"wp:term":[{"taxonomy":"category","embeddable":true,"href":"https:\/\/wp.kristdemokraterna.se\/nacka\/wp-json\/wp\/v2\/categories?post=1143"},{"taxonomy":"post_tag","embeddable":true,"href":"https:\/\/wp.kristdemokraterna.se\/nacka\/wp-json\/wp\/v2\/tags?post=1143"}],"curies":[{"name":"wp","href":"https:\/\/api.w.org\/{rel}","templated":true}]}}