{"id":1176,"date":"2024-11-22T23:26:50","date_gmt":"2024-11-22T22:26:50","guid":{"rendered":"https:\/\/wp.kristdemokraterna.se\/nacka\/?p=1176"},"modified":"2024-12-21T23:28:28","modified_gmt":"2024-12-21T22:28:28","slug":"fisksatra-multihall-invigd","status":"publish","type":"post","link":"https:\/\/wp.kristdemokraterna.se\/nacka\/fisksatra-multihall-invigd\/","title":{"rendered":"Fisks\u00e4tra Multihall invigd!"},"content":{"rendered":"<div class=\"xdj266r x11i5rnm xat24cr x1mh8g0r x1vvkbs x126k92a\">\n<div dir=\"auto\">Idag invigde Karin Teljstedt (KD), ordf\u00f6rande i Fritidsn\u00e4mnden den nya, efterl\u00e4ngtade Fisks\u00e4tra Multihall \u2013 en unik m\u00f6tesplats f\u00f6r idrott, aktiviteter och gemenskap!<\/div>\n<\/div>\n<div class=\"x11i5rnm xat24cr x1mh8g0r x1vvkbs xtlvy1s x126k92a\">\n<div dir=\"auto\">I sitt invigningstal ber\u00e4ttade Karin om hur Multihallen, med sina 5700 kvm, samlar allt fr\u00e5n sporthallar och friidrott till f\u00e4ktning, dans, kampsport och en fritidsg\u00e5rd. Dessutom finns en kickbike- och skateyta utomhus.<\/div>\n<\/div>\n<div class=\"x11i5rnm xat24cr x1mh8g0r x1vvkbs xtlvy1s x126k92a\">\n<div dir=\"auto\">Hallen var idag full av gl\u00e4dje och energi n\u00e4r barn och ungdomar tog plats p\u00e5 streetytan och i lokalerna. H\u00e4r kommer dagtid skolor kunna nyttja anl\u00e4ggningen, och kv\u00e4llstid blir det b\u00e5de f\u00f6reningsidrott och \u00f6ppna, kostnadsfria aktiviteter.<\/div>\n<\/div>\n<div class=\"x11i5rnm xat24cr x1mh8g0r x1vvkbs xtlvy1s x126k92a\">\n<div dir=\"auto\">Med ledarledda aktiviteter, multiv\u00e4rdar och en satsning p\u00e5 trygghet och trivsel blir Multihallen en plats d\u00e4r m\u00e4nniskor i alla \u00e5ldrar kan m\u00f6tas.<\/div>\n<\/div>\n<div class=\"x11i5rnm xat24cr x1mh8g0r x1vvkbs xtlvy1s x126k92a\">\n<div dir=\"auto\">Tack till alla som kom och gjorde invigningen of\u00f6rgl\u00f6mlig!<\/div>\n<\/div>\n","protected":false},"excerpt":{"rendered":"<p>Idag invigde Karin Teljstedt (KD), ordf\u00f6rande i Fritidsn\u00e4mnden den nya, efterl\u00e4ngtade Fisks\u00e4tra Multihall \u2013 en unik m\u00f6tesplats f\u00f6r idrott, aktiviteter och gemenskap! I sitt invigningstal ber\u00e4ttade Karin om hur Multihallen, med sina 5700 kvm, samlar allt fr\u00e5n sporthallar och friidrott till f\u00e4ktning, dans, kampsport och en fritidsg\u00e5rd. Dessutom finns en kickbike- och skateyta utomhus. Hallen <a class=\"read-more-link\" href=\"https:\/\/wp.kristdemokraterna.se\/nacka\/fisksatra-multihall-invigd\/\">L\u00e4s mer<\/a><\/p>\n","protected":false},"author":789,"featured_media":0,"comment_status":"closed","ping_status":"closed","sticky":false,"template":"","format":"standard","meta":{"_acf_changed":false,"footnotes":""},"categories":[4,11,1],"tags":[],"class_list":["post-1176","post","type-post","status-publish","format-standard","hentry","category-i-kommunen","category-inlagg","category-okategoriserade"],"acf":[],"yoast_head":"<!-- This site is optimized with the Yoast SEO plugin v27.4 - https:\/\/yoast.com\/product\/yoast-seo-wordpress\/ -->\n<title>Fisks\u00e4tra Multihall invigd! - Kristdemokraterna i Nacka<\/title>\n<meta name=\"robots\" content=\"index, follow, max-snippet:-1, max-image-preview:large, max-video-preview:-1\" \/>\n<link rel=\"canonical\" href=\"https:\/\/wp.kristdemokraterna.se\/nacka\/fisksatra-multihall-invigd\/\" \/>\n<meta property=\"og:locale\" content=\"sv_SE\" \/>\n<meta property=\"og:type\" content=\"article\" \/>\n<meta property=\"og:title\" content=\"Fisks\u00e4tra Multihall invigd! - Kristdemokraterna i Nacka\" \/>\n<meta property=\"og:description\" content=\"Idag invigde Karin Teljstedt (KD), ordf\u00f6rande i Fritidsn\u00e4mnden den nya, efterl\u00e4ngtade Fisks\u00e4tra Multihall \u2013 en unik m\u00f6tesplats f\u00f6r idrott, aktiviteter och gemenskap! I sitt invigningstal ber\u00e4ttade Karin om hur Multihallen, med sina 5700 kvm, samlar allt fr\u00e5n sporthallar och friidrott till f\u00e4ktning, dans, kampsport och en fritidsg\u00e5rd. Dessutom finns en kickbike- och skateyta utomhus. Hallen L\u00e4s mer\" \/>\n<meta property=\"og:url\" content=\"https:\/\/wp.kristdemokraterna.se\/nacka\/fisksatra-multihall-invigd\/\" \/>\n<meta property=\"og:site_name\" content=\"Kristdemokraterna i Nacka\" \/>\n<meta property=\"article:published_time\" content=\"2024-11-22T22:26:50+00:00\" \/>\n<meta property=\"article:modified_time\" content=\"2024-12-21T22:28:28+00:00\" \/>\n<meta name=\"author\" content=\"Martin Gunnesson\" \/>\n<meta name=\"twitter:card\" content=\"summary_large_image\" \/>\n<meta name=\"twitter:label1\" content=\"Skriven av\" \/>\n\t<meta name=\"twitter:data1\" content=\"Martin Gunnesson\" \/>\n\t<meta name=\"twitter:label2\" content=\"Ber\u00e4knad l\u00e4stid\" \/>\n\t<meta name=\"twitter:data2\" content=\"1 minut\" \/>\n<script type=\"application\/ld+json\" class=\"yoast-schema-graph\">{\"@context\":\"https:\\\/\\\/schema.org\",\"@graph\":[{\"@type\":\"Article\",\"@id\":\"https:\\\/\\\/wp.kristdemokraterna.se\\\/nacka\\\/fisksatra-multihall-invigd\\\/#article\",\"isPartOf\":{\"@id\":\"https:\\\/\\\/wp.kristdemokraterna.se\\\/nacka\\\/fisksatra-multihall-invigd\\\/\"},\"author\":{\"name\":\"Martin Gunnesson\",\"@id\":\"https:\\\/\\\/wp.kristdemokraterna.se\\\/nacka\\\/#\\\/schema\\\/person\\\/1fe29fc42c2877f685d953476e2c9df3\"},\"headline\":\"Fisks\u00e4tra Multihall invigd!\",\"datePublished\":\"2024-11-22T22:26:50+00:00\",\"dateModified\":\"2024-12-21T22:28:28+00:00\",\"mainEntityOfPage\":{\"@id\":\"https:\\\/\\\/wp.kristdemokraterna.se\\\/nacka\\\/fisksatra-multihall-invigd\\\/\"},\"wordCount\":146,\"articleSection\":[\"I Kommunen\",\"Inl\u00e4gg\"],\"inLanguage\":\"sv-SE\"},{\"@type\":\"WebPage\",\"@id\":\"https:\\\/\\\/wp.kristdemokraterna.se\\\/nacka\\\/fisksatra-multihall-invigd\\\/\",\"url\":\"https:\\\/\\\/wp.kristdemokraterna.se\\\/nacka\\\/fisksatra-multihall-invigd\\\/\",\"name\":\"Fisks\u00e4tra Multihall invigd! - Kristdemokraterna i Nacka\",\"isPartOf\":{\"@id\":\"https:\\\/\\\/wp.kristdemokraterna.se\\\/nacka\\\/#website\"},\"datePublished\":\"2024-11-22T22:26:50+00:00\",\"dateModified\":\"2024-12-21T22:28:28+00:00\",\"author\":{\"@id\":\"https:\\\/\\\/wp.kristdemokraterna.se\\\/nacka\\\/#\\\/schema\\\/person\\\/1fe29fc42c2877f685d953476e2c9df3\"},\"breadcrumb\":{\"@id\":\"https:\\\/\\\/wp.kristdemokraterna.se\\\/nacka\\\/fisksatra-multihall-invigd\\\/#breadcrumb\"},\"inLanguage\":\"sv-SE\",\"potentialAction\":[{\"@type\":\"ReadAction\",\"target\":[\"https:\\\/\\\/wp.kristdemokraterna.se\\\/nacka\\\/fisksatra-multihall-invigd\\\/\"]}]},{\"@type\":\"BreadcrumbList\",\"@id\":\"https:\\\/\\\/wp.kristdemokraterna.se\\\/nacka\\\/fisksatra-multihall-invigd\\\/#breadcrumb\",\"itemListElement\":[{\"@type\":\"ListItem\",\"position\":1,\"name\":\"Hem\",\"item\":\"https:\\\/\\\/wp.kristdemokraterna.se\\\/nacka\\\/\"},{\"@type\":\"ListItem\",\"position\":2,\"name\":\"Fisks\u00e4tra Multihall invigd!\"}]},{\"@type\":\"WebSite\",\"@id\":\"https:\\\/\\\/wp.kristdemokraterna.se\\\/nacka\\\/#website\",\"url\":\"https:\\\/\\\/wp.kristdemokraterna.se\\\/nacka\\\/\",\"name\":\"Kristdemokraterna i Nacka\",\"description\":\"Vi \u00e4r hj\u00e4rtat till h\u00f6ger\",\"inLanguage\":\"sv-SE\"},{\"@type\":\"Person\",\"@id\":\"https:\\\/\\\/wp.kristdemokraterna.se\\\/nacka\\\/#\\\/schema\\\/person\\\/1fe29fc42c2877f685d953476e2c9df3\",\"name\":\"Martin Gunnesson\",\"image\":{\"@type\":\"ImageObject\",\"inLanguage\":\"sv-SE\",\"@id\":\"https:\\\/\\\/secure.gravatar.com\\\/avatar\\\/4a1c8981eae86754728f44bfabd3a53691f3916980281974fe783d97d2fbb7b7?s=96&d=mm&r=g\",\"url\":\"https:\\\/\\\/secure.gravatar.com\\\/avatar\\\/4a1c8981eae86754728f44bfabd3a53691f3916980281974fe783d97d2fbb7b7?s=96&d=mm&r=g\",\"contentUrl\":\"https:\\\/\\\/secure.gravatar.com\\\/avatar\\\/4a1c8981eae86754728f44bfabd3a53691f3916980281974fe783d97d2fbb7b7?s=96&d=mm&r=g\",\"caption\":\"Martin Gunnesson\"},\"description\":\"Ordf\u00f6rande f\u00f6r Kristdemokraterna Nacka.\",\"url\":\"https:\\\/\\\/wp.kristdemokraterna.se\\\/nacka\\\/author\\\/nacka1\\\/\"}]}<\/script>\n<!-- \/ Yoast SEO plugin. -->","yoast_head_json":{"title":"Fisks\u00e4tra Multihall invigd! - Kristdemokraterna i Nacka","robots":{"index":"index","follow":"follow","max-snippet":"max-snippet:-1","max-image-preview":"max-image-preview:large","max-video-preview":"max-video-preview:-1"},"canonical":"https:\/\/wp.kristdemokraterna.se\/nacka\/fisksatra-multihall-invigd\/","og_locale":"sv_SE","og_type":"article","og_title":"Fisks\u00e4tra Multihall invigd! - Kristdemokraterna i Nacka","og_description":"Idag invigde Karin Teljstedt (KD), ordf\u00f6rande i Fritidsn\u00e4mnden den nya, efterl\u00e4ngtade Fisks\u00e4tra Multihall \u2013 en unik m\u00f6tesplats f\u00f6r idrott, aktiviteter och gemenskap! I sitt invigningstal ber\u00e4ttade Karin om hur Multihallen, med sina 5700 kvm, samlar allt fr\u00e5n sporthallar och friidrott till f\u00e4ktning, dans, kampsport och en fritidsg\u00e5rd. Dessutom finns en kickbike- och skateyta utomhus. Hallen L\u00e4s mer","og_url":"https:\/\/wp.kristdemokraterna.se\/nacka\/fisksatra-multihall-invigd\/","og_site_name":"Kristdemokraterna i Nacka","article_published_time":"2024-11-22T22:26:50+00:00","article_modified_time":"2024-12-21T22:28:28+00:00","author":"Martin Gunnesson","twitter_card":"summary_large_image","twitter_misc":{"Skriven av":"Martin Gunnesson","Ber\u00e4knad l\u00e4stid":"1 minut"},"schema":{"@context":"https:\/\/schema.org","@graph":[{"@type":"Article","@id":"https:\/\/wp.kristdemokraterna.se\/nacka\/fisksatra-multihall-invigd\/#article","isPartOf":{"@id":"https:\/\/wp.kristdemokraterna.se\/nacka\/fisksatra-multihall-invigd\/"},"author":{"name":"Martin Gunnesson","@id":"https:\/\/wp.kristdemokraterna.se\/nacka\/#\/schema\/person\/1fe29fc42c2877f685d953476e2c9df3"},"headline":"Fisks\u00e4tra Multihall invigd!","datePublished":"2024-11-22T22:26:50+00:00","dateModified":"2024-12-21T22:28:28+00:00","mainEntityOfPage":{"@id":"https:\/\/wp.kristdemokraterna.se\/nacka\/fisksatra-multihall-invigd\/"},"wordCount":146,"articleSection":["I Kommunen","Inl\u00e4gg"],"inLanguage":"sv-SE"},{"@type":"WebPage","@id":"https:\/\/wp.kristdemokraterna.se\/nacka\/fisksatra-multihall-invigd\/","url":"https:\/\/wp.kristdemokraterna.se\/nacka\/fisksatra-multihall-invigd\/","name":"Fisks\u00e4tra Multihall invigd! - Kristdemokraterna i Nacka","isPartOf":{"@id":"https:\/\/wp.kristdemokraterna.se\/nacka\/#website"},"datePublished":"2024-11-22T22:26:50+00:00","dateModified":"2024-12-21T22:28:28+00:00","author":{"@id":"https:\/\/wp.kristdemokraterna.se\/nacka\/#\/schema\/person\/1fe29fc42c2877f685d953476e2c9df3"},"breadcrumb":{"@id":"https:\/\/wp.kristdemokraterna.se\/nacka\/fisksatra-multihall-invigd\/#breadcrumb"},"inLanguage":"sv-SE","potentialAction":[{"@type":"ReadAction","target":["https:\/\/wp.kristdemokraterna.se\/nacka\/fisksatra-multihall-invigd\/"]}]},{"@type":"BreadcrumbList","@id":"https:\/\/wp.kristdemokraterna.se\/nacka\/fisksatra-multihall-invigd\/#breadcrumb","itemListElement":[{"@type":"ListItem","position":1,"name":"Hem","item":"https:\/\/wp.kristdemokraterna.se\/nacka\/"},{"@type":"ListItem","position":2,"name":"Fisks\u00e4tra Multihall invigd!"}]},{"@type":"WebSite","@id":"https:\/\/wp.kristdemokraterna.se\/nacka\/#website","url":"https:\/\/wp.kristdemokraterna.se\/nacka\/","name":"Kristdemokraterna i Nacka","description":"Vi \u00e4r hj\u00e4rtat till h\u00f6ger","inLanguage":"sv-SE"},{"@type":"Person","@id":"https:\/\/wp.kristdemokraterna.se\/nacka\/#\/schema\/person\/1fe29fc42c2877f685d953476e2c9df3","name":"Martin Gunnesson","image":{"@type":"ImageObject","inLanguage":"sv-SE","@id":"https:\/\/secure.gravatar.com\/avatar\/4a1c8981eae86754728f44bfabd3a53691f3916980281974fe783d97d2fbb7b7?s=96&d=mm&r=g","url":"https:\/\/secure.gravatar.com\/avatar\/4a1c8981eae86754728f44bfabd3a53691f3916980281974fe783d97d2fbb7b7?s=96&d=mm&r=g","contentUrl":"https:\/\/secure.gravatar.com\/avatar\/4a1c8981eae86754728f44bfabd3a53691f3916980281974fe783d97d2fbb7b7?s=96&d=mm&r=g","caption":"Martin Gunnesson"},"description":"Ordf\u00f6rande f\u00f6r Kristdemokraterna Nacka.","url":"https:\/\/wp.kristdemokraterna.se\/nacka\/author\/nacka1\/"}]}},"_links":{"self":[{"href":"https:\/\/wp.kristdemokraterna.se\/nacka\/wp-json\/wp\/v2\/posts\/1176","targetHints":{"allow":["GET"]}}],"collection":[{"href":"https:\/\/wp.kristdemokraterna.se\/nacka\/wp-json\/wp\/v2\/posts"}],"about":[{"href":"https:\/\/wp.kristdemokraterna.se\/nacka\/wp-json\/wp\/v2\/types\/post"}],"author":[{"embeddable":true,"href":"https:\/\/wp.kristdemokraterna.se\/nacka\/wp-json\/wp\/v2\/users\/789"}],"replies":[{"embeddable":true,"href":"https:\/\/wp.kristdemokraterna.se\/nacka\/wp-json\/wp\/v2\/comments?post=1176"}],"version-history":[{"count":1,"href":"https:\/\/wp.kristdemokraterna.se\/nacka\/wp-json\/wp\/v2\/posts\/1176\/revisions"}],"predecessor-version":[{"id":1178,"href":"https:\/\/wp.kristdemokraterna.se\/nacka\/wp-json\/wp\/v2\/posts\/1176\/revisions\/1178"}],"wp:attachment":[{"href":"https:\/\/wp.kristdemokraterna.se\/nacka\/wp-json\/wp\/v2\/media?parent=1176"}],"wp:term":[{"taxonomy":"category","embeddable":true,"href":"https:\/\/wp.kristdemokraterna.se\/nacka\/wp-json\/wp\/v2\/categories?post=1176"},{"taxonomy":"post_tag","embeddable":true,"href":"https:\/\/wp.kristdemokraterna.se\/nacka\/wp-json\/wp\/v2\/tags?post=1176"}],"curies":[{"name":"wp","href":"https:\/\/api.w.org\/{rel}","templated":true}]}}