{"id":1188,"date":"2025-02-18T20:09:22","date_gmt":"2025-02-18T19:09:22","guid":{"rendered":"https:\/\/wp.kristdemokraterna.se\/nacka\/?p=1188"},"modified":"2025-02-20T20:12:04","modified_gmt":"2025-02-20T19:12:04","slug":"foraldrar-nojda-med-nackas-skolor","status":"publish","type":"post","link":"https:\/\/wp.kristdemokraterna.se\/nacka\/foraldrar-nojda-med-nackas-skolor\/","title":{"rendered":"F\u00f6r\u00e4ldrar n\u00f6jda med Nackas skolor"},"content":{"rendered":"<div class=\"xdj266r x11i5rnm xat24cr x1mh8g0r x1vvkbs x126k92a\">\n<div dir=\"auto\">M\u00e5nga f\u00f6r\u00e4ldrar uttrycker sin tillfredsst\u00e4llelse med Nackas f\u00f6rskolor och skolor. Drygt nio av tio f\u00f6r\u00e4ldrar anser att deras barn f\u00e5r det st\u00f6d de beh\u00f6ver, och n\u00e4stan alla upplever skolorna som stimulerande och utvecklande.<\/div>\n<\/div>\n<div class=\"x11i5rnm xat24cr x1mh8g0r x1vvkbs xtlvy1s x126k92a\">\n<div dir=\"auto\">En god utbildning \u00e4r en viktig grund f\u00f6r ett framg\u00e5ngsrikt liv, och vi kristdemokrater arbetar f\u00f6r att s\u00e4kerst\u00e4lla att Nackas v\u00e4lf\u00e4rd och utbildning fortsatt h\u00e5ller h\u00f6gsta kvalitet.<\/div>\n<\/div>\n","protected":false},"excerpt":{"rendered":"<p>M\u00e5nga f\u00f6r\u00e4ldrar uttrycker sin tillfredsst\u00e4llelse med Nackas f\u00f6rskolor och skolor. Drygt nio av tio f\u00f6r\u00e4ldrar anser att deras barn f\u00e5r det st\u00f6d de beh\u00f6ver, och n\u00e4stan alla upplever skolorna som stimulerande och utvecklande. En god utbildning \u00e4r en viktig grund f\u00f6r ett framg\u00e5ngsrikt liv, och vi kristdemokrater arbetar f\u00f6r att s\u00e4kerst\u00e4lla att Nackas v\u00e4lf\u00e4rd och <a class=\"read-more-link\" href=\"https:\/\/wp.kristdemokraterna.se\/nacka\/foraldrar-nojda-med-nackas-skolor\/\">L\u00e4s mer<\/a><\/p>\n","protected":false},"author":789,"featured_media":0,"comment_status":"closed","ping_status":"closed","sticky":false,"template":"","format":"standard","meta":{"_acf_changed":false,"footnotes":""},"categories":[4,11,20],"tags":[],"class_list":["post-1188","post","type-post","status-publish","format-standard","hentry","category-i-kommunen","category-inlagg","category-sociala-fragor"],"acf":[],"yoast_head":"<!-- This site is optimized with the Yoast SEO plugin v27.4 - https:\/\/yoast.com\/product\/yoast-seo-wordpress\/ -->\n<title>F\u00f6r\u00e4ldrar n\u00f6jda med Nackas skolor - Kristdemokraterna i Nacka<\/title>\n<meta name=\"robots\" content=\"index, follow, max-snippet:-1, max-image-preview:large, max-video-preview:-1\" \/>\n<link rel=\"canonical\" href=\"https:\/\/wp.kristdemokraterna.se\/nacka\/foraldrar-nojda-med-nackas-skolor\/\" \/>\n<meta property=\"og:locale\" content=\"sv_SE\" \/>\n<meta property=\"og:type\" content=\"article\" \/>\n<meta property=\"og:title\" content=\"F\u00f6r\u00e4ldrar n\u00f6jda med Nackas skolor - Kristdemokraterna i Nacka\" \/>\n<meta property=\"og:description\" content=\"M\u00e5nga f\u00f6r\u00e4ldrar uttrycker sin tillfredsst\u00e4llelse med Nackas f\u00f6rskolor och skolor. Drygt nio av tio f\u00f6r\u00e4ldrar anser att deras barn f\u00e5r det st\u00f6d de beh\u00f6ver, och n\u00e4stan alla upplever skolorna som stimulerande och utvecklande. En god utbildning \u00e4r en viktig grund f\u00f6r ett framg\u00e5ngsrikt liv, och vi kristdemokrater arbetar f\u00f6r att s\u00e4kerst\u00e4lla att Nackas v\u00e4lf\u00e4rd och L\u00e4s mer\" \/>\n<meta property=\"og:url\" content=\"https:\/\/wp.kristdemokraterna.se\/nacka\/foraldrar-nojda-med-nackas-skolor\/\" \/>\n<meta property=\"og:site_name\" content=\"Kristdemokraterna i Nacka\" \/>\n<meta property=\"article:published_time\" content=\"2025-02-18T19:09:22+00:00\" \/>\n<meta property=\"article:modified_time\" content=\"2025-02-20T19:12:04+00:00\" \/>\n<meta name=\"author\" content=\"Martin Gunnesson\" \/>\n<meta name=\"twitter:card\" content=\"summary_large_image\" \/>\n<meta name=\"twitter:label1\" content=\"Skriven av\" \/>\n\t<meta name=\"twitter:data1\" content=\"Martin Gunnesson\" \/>\n\t<meta name=\"twitter:label2\" content=\"Ber\u00e4knad l\u00e4stid\" \/>\n\t<meta name=\"twitter:data2\" content=\"1 minut\" \/>\n<script type=\"application\/ld+json\" class=\"yoast-schema-graph\">{\"@context\":\"https:\\\/\\\/schema.org\",\"@graph\":[{\"@type\":\"Article\",\"@id\":\"https:\\\/\\\/wp.kristdemokraterna.se\\\/nacka\\\/foraldrar-nojda-med-nackas-skolor\\\/#article\",\"isPartOf\":{\"@id\":\"https:\\\/\\\/wp.kristdemokraterna.se\\\/nacka\\\/foraldrar-nojda-med-nackas-skolor\\\/\"},\"author\":{\"name\":\"Martin Gunnesson\",\"@id\":\"https:\\\/\\\/wp.kristdemokraterna.se\\\/nacka\\\/#\\\/schema\\\/person\\\/1fe29fc42c2877f685d953476e2c9df3\"},\"headline\":\"F\u00f6r\u00e4ldrar n\u00f6jda med Nackas skolor\",\"datePublished\":\"2025-02-18T19:09:22+00:00\",\"dateModified\":\"2025-02-20T19:12:04+00:00\",\"mainEntityOfPage\":{\"@id\":\"https:\\\/\\\/wp.kristdemokraterna.se\\\/nacka\\\/foraldrar-nojda-med-nackas-skolor\\\/\"},\"wordCount\":88,\"articleSection\":[\"I Kommunen\",\"Inl\u00e4gg\",\"Sociala fr\u00e5gor\"],\"inLanguage\":\"sv-SE\"},{\"@type\":\"WebPage\",\"@id\":\"https:\\\/\\\/wp.kristdemokraterna.se\\\/nacka\\\/foraldrar-nojda-med-nackas-skolor\\\/\",\"url\":\"https:\\\/\\\/wp.kristdemokraterna.se\\\/nacka\\\/foraldrar-nojda-med-nackas-skolor\\\/\",\"name\":\"F\u00f6r\u00e4ldrar n\u00f6jda med Nackas skolor - Kristdemokraterna i Nacka\",\"isPartOf\":{\"@id\":\"https:\\\/\\\/wp.kristdemokraterna.se\\\/nacka\\\/#website\"},\"datePublished\":\"2025-02-18T19:09:22+00:00\",\"dateModified\":\"2025-02-20T19:12:04+00:00\",\"author\":{\"@id\":\"https:\\\/\\\/wp.kristdemokraterna.se\\\/nacka\\\/#\\\/schema\\\/person\\\/1fe29fc42c2877f685d953476e2c9df3\"},\"breadcrumb\":{\"@id\":\"https:\\\/\\\/wp.kristdemokraterna.se\\\/nacka\\\/foraldrar-nojda-med-nackas-skolor\\\/#breadcrumb\"},\"inLanguage\":\"sv-SE\",\"potentialAction\":[{\"@type\":\"ReadAction\",\"target\":[\"https:\\\/\\\/wp.kristdemokraterna.se\\\/nacka\\\/foraldrar-nojda-med-nackas-skolor\\\/\"]}]},{\"@type\":\"BreadcrumbList\",\"@id\":\"https:\\\/\\\/wp.kristdemokraterna.se\\\/nacka\\\/foraldrar-nojda-med-nackas-skolor\\\/#breadcrumb\",\"itemListElement\":[{\"@type\":\"ListItem\",\"position\":1,\"name\":\"Hem\",\"item\":\"https:\\\/\\\/wp.kristdemokraterna.se\\\/nacka\\\/\"},{\"@type\":\"ListItem\",\"position\":2,\"name\":\"F\u00f6r\u00e4ldrar n\u00f6jda med Nackas skolor\"}]},{\"@type\":\"WebSite\",\"@id\":\"https:\\\/\\\/wp.kristdemokraterna.se\\\/nacka\\\/#website\",\"url\":\"https:\\\/\\\/wp.kristdemokraterna.se\\\/nacka\\\/\",\"name\":\"Kristdemokraterna i Nacka\",\"description\":\"Vi \u00e4r hj\u00e4rtat till h\u00f6ger\",\"inLanguage\":\"sv-SE\"},{\"@type\":\"Person\",\"@id\":\"https:\\\/\\\/wp.kristdemokraterna.se\\\/nacka\\\/#\\\/schema\\\/person\\\/1fe29fc42c2877f685d953476e2c9df3\",\"name\":\"Martin Gunnesson\",\"image\":{\"@type\":\"ImageObject\",\"inLanguage\":\"sv-SE\",\"@id\":\"https:\\\/\\\/secure.gravatar.com\\\/avatar\\\/4a1c8981eae86754728f44bfabd3a53691f3916980281974fe783d97d2fbb7b7?s=96&d=mm&r=g\",\"url\":\"https:\\\/\\\/secure.gravatar.com\\\/avatar\\\/4a1c8981eae86754728f44bfabd3a53691f3916980281974fe783d97d2fbb7b7?s=96&d=mm&r=g\",\"contentUrl\":\"https:\\\/\\\/secure.gravatar.com\\\/avatar\\\/4a1c8981eae86754728f44bfabd3a53691f3916980281974fe783d97d2fbb7b7?s=96&d=mm&r=g\",\"caption\":\"Martin Gunnesson\"},\"description\":\"Ordf\u00f6rande f\u00f6r Kristdemokraterna Nacka.\",\"url\":\"https:\\\/\\\/wp.kristdemokraterna.se\\\/nacka\\\/author\\\/nacka1\\\/\"}]}<\/script>\n<!-- \/ Yoast SEO plugin. -->","yoast_head_json":{"title":"F\u00f6r\u00e4ldrar n\u00f6jda med Nackas skolor - Kristdemokraterna i Nacka","robots":{"index":"index","follow":"follow","max-snippet":"max-snippet:-1","max-image-preview":"max-image-preview:large","max-video-preview":"max-video-preview:-1"},"canonical":"https:\/\/wp.kristdemokraterna.se\/nacka\/foraldrar-nojda-med-nackas-skolor\/","og_locale":"sv_SE","og_type":"article","og_title":"F\u00f6r\u00e4ldrar n\u00f6jda med Nackas skolor - Kristdemokraterna i Nacka","og_description":"M\u00e5nga f\u00f6r\u00e4ldrar uttrycker sin tillfredsst\u00e4llelse med Nackas f\u00f6rskolor och skolor. Drygt nio av tio f\u00f6r\u00e4ldrar anser att deras barn f\u00e5r det st\u00f6d de beh\u00f6ver, och n\u00e4stan alla upplever skolorna som stimulerande och utvecklande. En god utbildning \u00e4r en viktig grund f\u00f6r ett framg\u00e5ngsrikt liv, och vi kristdemokrater arbetar f\u00f6r att s\u00e4kerst\u00e4lla att Nackas v\u00e4lf\u00e4rd och L\u00e4s mer","og_url":"https:\/\/wp.kristdemokraterna.se\/nacka\/foraldrar-nojda-med-nackas-skolor\/","og_site_name":"Kristdemokraterna i Nacka","article_published_time":"2025-02-18T19:09:22+00:00","article_modified_time":"2025-02-20T19:12:04+00:00","author":"Martin Gunnesson","twitter_card":"summary_large_image","twitter_misc":{"Skriven av":"Martin Gunnesson","Ber\u00e4knad l\u00e4stid":"1 minut"},"schema":{"@context":"https:\/\/schema.org","@graph":[{"@type":"Article","@id":"https:\/\/wp.kristdemokraterna.se\/nacka\/foraldrar-nojda-med-nackas-skolor\/#article","isPartOf":{"@id":"https:\/\/wp.kristdemokraterna.se\/nacka\/foraldrar-nojda-med-nackas-skolor\/"},"author":{"name":"Martin Gunnesson","@id":"https:\/\/wp.kristdemokraterna.se\/nacka\/#\/schema\/person\/1fe29fc42c2877f685d953476e2c9df3"},"headline":"F\u00f6r\u00e4ldrar n\u00f6jda med Nackas skolor","datePublished":"2025-02-18T19:09:22+00:00","dateModified":"2025-02-20T19:12:04+00:00","mainEntityOfPage":{"@id":"https:\/\/wp.kristdemokraterna.se\/nacka\/foraldrar-nojda-med-nackas-skolor\/"},"wordCount":88,"articleSection":["I Kommunen","Inl\u00e4gg","Sociala fr\u00e5gor"],"inLanguage":"sv-SE"},{"@type":"WebPage","@id":"https:\/\/wp.kristdemokraterna.se\/nacka\/foraldrar-nojda-med-nackas-skolor\/","url":"https:\/\/wp.kristdemokraterna.se\/nacka\/foraldrar-nojda-med-nackas-skolor\/","name":"F\u00f6r\u00e4ldrar n\u00f6jda med Nackas skolor - Kristdemokraterna i Nacka","isPartOf":{"@id":"https:\/\/wp.kristdemokraterna.se\/nacka\/#website"},"datePublished":"2025-02-18T19:09:22+00:00","dateModified":"2025-02-20T19:12:04+00:00","author":{"@id":"https:\/\/wp.kristdemokraterna.se\/nacka\/#\/schema\/person\/1fe29fc42c2877f685d953476e2c9df3"},"breadcrumb":{"@id":"https:\/\/wp.kristdemokraterna.se\/nacka\/foraldrar-nojda-med-nackas-skolor\/#breadcrumb"},"inLanguage":"sv-SE","potentialAction":[{"@type":"ReadAction","target":["https:\/\/wp.kristdemokraterna.se\/nacka\/foraldrar-nojda-med-nackas-skolor\/"]}]},{"@type":"BreadcrumbList","@id":"https:\/\/wp.kristdemokraterna.se\/nacka\/foraldrar-nojda-med-nackas-skolor\/#breadcrumb","itemListElement":[{"@type":"ListItem","position":1,"name":"Hem","item":"https:\/\/wp.kristdemokraterna.se\/nacka\/"},{"@type":"ListItem","position":2,"name":"F\u00f6r\u00e4ldrar n\u00f6jda med Nackas skolor"}]},{"@type":"WebSite","@id":"https:\/\/wp.kristdemokraterna.se\/nacka\/#website","url":"https:\/\/wp.kristdemokraterna.se\/nacka\/","name":"Kristdemokraterna i Nacka","description":"Vi \u00e4r hj\u00e4rtat till h\u00f6ger","inLanguage":"sv-SE"},{"@type":"Person","@id":"https:\/\/wp.kristdemokraterna.se\/nacka\/#\/schema\/person\/1fe29fc42c2877f685d953476e2c9df3","name":"Martin Gunnesson","image":{"@type":"ImageObject","inLanguage":"sv-SE","@id":"https:\/\/secure.gravatar.com\/avatar\/4a1c8981eae86754728f44bfabd3a53691f3916980281974fe783d97d2fbb7b7?s=96&d=mm&r=g","url":"https:\/\/secure.gravatar.com\/avatar\/4a1c8981eae86754728f44bfabd3a53691f3916980281974fe783d97d2fbb7b7?s=96&d=mm&r=g","contentUrl":"https:\/\/secure.gravatar.com\/avatar\/4a1c8981eae86754728f44bfabd3a53691f3916980281974fe783d97d2fbb7b7?s=96&d=mm&r=g","caption":"Martin Gunnesson"},"description":"Ordf\u00f6rande f\u00f6r Kristdemokraterna Nacka.","url":"https:\/\/wp.kristdemokraterna.se\/nacka\/author\/nacka1\/"}]}},"_links":{"self":[{"href":"https:\/\/wp.kristdemokraterna.se\/nacka\/wp-json\/wp\/v2\/posts\/1188","targetHints":{"allow":["GET"]}}],"collection":[{"href":"https:\/\/wp.kristdemokraterna.se\/nacka\/wp-json\/wp\/v2\/posts"}],"about":[{"href":"https:\/\/wp.kristdemokraterna.se\/nacka\/wp-json\/wp\/v2\/types\/post"}],"author":[{"embeddable":true,"href":"https:\/\/wp.kristdemokraterna.se\/nacka\/wp-json\/wp\/v2\/users\/789"}],"replies":[{"embeddable":true,"href":"https:\/\/wp.kristdemokraterna.se\/nacka\/wp-json\/wp\/v2\/comments?post=1188"}],"version-history":[{"count":1,"href":"https:\/\/wp.kristdemokraterna.se\/nacka\/wp-json\/wp\/v2\/posts\/1188\/revisions"}],"predecessor-version":[{"id":1190,"href":"https:\/\/wp.kristdemokraterna.se\/nacka\/wp-json\/wp\/v2\/posts\/1188\/revisions\/1190"}],"wp:attachment":[{"href":"https:\/\/wp.kristdemokraterna.se\/nacka\/wp-json\/wp\/v2\/media?parent=1188"}],"wp:term":[{"taxonomy":"category","embeddable":true,"href":"https:\/\/wp.kristdemokraterna.se\/nacka\/wp-json\/wp\/v2\/categories?post=1188"},{"taxonomy":"post_tag","embeddable":true,"href":"https:\/\/wp.kristdemokraterna.se\/nacka\/wp-json\/wp\/v2\/tags?post=1188"}],"curies":[{"name":"wp","href":"https:\/\/api.w.org\/{rel}","templated":true}]}}