{"id":1191,"date":"2025-02-13T20:13:14","date_gmt":"2025-02-13T19:13:14","guid":{"rendered":"https:\/\/wp.kristdemokraterna.se\/nacka\/?p=1191"},"modified":"2025-02-20T20:16:29","modified_gmt":"2025-02-20T19:16:29","slug":"nackas-arsmote","status":"publish","type":"post","link":"https:\/\/wp.kristdemokraterna.se\/nacka\/nackas-arsmote\/","title":{"rendered":"Nackas \u00e5rsm\u00f6te"},"content":{"rendered":"<div class=\"xdj266r x11i5rnm xat24cr x1mh8g0r x1vvkbs x126k92a\">\n<div dir=\"auto\">Kristdemokraterna i Nacka h\u00f6ll nyligen kv\u00e4ll \u00e5rsm\u00f6te d\u00e4r en ny ordf\u00f6rande valdes: Angelika Lang, som nyligen flyttat till Nacka. Angelika arbetar som utbildningssekreterare och projektledare p\u00e5 Riksdagskansliet och ser fram emot att engagera sig i Nackas avdelning. Hon ser fram emot ett sp\u00e4nnande \u00e5r fram till valet om ett och ett halvt \u00e5r, och ser det som en m\u00f6jlighet att arbeta tillsammans f\u00f6r att g\u00f6ra skillnad i kommunen.<\/div>\n<div dir=\"auto\"><\/div>\n<\/div>\n<div class=\"x11i5rnm xat24cr x1mh8g0r x1vvkbs xtlvy1s x126k92a\">\n<div dir=\"auto\">V\u00e5r f\u00f6rre ordf\u00f6rande Stefan Eckardt tackades ocks\u00e5 av Anders Tiger, gruppledare. Martin Gunnarson forts\u00e4tter som vice ordf\u00f6rande.<\/div>\n<div dir=\"auto\"><\/div>\n<\/div>\n<div class=\"x11i5rnm xat24cr x1mh8g0r x1vvkbs xtlvy1s x126k92a\">\n<div dir=\"auto\">Inledningstalare var Louise Hammargren, KDU:s f\u00f6rbundsordf\u00f6rande. Hon talade om den unga generationen som vi kan n\u00e5 genom v\u00e5r egen politik. Hon talade om trenden som syns nu att de v\u00e4rderar familjen och precis det som Kristdemokraterna st\u00e5r f\u00f6r.<\/div>\n<\/div>\n<div class=\"x11i5rnm xat24cr x1mh8g0r x1vvkbs xtlvy1s x126k92a\">\n<div dir=\"auto\">Under m\u00f6tet behandlades \u00f6ver 10 motioner, vilket g\u00f6r att det finns mycket sp\u00e4nnande p\u00e5 g\u00e5ng i Nacka fram\u00f6ver.<\/div>\n<\/div>\n","protected":false},"excerpt":{"rendered":"<p>Kristdemokraterna i Nacka h\u00f6ll nyligen kv\u00e4ll \u00e5rsm\u00f6te d\u00e4r en ny ordf\u00f6rande valdes: Angelika Lang, som nyligen flyttat till Nacka. Angelika arbetar som utbildningssekreterare och projektledare p\u00e5 Riksdagskansliet och ser fram emot att engagera sig i Nackas avdelning. Hon ser fram emot ett sp\u00e4nnande \u00e5r fram till valet om ett och ett halvt \u00e5r, och ser <a class=\"read-more-link\" href=\"https:\/\/wp.kristdemokraterna.se\/nacka\/nackas-arsmote\/\">L\u00e4s mer<\/a><\/p>\n","protected":false},"author":789,"featured_media":0,"comment_status":"closed","ping_status":"closed","sticky":false,"template":"","format":"standard","meta":{"_acf_changed":false,"footnotes":""},"categories":[4],"tags":[],"class_list":["post-1191","post","type-post","status-publish","format-standard","hentry","category-i-kommunen"],"acf":[],"yoast_head":"<!-- This site is optimized with the Yoast SEO plugin v27.4 - https:\/\/yoast.com\/product\/yoast-seo-wordpress\/ -->\n<title>Nackas \u00e5rsm\u00f6te - Kristdemokraterna i Nacka<\/title>\n<meta name=\"robots\" content=\"index, follow, max-snippet:-1, max-image-preview:large, max-video-preview:-1\" \/>\n<link rel=\"canonical\" href=\"https:\/\/wp.kristdemokraterna.se\/nacka\/nackas-arsmote\/\" \/>\n<meta property=\"og:locale\" content=\"sv_SE\" \/>\n<meta property=\"og:type\" content=\"article\" \/>\n<meta property=\"og:title\" content=\"Nackas \u00e5rsm\u00f6te - Kristdemokraterna i Nacka\" \/>\n<meta property=\"og:description\" content=\"Kristdemokraterna i Nacka h\u00f6ll nyligen kv\u00e4ll \u00e5rsm\u00f6te d\u00e4r en ny ordf\u00f6rande valdes: Angelika Lang, som nyligen flyttat till Nacka. Angelika arbetar som utbildningssekreterare och projektledare p\u00e5 Riksdagskansliet och ser fram emot att engagera sig i Nackas avdelning. Hon ser fram emot ett sp\u00e4nnande \u00e5r fram till valet om ett och ett halvt \u00e5r, och ser L\u00e4s mer\" \/>\n<meta property=\"og:url\" content=\"https:\/\/wp.kristdemokraterna.se\/nacka\/nackas-arsmote\/\" \/>\n<meta property=\"og:site_name\" content=\"Kristdemokraterna i Nacka\" \/>\n<meta property=\"article:published_time\" content=\"2025-02-13T19:13:14+00:00\" \/>\n<meta property=\"article:modified_time\" content=\"2025-02-20T19:16:29+00:00\" \/>\n<meta name=\"author\" content=\"Martin Gunnesson\" \/>\n<meta name=\"twitter:card\" content=\"summary_large_image\" \/>\n<meta name=\"twitter:label1\" content=\"Skriven av\" \/>\n\t<meta name=\"twitter:data1\" content=\"Martin Gunnesson\" \/>\n\t<meta name=\"twitter:label2\" content=\"Ber\u00e4knad l\u00e4stid\" \/>\n\t<meta name=\"twitter:data2\" content=\"1 minut\" \/>\n<script type=\"application\/ld+json\" class=\"yoast-schema-graph\">{\"@context\":\"https:\\\/\\\/schema.org\",\"@graph\":[{\"@type\":\"Article\",\"@id\":\"https:\\\/\\\/wp.kristdemokraterna.se\\\/nacka\\\/nackas-arsmote\\\/#article\",\"isPartOf\":{\"@id\":\"https:\\\/\\\/wp.kristdemokraterna.se\\\/nacka\\\/nackas-arsmote\\\/\"},\"author\":{\"name\":\"Martin Gunnesson\",\"@id\":\"https:\\\/\\\/wp.kristdemokraterna.se\\\/nacka\\\/#\\\/schema\\\/person\\\/1fe29fc42c2877f685d953476e2c9df3\"},\"headline\":\"Nackas \u00e5rsm\u00f6te\",\"datePublished\":\"2025-02-13T19:13:14+00:00\",\"dateModified\":\"2025-02-20T19:16:29+00:00\",\"mainEntityOfPage\":{\"@id\":\"https:\\\/\\\/wp.kristdemokraterna.se\\\/nacka\\\/nackas-arsmote\\\/\"},\"wordCount\":169,\"articleSection\":[\"I Kommunen\"],\"inLanguage\":\"sv-SE\"},{\"@type\":\"WebPage\",\"@id\":\"https:\\\/\\\/wp.kristdemokraterna.se\\\/nacka\\\/nackas-arsmote\\\/\",\"url\":\"https:\\\/\\\/wp.kristdemokraterna.se\\\/nacka\\\/nackas-arsmote\\\/\",\"name\":\"Nackas \u00e5rsm\u00f6te - Kristdemokraterna i Nacka\",\"isPartOf\":{\"@id\":\"https:\\\/\\\/wp.kristdemokraterna.se\\\/nacka\\\/#website\"},\"datePublished\":\"2025-02-13T19:13:14+00:00\",\"dateModified\":\"2025-02-20T19:16:29+00:00\",\"author\":{\"@id\":\"https:\\\/\\\/wp.kristdemokraterna.se\\\/nacka\\\/#\\\/schema\\\/person\\\/1fe29fc42c2877f685d953476e2c9df3\"},\"breadcrumb\":{\"@id\":\"https:\\\/\\\/wp.kristdemokraterna.se\\\/nacka\\\/nackas-arsmote\\\/#breadcrumb\"},\"inLanguage\":\"sv-SE\",\"potentialAction\":[{\"@type\":\"ReadAction\",\"target\":[\"https:\\\/\\\/wp.kristdemokraterna.se\\\/nacka\\\/nackas-arsmote\\\/\"]}]},{\"@type\":\"BreadcrumbList\",\"@id\":\"https:\\\/\\\/wp.kristdemokraterna.se\\\/nacka\\\/nackas-arsmote\\\/#breadcrumb\",\"itemListElement\":[{\"@type\":\"ListItem\",\"position\":1,\"name\":\"Hem\",\"item\":\"https:\\\/\\\/wp.kristdemokraterna.se\\\/nacka\\\/\"},{\"@type\":\"ListItem\",\"position\":2,\"name\":\"Nackas \u00e5rsm\u00f6te\"}]},{\"@type\":\"WebSite\",\"@id\":\"https:\\\/\\\/wp.kristdemokraterna.se\\\/nacka\\\/#website\",\"url\":\"https:\\\/\\\/wp.kristdemokraterna.se\\\/nacka\\\/\",\"name\":\"Kristdemokraterna i Nacka\",\"description\":\"Vi \u00e4r hj\u00e4rtat till h\u00f6ger\",\"inLanguage\":\"sv-SE\"},{\"@type\":\"Person\",\"@id\":\"https:\\\/\\\/wp.kristdemokraterna.se\\\/nacka\\\/#\\\/schema\\\/person\\\/1fe29fc42c2877f685d953476e2c9df3\",\"name\":\"Martin Gunnesson\",\"image\":{\"@type\":\"ImageObject\",\"inLanguage\":\"sv-SE\",\"@id\":\"https:\\\/\\\/secure.gravatar.com\\\/avatar\\\/4a1c8981eae86754728f44bfabd3a53691f3916980281974fe783d97d2fbb7b7?s=96&d=mm&r=g\",\"url\":\"https:\\\/\\\/secure.gravatar.com\\\/avatar\\\/4a1c8981eae86754728f44bfabd3a53691f3916980281974fe783d97d2fbb7b7?s=96&d=mm&r=g\",\"contentUrl\":\"https:\\\/\\\/secure.gravatar.com\\\/avatar\\\/4a1c8981eae86754728f44bfabd3a53691f3916980281974fe783d97d2fbb7b7?s=96&d=mm&r=g\",\"caption\":\"Martin Gunnesson\"},\"description\":\"Ordf\u00f6rande f\u00f6r Kristdemokraterna Nacka.\",\"url\":\"https:\\\/\\\/wp.kristdemokraterna.se\\\/nacka\\\/author\\\/nacka1\\\/\"}]}<\/script>\n<!-- \/ Yoast SEO plugin. -->","yoast_head_json":{"title":"Nackas \u00e5rsm\u00f6te - Kristdemokraterna i Nacka","robots":{"index":"index","follow":"follow","max-snippet":"max-snippet:-1","max-image-preview":"max-image-preview:large","max-video-preview":"max-video-preview:-1"},"canonical":"https:\/\/wp.kristdemokraterna.se\/nacka\/nackas-arsmote\/","og_locale":"sv_SE","og_type":"article","og_title":"Nackas \u00e5rsm\u00f6te - Kristdemokraterna i Nacka","og_description":"Kristdemokraterna i Nacka h\u00f6ll nyligen kv\u00e4ll \u00e5rsm\u00f6te d\u00e4r en ny ordf\u00f6rande valdes: Angelika Lang, som nyligen flyttat till Nacka. Angelika arbetar som utbildningssekreterare och projektledare p\u00e5 Riksdagskansliet och ser fram emot att engagera sig i Nackas avdelning. Hon ser fram emot ett sp\u00e4nnande \u00e5r fram till valet om ett och ett halvt \u00e5r, och ser L\u00e4s mer","og_url":"https:\/\/wp.kristdemokraterna.se\/nacka\/nackas-arsmote\/","og_site_name":"Kristdemokraterna i Nacka","article_published_time":"2025-02-13T19:13:14+00:00","article_modified_time":"2025-02-20T19:16:29+00:00","author":"Martin Gunnesson","twitter_card":"summary_large_image","twitter_misc":{"Skriven av":"Martin Gunnesson","Ber\u00e4knad l\u00e4stid":"1 minut"},"schema":{"@context":"https:\/\/schema.org","@graph":[{"@type":"Article","@id":"https:\/\/wp.kristdemokraterna.se\/nacka\/nackas-arsmote\/#article","isPartOf":{"@id":"https:\/\/wp.kristdemokraterna.se\/nacka\/nackas-arsmote\/"},"author":{"name":"Martin Gunnesson","@id":"https:\/\/wp.kristdemokraterna.se\/nacka\/#\/schema\/person\/1fe29fc42c2877f685d953476e2c9df3"},"headline":"Nackas \u00e5rsm\u00f6te","datePublished":"2025-02-13T19:13:14+00:00","dateModified":"2025-02-20T19:16:29+00:00","mainEntityOfPage":{"@id":"https:\/\/wp.kristdemokraterna.se\/nacka\/nackas-arsmote\/"},"wordCount":169,"articleSection":["I Kommunen"],"inLanguage":"sv-SE"},{"@type":"WebPage","@id":"https:\/\/wp.kristdemokraterna.se\/nacka\/nackas-arsmote\/","url":"https:\/\/wp.kristdemokraterna.se\/nacka\/nackas-arsmote\/","name":"Nackas \u00e5rsm\u00f6te - Kristdemokraterna i Nacka","isPartOf":{"@id":"https:\/\/wp.kristdemokraterna.se\/nacka\/#website"},"datePublished":"2025-02-13T19:13:14+00:00","dateModified":"2025-02-20T19:16:29+00:00","author":{"@id":"https:\/\/wp.kristdemokraterna.se\/nacka\/#\/schema\/person\/1fe29fc42c2877f685d953476e2c9df3"},"breadcrumb":{"@id":"https:\/\/wp.kristdemokraterna.se\/nacka\/nackas-arsmote\/#breadcrumb"},"inLanguage":"sv-SE","potentialAction":[{"@type":"ReadAction","target":["https:\/\/wp.kristdemokraterna.se\/nacka\/nackas-arsmote\/"]}]},{"@type":"BreadcrumbList","@id":"https:\/\/wp.kristdemokraterna.se\/nacka\/nackas-arsmote\/#breadcrumb","itemListElement":[{"@type":"ListItem","position":1,"name":"Hem","item":"https:\/\/wp.kristdemokraterna.se\/nacka\/"},{"@type":"ListItem","position":2,"name":"Nackas \u00e5rsm\u00f6te"}]},{"@type":"WebSite","@id":"https:\/\/wp.kristdemokraterna.se\/nacka\/#website","url":"https:\/\/wp.kristdemokraterna.se\/nacka\/","name":"Kristdemokraterna i Nacka","description":"Vi \u00e4r hj\u00e4rtat till h\u00f6ger","inLanguage":"sv-SE"},{"@type":"Person","@id":"https:\/\/wp.kristdemokraterna.se\/nacka\/#\/schema\/person\/1fe29fc42c2877f685d953476e2c9df3","name":"Martin Gunnesson","image":{"@type":"ImageObject","inLanguage":"sv-SE","@id":"https:\/\/secure.gravatar.com\/avatar\/4a1c8981eae86754728f44bfabd3a53691f3916980281974fe783d97d2fbb7b7?s=96&d=mm&r=g","url":"https:\/\/secure.gravatar.com\/avatar\/4a1c8981eae86754728f44bfabd3a53691f3916980281974fe783d97d2fbb7b7?s=96&d=mm&r=g","contentUrl":"https:\/\/secure.gravatar.com\/avatar\/4a1c8981eae86754728f44bfabd3a53691f3916980281974fe783d97d2fbb7b7?s=96&d=mm&r=g","caption":"Martin Gunnesson"},"description":"Ordf\u00f6rande f\u00f6r Kristdemokraterna Nacka.","url":"https:\/\/wp.kristdemokraterna.se\/nacka\/author\/nacka1\/"}]}},"_links":{"self":[{"href":"https:\/\/wp.kristdemokraterna.se\/nacka\/wp-json\/wp\/v2\/posts\/1191","targetHints":{"allow":["GET"]}}],"collection":[{"href":"https:\/\/wp.kristdemokraterna.se\/nacka\/wp-json\/wp\/v2\/posts"}],"about":[{"href":"https:\/\/wp.kristdemokraterna.se\/nacka\/wp-json\/wp\/v2\/types\/post"}],"author":[{"embeddable":true,"href":"https:\/\/wp.kristdemokraterna.se\/nacka\/wp-json\/wp\/v2\/users\/789"}],"replies":[{"embeddable":true,"href":"https:\/\/wp.kristdemokraterna.se\/nacka\/wp-json\/wp\/v2\/comments?post=1191"}],"version-history":[{"count":1,"href":"https:\/\/wp.kristdemokraterna.se\/nacka\/wp-json\/wp\/v2\/posts\/1191\/revisions"}],"predecessor-version":[{"id":1195,"href":"https:\/\/wp.kristdemokraterna.se\/nacka\/wp-json\/wp\/v2\/posts\/1191\/revisions\/1195"}],"wp:attachment":[{"href":"https:\/\/wp.kristdemokraterna.se\/nacka\/wp-json\/wp\/v2\/media?parent=1191"}],"wp:term":[{"taxonomy":"category","embeddable":true,"href":"https:\/\/wp.kristdemokraterna.se\/nacka\/wp-json\/wp\/v2\/categories?post=1191"},{"taxonomy":"post_tag","embeddable":true,"href":"https:\/\/wp.kristdemokraterna.se\/nacka\/wp-json\/wp\/v2\/tags?post=1191"}],"curies":[{"name":"wp","href":"https:\/\/api.w.org\/{rel}","templated":true}]}}