{"id":1196,"date":"2025-02-15T20:19:39","date_gmt":"2025-02-15T19:19:39","guid":{"rendered":"https:\/\/wp.kristdemokraterna.se\/nacka\/?p=1196"},"modified":"2025-02-20T20:22:55","modified_gmt":"2025-02-20T19:22:55","slug":"funkisfestivalen","status":"publish","type":"post","link":"https:\/\/wp.kristdemokraterna.se\/nacka\/funkisfestivalen\/","title":{"rendered":"Funkisfestivalen"},"content":{"rendered":"<div class=\"xdj266r x11i5rnm xat24cr x1mh8g0r x1vvkbs x126k92a\">\n<div dir=\"auto\">Funkisfestivalen \u2013 Sveriges st\u00f6rsta melodifestival f\u00f6r personer \u00f6ver 15 \u00e5r med kognitiv eller neuropsykiatrisk funktionsneds\u00e4ttning inom LSS. I kv\u00e4ll genomf\u00f6rdes det \u00e5rliga eventet.<\/div>\n<\/div>\n<div class=\"x11i5rnm xat24cr x1mh8g0r x1vvkbs xtlvy1s x126k92a\">\n<div dir=\"auto\">De t\u00e4vlande var:<\/div>\n<div dir=\"auto\">\u2022 Rebecka Schwaiger, Nu en annan v\u00e4rld (Stiftelsen)<\/div>\n<div dir=\"auto\">\u2022 Alvin Liedgren, Guld och gr\u00f6na skogar (Hasse Andersson)<\/div>\n<div dir=\"auto\">\u2022 Therese Jonsson, Starkare (Darin)<\/div>\n<div dir=\"auto\">\u2022 Stella Dyrendahl, Kan det bli vi tv\u00e5 (Bianca Wahlgren och Malin Eriksson)<\/div>\n<div dir=\"auto\">\u2022 Gustav K\u00f6keritz, La copa de la vida (Ricky Martin)<\/div>\n<div dir=\"auto\">\u2022 Milo Lundberg, Sandy (John Travolta)<\/div>\n<div dir=\"auto\">\u2022 Harri Raatikainen, Moon River (Frank Sinatra)<\/div>\n<div dir=\"auto\">\u2022 Daniel Widberg, Tuffa tider (Gyllene Tider)<\/div>\n<div dir=\"auto\">\u2022 Emma Casey, Testify &#8211; Live (Wao Worship)<\/div>\n<\/div>\n<div class=\"x11i5rnm xat24cr x1mh8g0r x1vvkbs xtlvy1s x126k92a\">\n<div dir=\"auto\">Nacka har varit med sedan 2011, och v\u00e5rt kommunalr\u00e5d Karin Teljstedt hade den stora \u00e4ran att sitta i juryn i kv\u00e4ll. Hon uttryckte det s\u00e5 h\u00e4r:<\/div>\n<div dir=\"auto\">\u201cDet skapades magi ikv\u00e4ll <span class=\"html-span xexx8yu x4uap5 x18d9i69 xkhd6sd x1hl2dhg x16tdsg8 x1vvkbs x3nfvp2 x1j61x8r x1fcty0u xdj266r xat24cr xgzva0m xhhsvwb xxymvpz xlup9mm x1kky2od\"><img loading=\"lazy\" decoding=\"async\" class=\"xz74otr\" src=\"https:\/\/static.xx.fbcdn.net\/images\/emoji.php\/v9\/te0\/1\/16\/1f31f.png\" alt=\"\ud83c\udf1f\" width=\"16\" height=\"16\" \/><\/span> Efter en m\u00f6rk och tung vecka var detta en injektion av genuin gl\u00e4dje och v\u00e4rme.\u201d<\/div>\n<\/div>\n<div class=\"x11i5rnm xat24cr x1mh8g0r x1vvkbs xtlvy1s x126k92a\">\n<div dir=\"auto\">Alvin Liedgren stod som vinnare med l\u00e5ten \u201dGuld och gr\u00f6na skogar\u201d. Stort grattis till honom!<\/div>\n<\/div>\n","protected":false},"excerpt":{"rendered":"<p>Funkisfestivalen \u2013 Sveriges st\u00f6rsta melodifestival f\u00f6r personer \u00f6ver 15 \u00e5r med kognitiv eller neuropsykiatrisk funktionsneds\u00e4ttning inom LSS. I kv\u00e4ll genomf\u00f6rdes det \u00e5rliga eventet. De t\u00e4vlande var: \u2022 Rebecka Schwaiger, Nu en annan v\u00e4rld (Stiftelsen) \u2022 Alvin Liedgren, Guld och gr\u00f6na skogar (Hasse Andersson) \u2022 Therese Jonsson, Starkare (Darin) \u2022 Stella Dyrendahl, Kan det bli vi <a class=\"read-more-link\" href=\"https:\/\/wp.kristdemokraterna.se\/nacka\/funkisfestivalen\/\">L\u00e4s mer<\/a><\/p>\n","protected":false},"author":789,"featured_media":0,"comment_status":"closed","ping_status":"closed","sticky":false,"template":"","format":"standard","meta":{"_acf_changed":false,"footnotes":""},"categories":[4,11],"tags":[],"class_list":["post-1196","post","type-post","status-publish","format-standard","hentry","category-i-kommunen","category-inlagg"],"acf":[],"yoast_head":"<!-- This site is optimized with the Yoast SEO plugin v27.4 - https:\/\/yoast.com\/product\/yoast-seo-wordpress\/ -->\n<title>Funkisfestivalen - Kristdemokraterna i Nacka<\/title>\n<meta name=\"robots\" content=\"index, follow, max-snippet:-1, max-image-preview:large, max-video-preview:-1\" \/>\n<link rel=\"canonical\" href=\"https:\/\/wp.kristdemokraterna.se\/nacka\/funkisfestivalen\/\" \/>\n<meta property=\"og:locale\" content=\"sv_SE\" \/>\n<meta property=\"og:type\" content=\"article\" \/>\n<meta property=\"og:title\" content=\"Funkisfestivalen - Kristdemokraterna i Nacka\" \/>\n<meta property=\"og:description\" content=\"Funkisfestivalen \u2013 Sveriges st\u00f6rsta melodifestival f\u00f6r personer \u00f6ver 15 \u00e5r med kognitiv eller neuropsykiatrisk funktionsneds\u00e4ttning inom LSS. I kv\u00e4ll genomf\u00f6rdes det \u00e5rliga eventet. De t\u00e4vlande var: \u2022 Rebecka Schwaiger, Nu en annan v\u00e4rld (Stiftelsen) \u2022 Alvin Liedgren, Guld och gr\u00f6na skogar (Hasse Andersson) \u2022 Therese Jonsson, Starkare (Darin) \u2022 Stella Dyrendahl, Kan det bli vi L\u00e4s mer\" \/>\n<meta property=\"og:url\" content=\"https:\/\/wp.kristdemokraterna.se\/nacka\/funkisfestivalen\/\" \/>\n<meta property=\"og:site_name\" content=\"Kristdemokraterna i Nacka\" \/>\n<meta property=\"article:published_time\" content=\"2025-02-15T19:19:39+00:00\" \/>\n<meta property=\"article:modified_time\" content=\"2025-02-20T19:22:55+00:00\" \/>\n<meta property=\"og:image\" content=\"https:\/\/static.xx.fbcdn.net\/images\/emoji.php\/v9\/te0\/1\/16\/1f31f.png\" \/>\n<meta name=\"author\" content=\"Martin Gunnesson\" \/>\n<meta name=\"twitter:card\" content=\"summary_large_image\" \/>\n<meta name=\"twitter:label1\" content=\"Skriven av\" \/>\n\t<meta name=\"twitter:data1\" content=\"Martin Gunnesson\" \/>\n\t<meta name=\"twitter:label2\" content=\"Ber\u00e4knad l\u00e4stid\" \/>\n\t<meta name=\"twitter:data2\" content=\"1 minut\" \/>\n<script type=\"application\/ld+json\" class=\"yoast-schema-graph\">{\"@context\":\"https:\\\/\\\/schema.org\",\"@graph\":[{\"@type\":\"Article\",\"@id\":\"https:\\\/\\\/wp.kristdemokraterna.se\\\/nacka\\\/funkisfestivalen\\\/#article\",\"isPartOf\":{\"@id\":\"https:\\\/\\\/wp.kristdemokraterna.se\\\/nacka\\\/funkisfestivalen\\\/\"},\"author\":{\"name\":\"Martin Gunnesson\",\"@id\":\"https:\\\/\\\/wp.kristdemokraterna.se\\\/nacka\\\/#\\\/schema\\\/person\\\/1fe29fc42c2877f685d953476e2c9df3\"},\"headline\":\"Funkisfestivalen\",\"datePublished\":\"2025-02-15T19:19:39+00:00\",\"dateModified\":\"2025-02-20T19:22:55+00:00\",\"mainEntityOfPage\":{\"@id\":\"https:\\\/\\\/wp.kristdemokraterna.se\\\/nacka\\\/funkisfestivalen\\\/\"},\"wordCount\":167,\"image\":{\"@id\":\"https:\\\/\\\/wp.kristdemokraterna.se\\\/nacka\\\/funkisfestivalen\\\/#primaryimage\"},\"thumbnailUrl\":\"https:\\\/\\\/static.xx.fbcdn.net\\\/images\\\/emoji.php\\\/v9\\\/te0\\\/1\\\/16\\\/1f31f.png\",\"articleSection\":[\"I Kommunen\",\"Inl\u00e4gg\"],\"inLanguage\":\"sv-SE\"},{\"@type\":\"WebPage\",\"@id\":\"https:\\\/\\\/wp.kristdemokraterna.se\\\/nacka\\\/funkisfestivalen\\\/\",\"url\":\"https:\\\/\\\/wp.kristdemokraterna.se\\\/nacka\\\/funkisfestivalen\\\/\",\"name\":\"Funkisfestivalen - Kristdemokraterna i Nacka\",\"isPartOf\":{\"@id\":\"https:\\\/\\\/wp.kristdemokraterna.se\\\/nacka\\\/#website\"},\"primaryImageOfPage\":{\"@id\":\"https:\\\/\\\/wp.kristdemokraterna.se\\\/nacka\\\/funkisfestivalen\\\/#primaryimage\"},\"image\":{\"@id\":\"https:\\\/\\\/wp.kristdemokraterna.se\\\/nacka\\\/funkisfestivalen\\\/#primaryimage\"},\"thumbnailUrl\":\"https:\\\/\\\/static.xx.fbcdn.net\\\/images\\\/emoji.php\\\/v9\\\/te0\\\/1\\\/16\\\/1f31f.png\",\"datePublished\":\"2025-02-15T19:19:39+00:00\",\"dateModified\":\"2025-02-20T19:22:55+00:00\",\"author\":{\"@id\":\"https:\\\/\\\/wp.kristdemokraterna.se\\\/nacka\\\/#\\\/schema\\\/person\\\/1fe29fc42c2877f685d953476e2c9df3\"},\"breadcrumb\":{\"@id\":\"https:\\\/\\\/wp.kristdemokraterna.se\\\/nacka\\\/funkisfestivalen\\\/#breadcrumb\"},\"inLanguage\":\"sv-SE\",\"potentialAction\":[{\"@type\":\"ReadAction\",\"target\":[\"https:\\\/\\\/wp.kristdemokraterna.se\\\/nacka\\\/funkisfestivalen\\\/\"]}]},{\"@type\":\"ImageObject\",\"inLanguage\":\"sv-SE\",\"@id\":\"https:\\\/\\\/wp.kristdemokraterna.se\\\/nacka\\\/funkisfestivalen\\\/#primaryimage\",\"url\":\"https:\\\/\\\/static.xx.fbcdn.net\\\/images\\\/emoji.php\\\/v9\\\/te0\\\/1\\\/16\\\/1f31f.png\",\"contentUrl\":\"https:\\\/\\\/static.xx.fbcdn.net\\\/images\\\/emoji.php\\\/v9\\\/te0\\\/1\\\/16\\\/1f31f.png\"},{\"@type\":\"BreadcrumbList\",\"@id\":\"https:\\\/\\\/wp.kristdemokraterna.se\\\/nacka\\\/funkisfestivalen\\\/#breadcrumb\",\"itemListElement\":[{\"@type\":\"ListItem\",\"position\":1,\"name\":\"Hem\",\"item\":\"https:\\\/\\\/wp.kristdemokraterna.se\\\/nacka\\\/\"},{\"@type\":\"ListItem\",\"position\":2,\"name\":\"Funkisfestivalen\"}]},{\"@type\":\"WebSite\",\"@id\":\"https:\\\/\\\/wp.kristdemokraterna.se\\\/nacka\\\/#website\",\"url\":\"https:\\\/\\\/wp.kristdemokraterna.se\\\/nacka\\\/\",\"name\":\"Kristdemokraterna i Nacka\",\"description\":\"Vi \u00e4r hj\u00e4rtat till h\u00f6ger\",\"inLanguage\":\"sv-SE\"},{\"@type\":\"Person\",\"@id\":\"https:\\\/\\\/wp.kristdemokraterna.se\\\/nacka\\\/#\\\/schema\\\/person\\\/1fe29fc42c2877f685d953476e2c9df3\",\"name\":\"Martin Gunnesson\",\"image\":{\"@type\":\"ImageObject\",\"inLanguage\":\"sv-SE\",\"@id\":\"https:\\\/\\\/secure.gravatar.com\\\/avatar\\\/4a1c8981eae86754728f44bfabd3a53691f3916980281974fe783d97d2fbb7b7?s=96&d=mm&r=g\",\"url\":\"https:\\\/\\\/secure.gravatar.com\\\/avatar\\\/4a1c8981eae86754728f44bfabd3a53691f3916980281974fe783d97d2fbb7b7?s=96&d=mm&r=g\",\"contentUrl\":\"https:\\\/\\\/secure.gravatar.com\\\/avatar\\\/4a1c8981eae86754728f44bfabd3a53691f3916980281974fe783d97d2fbb7b7?s=96&d=mm&r=g\",\"caption\":\"Martin Gunnesson\"},\"description\":\"Ordf\u00f6rande f\u00f6r Kristdemokraterna Nacka.\",\"url\":\"https:\\\/\\\/wp.kristdemokraterna.se\\\/nacka\\\/author\\\/nacka1\\\/\"}]}<\/script>\n<!-- \/ Yoast SEO plugin. -->","yoast_head_json":{"title":"Funkisfestivalen - Kristdemokraterna i Nacka","robots":{"index":"index","follow":"follow","max-snippet":"max-snippet:-1","max-image-preview":"max-image-preview:large","max-video-preview":"max-video-preview:-1"},"canonical":"https:\/\/wp.kristdemokraterna.se\/nacka\/funkisfestivalen\/","og_locale":"sv_SE","og_type":"article","og_title":"Funkisfestivalen - Kristdemokraterna i Nacka","og_description":"Funkisfestivalen \u2013 Sveriges st\u00f6rsta melodifestival f\u00f6r personer \u00f6ver 15 \u00e5r med kognitiv eller neuropsykiatrisk funktionsneds\u00e4ttning inom LSS. I kv\u00e4ll genomf\u00f6rdes det \u00e5rliga eventet. De t\u00e4vlande var: \u2022 Rebecka Schwaiger, Nu en annan v\u00e4rld (Stiftelsen) \u2022 Alvin Liedgren, Guld och gr\u00f6na skogar (Hasse Andersson) \u2022 Therese Jonsson, Starkare (Darin) \u2022 Stella Dyrendahl, Kan det bli vi L\u00e4s mer","og_url":"https:\/\/wp.kristdemokraterna.se\/nacka\/funkisfestivalen\/","og_site_name":"Kristdemokraterna i Nacka","article_published_time":"2025-02-15T19:19:39+00:00","article_modified_time":"2025-02-20T19:22:55+00:00","og_image":[{"url":"https:\/\/static.xx.fbcdn.net\/images\/emoji.php\/v9\/te0\/1\/16\/1f31f.png","type":"","width":"","height":""}],"author":"Martin Gunnesson","twitter_card":"summary_large_image","twitter_misc":{"Skriven av":"Martin Gunnesson","Ber\u00e4knad l\u00e4stid":"1 minut"},"schema":{"@context":"https:\/\/schema.org","@graph":[{"@type":"Article","@id":"https:\/\/wp.kristdemokraterna.se\/nacka\/funkisfestivalen\/#article","isPartOf":{"@id":"https:\/\/wp.kristdemokraterna.se\/nacka\/funkisfestivalen\/"},"author":{"name":"Martin Gunnesson","@id":"https:\/\/wp.kristdemokraterna.se\/nacka\/#\/schema\/person\/1fe29fc42c2877f685d953476e2c9df3"},"headline":"Funkisfestivalen","datePublished":"2025-02-15T19:19:39+00:00","dateModified":"2025-02-20T19:22:55+00:00","mainEntityOfPage":{"@id":"https:\/\/wp.kristdemokraterna.se\/nacka\/funkisfestivalen\/"},"wordCount":167,"image":{"@id":"https:\/\/wp.kristdemokraterna.se\/nacka\/funkisfestivalen\/#primaryimage"},"thumbnailUrl":"https:\/\/static.xx.fbcdn.net\/images\/emoji.php\/v9\/te0\/1\/16\/1f31f.png","articleSection":["I Kommunen","Inl\u00e4gg"],"inLanguage":"sv-SE"},{"@type":"WebPage","@id":"https:\/\/wp.kristdemokraterna.se\/nacka\/funkisfestivalen\/","url":"https:\/\/wp.kristdemokraterna.se\/nacka\/funkisfestivalen\/","name":"Funkisfestivalen - Kristdemokraterna i Nacka","isPartOf":{"@id":"https:\/\/wp.kristdemokraterna.se\/nacka\/#website"},"primaryImageOfPage":{"@id":"https:\/\/wp.kristdemokraterna.se\/nacka\/funkisfestivalen\/#primaryimage"},"image":{"@id":"https:\/\/wp.kristdemokraterna.se\/nacka\/funkisfestivalen\/#primaryimage"},"thumbnailUrl":"https:\/\/static.xx.fbcdn.net\/images\/emoji.php\/v9\/te0\/1\/16\/1f31f.png","datePublished":"2025-02-15T19:19:39+00:00","dateModified":"2025-02-20T19:22:55+00:00","author":{"@id":"https:\/\/wp.kristdemokraterna.se\/nacka\/#\/schema\/person\/1fe29fc42c2877f685d953476e2c9df3"},"breadcrumb":{"@id":"https:\/\/wp.kristdemokraterna.se\/nacka\/funkisfestivalen\/#breadcrumb"},"inLanguage":"sv-SE","potentialAction":[{"@type":"ReadAction","target":["https:\/\/wp.kristdemokraterna.se\/nacka\/funkisfestivalen\/"]}]},{"@type":"ImageObject","inLanguage":"sv-SE","@id":"https:\/\/wp.kristdemokraterna.se\/nacka\/funkisfestivalen\/#primaryimage","url":"https:\/\/static.xx.fbcdn.net\/images\/emoji.php\/v9\/te0\/1\/16\/1f31f.png","contentUrl":"https:\/\/static.xx.fbcdn.net\/images\/emoji.php\/v9\/te0\/1\/16\/1f31f.png"},{"@type":"BreadcrumbList","@id":"https:\/\/wp.kristdemokraterna.se\/nacka\/funkisfestivalen\/#breadcrumb","itemListElement":[{"@type":"ListItem","position":1,"name":"Hem","item":"https:\/\/wp.kristdemokraterna.se\/nacka\/"},{"@type":"ListItem","position":2,"name":"Funkisfestivalen"}]},{"@type":"WebSite","@id":"https:\/\/wp.kristdemokraterna.se\/nacka\/#website","url":"https:\/\/wp.kristdemokraterna.se\/nacka\/","name":"Kristdemokraterna i Nacka","description":"Vi \u00e4r hj\u00e4rtat till h\u00f6ger","inLanguage":"sv-SE"},{"@type":"Person","@id":"https:\/\/wp.kristdemokraterna.se\/nacka\/#\/schema\/person\/1fe29fc42c2877f685d953476e2c9df3","name":"Martin Gunnesson","image":{"@type":"ImageObject","inLanguage":"sv-SE","@id":"https:\/\/secure.gravatar.com\/avatar\/4a1c8981eae86754728f44bfabd3a53691f3916980281974fe783d97d2fbb7b7?s=96&d=mm&r=g","url":"https:\/\/secure.gravatar.com\/avatar\/4a1c8981eae86754728f44bfabd3a53691f3916980281974fe783d97d2fbb7b7?s=96&d=mm&r=g","contentUrl":"https:\/\/secure.gravatar.com\/avatar\/4a1c8981eae86754728f44bfabd3a53691f3916980281974fe783d97d2fbb7b7?s=96&d=mm&r=g","caption":"Martin Gunnesson"},"description":"Ordf\u00f6rande f\u00f6r Kristdemokraterna Nacka.","url":"https:\/\/wp.kristdemokraterna.se\/nacka\/author\/nacka1\/"}]}},"_links":{"self":[{"href":"https:\/\/wp.kristdemokraterna.se\/nacka\/wp-json\/wp\/v2\/posts\/1196","targetHints":{"allow":["GET"]}}],"collection":[{"href":"https:\/\/wp.kristdemokraterna.se\/nacka\/wp-json\/wp\/v2\/posts"}],"about":[{"href":"https:\/\/wp.kristdemokraterna.se\/nacka\/wp-json\/wp\/v2\/types\/post"}],"author":[{"embeddable":true,"href":"https:\/\/wp.kristdemokraterna.se\/nacka\/wp-json\/wp\/v2\/users\/789"}],"replies":[{"embeddable":true,"href":"https:\/\/wp.kristdemokraterna.se\/nacka\/wp-json\/wp\/v2\/comments?post=1196"}],"version-history":[{"count":1,"href":"https:\/\/wp.kristdemokraterna.se\/nacka\/wp-json\/wp\/v2\/posts\/1196\/revisions"}],"predecessor-version":[{"id":1198,"href":"https:\/\/wp.kristdemokraterna.se\/nacka\/wp-json\/wp\/v2\/posts\/1196\/revisions\/1198"}],"wp:attachment":[{"href":"https:\/\/wp.kristdemokraterna.se\/nacka\/wp-json\/wp\/v2\/media?parent=1196"}],"wp:term":[{"taxonomy":"category","embeddable":true,"href":"https:\/\/wp.kristdemokraterna.se\/nacka\/wp-json\/wp\/v2\/categories?post=1196"},{"taxonomy":"post_tag","embeddable":true,"href":"https:\/\/wp.kristdemokraterna.se\/nacka\/wp-json\/wp\/v2\/tags?post=1196"}],"curies":[{"name":"wp","href":"https:\/\/api.w.org\/{rel}","templated":true}]}}