{"id":1225,"date":"2025-04-09T13:00:11","date_gmt":"2025-04-09T11:00:11","guid":{"rendered":"https:\/\/wp.kristdemokraterna.se\/nacka\/?p=1225"},"modified":"2025-05-09T13:03:46","modified_gmt":"2025-05-09T11:03:46","slug":"discgolf-ratt-bana-pa-ratt-plats","status":"publish","type":"post","link":"https:\/\/wp.kristdemokraterna.se\/nacka\/discgolf-ratt-bana-pa-ratt-plats\/","title":{"rendered":"Discgolf \u2013 r\u00e4tt bana p\u00e5 r\u00e4tt plats!"},"content":{"rendered":"<p>Tidigt i h\u00f6stas gav sig v\u00e5r vice ordf\u00f6rande i Natur- och trafikn\u00e4mnden, Jonathan, ut tillsammans med ordf\u00f6rande Peter Zethraeus, moderaterna, f\u00f6r att testa den f\u00f6reslagna platsen f\u00f6r en ny discgolfbana i Tollare. Det blev snabbt tydligt att omr\u00e5det \u2013 med branta partier, t\u00e4t skog och n\u00e4rhet till villatomter \u2013 inte var l\u00e4mpligt.<br class=\"html-br\" \/><br class=\"html-br\" \/>Att beh\u00f6va stoppa planerna var inte kul, men helt n\u00f6dv\u00e4ndigt. En bana m\u00e5ste vara tillg\u00e4nglig, s\u00e4ker och ta h\u00e4nsyn till b\u00e5de natur och boende.<br class=\"html-br\" \/><br class=\"html-br\" \/>Idag \u00e4r vi glada att kunna meddela att n\u00e4mnden tagit beslut om en ny plats vid Gr\u00f6na Dalen i Fisks\u00e4tra. Ett omr\u00e5de med historia som golfbana, och med goda f\u00f6ruts\u00e4ttningar f\u00f6r en riktigt fin discgolfupplevelse \u2013 utan att st\u00f6ra djurliv eller grannar. Planen \u00e4r att banan st\u00e5r klar n\u00e4sta \u00e5r.<\/p>\n","protected":false},"excerpt":{"rendered":"<p>Tidigt i h\u00f6stas gav sig v\u00e5r vice ordf\u00f6rande i Natur- och trafikn\u00e4mnden, Jonathan, ut tillsammans med ordf\u00f6rande Peter Zethraeus, moderaterna, f\u00f6r att testa den f\u00f6reslagna platsen f\u00f6r en ny discgolfbana i Tollare. Det blev snabbt tydligt att omr\u00e5det \u2013 med branta partier, t\u00e4t skog och n\u00e4rhet till villatomter \u2013 inte var l\u00e4mpligt.Att beh\u00f6va stoppa planerna <a class=\"read-more-link\" href=\"https:\/\/wp.kristdemokraterna.se\/nacka\/discgolf-ratt-bana-pa-ratt-plats\/\">L\u00e4s mer<\/a><\/p>\n","protected":false},"author":789,"featured_media":0,"comment_status":"closed","ping_status":"closed","sticky":false,"template":"","format":"standard","meta":{"_acf_changed":false,"footnotes":""},"categories":[4,11],"tags":[],"class_list":["post-1225","post","type-post","status-publish","format-standard","hentry","category-i-kommunen","category-inlagg"],"acf":[],"yoast_head":"<!-- This site is optimized with the Yoast SEO plugin v27.4 - https:\/\/yoast.com\/product\/yoast-seo-wordpress\/ -->\n<title>Discgolf \u2013 r\u00e4tt bana p\u00e5 r\u00e4tt plats! - Kristdemokraterna i Nacka<\/title>\n<meta name=\"description\" content=\"En ny discgolfbana byggs i Gr\u00f6na Dalen, Fisks\u00e4tra \u2013 ett tillg\u00e4ngligt och naturn\u00e4ra alternativ som respekterar b\u00e5de djurliv och boende.\" \/>\n<meta name=\"robots\" content=\"index, follow, max-snippet:-1, max-image-preview:large, max-video-preview:-1\" \/>\n<link rel=\"canonical\" href=\"https:\/\/wp.kristdemokraterna.se\/nacka\/discgolf-ratt-bana-pa-ratt-plats\/\" \/>\n<meta property=\"og:locale\" content=\"sv_SE\" \/>\n<meta property=\"og:type\" content=\"article\" \/>\n<meta property=\"og:title\" content=\"Discgolf \u2013 r\u00e4tt bana p\u00e5 r\u00e4tt plats! - Kristdemokraterna i Nacka\" \/>\n<meta property=\"og:description\" content=\"En ny discgolfbana byggs i Gr\u00f6na Dalen, Fisks\u00e4tra \u2013 ett tillg\u00e4ngligt och naturn\u00e4ra alternativ som respekterar b\u00e5de djurliv och boende.\" \/>\n<meta property=\"og:url\" content=\"https:\/\/wp.kristdemokraterna.se\/nacka\/discgolf-ratt-bana-pa-ratt-plats\/\" \/>\n<meta property=\"og:site_name\" content=\"Kristdemokraterna i Nacka\" \/>\n<meta property=\"article:published_time\" content=\"2025-04-09T11:00:11+00:00\" \/>\n<meta property=\"article:modified_time\" content=\"2025-05-09T11:03:46+00:00\" \/>\n<meta name=\"author\" content=\"Martin Gunnesson\" \/>\n<meta name=\"twitter:card\" content=\"summary_large_image\" \/>\n<meta name=\"twitter:label1\" content=\"Skriven av\" \/>\n\t<meta name=\"twitter:data1\" content=\"Martin Gunnesson\" \/>\n\t<meta name=\"twitter:label2\" content=\"Ber\u00e4knad l\u00e4stid\" \/>\n\t<meta name=\"twitter:data2\" content=\"1 minut\" \/>\n<script type=\"application\/ld+json\" class=\"yoast-schema-graph\">{\"@context\":\"https:\\\/\\\/schema.org\",\"@graph\":[{\"@type\":\"Article\",\"@id\":\"https:\\\/\\\/wp.kristdemokraterna.se\\\/nacka\\\/discgolf-ratt-bana-pa-ratt-plats\\\/#article\",\"isPartOf\":{\"@id\":\"https:\\\/\\\/wp.kristdemokraterna.se\\\/nacka\\\/discgolf-ratt-bana-pa-ratt-plats\\\/\"},\"author\":{\"name\":\"Martin Gunnesson\",\"@id\":\"https:\\\/\\\/wp.kristdemokraterna.se\\\/nacka\\\/#\\\/schema\\\/person\\\/1fe29fc42c2877f685d953476e2c9df3\"},\"headline\":\"Discgolf \u2013 r\u00e4tt bana p\u00e5 r\u00e4tt plats!\",\"datePublished\":\"2025-04-09T11:00:11+00:00\",\"dateModified\":\"2025-05-09T11:03:46+00:00\",\"mainEntityOfPage\":{\"@id\":\"https:\\\/\\\/wp.kristdemokraterna.se\\\/nacka\\\/discgolf-ratt-bana-pa-ratt-plats\\\/\"},\"wordCount\":161,\"articleSection\":[\"I Kommunen\",\"Inl\u00e4gg\"],\"inLanguage\":\"sv-SE\"},{\"@type\":\"WebPage\",\"@id\":\"https:\\\/\\\/wp.kristdemokraterna.se\\\/nacka\\\/discgolf-ratt-bana-pa-ratt-plats\\\/\",\"url\":\"https:\\\/\\\/wp.kristdemokraterna.se\\\/nacka\\\/discgolf-ratt-bana-pa-ratt-plats\\\/\",\"name\":\"Discgolf \u2013 r\u00e4tt bana p\u00e5 r\u00e4tt plats! - Kristdemokraterna i Nacka\",\"isPartOf\":{\"@id\":\"https:\\\/\\\/wp.kristdemokraterna.se\\\/nacka\\\/#website\"},\"datePublished\":\"2025-04-09T11:00:11+00:00\",\"dateModified\":\"2025-05-09T11:03:46+00:00\",\"author\":{\"@id\":\"https:\\\/\\\/wp.kristdemokraterna.se\\\/nacka\\\/#\\\/schema\\\/person\\\/1fe29fc42c2877f685d953476e2c9df3\"},\"description\":\"En ny discgolfbana byggs i Gr\u00f6na Dalen, Fisks\u00e4tra \u2013 ett tillg\u00e4ngligt och naturn\u00e4ra alternativ som respekterar b\u00e5de djurliv och boende.\",\"breadcrumb\":{\"@id\":\"https:\\\/\\\/wp.kristdemokraterna.se\\\/nacka\\\/discgolf-ratt-bana-pa-ratt-plats\\\/#breadcrumb\"},\"inLanguage\":\"sv-SE\",\"potentialAction\":[{\"@type\":\"ReadAction\",\"target\":[\"https:\\\/\\\/wp.kristdemokraterna.se\\\/nacka\\\/discgolf-ratt-bana-pa-ratt-plats\\\/\"]}]},{\"@type\":\"BreadcrumbList\",\"@id\":\"https:\\\/\\\/wp.kristdemokraterna.se\\\/nacka\\\/discgolf-ratt-bana-pa-ratt-plats\\\/#breadcrumb\",\"itemListElement\":[{\"@type\":\"ListItem\",\"position\":1,\"name\":\"Hem\",\"item\":\"https:\\\/\\\/wp.kristdemokraterna.se\\\/nacka\\\/\"},{\"@type\":\"ListItem\",\"position\":2,\"name\":\"Discgolf \u2013 r\u00e4tt bana p\u00e5 r\u00e4tt plats!\"}]},{\"@type\":\"WebSite\",\"@id\":\"https:\\\/\\\/wp.kristdemokraterna.se\\\/nacka\\\/#website\",\"url\":\"https:\\\/\\\/wp.kristdemokraterna.se\\\/nacka\\\/\",\"name\":\"Kristdemokraterna i Nacka\",\"description\":\"Vi \u00e4r hj\u00e4rtat till h\u00f6ger\",\"inLanguage\":\"sv-SE\"},{\"@type\":\"Person\",\"@id\":\"https:\\\/\\\/wp.kristdemokraterna.se\\\/nacka\\\/#\\\/schema\\\/person\\\/1fe29fc42c2877f685d953476e2c9df3\",\"name\":\"Martin Gunnesson\",\"image\":{\"@type\":\"ImageObject\",\"inLanguage\":\"sv-SE\",\"@id\":\"https:\\\/\\\/secure.gravatar.com\\\/avatar\\\/4a1c8981eae86754728f44bfabd3a53691f3916980281974fe783d97d2fbb7b7?s=96&d=mm&r=g\",\"url\":\"https:\\\/\\\/secure.gravatar.com\\\/avatar\\\/4a1c8981eae86754728f44bfabd3a53691f3916980281974fe783d97d2fbb7b7?s=96&d=mm&r=g\",\"contentUrl\":\"https:\\\/\\\/secure.gravatar.com\\\/avatar\\\/4a1c8981eae86754728f44bfabd3a53691f3916980281974fe783d97d2fbb7b7?s=96&d=mm&r=g\",\"caption\":\"Martin Gunnesson\"},\"description\":\"Ordf\u00f6rande f\u00f6r Kristdemokraterna Nacka.\",\"url\":\"https:\\\/\\\/wp.kristdemokraterna.se\\\/nacka\\\/author\\\/nacka1\\\/\"}]}<\/script>\n<!-- \/ Yoast SEO plugin. -->","yoast_head_json":{"title":"Discgolf \u2013 r\u00e4tt bana p\u00e5 r\u00e4tt plats! - Kristdemokraterna i Nacka","description":"En ny discgolfbana byggs i Gr\u00f6na Dalen, Fisks\u00e4tra \u2013 ett tillg\u00e4ngligt och naturn\u00e4ra alternativ som respekterar b\u00e5de djurliv och boende.","robots":{"index":"index","follow":"follow","max-snippet":"max-snippet:-1","max-image-preview":"max-image-preview:large","max-video-preview":"max-video-preview:-1"},"canonical":"https:\/\/wp.kristdemokraterna.se\/nacka\/discgolf-ratt-bana-pa-ratt-plats\/","og_locale":"sv_SE","og_type":"article","og_title":"Discgolf \u2013 r\u00e4tt bana p\u00e5 r\u00e4tt plats! - Kristdemokraterna i Nacka","og_description":"En ny discgolfbana byggs i Gr\u00f6na Dalen, Fisks\u00e4tra \u2013 ett tillg\u00e4ngligt och naturn\u00e4ra alternativ som respekterar b\u00e5de djurliv och boende.","og_url":"https:\/\/wp.kristdemokraterna.se\/nacka\/discgolf-ratt-bana-pa-ratt-plats\/","og_site_name":"Kristdemokraterna i Nacka","article_published_time":"2025-04-09T11:00:11+00:00","article_modified_time":"2025-05-09T11:03:46+00:00","author":"Martin Gunnesson","twitter_card":"summary_large_image","twitter_misc":{"Skriven av":"Martin Gunnesson","Ber\u00e4knad l\u00e4stid":"1 minut"},"schema":{"@context":"https:\/\/schema.org","@graph":[{"@type":"Article","@id":"https:\/\/wp.kristdemokraterna.se\/nacka\/discgolf-ratt-bana-pa-ratt-plats\/#article","isPartOf":{"@id":"https:\/\/wp.kristdemokraterna.se\/nacka\/discgolf-ratt-bana-pa-ratt-plats\/"},"author":{"name":"Martin Gunnesson","@id":"https:\/\/wp.kristdemokraterna.se\/nacka\/#\/schema\/person\/1fe29fc42c2877f685d953476e2c9df3"},"headline":"Discgolf \u2013 r\u00e4tt bana p\u00e5 r\u00e4tt plats!","datePublished":"2025-04-09T11:00:11+00:00","dateModified":"2025-05-09T11:03:46+00:00","mainEntityOfPage":{"@id":"https:\/\/wp.kristdemokraterna.se\/nacka\/discgolf-ratt-bana-pa-ratt-plats\/"},"wordCount":161,"articleSection":["I Kommunen","Inl\u00e4gg"],"inLanguage":"sv-SE"},{"@type":"WebPage","@id":"https:\/\/wp.kristdemokraterna.se\/nacka\/discgolf-ratt-bana-pa-ratt-plats\/","url":"https:\/\/wp.kristdemokraterna.se\/nacka\/discgolf-ratt-bana-pa-ratt-plats\/","name":"Discgolf \u2013 r\u00e4tt bana p\u00e5 r\u00e4tt plats! - Kristdemokraterna i Nacka","isPartOf":{"@id":"https:\/\/wp.kristdemokraterna.se\/nacka\/#website"},"datePublished":"2025-04-09T11:00:11+00:00","dateModified":"2025-05-09T11:03:46+00:00","author":{"@id":"https:\/\/wp.kristdemokraterna.se\/nacka\/#\/schema\/person\/1fe29fc42c2877f685d953476e2c9df3"},"description":"En ny discgolfbana byggs i Gr\u00f6na Dalen, Fisks\u00e4tra \u2013 ett tillg\u00e4ngligt och naturn\u00e4ra alternativ som respekterar b\u00e5de djurliv och boende.","breadcrumb":{"@id":"https:\/\/wp.kristdemokraterna.se\/nacka\/discgolf-ratt-bana-pa-ratt-plats\/#breadcrumb"},"inLanguage":"sv-SE","potentialAction":[{"@type":"ReadAction","target":["https:\/\/wp.kristdemokraterna.se\/nacka\/discgolf-ratt-bana-pa-ratt-plats\/"]}]},{"@type":"BreadcrumbList","@id":"https:\/\/wp.kristdemokraterna.se\/nacka\/discgolf-ratt-bana-pa-ratt-plats\/#breadcrumb","itemListElement":[{"@type":"ListItem","position":1,"name":"Hem","item":"https:\/\/wp.kristdemokraterna.se\/nacka\/"},{"@type":"ListItem","position":2,"name":"Discgolf \u2013 r\u00e4tt bana p\u00e5 r\u00e4tt plats!"}]},{"@type":"WebSite","@id":"https:\/\/wp.kristdemokraterna.se\/nacka\/#website","url":"https:\/\/wp.kristdemokraterna.se\/nacka\/","name":"Kristdemokraterna i Nacka","description":"Vi \u00e4r hj\u00e4rtat till h\u00f6ger","inLanguage":"sv-SE"},{"@type":"Person","@id":"https:\/\/wp.kristdemokraterna.se\/nacka\/#\/schema\/person\/1fe29fc42c2877f685d953476e2c9df3","name":"Martin Gunnesson","image":{"@type":"ImageObject","inLanguage":"sv-SE","@id":"https:\/\/secure.gravatar.com\/avatar\/4a1c8981eae86754728f44bfabd3a53691f3916980281974fe783d97d2fbb7b7?s=96&d=mm&r=g","url":"https:\/\/secure.gravatar.com\/avatar\/4a1c8981eae86754728f44bfabd3a53691f3916980281974fe783d97d2fbb7b7?s=96&d=mm&r=g","contentUrl":"https:\/\/secure.gravatar.com\/avatar\/4a1c8981eae86754728f44bfabd3a53691f3916980281974fe783d97d2fbb7b7?s=96&d=mm&r=g","caption":"Martin Gunnesson"},"description":"Ordf\u00f6rande f\u00f6r Kristdemokraterna Nacka.","url":"https:\/\/wp.kristdemokraterna.se\/nacka\/author\/nacka1\/"}]}},"_links":{"self":[{"href":"https:\/\/wp.kristdemokraterna.se\/nacka\/wp-json\/wp\/v2\/posts\/1225","targetHints":{"allow":["GET"]}}],"collection":[{"href":"https:\/\/wp.kristdemokraterna.se\/nacka\/wp-json\/wp\/v2\/posts"}],"about":[{"href":"https:\/\/wp.kristdemokraterna.se\/nacka\/wp-json\/wp\/v2\/types\/post"}],"author":[{"embeddable":true,"href":"https:\/\/wp.kristdemokraterna.se\/nacka\/wp-json\/wp\/v2\/users\/789"}],"replies":[{"embeddable":true,"href":"https:\/\/wp.kristdemokraterna.se\/nacka\/wp-json\/wp\/v2\/comments?post=1225"}],"version-history":[{"count":1,"href":"https:\/\/wp.kristdemokraterna.se\/nacka\/wp-json\/wp\/v2\/posts\/1225\/revisions"}],"predecessor-version":[{"id":1227,"href":"https:\/\/wp.kristdemokraterna.se\/nacka\/wp-json\/wp\/v2\/posts\/1225\/revisions\/1227"}],"wp:attachment":[{"href":"https:\/\/wp.kristdemokraterna.se\/nacka\/wp-json\/wp\/v2\/media?parent=1225"}],"wp:term":[{"taxonomy":"category","embeddable":true,"href":"https:\/\/wp.kristdemokraterna.se\/nacka\/wp-json\/wp\/v2\/categories?post=1225"},{"taxonomy":"post_tag","embeddable":true,"href":"https:\/\/wp.kristdemokraterna.se\/nacka\/wp-json\/wp\/v2\/tags?post=1225"}],"curies":[{"name":"wp","href":"https:\/\/api.w.org\/{rel}","templated":true}]}}