{"id":719,"date":"2022-05-08T12:00:12","date_gmt":"2022-05-08T10:00:12","guid":{"rendered":"https:\/\/wp.kristdemokraterna.se\/nacka\/?p=719"},"modified":"2022-08-02T15:48:31","modified_gmt":"2022-08-02T13:48:31","slug":"karin-teljstedt-kommunalrad","status":"publish","type":"post","link":"https:\/\/wp.kristdemokraterna.se\/nacka\/karin-teljstedt-kommunalrad\/","title":{"rendered":"Karin Teljstedt &#8211; Kommunalr\u00e5d"},"content":{"rendered":"<p><strong>Namn<\/strong>: Karin Teljstedt<br \/>\n<strong>\u00c5lder<\/strong>: 44 \u00e5r<br \/>\n<strong>Bostadsomr\u00e5de<\/strong>: Finnberget<br \/>\n<strong>Politiskt uppdrag<\/strong>:<br \/>\nKommunalr\u00e5d, Ordf\u00f6rande i \u00c4ldren\u00e4mnden, Ordf\u00f6rande i Seniorr\u00e5det<br \/>\n<strong>Civilt yrke<\/strong>: Civilekonom<\/p>\n<p><strong>Varf\u00f6r \u00e4r du Kristdemokrat<\/strong>:<br \/>\nN\u00e4r jag blev f\u00f6r\u00e4lder tilltalades jag av partiets familjepolitik och syn p\u00e5 m\u00e4nniskan. Jag tror p\u00e5 m\u00e4nniskans vilja och f\u00f6rm\u00e5ga att ta ansvar. Politiken ska st\u00f6dja familjerna, inte styra. Man ska f\u00e5 st\u00f6d n\u00e4r det brister men inte fr\u00e5ntas r\u00e4tten att sj\u00e4lv f\u00e5 v\u00e4lja.<\/p>\n<p><strong>Din viktigaste fr\u00e5ga p\u00e5 riksniv\u00e5<\/strong>: V\u00e5rd och Integration<\/p>\n<p><strong>Din viktigaste fr\u00e5ga lokalt<\/strong>: Trygghet och valfrihet (i ex skola, \u00e4ldreomsorg osv).<\/p>\n<p><strong>Din st\u00f6rsta hobby<\/strong>: Idrott i alla former<\/p>\n<p><strong>En kul sak om dig<\/strong>: Jag sover blixt still och helt tyst vilket f\u00f6ranlett att ett flertal personer jag delat rum under \u00e5rens lopp v\u00e4ckt mig f\u00f6r att se s\u00e5 att jag verkligen lever.<\/p>\n","protected":false},"excerpt":{"rendered":"<p>Namn: Karin Teljstedt \u00c5lder: 44 \u00e5r Bostadsomr\u00e5de: Finnberget Politiskt uppdrag: Kommunalr\u00e5d, Ordf\u00f6rande i \u00c4ldren\u00e4mnden, Ordf\u00f6rande i Seniorr\u00e5det Civilt yrke: Civilekonom Varf\u00f6r \u00e4r du Kristdemokrat: N\u00e4r jag blev f\u00f6r\u00e4lder tilltalades jag av partiets familjepolitik och syn p\u00e5 m\u00e4nniskan. Jag tror p\u00e5 m\u00e4nniskans vilja och f\u00f6rm\u00e5ga att ta ansvar. Politiken ska st\u00f6dja familjerna, inte styra. Man ska <a class=\"read-more-link\" href=\"https:\/\/wp.kristdemokraterna.se\/nacka\/karin-teljstedt-kommunalrad\/\">L\u00e4s mer<\/a><\/p>\n","protected":false},"author":1020,"featured_media":0,"comment_status":"closed","ping_status":"closed","sticky":false,"template":"","format":"standard","meta":{"_acf_changed":false,"footnotes":""},"categories":[11],"tags":[],"class_list":["post-719","post","type-post","status-publish","format-standard","hentry","category-inlagg"],"acf":[],"yoast_head":"<!-- This site is optimized with the Yoast SEO plugin v27.4 - https:\/\/yoast.com\/product\/yoast-seo-wordpress\/ -->\n<title>Karin Teljstedt - Kommunalr\u00e5d - Kristdemokraterna i Nacka<\/title>\n<meta name=\"robots\" content=\"index, follow, max-snippet:-1, max-image-preview:large, max-video-preview:-1\" \/>\n<link rel=\"canonical\" href=\"https:\/\/wp.kristdemokraterna.se\/nacka\/karin-teljstedt-kommunalrad\/\" \/>\n<meta property=\"og:locale\" content=\"sv_SE\" \/>\n<meta property=\"og:type\" content=\"article\" \/>\n<meta property=\"og:title\" content=\"Karin Teljstedt\" \/>\n<meta property=\"og:description\" content=\"Namn: Karin Teljstedt \u00c5lder: 44 \u00e5r Bostadsomr\u00e5de: Finnberget Politiskt uppdrag: Kommunalr\u00e5d, Ordf\u00f6rande i \u00c4ldren\u00e4mnden, Ordf\u00f6rande i Seniorr\u00e5det Civilt yrke: Civilekonom Varf\u00f6r \u00e4r du Kristdemokrat: N\u00e4r jag blev f\u00f6r\u00e4lder tilltalades jag av partiets familjepolitik och syn p\u00e5 m\u00e4nniskan. Jag tror p\u00e5 m\u00e4nniskans vilja och f\u00f6rm\u00e5ga att ta ansvar. Politiken ska st\u00f6dja familjerna, inte styra. Man ska L\u00e4s mer\" \/>\n<meta property=\"og:url\" content=\"https:\/\/wp.kristdemokraterna.se\/nacka\/karin-teljstedt-kommunalrad\/\" \/>\n<meta property=\"og:site_name\" content=\"Kristdemokraterna i Nacka\" \/>\n<meta property=\"article:published_time\" content=\"2022-05-08T10:00:12+00:00\" \/>\n<meta property=\"article:modified_time\" content=\"2022-08-02T13:48:31+00:00\" \/>\n<meta property=\"og:image\" content=\"https:\/\/wp.kristdemokraterna.se\/nacka\/files\/2022\/02\/dsc4984-scaled-e1645624520779.jpg\" \/>\n\t<meta property=\"og:image:width\" content=\"1209\" \/>\n\t<meta property=\"og:image:height\" content=\"1523\" \/>\n\t<meta property=\"og:image:type\" content=\"image\/jpeg\" \/>\n<meta name=\"author\" content=\"Henrik Lindberg\" \/>\n<meta name=\"twitter:card\" content=\"summary_large_image\" \/>\n<meta name=\"twitter:label1\" content=\"Skriven av\" \/>\n\t<meta name=\"twitter:data1\" content=\"Henrik Lindberg\" \/>\n\t<meta name=\"twitter:label2\" content=\"Ber\u00e4knad l\u00e4stid\" \/>\n\t<meta name=\"twitter:data2\" content=\"1 minut\" \/>\n<script type=\"application\/ld+json\" class=\"yoast-schema-graph\">{\"@context\":\"https:\\\/\\\/schema.org\",\"@graph\":[{\"@type\":\"Article\",\"@id\":\"https:\\\/\\\/wp.kristdemokraterna.se\\\/nacka\\\/karin-teljstedt-kommunalrad\\\/#article\",\"isPartOf\":{\"@id\":\"https:\\\/\\\/wp.kristdemokraterna.se\\\/nacka\\\/karin-teljstedt-kommunalrad\\\/\"},\"author\":{\"name\":\"Henrik Lindberg\",\"@id\":\"https:\\\/\\\/wp.kristdemokraterna.se\\\/nacka\\\/#\\\/schema\\\/person\\\/b48b358cf9875c27c3acdf1c8d2fc8f1\"},\"headline\":\"Karin Teljstedt &#8211; Kommunalr\u00e5d\",\"datePublished\":\"2022-05-08T10:00:12+00:00\",\"dateModified\":\"2022-08-02T13:48:31+00:00\",\"mainEntityOfPage\":{\"@id\":\"https:\\\/\\\/wp.kristdemokraterna.se\\\/nacka\\\/karin-teljstedt-kommunalrad\\\/\"},\"wordCount\":161,\"articleSection\":[\"Inl\u00e4gg\"],\"inLanguage\":\"sv-SE\"},{\"@type\":\"WebPage\",\"@id\":\"https:\\\/\\\/wp.kristdemokraterna.se\\\/nacka\\\/karin-teljstedt-kommunalrad\\\/\",\"url\":\"https:\\\/\\\/wp.kristdemokraterna.se\\\/nacka\\\/karin-teljstedt-kommunalrad\\\/\",\"name\":\"Karin Teljstedt - Kommunalr\u00e5d - Kristdemokraterna i Nacka\",\"isPartOf\":{\"@id\":\"https:\\\/\\\/wp.kristdemokraterna.se\\\/nacka\\\/#website\"},\"datePublished\":\"2022-05-08T10:00:12+00:00\",\"dateModified\":\"2022-08-02T13:48:31+00:00\",\"author\":{\"@id\":\"https:\\\/\\\/wp.kristdemokraterna.se\\\/nacka\\\/#\\\/schema\\\/person\\\/b48b358cf9875c27c3acdf1c8d2fc8f1\"},\"breadcrumb\":{\"@id\":\"https:\\\/\\\/wp.kristdemokraterna.se\\\/nacka\\\/karin-teljstedt-kommunalrad\\\/#breadcrumb\"},\"inLanguage\":\"sv-SE\",\"potentialAction\":[{\"@type\":\"ReadAction\",\"target\":[\"https:\\\/\\\/wp.kristdemokraterna.se\\\/nacka\\\/karin-teljstedt-kommunalrad\\\/\"]}]},{\"@type\":\"BreadcrumbList\",\"@id\":\"https:\\\/\\\/wp.kristdemokraterna.se\\\/nacka\\\/karin-teljstedt-kommunalrad\\\/#breadcrumb\",\"itemListElement\":[{\"@type\":\"ListItem\",\"position\":1,\"name\":\"Hem\",\"item\":\"https:\\\/\\\/wp.kristdemokraterna.se\\\/nacka\\\/\"},{\"@type\":\"ListItem\",\"position\":2,\"name\":\"Karin Teljstedt &#8211; Kommunalr\u00e5d\"}]},{\"@type\":\"WebSite\",\"@id\":\"https:\\\/\\\/wp.kristdemokraterna.se\\\/nacka\\\/#website\",\"url\":\"https:\\\/\\\/wp.kristdemokraterna.se\\\/nacka\\\/\",\"name\":\"Kristdemokraterna i Nacka\",\"description\":\"Vi \u00e4r hj\u00e4rtat till h\u00f6ger\",\"inLanguage\":\"sv-SE\"},{\"@type\":\"Person\",\"@id\":\"https:\\\/\\\/wp.kristdemokraterna.se\\\/nacka\\\/#\\\/schema\\\/person\\\/b48b358cf9875c27c3acdf1c8d2fc8f1\",\"name\":\"Henrik Lindberg\",\"image\":{\"@type\":\"ImageObject\",\"inLanguage\":\"sv-SE\",\"@id\":\"https:\\\/\\\/secure.gravatar.com\\\/avatar\\\/497ef276c180208a266e066d54f9bc20528edb9b95adda3de62b2fe05abf6405?s=96&d=mm&r=g\",\"url\":\"https:\\\/\\\/secure.gravatar.com\\\/avatar\\\/497ef276c180208a266e066d54f9bc20528edb9b95adda3de62b2fe05abf6405?s=96&d=mm&r=g\",\"contentUrl\":\"https:\\\/\\\/secure.gravatar.com\\\/avatar\\\/497ef276c180208a266e066d54f9bc20528edb9b95adda3de62b2fe05abf6405?s=96&d=mm&r=g\",\"caption\":\"Henrik Lindberg\"},\"url\":\"https:\\\/\\\/wp.kristdemokraterna.se\\\/nacka\\\/author\\\/henriknacka\\\/\"}]}<\/script>\n<!-- \/ Yoast SEO plugin. -->","yoast_head_json":{"title":"Karin Teljstedt - Kommunalr\u00e5d - Kristdemokraterna i Nacka","robots":{"index":"index","follow":"follow","max-snippet":"max-snippet:-1","max-image-preview":"max-image-preview:large","max-video-preview":"max-video-preview:-1"},"canonical":"https:\/\/wp.kristdemokraterna.se\/nacka\/karin-teljstedt-kommunalrad\/","og_locale":"sv_SE","og_type":"article","og_title":"Karin Teljstedt","og_description":"Namn: Karin Teljstedt \u00c5lder: 44 \u00e5r Bostadsomr\u00e5de: Finnberget Politiskt uppdrag: Kommunalr\u00e5d, Ordf\u00f6rande i \u00c4ldren\u00e4mnden, Ordf\u00f6rande i Seniorr\u00e5det Civilt yrke: Civilekonom Varf\u00f6r \u00e4r du Kristdemokrat: N\u00e4r jag blev f\u00f6r\u00e4lder tilltalades jag av partiets familjepolitik och syn p\u00e5 m\u00e4nniskan. Jag tror p\u00e5 m\u00e4nniskans vilja och f\u00f6rm\u00e5ga att ta ansvar. Politiken ska st\u00f6dja familjerna, inte styra. Man ska L\u00e4s mer","og_url":"https:\/\/wp.kristdemokraterna.se\/nacka\/karin-teljstedt-kommunalrad\/","og_site_name":"Kristdemokraterna i Nacka","article_published_time":"2022-05-08T10:00:12+00:00","article_modified_time":"2022-08-02T13:48:31+00:00","og_image":[{"width":1209,"height":1523,"url":"https:\/\/wp.kristdemokraterna.se\/nacka\/files\/2022\/02\/dsc4984-scaled-e1645624520779.jpg","type":"image\/jpeg"}],"author":"Henrik Lindberg","twitter_card":"summary_large_image","twitter_misc":{"Skriven av":"Henrik Lindberg","Ber\u00e4knad l\u00e4stid":"1 minut"},"schema":{"@context":"https:\/\/schema.org","@graph":[{"@type":"Article","@id":"https:\/\/wp.kristdemokraterna.se\/nacka\/karin-teljstedt-kommunalrad\/#article","isPartOf":{"@id":"https:\/\/wp.kristdemokraterna.se\/nacka\/karin-teljstedt-kommunalrad\/"},"author":{"name":"Henrik Lindberg","@id":"https:\/\/wp.kristdemokraterna.se\/nacka\/#\/schema\/person\/b48b358cf9875c27c3acdf1c8d2fc8f1"},"headline":"Karin Teljstedt &#8211; Kommunalr\u00e5d","datePublished":"2022-05-08T10:00:12+00:00","dateModified":"2022-08-02T13:48:31+00:00","mainEntityOfPage":{"@id":"https:\/\/wp.kristdemokraterna.se\/nacka\/karin-teljstedt-kommunalrad\/"},"wordCount":161,"articleSection":["Inl\u00e4gg"],"inLanguage":"sv-SE"},{"@type":"WebPage","@id":"https:\/\/wp.kristdemokraterna.se\/nacka\/karin-teljstedt-kommunalrad\/","url":"https:\/\/wp.kristdemokraterna.se\/nacka\/karin-teljstedt-kommunalrad\/","name":"Karin Teljstedt - Kommunalr\u00e5d - Kristdemokraterna i Nacka","isPartOf":{"@id":"https:\/\/wp.kristdemokraterna.se\/nacka\/#website"},"datePublished":"2022-05-08T10:00:12+00:00","dateModified":"2022-08-02T13:48:31+00:00","author":{"@id":"https:\/\/wp.kristdemokraterna.se\/nacka\/#\/schema\/person\/b48b358cf9875c27c3acdf1c8d2fc8f1"},"breadcrumb":{"@id":"https:\/\/wp.kristdemokraterna.se\/nacka\/karin-teljstedt-kommunalrad\/#breadcrumb"},"inLanguage":"sv-SE","potentialAction":[{"@type":"ReadAction","target":["https:\/\/wp.kristdemokraterna.se\/nacka\/karin-teljstedt-kommunalrad\/"]}]},{"@type":"BreadcrumbList","@id":"https:\/\/wp.kristdemokraterna.se\/nacka\/karin-teljstedt-kommunalrad\/#breadcrumb","itemListElement":[{"@type":"ListItem","position":1,"name":"Hem","item":"https:\/\/wp.kristdemokraterna.se\/nacka\/"},{"@type":"ListItem","position":2,"name":"Karin Teljstedt &#8211; Kommunalr\u00e5d"}]},{"@type":"WebSite","@id":"https:\/\/wp.kristdemokraterna.se\/nacka\/#website","url":"https:\/\/wp.kristdemokraterna.se\/nacka\/","name":"Kristdemokraterna i Nacka","description":"Vi \u00e4r hj\u00e4rtat till h\u00f6ger","inLanguage":"sv-SE"},{"@type":"Person","@id":"https:\/\/wp.kristdemokraterna.se\/nacka\/#\/schema\/person\/b48b358cf9875c27c3acdf1c8d2fc8f1","name":"Henrik Lindberg","image":{"@type":"ImageObject","inLanguage":"sv-SE","@id":"https:\/\/secure.gravatar.com\/avatar\/497ef276c180208a266e066d54f9bc20528edb9b95adda3de62b2fe05abf6405?s=96&d=mm&r=g","url":"https:\/\/secure.gravatar.com\/avatar\/497ef276c180208a266e066d54f9bc20528edb9b95adda3de62b2fe05abf6405?s=96&d=mm&r=g","contentUrl":"https:\/\/secure.gravatar.com\/avatar\/497ef276c180208a266e066d54f9bc20528edb9b95adda3de62b2fe05abf6405?s=96&d=mm&r=g","caption":"Henrik Lindberg"},"url":"https:\/\/wp.kristdemokraterna.se\/nacka\/author\/henriknacka\/"}]}},"_links":{"self":[{"href":"https:\/\/wp.kristdemokraterna.se\/nacka\/wp-json\/wp\/v2\/posts\/719","targetHints":{"allow":["GET"]}}],"collection":[{"href":"https:\/\/wp.kristdemokraterna.se\/nacka\/wp-json\/wp\/v2\/posts"}],"about":[{"href":"https:\/\/wp.kristdemokraterna.se\/nacka\/wp-json\/wp\/v2\/types\/post"}],"author":[{"embeddable":true,"href":"https:\/\/wp.kristdemokraterna.se\/nacka\/wp-json\/wp\/v2\/users\/1020"}],"replies":[{"embeddable":true,"href":"https:\/\/wp.kristdemokraterna.se\/nacka\/wp-json\/wp\/v2\/comments?post=719"}],"version-history":[{"count":14,"href":"https:\/\/wp.kristdemokraterna.se\/nacka\/wp-json\/wp\/v2\/posts\/719\/revisions"}],"predecessor-version":[{"id":894,"href":"https:\/\/wp.kristdemokraterna.se\/nacka\/wp-json\/wp\/v2\/posts\/719\/revisions\/894"}],"wp:attachment":[{"href":"https:\/\/wp.kristdemokraterna.se\/nacka\/wp-json\/wp\/v2\/media?parent=719"}],"wp:term":[{"taxonomy":"category","embeddable":true,"href":"https:\/\/wp.kristdemokraterna.se\/nacka\/wp-json\/wp\/v2\/categories?post=719"},{"taxonomy":"post_tag","embeddable":true,"href":"https:\/\/wp.kristdemokraterna.se\/nacka\/wp-json\/wp\/v2\/tags?post=719"}],"curies":[{"name":"wp","href":"https:\/\/api.w.org\/{rel}","templated":true}]}}