{"id":755,"date":"2022-08-02T15:30:44","date_gmt":"2022-08-02T13:30:44","guid":{"rendered":"https:\/\/wp.kristdemokraterna.se\/nacka\/?p=755"},"modified":"2022-08-02T16:41:28","modified_gmt":"2022-08-02T14:41:28","slug":"lokala-centra-ar-for-viktiga-for-att-lamnas-till-marknaden","status":"publish","type":"post","link":"https:\/\/wp.kristdemokraterna.se\/nacka\/lokala-centra-ar-for-viktiga-for-att-lamnas-till-marknaden\/","title":{"rendered":"Lokala centra \u00e4r f\u00f6r viktiga f\u00f6r att l\u00e4mnas till marknaden"},"content":{"rendered":"<p>2011 hamnade pl\u00f6tsligt ett f\u00f6rslag om att bygga en stor hall f\u00f6r dagligvaror vid motorv\u00e4gen till Tyres\u00f6 p\u00e5 kommunstyrelsens bord i Nacka. Den var t\u00e4nkt att ligga precis d\u00e4r \u00c4ltav\u00e4gen ansluter till Tyres\u00f6v\u00e4gen.<\/p>\n<p>Jan-Eric Jansson, som d\u00e5 var kommunalr\u00e5d f\u00f6r Kristdemokraterna och sj\u00e4lv \u00c4ltabo, ins\u00e5g vilken effekt det skulle f\u00e5 f\u00f6r de tv\u00e5 k\u00e4mpande livsmedelsbutikerna i \u00c4lta.<\/p>\n<p>Redan d\u00e5 var det sv\u00e5rt att f\u00e5 \u00c4ltaborna att handla lokalt, i st\u00e4llet f\u00f6r i st\u00f6rre butiker p\u00e5 andra h\u00e5ll. En stor aff\u00e4r vid motorv\u00e4gen skulle effektivt ta d\u00f6d p\u00e5 dessa mindre butiker.<\/p>\n<p><strong>F\u00f6r m\u00e5nga m\u00e4nniskor \u00e4r det helt n\u00f6dv\u00e4ndigt med ett lokalt centrum.<\/strong> Och att alla ska tvingas ta bilen f\u00f6r att handla mat \u00e4r ocks\u00e5 en milj\u00f6fr\u00e5ga.<\/p>\n<p>Om ett lokalt centrum ska fungera s\u00e5 kr\u00e4vs en bra livsmedelsbutik, den \u00e4r motorn. Marknadskrafter \u00e4r bra, men de beh\u00f6ver ocks\u00e5 styras. Politiken har ett ansvar f\u00f6r att samh\u00e4llet fungerar.<\/p>\n<p>Jan-Eric mobiliserade \u00c4ltaborna till f\u00f6rsvar f\u00f6r sitt centrum. Kristdemokraterna arrangerade ett m\u00f6te i \u00c4lta Kulturknut, med en arkitekt som forskar om lokala centra som talare. Kulturknuten blev full med folk. Trycket p\u00e5 politiken \u00f6kade.<\/p>\n<p>Till slut lades d\u00e4rf\u00f6r f\u00f6rslaget om dagligvaruhall vid Tyres\u00f6v\u00e4gen ner. <strong>Kristdemokraterna tog ansvar f\u00f6r \u00c4lta<\/strong>.<\/p>\n<p>Nu utvecklas i st\u00e4llet \u00c4lta centrum, framf\u00f6r allt med en st\u00f6rre livsmedelsbutik. Och f\u00f6r att f\u00f6rst\u00e4rka underlaget f\u00f6r detta lokala centrum, s\u00e5 att det kan bli l\u00e5ngsiktigt livskraftigt, byggs nu fler bost\u00e4der centralt i \u00c4lta.<\/p>\n","protected":false},"excerpt":{"rendered":"<p>2011 hamnade pl\u00f6tsligt ett f\u00f6rslag om att bygga en stor hall f\u00f6r dagligvaror vid motorv\u00e4gen till Tyres\u00f6 p\u00e5 kommunstyrelsens bord i Nacka. Den var t\u00e4nkt att ligga precis d\u00e4r \u00c4ltav\u00e4gen ansluter till Tyres\u00f6v\u00e4gen. Jan-Eric Jansson, som d\u00e5 var kommunalr\u00e5d f\u00f6r Kristdemokraterna och sj\u00e4lv \u00c4ltabo, ins\u00e5g vilken effekt det skulle f\u00e5 f\u00f6r de tv\u00e5 k\u00e4mpande livsmedelsbutikerna <a class=\"read-more-link\" href=\"https:\/\/wp.kristdemokraterna.se\/nacka\/lokala-centra-ar-for-viktiga-for-att-lamnas-till-marknaden\/\">L\u00e4s mer<\/a><\/p>\n","protected":false},"author":1020,"featured_media":0,"comment_status":"closed","ping_status":"closed","sticky":false,"template":"","format":"standard","meta":{"_acf_changed":false,"footnotes":""},"categories":[11],"tags":[],"class_list":["post-755","post","type-post","status-publish","format-standard","hentry","category-inlagg"],"acf":[],"yoast_head":"<!-- This site is optimized with the Yoast SEO plugin v27.4 - https:\/\/yoast.com\/product\/yoast-seo-wordpress\/ -->\n<title>Lokala centra \u00e4r f\u00f6r viktiga f\u00f6r att l\u00e4mnas till marknaden - Kristdemokraterna i Nacka<\/title>\n<meta name=\"robots\" content=\"index, follow, max-snippet:-1, max-image-preview:large, max-video-preview:-1\" \/>\n<link rel=\"canonical\" href=\"https:\/\/wp.kristdemokraterna.se\/nacka\/lokala-centra-ar-for-viktiga-for-att-lamnas-till-marknaden\/\" \/>\n<meta property=\"og:locale\" content=\"sv_SE\" \/>\n<meta property=\"og:type\" content=\"article\" \/>\n<meta property=\"og:title\" content=\"Lokala centra \u00e4r f\u00f6r viktiga f\u00f6r att l\u00e4mnas till marknaden - Kristdemokraterna i Nacka\" \/>\n<meta property=\"og:description\" content=\"2011 hamnade pl\u00f6tsligt ett f\u00f6rslag om att bygga en stor hall f\u00f6r dagligvaror vid motorv\u00e4gen till Tyres\u00f6 p\u00e5 kommunstyrelsens bord i Nacka. Den var t\u00e4nkt att ligga precis d\u00e4r \u00c4ltav\u00e4gen ansluter till Tyres\u00f6v\u00e4gen. Jan-Eric Jansson, som d\u00e5 var kommunalr\u00e5d f\u00f6r Kristdemokraterna och sj\u00e4lv \u00c4ltabo, ins\u00e5g vilken effekt det skulle f\u00e5 f\u00f6r de tv\u00e5 k\u00e4mpande livsmedelsbutikerna L\u00e4s mer\" \/>\n<meta property=\"og:url\" content=\"https:\/\/wp.kristdemokraterna.se\/nacka\/lokala-centra-ar-for-viktiga-for-att-lamnas-till-marknaden\/\" \/>\n<meta property=\"og:site_name\" content=\"Kristdemokraterna i Nacka\" \/>\n<meta property=\"article:published_time\" content=\"2022-08-02T13:30:44+00:00\" \/>\n<meta property=\"article:modified_time\" content=\"2022-08-02T14:41:28+00:00\" \/>\n<meta property=\"og:image\" content=\"https:\/\/wp.kristdemokraterna.se\/nacka\/files\/2022\/05\/delabild-varna-och-utveckla-1024x1024.png\" \/>\n\t<meta property=\"og:image:width\" content=\"1024\" \/>\n\t<meta property=\"og:image:height\" content=\"1024\" \/>\n\t<meta property=\"og:image:type\" content=\"image\/png\" \/>\n<meta name=\"author\" content=\"Henrik Lindberg\" \/>\n<meta name=\"twitter:card\" content=\"summary_large_image\" \/>\n<meta name=\"twitter:label1\" content=\"Skriven av\" \/>\n\t<meta name=\"twitter:data1\" content=\"Henrik Lindberg\" \/>\n\t<meta name=\"twitter:label2\" content=\"Ber\u00e4knad l\u00e4stid\" \/>\n\t<meta name=\"twitter:data2\" content=\"2 minuter\" \/>\n<script type=\"application\/ld+json\" class=\"yoast-schema-graph\">{\"@context\":\"https:\\\/\\\/schema.org\",\"@graph\":[{\"@type\":\"Article\",\"@id\":\"https:\\\/\\\/wp.kristdemokraterna.se\\\/nacka\\\/lokala-centra-ar-for-viktiga-for-att-lamnas-till-marknaden\\\/#article\",\"isPartOf\":{\"@id\":\"https:\\\/\\\/wp.kristdemokraterna.se\\\/nacka\\\/lokala-centra-ar-for-viktiga-for-att-lamnas-till-marknaden\\\/\"},\"author\":{\"name\":\"Henrik Lindberg\",\"@id\":\"https:\\\/\\\/wp.kristdemokraterna.se\\\/nacka\\\/#\\\/schema\\\/person\\\/b48b358cf9875c27c3acdf1c8d2fc8f1\"},\"headline\":\"Lokala centra \u00e4r f\u00f6r viktiga f\u00f6r att l\u00e4mnas till marknaden\",\"datePublished\":\"2022-08-02T13:30:44+00:00\",\"dateModified\":\"2022-08-02T14:41:28+00:00\",\"mainEntityOfPage\":{\"@id\":\"https:\\\/\\\/wp.kristdemokraterna.se\\\/nacka\\\/lokala-centra-ar-for-viktiga-for-att-lamnas-till-marknaden\\\/\"},\"wordCount\":295,\"articleSection\":[\"Inl\u00e4gg\"],\"inLanguage\":\"sv-SE\"},{\"@type\":\"WebPage\",\"@id\":\"https:\\\/\\\/wp.kristdemokraterna.se\\\/nacka\\\/lokala-centra-ar-for-viktiga-for-att-lamnas-till-marknaden\\\/\",\"url\":\"https:\\\/\\\/wp.kristdemokraterna.se\\\/nacka\\\/lokala-centra-ar-for-viktiga-for-att-lamnas-till-marknaden\\\/\",\"name\":\"Lokala centra \u00e4r f\u00f6r viktiga f\u00f6r att l\u00e4mnas till marknaden - Kristdemokraterna i Nacka\",\"isPartOf\":{\"@id\":\"https:\\\/\\\/wp.kristdemokraterna.se\\\/nacka\\\/#website\"},\"datePublished\":\"2022-08-02T13:30:44+00:00\",\"dateModified\":\"2022-08-02T14:41:28+00:00\",\"author\":{\"@id\":\"https:\\\/\\\/wp.kristdemokraterna.se\\\/nacka\\\/#\\\/schema\\\/person\\\/b48b358cf9875c27c3acdf1c8d2fc8f1\"},\"breadcrumb\":{\"@id\":\"https:\\\/\\\/wp.kristdemokraterna.se\\\/nacka\\\/lokala-centra-ar-for-viktiga-for-att-lamnas-till-marknaden\\\/#breadcrumb\"},\"inLanguage\":\"sv-SE\",\"potentialAction\":[{\"@type\":\"ReadAction\",\"target\":[\"https:\\\/\\\/wp.kristdemokraterna.se\\\/nacka\\\/lokala-centra-ar-for-viktiga-for-att-lamnas-till-marknaden\\\/\"]}]},{\"@type\":\"BreadcrumbList\",\"@id\":\"https:\\\/\\\/wp.kristdemokraterna.se\\\/nacka\\\/lokala-centra-ar-for-viktiga-for-att-lamnas-till-marknaden\\\/#breadcrumb\",\"itemListElement\":[{\"@type\":\"ListItem\",\"position\":1,\"name\":\"Hem\",\"item\":\"https:\\\/\\\/wp.kristdemokraterna.se\\\/nacka\\\/\"},{\"@type\":\"ListItem\",\"position\":2,\"name\":\"Lokala centra \u00e4r f\u00f6r viktiga f\u00f6r att l\u00e4mnas till marknaden\"}]},{\"@type\":\"WebSite\",\"@id\":\"https:\\\/\\\/wp.kristdemokraterna.se\\\/nacka\\\/#website\",\"url\":\"https:\\\/\\\/wp.kristdemokraterna.se\\\/nacka\\\/\",\"name\":\"Kristdemokraterna i Nacka\",\"description\":\"Vi \u00e4r hj\u00e4rtat till h\u00f6ger\",\"inLanguage\":\"sv-SE\"},{\"@type\":\"Person\",\"@id\":\"https:\\\/\\\/wp.kristdemokraterna.se\\\/nacka\\\/#\\\/schema\\\/person\\\/b48b358cf9875c27c3acdf1c8d2fc8f1\",\"name\":\"Henrik Lindberg\",\"image\":{\"@type\":\"ImageObject\",\"inLanguage\":\"sv-SE\",\"@id\":\"https:\\\/\\\/secure.gravatar.com\\\/avatar\\\/497ef276c180208a266e066d54f9bc20528edb9b95adda3de62b2fe05abf6405?s=96&d=mm&r=g\",\"url\":\"https:\\\/\\\/secure.gravatar.com\\\/avatar\\\/497ef276c180208a266e066d54f9bc20528edb9b95adda3de62b2fe05abf6405?s=96&d=mm&r=g\",\"contentUrl\":\"https:\\\/\\\/secure.gravatar.com\\\/avatar\\\/497ef276c180208a266e066d54f9bc20528edb9b95adda3de62b2fe05abf6405?s=96&d=mm&r=g\",\"caption\":\"Henrik Lindberg\"},\"url\":\"https:\\\/\\\/wp.kristdemokraterna.se\\\/nacka\\\/author\\\/henriknacka\\\/\"}]}<\/script>\n<!-- \/ Yoast SEO plugin. -->","yoast_head_json":{"title":"Lokala centra \u00e4r f\u00f6r viktiga f\u00f6r att l\u00e4mnas till marknaden - Kristdemokraterna i Nacka","robots":{"index":"index","follow":"follow","max-snippet":"max-snippet:-1","max-image-preview":"max-image-preview:large","max-video-preview":"max-video-preview:-1"},"canonical":"https:\/\/wp.kristdemokraterna.se\/nacka\/lokala-centra-ar-for-viktiga-for-att-lamnas-till-marknaden\/","og_locale":"sv_SE","og_type":"article","og_title":"Lokala centra \u00e4r f\u00f6r viktiga f\u00f6r att l\u00e4mnas till marknaden - Kristdemokraterna i Nacka","og_description":"2011 hamnade pl\u00f6tsligt ett f\u00f6rslag om att bygga en stor hall f\u00f6r dagligvaror vid motorv\u00e4gen till Tyres\u00f6 p\u00e5 kommunstyrelsens bord i Nacka. Den var t\u00e4nkt att ligga precis d\u00e4r \u00c4ltav\u00e4gen ansluter till Tyres\u00f6v\u00e4gen. Jan-Eric Jansson, som d\u00e5 var kommunalr\u00e5d f\u00f6r Kristdemokraterna och sj\u00e4lv \u00c4ltabo, ins\u00e5g vilken effekt det skulle f\u00e5 f\u00f6r de tv\u00e5 k\u00e4mpande livsmedelsbutikerna L\u00e4s mer","og_url":"https:\/\/wp.kristdemokraterna.se\/nacka\/lokala-centra-ar-for-viktiga-for-att-lamnas-till-marknaden\/","og_site_name":"Kristdemokraterna i Nacka","article_published_time":"2022-08-02T13:30:44+00:00","article_modified_time":"2022-08-02T14:41:28+00:00","og_image":[{"width":1024,"height":1024,"url":"https:\/\/wp.kristdemokraterna.se\/nacka\/files\/2022\/05\/delabild-varna-och-utveckla-1024x1024.png","type":"image\/png"}],"author":"Henrik Lindberg","twitter_card":"summary_large_image","twitter_misc":{"Skriven av":"Henrik Lindberg","Ber\u00e4knad l\u00e4stid":"2 minuter"},"schema":{"@context":"https:\/\/schema.org","@graph":[{"@type":"Article","@id":"https:\/\/wp.kristdemokraterna.se\/nacka\/lokala-centra-ar-for-viktiga-for-att-lamnas-till-marknaden\/#article","isPartOf":{"@id":"https:\/\/wp.kristdemokraterna.se\/nacka\/lokala-centra-ar-for-viktiga-for-att-lamnas-till-marknaden\/"},"author":{"name":"Henrik Lindberg","@id":"https:\/\/wp.kristdemokraterna.se\/nacka\/#\/schema\/person\/b48b358cf9875c27c3acdf1c8d2fc8f1"},"headline":"Lokala centra \u00e4r f\u00f6r viktiga f\u00f6r att l\u00e4mnas till marknaden","datePublished":"2022-08-02T13:30:44+00:00","dateModified":"2022-08-02T14:41:28+00:00","mainEntityOfPage":{"@id":"https:\/\/wp.kristdemokraterna.se\/nacka\/lokala-centra-ar-for-viktiga-for-att-lamnas-till-marknaden\/"},"wordCount":295,"articleSection":["Inl\u00e4gg"],"inLanguage":"sv-SE"},{"@type":"WebPage","@id":"https:\/\/wp.kristdemokraterna.se\/nacka\/lokala-centra-ar-for-viktiga-for-att-lamnas-till-marknaden\/","url":"https:\/\/wp.kristdemokraterna.se\/nacka\/lokala-centra-ar-for-viktiga-for-att-lamnas-till-marknaden\/","name":"Lokala centra \u00e4r f\u00f6r viktiga f\u00f6r att l\u00e4mnas till marknaden - Kristdemokraterna i Nacka","isPartOf":{"@id":"https:\/\/wp.kristdemokraterna.se\/nacka\/#website"},"datePublished":"2022-08-02T13:30:44+00:00","dateModified":"2022-08-02T14:41:28+00:00","author":{"@id":"https:\/\/wp.kristdemokraterna.se\/nacka\/#\/schema\/person\/b48b358cf9875c27c3acdf1c8d2fc8f1"},"breadcrumb":{"@id":"https:\/\/wp.kristdemokraterna.se\/nacka\/lokala-centra-ar-for-viktiga-for-att-lamnas-till-marknaden\/#breadcrumb"},"inLanguage":"sv-SE","potentialAction":[{"@type":"ReadAction","target":["https:\/\/wp.kristdemokraterna.se\/nacka\/lokala-centra-ar-for-viktiga-for-att-lamnas-till-marknaden\/"]}]},{"@type":"BreadcrumbList","@id":"https:\/\/wp.kristdemokraterna.se\/nacka\/lokala-centra-ar-for-viktiga-for-att-lamnas-till-marknaden\/#breadcrumb","itemListElement":[{"@type":"ListItem","position":1,"name":"Hem","item":"https:\/\/wp.kristdemokraterna.se\/nacka\/"},{"@type":"ListItem","position":2,"name":"Lokala centra \u00e4r f\u00f6r viktiga f\u00f6r att l\u00e4mnas till marknaden"}]},{"@type":"WebSite","@id":"https:\/\/wp.kristdemokraterna.se\/nacka\/#website","url":"https:\/\/wp.kristdemokraterna.se\/nacka\/","name":"Kristdemokraterna i Nacka","description":"Vi \u00e4r hj\u00e4rtat till h\u00f6ger","inLanguage":"sv-SE"},{"@type":"Person","@id":"https:\/\/wp.kristdemokraterna.se\/nacka\/#\/schema\/person\/b48b358cf9875c27c3acdf1c8d2fc8f1","name":"Henrik Lindberg","image":{"@type":"ImageObject","inLanguage":"sv-SE","@id":"https:\/\/secure.gravatar.com\/avatar\/497ef276c180208a266e066d54f9bc20528edb9b95adda3de62b2fe05abf6405?s=96&d=mm&r=g","url":"https:\/\/secure.gravatar.com\/avatar\/497ef276c180208a266e066d54f9bc20528edb9b95adda3de62b2fe05abf6405?s=96&d=mm&r=g","contentUrl":"https:\/\/secure.gravatar.com\/avatar\/497ef276c180208a266e066d54f9bc20528edb9b95adda3de62b2fe05abf6405?s=96&d=mm&r=g","caption":"Henrik Lindberg"},"url":"https:\/\/wp.kristdemokraterna.se\/nacka\/author\/henriknacka\/"}]}},"_links":{"self":[{"href":"https:\/\/wp.kristdemokraterna.se\/nacka\/wp-json\/wp\/v2\/posts\/755","targetHints":{"allow":["GET"]}}],"collection":[{"href":"https:\/\/wp.kristdemokraterna.se\/nacka\/wp-json\/wp\/v2\/posts"}],"about":[{"href":"https:\/\/wp.kristdemokraterna.se\/nacka\/wp-json\/wp\/v2\/types\/post"}],"author":[{"embeddable":true,"href":"https:\/\/wp.kristdemokraterna.se\/nacka\/wp-json\/wp\/v2\/users\/1020"}],"replies":[{"embeddable":true,"href":"https:\/\/wp.kristdemokraterna.se\/nacka\/wp-json\/wp\/v2\/comments?post=755"}],"version-history":[{"count":5,"href":"https:\/\/wp.kristdemokraterna.se\/nacka\/wp-json\/wp\/v2\/posts\/755\/revisions"}],"predecessor-version":[{"id":888,"href":"https:\/\/wp.kristdemokraterna.se\/nacka\/wp-json\/wp\/v2\/posts\/755\/revisions\/888"}],"wp:attachment":[{"href":"https:\/\/wp.kristdemokraterna.se\/nacka\/wp-json\/wp\/v2\/media?parent=755"}],"wp:term":[{"taxonomy":"category","embeddable":true,"href":"https:\/\/wp.kristdemokraterna.se\/nacka\/wp-json\/wp\/v2\/categories?post=755"},{"taxonomy":"post_tag","embeddable":true,"href":"https:\/\/wp.kristdemokraterna.se\/nacka\/wp-json\/wp\/v2\/tags?post=755"}],"curies":[{"name":"wp","href":"https:\/\/api.w.org\/{rel}","templated":true}]}}