{"id":760,"date":"2022-06-03T19:29:27","date_gmt":"2022-06-03T17:29:27","guid":{"rendered":"https:\/\/wp.kristdemokraterna.se\/nacka\/?p=760"},"modified":"2022-06-03T19:31:13","modified_gmt":"2022-06-03T17:31:13","slug":"att-hjalpa-manniskor-till-arbete-ar-att-visa-respekt","status":"publish","type":"post","link":"https:\/\/wp.kristdemokraterna.se\/nacka\/att-hjalpa-manniskor-till-arbete-ar-att-visa-respekt\/","title":{"rendered":"Att hj\u00e4lpa m\u00e4nniskor till arbete \u00e4r att visa respekt"},"content":{"rendered":"<p>Jan-Eric Jansson innehade posten som vice ordf\u00f6rande i socialn\u00e4mnden f\u00f6r Kristdemokraterna under perioden 2006\u20132010. Han m\u00e4rkte att det fanns en tendens att bevilja ekonomiskt bist\u00e5nd (socialbidrag) \u00e4ven till m\u00e4nniskor som hade en viss arbetsf\u00f6rm\u00e5ga, lite slentrianm\u00e4ssigt blev det s\u00e5. Kristdemokraterna tyckte att det i praktiken var som att omyndigf\u00f6rklara m\u00e4nniskor.<\/p>\n<p>Kanske man kan s\u00e4ga att det fanns en slags bidragskultur.<\/p>\n<p>I majoritetsf\u00f6rhandlingarna efter valet 2010 fick Kristdemokraterna igenom att bilda en ny n\u00e4mnd, arbets- och f\u00f6retagsn\u00e4mnden, dit efter en hel del f\u00f6rhandlande lyckades f\u00f6ra fr\u00e5gan om ekonomiskt bist\u00e5nd och vuxenutbildning. Tanken var att i f\u00f6rsta hand inventera alla m\u00f6jligheter till arbete och studier f\u00f6r m\u00e4nniskor med arbetshinder, innan ekonomiskt bist\u00e5nd kom p\u00e5 tal. Dessutom lyckades Kristdemokraterna f\u00f6ra \u00f6ver invandrarfr\u00e5gan till den nya n\u00e4mnden. Precis den n\u00e4mndens fr\u00e5gor \u00e4r h\u00f6gst relevanta f\u00f6r den som kommer ny till Nacka.<\/p>\n<p>Detta innebar ett trendbrott i t\u00e4nkandet och motst\u00e5ndet mot den nya n\u00e4mnden var ganska stort. Att kommunens kostnader f\u00f6r ekonomiskt bist\u00e5nd g\u00e5tt ner, tycker vissa tyder p\u00e5 ett f\u00f6rakt f\u00f6r sjuka. <strong>Kristdemokraterna tycker att det handlar om att visa respekt f\u00f6r m\u00e4nniskans \u00f6nskan att bidra och g\u00f6ra r\u00e4tt f\u00f6r sig.<\/strong><\/p>\n<p>Dessutom har arbets- och f\u00f6retagsn\u00e4mnden under Kristdemokraternas ledning digitaliserat ans\u00f6kningen om ekonomiskt bist\u00e5nd. Man sitter numera vid sin dator och s\u00f6ker. Det g\u00f6r att tid har frigjorts f\u00f6r komplicerade \u00e4renden och f\u00f6r dem som har behov av att prata om sin situation.<\/p>\n","protected":false},"excerpt":{"rendered":"<p>Jan-Eric Jansson innehade posten som vice ordf\u00f6rande i socialn\u00e4mnden f\u00f6r Kristdemokraterna under perioden 2006\u20132010. Han m\u00e4rkte att det fanns en tendens att bevilja ekonomiskt bist\u00e5nd (socialbidrag) \u00e4ven till m\u00e4nniskor som hade en viss arbetsf\u00f6rm\u00e5ga, lite slentrianm\u00e4ssigt blev det s\u00e5. Kristdemokraterna tyckte att det i praktiken var som att omyndigf\u00f6rklara m\u00e4nniskor. Kanske man kan s\u00e4ga att <a class=\"read-more-link\" href=\"https:\/\/wp.kristdemokraterna.se\/nacka\/att-hjalpa-manniskor-till-arbete-ar-att-visa-respekt\/\">L\u00e4s mer<\/a><\/p>\n","protected":false},"author":1020,"featured_media":0,"comment_status":"closed","ping_status":"closed","sticky":false,"template":"","format":"standard","meta":{"_acf_changed":false,"footnotes":""},"categories":[11],"tags":[],"class_list":["post-760","post","type-post","status-publish","format-standard","hentry","category-inlagg"],"acf":[],"yoast_head":"<!-- This site is optimized with the Yoast SEO plugin v27.4 - https:\/\/yoast.com\/product\/yoast-seo-wordpress\/ -->\n<title>Att hj\u00e4lpa m\u00e4nniskor till arbete \u00e4r att visa respekt - Kristdemokraterna i Nacka<\/title>\n<meta name=\"robots\" content=\"index, follow, max-snippet:-1, max-image-preview:large, max-video-preview:-1\" \/>\n<link rel=\"canonical\" href=\"https:\/\/wp.kristdemokraterna.se\/nacka\/att-hjalpa-manniskor-till-arbete-ar-att-visa-respekt\/\" \/>\n<meta property=\"og:locale\" content=\"sv_SE\" \/>\n<meta property=\"og:type\" content=\"article\" \/>\n<meta property=\"og:title\" content=\"Att hj\u00e4lpa m\u00e4nniskor till arbete \u00e4r att visa respekt - Kristdemokraterna i Nacka\" \/>\n<meta property=\"og:description\" content=\"Jan-Eric Jansson innehade posten som vice ordf\u00f6rande i socialn\u00e4mnden f\u00f6r Kristdemokraterna under perioden 2006\u20132010. Han m\u00e4rkte att det fanns en tendens att bevilja ekonomiskt bist\u00e5nd (socialbidrag) \u00e4ven till m\u00e4nniskor som hade en viss arbetsf\u00f6rm\u00e5ga, lite slentrianm\u00e4ssigt blev det s\u00e5. Kristdemokraterna tyckte att det i praktiken var som att omyndigf\u00f6rklara m\u00e4nniskor. Kanske man kan s\u00e4ga att L\u00e4s mer\" \/>\n<meta property=\"og:url\" content=\"https:\/\/wp.kristdemokraterna.se\/nacka\/att-hjalpa-manniskor-till-arbete-ar-att-visa-respekt\/\" \/>\n<meta property=\"og:site_name\" content=\"Kristdemokraterna i Nacka\" \/>\n<meta property=\"article:published_time\" content=\"2022-06-03T17:29:27+00:00\" \/>\n<meta property=\"article:modified_time\" content=\"2022-06-03T17:31:13+00:00\" \/>\n<meta property=\"og:image\" content=\"https:\/\/wp.kristdemokraterna.se\/nacka\/files\/2022\/06\/roman-kraft-0evkn3-5jsu-unsplash-scaled.jpg\" \/>\n\t<meta property=\"og:image:width\" content=\"2560\" \/>\n\t<meta property=\"og:image:height\" content=\"1709\" \/>\n\t<meta property=\"og:image:type\" content=\"image\/jpeg\" \/>\n<meta name=\"author\" content=\"Henrik Lindberg\" \/>\n<meta name=\"twitter:card\" content=\"summary_large_image\" \/>\n<meta name=\"twitter:label1\" content=\"Skriven av\" \/>\n\t<meta name=\"twitter:data1\" content=\"Henrik Lindberg\" \/>\n\t<meta name=\"twitter:label2\" content=\"Ber\u00e4knad l\u00e4stid\" \/>\n\t<meta name=\"twitter:data2\" content=\"1 minut\" \/>\n<script type=\"application\/ld+json\" class=\"yoast-schema-graph\">{\"@context\":\"https:\\\/\\\/schema.org\",\"@graph\":[{\"@type\":\"Article\",\"@id\":\"https:\\\/\\\/wp.kristdemokraterna.se\\\/nacka\\\/att-hjalpa-manniskor-till-arbete-ar-att-visa-respekt\\\/#article\",\"isPartOf\":{\"@id\":\"https:\\\/\\\/wp.kristdemokraterna.se\\\/nacka\\\/att-hjalpa-manniskor-till-arbete-ar-att-visa-respekt\\\/\"},\"author\":{\"name\":\"Henrik Lindberg\",\"@id\":\"https:\\\/\\\/wp.kristdemokraterna.se\\\/nacka\\\/#\\\/schema\\\/person\\\/b48b358cf9875c27c3acdf1c8d2fc8f1\"},\"headline\":\"Att hj\u00e4lpa m\u00e4nniskor till arbete \u00e4r att visa respekt\",\"datePublished\":\"2022-06-03T17:29:27+00:00\",\"dateModified\":\"2022-06-03T17:31:13+00:00\",\"mainEntityOfPage\":{\"@id\":\"https:\\\/\\\/wp.kristdemokraterna.se\\\/nacka\\\/att-hjalpa-manniskor-till-arbete-ar-att-visa-respekt\\\/\"},\"wordCount\":291,\"articleSection\":[\"Inl\u00e4gg\"],\"inLanguage\":\"sv-SE\"},{\"@type\":\"WebPage\",\"@id\":\"https:\\\/\\\/wp.kristdemokraterna.se\\\/nacka\\\/att-hjalpa-manniskor-till-arbete-ar-att-visa-respekt\\\/\",\"url\":\"https:\\\/\\\/wp.kristdemokraterna.se\\\/nacka\\\/att-hjalpa-manniskor-till-arbete-ar-att-visa-respekt\\\/\",\"name\":\"Att hj\u00e4lpa m\u00e4nniskor till arbete \u00e4r att visa respekt - Kristdemokraterna i Nacka\",\"isPartOf\":{\"@id\":\"https:\\\/\\\/wp.kristdemokraterna.se\\\/nacka\\\/#website\"},\"datePublished\":\"2022-06-03T17:29:27+00:00\",\"dateModified\":\"2022-06-03T17:31:13+00:00\",\"author\":{\"@id\":\"https:\\\/\\\/wp.kristdemokraterna.se\\\/nacka\\\/#\\\/schema\\\/person\\\/b48b358cf9875c27c3acdf1c8d2fc8f1\"},\"breadcrumb\":{\"@id\":\"https:\\\/\\\/wp.kristdemokraterna.se\\\/nacka\\\/att-hjalpa-manniskor-till-arbete-ar-att-visa-respekt\\\/#breadcrumb\"},\"inLanguage\":\"sv-SE\",\"potentialAction\":[{\"@type\":\"ReadAction\",\"target\":[\"https:\\\/\\\/wp.kristdemokraterna.se\\\/nacka\\\/att-hjalpa-manniskor-till-arbete-ar-att-visa-respekt\\\/\"]}]},{\"@type\":\"BreadcrumbList\",\"@id\":\"https:\\\/\\\/wp.kristdemokraterna.se\\\/nacka\\\/att-hjalpa-manniskor-till-arbete-ar-att-visa-respekt\\\/#breadcrumb\",\"itemListElement\":[{\"@type\":\"ListItem\",\"position\":1,\"name\":\"Hem\",\"item\":\"https:\\\/\\\/wp.kristdemokraterna.se\\\/nacka\\\/\"},{\"@type\":\"ListItem\",\"position\":2,\"name\":\"Att hj\u00e4lpa m\u00e4nniskor till arbete \u00e4r att visa respekt\"}]},{\"@type\":\"WebSite\",\"@id\":\"https:\\\/\\\/wp.kristdemokraterna.se\\\/nacka\\\/#website\",\"url\":\"https:\\\/\\\/wp.kristdemokraterna.se\\\/nacka\\\/\",\"name\":\"Kristdemokraterna i Nacka\",\"description\":\"Vi \u00e4r hj\u00e4rtat till h\u00f6ger\",\"inLanguage\":\"sv-SE\"},{\"@type\":\"Person\",\"@id\":\"https:\\\/\\\/wp.kristdemokraterna.se\\\/nacka\\\/#\\\/schema\\\/person\\\/b48b358cf9875c27c3acdf1c8d2fc8f1\",\"name\":\"Henrik Lindberg\",\"image\":{\"@type\":\"ImageObject\",\"inLanguage\":\"sv-SE\",\"@id\":\"https:\\\/\\\/secure.gravatar.com\\\/avatar\\\/497ef276c180208a266e066d54f9bc20528edb9b95adda3de62b2fe05abf6405?s=96&d=mm&r=g\",\"url\":\"https:\\\/\\\/secure.gravatar.com\\\/avatar\\\/497ef276c180208a266e066d54f9bc20528edb9b95adda3de62b2fe05abf6405?s=96&d=mm&r=g\",\"contentUrl\":\"https:\\\/\\\/secure.gravatar.com\\\/avatar\\\/497ef276c180208a266e066d54f9bc20528edb9b95adda3de62b2fe05abf6405?s=96&d=mm&r=g\",\"caption\":\"Henrik Lindberg\"},\"url\":\"https:\\\/\\\/wp.kristdemokraterna.se\\\/nacka\\\/author\\\/henriknacka\\\/\"}]}<\/script>\n<!-- \/ Yoast SEO plugin. -->","yoast_head_json":{"title":"Att hj\u00e4lpa m\u00e4nniskor till arbete \u00e4r att visa respekt - Kristdemokraterna i Nacka","robots":{"index":"index","follow":"follow","max-snippet":"max-snippet:-1","max-image-preview":"max-image-preview:large","max-video-preview":"max-video-preview:-1"},"canonical":"https:\/\/wp.kristdemokraterna.se\/nacka\/att-hjalpa-manniskor-till-arbete-ar-att-visa-respekt\/","og_locale":"sv_SE","og_type":"article","og_title":"Att hj\u00e4lpa m\u00e4nniskor till arbete \u00e4r att visa respekt - Kristdemokraterna i Nacka","og_description":"Jan-Eric Jansson innehade posten som vice ordf\u00f6rande i socialn\u00e4mnden f\u00f6r Kristdemokraterna under perioden 2006\u20132010. Han m\u00e4rkte att det fanns en tendens att bevilja ekonomiskt bist\u00e5nd (socialbidrag) \u00e4ven till m\u00e4nniskor som hade en viss arbetsf\u00f6rm\u00e5ga, lite slentrianm\u00e4ssigt blev det s\u00e5. Kristdemokraterna tyckte att det i praktiken var som att omyndigf\u00f6rklara m\u00e4nniskor. Kanske man kan s\u00e4ga att L\u00e4s mer","og_url":"https:\/\/wp.kristdemokraterna.se\/nacka\/att-hjalpa-manniskor-till-arbete-ar-att-visa-respekt\/","og_site_name":"Kristdemokraterna i Nacka","article_published_time":"2022-06-03T17:29:27+00:00","article_modified_time":"2022-06-03T17:31:13+00:00","og_image":[{"width":2560,"height":1709,"url":"https:\/\/wp.kristdemokraterna.se\/nacka\/files\/2022\/06\/roman-kraft-0evkn3-5jsu-unsplash-scaled.jpg","type":"image\/jpeg"}],"author":"Henrik Lindberg","twitter_card":"summary_large_image","twitter_misc":{"Skriven av":"Henrik Lindberg","Ber\u00e4knad l\u00e4stid":"1 minut"},"schema":{"@context":"https:\/\/schema.org","@graph":[{"@type":"Article","@id":"https:\/\/wp.kristdemokraterna.se\/nacka\/att-hjalpa-manniskor-till-arbete-ar-att-visa-respekt\/#article","isPartOf":{"@id":"https:\/\/wp.kristdemokraterna.se\/nacka\/att-hjalpa-manniskor-till-arbete-ar-att-visa-respekt\/"},"author":{"name":"Henrik Lindberg","@id":"https:\/\/wp.kristdemokraterna.se\/nacka\/#\/schema\/person\/b48b358cf9875c27c3acdf1c8d2fc8f1"},"headline":"Att hj\u00e4lpa m\u00e4nniskor till arbete \u00e4r att visa respekt","datePublished":"2022-06-03T17:29:27+00:00","dateModified":"2022-06-03T17:31:13+00:00","mainEntityOfPage":{"@id":"https:\/\/wp.kristdemokraterna.se\/nacka\/att-hjalpa-manniskor-till-arbete-ar-att-visa-respekt\/"},"wordCount":291,"articleSection":["Inl\u00e4gg"],"inLanguage":"sv-SE"},{"@type":"WebPage","@id":"https:\/\/wp.kristdemokraterna.se\/nacka\/att-hjalpa-manniskor-till-arbete-ar-att-visa-respekt\/","url":"https:\/\/wp.kristdemokraterna.se\/nacka\/att-hjalpa-manniskor-till-arbete-ar-att-visa-respekt\/","name":"Att hj\u00e4lpa m\u00e4nniskor till arbete \u00e4r att visa respekt - Kristdemokraterna i Nacka","isPartOf":{"@id":"https:\/\/wp.kristdemokraterna.se\/nacka\/#website"},"datePublished":"2022-06-03T17:29:27+00:00","dateModified":"2022-06-03T17:31:13+00:00","author":{"@id":"https:\/\/wp.kristdemokraterna.se\/nacka\/#\/schema\/person\/b48b358cf9875c27c3acdf1c8d2fc8f1"},"breadcrumb":{"@id":"https:\/\/wp.kristdemokraterna.se\/nacka\/att-hjalpa-manniskor-till-arbete-ar-att-visa-respekt\/#breadcrumb"},"inLanguage":"sv-SE","potentialAction":[{"@type":"ReadAction","target":["https:\/\/wp.kristdemokraterna.se\/nacka\/att-hjalpa-manniskor-till-arbete-ar-att-visa-respekt\/"]}]},{"@type":"BreadcrumbList","@id":"https:\/\/wp.kristdemokraterna.se\/nacka\/att-hjalpa-manniskor-till-arbete-ar-att-visa-respekt\/#breadcrumb","itemListElement":[{"@type":"ListItem","position":1,"name":"Hem","item":"https:\/\/wp.kristdemokraterna.se\/nacka\/"},{"@type":"ListItem","position":2,"name":"Att hj\u00e4lpa m\u00e4nniskor till arbete \u00e4r att visa respekt"}]},{"@type":"WebSite","@id":"https:\/\/wp.kristdemokraterna.se\/nacka\/#website","url":"https:\/\/wp.kristdemokraterna.se\/nacka\/","name":"Kristdemokraterna i Nacka","description":"Vi \u00e4r hj\u00e4rtat till h\u00f6ger","inLanguage":"sv-SE"},{"@type":"Person","@id":"https:\/\/wp.kristdemokraterna.se\/nacka\/#\/schema\/person\/b48b358cf9875c27c3acdf1c8d2fc8f1","name":"Henrik Lindberg","image":{"@type":"ImageObject","inLanguage":"sv-SE","@id":"https:\/\/secure.gravatar.com\/avatar\/497ef276c180208a266e066d54f9bc20528edb9b95adda3de62b2fe05abf6405?s=96&d=mm&r=g","url":"https:\/\/secure.gravatar.com\/avatar\/497ef276c180208a266e066d54f9bc20528edb9b95adda3de62b2fe05abf6405?s=96&d=mm&r=g","contentUrl":"https:\/\/secure.gravatar.com\/avatar\/497ef276c180208a266e066d54f9bc20528edb9b95adda3de62b2fe05abf6405?s=96&d=mm&r=g","caption":"Henrik Lindberg"},"url":"https:\/\/wp.kristdemokraterna.se\/nacka\/author\/henriknacka\/"}]}},"_links":{"self":[{"href":"https:\/\/wp.kristdemokraterna.se\/nacka\/wp-json\/wp\/v2\/posts\/760","targetHints":{"allow":["GET"]}}],"collection":[{"href":"https:\/\/wp.kristdemokraterna.se\/nacka\/wp-json\/wp\/v2\/posts"}],"about":[{"href":"https:\/\/wp.kristdemokraterna.se\/nacka\/wp-json\/wp\/v2\/types\/post"}],"author":[{"embeddable":true,"href":"https:\/\/wp.kristdemokraterna.se\/nacka\/wp-json\/wp\/v2\/users\/1020"}],"replies":[{"embeddable":true,"href":"https:\/\/wp.kristdemokraterna.se\/nacka\/wp-json\/wp\/v2\/comments?post=760"}],"version-history":[{"count":6,"href":"https:\/\/wp.kristdemokraterna.se\/nacka\/wp-json\/wp\/v2\/posts\/760\/revisions"}],"predecessor-version":[{"id":837,"href":"https:\/\/wp.kristdemokraterna.se\/nacka\/wp-json\/wp\/v2\/posts\/760\/revisions\/837"}],"wp:attachment":[{"href":"https:\/\/wp.kristdemokraterna.se\/nacka\/wp-json\/wp\/v2\/media?parent=760"}],"wp:term":[{"taxonomy":"category","embeddable":true,"href":"https:\/\/wp.kristdemokraterna.se\/nacka\/wp-json\/wp\/v2\/categories?post=760"},{"taxonomy":"post_tag","embeddable":true,"href":"https:\/\/wp.kristdemokraterna.se\/nacka\/wp-json\/wp\/v2\/tags?post=760"}],"curies":[{"name":"wp","href":"https:\/\/api.w.org\/{rel}","templated":true}]}}