{"id":764,"date":"2022-08-17T00:28:51","date_gmt":"2022-08-16T22:28:51","guid":{"rendered":"https:\/\/wp.kristdemokraterna.se\/nacka\/?p=764"},"modified":"2022-08-17T00:32:47","modified_gmt":"2022-08-16T22:32:47","slug":"snabba-cyklister-bor-fa-cykla-i-bilarnas-korfalt","status":"publish","type":"post","link":"https:\/\/wp.kristdemokraterna.se\/nacka\/snabba-cyklister-bor-fa-cykla-i-bilarnas-korfalt\/","title":{"rendered":"Snabba cyklister b\u00f6r f\u00e5 cykla i bilarnas k\u00f6rf\u00e4lt"},"content":{"rendered":"<p><strong>G\u00e5ng p\u00e5 g\u00e5ng klagar fotg\u00e4ngare p\u00e5 de farliga snabba cyklisterna.<\/strong> Och g\u00e5ng p\u00e5 g\u00e5ng h\u00e5ller folk p\u00e5 att bli \u00f6verk\u00f6rda n\u00e4r de springer till bussen, inte minst vid bussh\u00e5llplats J\u00e4rla station.<\/p>\n<p>Kristdemokraterna har d\u00e4rf\u00f6r g\u00e5ng p\u00e5 g\u00e5ng f\u00f6reslagit att de snabba cyklisterna ska ges r\u00e4tt att cykla i bilisternas k\u00f6rf\u00e4lt. Och att man d\u00e5 ska m\u00e5la i ett k\u00f6rf\u00e4lt f\u00f6r dessa cyklister, lite likt de k\u00f6rf\u00e4lt som finns p\u00e5 m\u00e5nga gator i Stockholms innerstad. Markeringen i gatan blir en information till bilisterna att de m\u00e5ste visa respekt f\u00f6r cyklisterna.<\/p>\n<p>I Nacka handlar det om V\u00e4rmd\u00f6v\u00e4gen fr\u00e5n Forum till Sickla, d\u00e4r fotg\u00e4ngare, snabba cyklister och l\u00e5ngsamma cyklister m\u00e5ste tr\u00e4ngas p\u00e5 samma tr\u00e5nga utrymme. Den str\u00e4ckan \u00e4r oerh\u00f6rt trafikerad vid h\u00f6gtrafik och det kommer dr\u00f6ja flera \u00e5r innan g\u00e5ng- och cykelbanorna f\u00e5r ordentlig bredd l\u00e4ngs den str\u00e4ckan.<\/p>\n<p>Argumentet mot v\u00e5rt f\u00f6rslag var f\u00f6rst att lagen f\u00f6rbjuder cyklister att cykla i bilarnas f\u00e4lt om det finns cykelbana. Den lagen \u00e4ndrades f\u00f6r n\u00e5gra \u00e5r sedan. Nu \u00e4r det till\u00e5tet, \u00e4nd\u00e5 vill man inte genomf\u00f6ra den f\u00f6rb\u00e4ttringen, trots att det inte l\u00e4ngre finns n\u00e5gra sk\u00e4l.<\/p>\n<p>Om man en vardagsmorgon st\u00e5r p\u00e5 J\u00e4rlaviadukten och tittar ner p\u00e5 V\u00e4rmd\u00f6v\u00e4gen, ser man att m\u00e5nga snabba cyklister redan k\u00f6r i bilarnas k\u00f6rf\u00e4lt. Och de k\u00f6r lika fort som bilarna. P\u00e5 det s\u00e4ttet tar de sj\u00e4lva ansvar, s\u00e5 att de inte ska k\u00f6ra p\u00e5 fotg\u00e4ngarna. <strong>Att m\u00e5la cykelbana i bilarnas k\u00f6rf\u00e4lt skulle d\u00e4rf\u00f6r vara en anpassning till det som redan g\u00e4ller<\/strong>. Men det skulle ge dessa cyklister, som g\u00f6r dagens motionspass, en lite s\u00e4krare resa.<\/p>\n<p>Vi har sv\u00e5rt att f\u00f6rst\u00e5 varf\u00f6r inte detta f\u00f6rslag vinner geh\u00f6r. Det skapar s\u00e4krare milj\u00f6 f\u00f6r b\u00e5de fotg\u00e4ngare och cyklister.<\/p>\n","protected":false},"excerpt":{"rendered":"<p>G\u00e5ng p\u00e5 g\u00e5ng klagar fotg\u00e4ngare p\u00e5 de farliga snabba cyklisterna. Och g\u00e5ng p\u00e5 g\u00e5ng h\u00e5ller folk p\u00e5 att bli \u00f6verk\u00f6rda n\u00e4r de springer till bussen, inte minst vid bussh\u00e5llplats J\u00e4rla station. Kristdemokraterna har d\u00e4rf\u00f6r g\u00e5ng p\u00e5 g\u00e5ng f\u00f6reslagit att de snabba cyklisterna ska ges r\u00e4tt att cykla i bilisternas k\u00f6rf\u00e4lt. Och att man d\u00e5 ska <a class=\"read-more-link\" href=\"https:\/\/wp.kristdemokraterna.se\/nacka\/snabba-cyklister-bor-fa-cykla-i-bilarnas-korfalt\/\">L\u00e4s mer<\/a><\/p>\n","protected":false},"author":1020,"featured_media":0,"comment_status":"closed","ping_status":"closed","sticky":false,"template":"","format":"standard","meta":{"_acf_changed":false,"footnotes":""},"categories":[11],"tags":[],"class_list":["post-764","post","type-post","status-publish","format-standard","hentry","category-inlagg"],"acf":[],"yoast_head":"<!-- This site is optimized with the Yoast SEO plugin v27.4 - https:\/\/yoast.com\/product\/yoast-seo-wordpress\/ -->\n<title>Snabba cyklister b\u00f6r f\u00e5 cykla i bilarnas k\u00f6rf\u00e4lt - Kristdemokraterna i Nacka<\/title>\n<meta name=\"robots\" content=\"index, follow, max-snippet:-1, max-image-preview:large, max-video-preview:-1\" \/>\n<link rel=\"canonical\" href=\"https:\/\/wp.kristdemokraterna.se\/nacka\/snabba-cyklister-bor-fa-cykla-i-bilarnas-korfalt\/\" \/>\n<meta property=\"og:locale\" content=\"sv_SE\" \/>\n<meta property=\"og:type\" content=\"article\" \/>\n<meta property=\"og:title\" content=\"Snabba cyklister b\u00f6r f\u00e5 cykla i bilarnas k\u00f6rf\u00e4lt - Kristdemokraterna i Nacka\" \/>\n<meta property=\"og:description\" content=\"G\u00e5ng p\u00e5 g\u00e5ng klagar fotg\u00e4ngare p\u00e5 de farliga snabba cyklisterna. Och g\u00e5ng p\u00e5 g\u00e5ng h\u00e5ller folk p\u00e5 att bli \u00f6verk\u00f6rda n\u00e4r de springer till bussen, inte minst vid bussh\u00e5llplats J\u00e4rla station. Kristdemokraterna har d\u00e4rf\u00f6r g\u00e5ng p\u00e5 g\u00e5ng f\u00f6reslagit att de snabba cyklisterna ska ges r\u00e4tt att cykla i bilisternas k\u00f6rf\u00e4lt. Och att man d\u00e5 ska L\u00e4s mer\" \/>\n<meta property=\"og:url\" content=\"https:\/\/wp.kristdemokraterna.se\/nacka\/snabba-cyklister-bor-fa-cykla-i-bilarnas-korfalt\/\" \/>\n<meta property=\"og:site_name\" content=\"Kristdemokraterna i Nacka\" \/>\n<meta property=\"article:published_time\" content=\"2022-08-16T22:28:51+00:00\" \/>\n<meta property=\"article:modified_time\" content=\"2022-08-16T22:32:47+00:00\" \/>\n<meta property=\"og:image\" content=\"https:\/\/wp.kristdemokraterna.se\/nacka\/files\/2022\/04\/kd-logga-i-farg-png-e1650297255894.png\" \/>\n\t<meta property=\"og:image:width\" content=\"373\" \/>\n\t<meta property=\"og:image:height\" content=\"373\" \/>\n\t<meta property=\"og:image:type\" content=\"image\/png\" \/>\n<meta name=\"author\" content=\"Henrik Lindberg\" \/>\n<meta name=\"twitter:card\" content=\"summary_large_image\" \/>\n<meta name=\"twitter:label1\" content=\"Skriven av\" \/>\n\t<meta name=\"twitter:data1\" content=\"Henrik Lindberg\" \/>\n\t<meta name=\"twitter:label2\" content=\"Ber\u00e4knad l\u00e4stid\" \/>\n\t<meta name=\"twitter:data2\" content=\"2 minuter\" \/>\n<script type=\"application\/ld+json\" class=\"yoast-schema-graph\">{\"@context\":\"https:\\\/\\\/schema.org\",\"@graph\":[{\"@type\":\"Article\",\"@id\":\"https:\\\/\\\/wp.kristdemokraterna.se\\\/nacka\\\/snabba-cyklister-bor-fa-cykla-i-bilarnas-korfalt\\\/#article\",\"isPartOf\":{\"@id\":\"https:\\\/\\\/wp.kristdemokraterna.se\\\/nacka\\\/snabba-cyklister-bor-fa-cykla-i-bilarnas-korfalt\\\/\"},\"author\":{\"name\":\"Henrik Lindberg\",\"@id\":\"https:\\\/\\\/wp.kristdemokraterna.se\\\/nacka\\\/#\\\/schema\\\/person\\\/b48b358cf9875c27c3acdf1c8d2fc8f1\"},\"headline\":\"Snabba cyklister b\u00f6r f\u00e5 cykla i bilarnas k\u00f6rf\u00e4lt\",\"datePublished\":\"2022-08-16T22:28:51+00:00\",\"dateModified\":\"2022-08-16T22:32:47+00:00\",\"mainEntityOfPage\":{\"@id\":\"https:\\\/\\\/wp.kristdemokraterna.se\\\/nacka\\\/snabba-cyklister-bor-fa-cykla-i-bilarnas-korfalt\\\/\"},\"wordCount\":376,\"articleSection\":[\"Inl\u00e4gg\"],\"inLanguage\":\"sv-SE\"},{\"@type\":\"WebPage\",\"@id\":\"https:\\\/\\\/wp.kristdemokraterna.se\\\/nacka\\\/snabba-cyklister-bor-fa-cykla-i-bilarnas-korfalt\\\/\",\"url\":\"https:\\\/\\\/wp.kristdemokraterna.se\\\/nacka\\\/snabba-cyklister-bor-fa-cykla-i-bilarnas-korfalt\\\/\",\"name\":\"Snabba cyklister b\u00f6r f\u00e5 cykla i bilarnas k\u00f6rf\u00e4lt - Kristdemokraterna i Nacka\",\"isPartOf\":{\"@id\":\"https:\\\/\\\/wp.kristdemokraterna.se\\\/nacka\\\/#website\"},\"datePublished\":\"2022-08-16T22:28:51+00:00\",\"dateModified\":\"2022-08-16T22:32:47+00:00\",\"author\":{\"@id\":\"https:\\\/\\\/wp.kristdemokraterna.se\\\/nacka\\\/#\\\/schema\\\/person\\\/b48b358cf9875c27c3acdf1c8d2fc8f1\"},\"breadcrumb\":{\"@id\":\"https:\\\/\\\/wp.kristdemokraterna.se\\\/nacka\\\/snabba-cyklister-bor-fa-cykla-i-bilarnas-korfalt\\\/#breadcrumb\"},\"inLanguage\":\"sv-SE\",\"potentialAction\":[{\"@type\":\"ReadAction\",\"target\":[\"https:\\\/\\\/wp.kristdemokraterna.se\\\/nacka\\\/snabba-cyklister-bor-fa-cykla-i-bilarnas-korfalt\\\/\"]}]},{\"@type\":\"BreadcrumbList\",\"@id\":\"https:\\\/\\\/wp.kristdemokraterna.se\\\/nacka\\\/snabba-cyklister-bor-fa-cykla-i-bilarnas-korfalt\\\/#breadcrumb\",\"itemListElement\":[{\"@type\":\"ListItem\",\"position\":1,\"name\":\"Hem\",\"item\":\"https:\\\/\\\/wp.kristdemokraterna.se\\\/nacka\\\/\"},{\"@type\":\"ListItem\",\"position\":2,\"name\":\"Snabba cyklister b\u00f6r f\u00e5 cykla i bilarnas k\u00f6rf\u00e4lt\"}]},{\"@type\":\"WebSite\",\"@id\":\"https:\\\/\\\/wp.kristdemokraterna.se\\\/nacka\\\/#website\",\"url\":\"https:\\\/\\\/wp.kristdemokraterna.se\\\/nacka\\\/\",\"name\":\"Kristdemokraterna i Nacka\",\"description\":\"Vi \u00e4r hj\u00e4rtat till h\u00f6ger\",\"inLanguage\":\"sv-SE\"},{\"@type\":\"Person\",\"@id\":\"https:\\\/\\\/wp.kristdemokraterna.se\\\/nacka\\\/#\\\/schema\\\/person\\\/b48b358cf9875c27c3acdf1c8d2fc8f1\",\"name\":\"Henrik Lindberg\",\"image\":{\"@type\":\"ImageObject\",\"inLanguage\":\"sv-SE\",\"@id\":\"https:\\\/\\\/secure.gravatar.com\\\/avatar\\\/497ef276c180208a266e066d54f9bc20528edb9b95adda3de62b2fe05abf6405?s=96&d=mm&r=g\",\"url\":\"https:\\\/\\\/secure.gravatar.com\\\/avatar\\\/497ef276c180208a266e066d54f9bc20528edb9b95adda3de62b2fe05abf6405?s=96&d=mm&r=g\",\"contentUrl\":\"https:\\\/\\\/secure.gravatar.com\\\/avatar\\\/497ef276c180208a266e066d54f9bc20528edb9b95adda3de62b2fe05abf6405?s=96&d=mm&r=g\",\"caption\":\"Henrik Lindberg\"},\"url\":\"https:\\\/\\\/wp.kristdemokraterna.se\\\/nacka\\\/author\\\/henriknacka\\\/\"}]}<\/script>\n<!-- \/ Yoast SEO plugin. -->","yoast_head_json":{"title":"Snabba cyklister b\u00f6r f\u00e5 cykla i bilarnas k\u00f6rf\u00e4lt - Kristdemokraterna i Nacka","robots":{"index":"index","follow":"follow","max-snippet":"max-snippet:-1","max-image-preview":"max-image-preview:large","max-video-preview":"max-video-preview:-1"},"canonical":"https:\/\/wp.kristdemokraterna.se\/nacka\/snabba-cyklister-bor-fa-cykla-i-bilarnas-korfalt\/","og_locale":"sv_SE","og_type":"article","og_title":"Snabba cyklister b\u00f6r f\u00e5 cykla i bilarnas k\u00f6rf\u00e4lt - Kristdemokraterna i Nacka","og_description":"G\u00e5ng p\u00e5 g\u00e5ng klagar fotg\u00e4ngare p\u00e5 de farliga snabba cyklisterna. Och g\u00e5ng p\u00e5 g\u00e5ng h\u00e5ller folk p\u00e5 att bli \u00f6verk\u00f6rda n\u00e4r de springer till bussen, inte minst vid bussh\u00e5llplats J\u00e4rla station. Kristdemokraterna har d\u00e4rf\u00f6r g\u00e5ng p\u00e5 g\u00e5ng f\u00f6reslagit att de snabba cyklisterna ska ges r\u00e4tt att cykla i bilisternas k\u00f6rf\u00e4lt. Och att man d\u00e5 ska L\u00e4s mer","og_url":"https:\/\/wp.kristdemokraterna.se\/nacka\/snabba-cyklister-bor-fa-cykla-i-bilarnas-korfalt\/","og_site_name":"Kristdemokraterna i Nacka","article_published_time":"2022-08-16T22:28:51+00:00","article_modified_time":"2022-08-16T22:32:47+00:00","og_image":[{"width":373,"height":373,"url":"https:\/\/wp.kristdemokraterna.se\/nacka\/files\/2022\/04\/kd-logga-i-farg-png-e1650297255894.png","type":"image\/png"}],"author":"Henrik Lindberg","twitter_card":"summary_large_image","twitter_misc":{"Skriven av":"Henrik Lindberg","Ber\u00e4knad l\u00e4stid":"2 minuter"},"schema":{"@context":"https:\/\/schema.org","@graph":[{"@type":"Article","@id":"https:\/\/wp.kristdemokraterna.se\/nacka\/snabba-cyklister-bor-fa-cykla-i-bilarnas-korfalt\/#article","isPartOf":{"@id":"https:\/\/wp.kristdemokraterna.se\/nacka\/snabba-cyklister-bor-fa-cykla-i-bilarnas-korfalt\/"},"author":{"name":"Henrik Lindberg","@id":"https:\/\/wp.kristdemokraterna.se\/nacka\/#\/schema\/person\/b48b358cf9875c27c3acdf1c8d2fc8f1"},"headline":"Snabba cyklister b\u00f6r f\u00e5 cykla i bilarnas k\u00f6rf\u00e4lt","datePublished":"2022-08-16T22:28:51+00:00","dateModified":"2022-08-16T22:32:47+00:00","mainEntityOfPage":{"@id":"https:\/\/wp.kristdemokraterna.se\/nacka\/snabba-cyklister-bor-fa-cykla-i-bilarnas-korfalt\/"},"wordCount":376,"articleSection":["Inl\u00e4gg"],"inLanguage":"sv-SE"},{"@type":"WebPage","@id":"https:\/\/wp.kristdemokraterna.se\/nacka\/snabba-cyklister-bor-fa-cykla-i-bilarnas-korfalt\/","url":"https:\/\/wp.kristdemokraterna.se\/nacka\/snabba-cyklister-bor-fa-cykla-i-bilarnas-korfalt\/","name":"Snabba cyklister b\u00f6r f\u00e5 cykla i bilarnas k\u00f6rf\u00e4lt - Kristdemokraterna i Nacka","isPartOf":{"@id":"https:\/\/wp.kristdemokraterna.se\/nacka\/#website"},"datePublished":"2022-08-16T22:28:51+00:00","dateModified":"2022-08-16T22:32:47+00:00","author":{"@id":"https:\/\/wp.kristdemokraterna.se\/nacka\/#\/schema\/person\/b48b358cf9875c27c3acdf1c8d2fc8f1"},"breadcrumb":{"@id":"https:\/\/wp.kristdemokraterna.se\/nacka\/snabba-cyklister-bor-fa-cykla-i-bilarnas-korfalt\/#breadcrumb"},"inLanguage":"sv-SE","potentialAction":[{"@type":"ReadAction","target":["https:\/\/wp.kristdemokraterna.se\/nacka\/snabba-cyklister-bor-fa-cykla-i-bilarnas-korfalt\/"]}]},{"@type":"BreadcrumbList","@id":"https:\/\/wp.kristdemokraterna.se\/nacka\/snabba-cyklister-bor-fa-cykla-i-bilarnas-korfalt\/#breadcrumb","itemListElement":[{"@type":"ListItem","position":1,"name":"Hem","item":"https:\/\/wp.kristdemokraterna.se\/nacka\/"},{"@type":"ListItem","position":2,"name":"Snabba cyklister b\u00f6r f\u00e5 cykla i bilarnas k\u00f6rf\u00e4lt"}]},{"@type":"WebSite","@id":"https:\/\/wp.kristdemokraterna.se\/nacka\/#website","url":"https:\/\/wp.kristdemokraterna.se\/nacka\/","name":"Kristdemokraterna i Nacka","description":"Vi \u00e4r hj\u00e4rtat till h\u00f6ger","inLanguage":"sv-SE"},{"@type":"Person","@id":"https:\/\/wp.kristdemokraterna.se\/nacka\/#\/schema\/person\/b48b358cf9875c27c3acdf1c8d2fc8f1","name":"Henrik Lindberg","image":{"@type":"ImageObject","inLanguage":"sv-SE","@id":"https:\/\/secure.gravatar.com\/avatar\/497ef276c180208a266e066d54f9bc20528edb9b95adda3de62b2fe05abf6405?s=96&d=mm&r=g","url":"https:\/\/secure.gravatar.com\/avatar\/497ef276c180208a266e066d54f9bc20528edb9b95adda3de62b2fe05abf6405?s=96&d=mm&r=g","contentUrl":"https:\/\/secure.gravatar.com\/avatar\/497ef276c180208a266e066d54f9bc20528edb9b95adda3de62b2fe05abf6405?s=96&d=mm&r=g","caption":"Henrik Lindberg"},"url":"https:\/\/wp.kristdemokraterna.se\/nacka\/author\/henriknacka\/"}]}},"_links":{"self":[{"href":"https:\/\/wp.kristdemokraterna.se\/nacka\/wp-json\/wp\/v2\/posts\/764","targetHints":{"allow":["GET"]}}],"collection":[{"href":"https:\/\/wp.kristdemokraterna.se\/nacka\/wp-json\/wp\/v2\/posts"}],"about":[{"href":"https:\/\/wp.kristdemokraterna.se\/nacka\/wp-json\/wp\/v2\/types\/post"}],"author":[{"embeddable":true,"href":"https:\/\/wp.kristdemokraterna.se\/nacka\/wp-json\/wp\/v2\/users\/1020"}],"replies":[{"embeddable":true,"href":"https:\/\/wp.kristdemokraterna.se\/nacka\/wp-json\/wp\/v2\/comments?post=764"}],"version-history":[{"count":3,"href":"https:\/\/wp.kristdemokraterna.se\/nacka\/wp-json\/wp\/v2\/posts\/764\/revisions"}],"predecessor-version":[{"id":918,"href":"https:\/\/wp.kristdemokraterna.se\/nacka\/wp-json\/wp\/v2\/posts\/764\/revisions\/918"}],"wp:attachment":[{"href":"https:\/\/wp.kristdemokraterna.se\/nacka\/wp-json\/wp\/v2\/media?parent=764"}],"wp:term":[{"taxonomy":"category","embeddable":true,"href":"https:\/\/wp.kristdemokraterna.se\/nacka\/wp-json\/wp\/v2\/categories?post=764"},{"taxonomy":"post_tag","embeddable":true,"href":"https:\/\/wp.kristdemokraterna.se\/nacka\/wp-json\/wp\/v2\/tags?post=764"}],"curies":[{"name":"wp","href":"https:\/\/api.w.org\/{rel}","templated":true}]}}