{"id":767,"date":"2022-06-08T09:33:00","date_gmt":"2022-06-08T07:33:00","guid":{"rendered":"https:\/\/wp.kristdemokraterna.se\/nacka\/?p=767"},"modified":"2022-06-08T09:36:43","modified_gmt":"2022-06-08T07:36:43","slug":"de-gamla-industrimiljoerna-ar-en-del-av-nackas-sjal","status":"publish","type":"post","link":"https:\/\/wp.kristdemokraterna.se\/nacka\/de-gamla-industrimiljoerna-ar-en-del-av-nackas-sjal\/","title":{"rendered":"De gamla industrimilj\u00f6erna \u00e4r en del av Nackas sj\u00e4l"},"content":{"rendered":"<p>En av de politiska fr\u00e5gor som Kristdemokraterna under flera \u00e5r k\u00e4mpade f\u00f6r var att hindra rivningen av \u201dPumpprovningen\u201d, det vackra gamla huset i J\u00e4rla sj\u00f6.<\/p>\n<p>N\u00e4r domen fr\u00e5n Mark- och milj\u00f6\u00f6verdomstolen till slut kom, efter flera \u00e5r och flera \u00f6verklaganden, fick vi r\u00e4tt. Pumpprovningen r\u00e4ddades. Men det var inte l\u00e4tt att f\u00f6rst\u00e5 vad domslutet egentligen handlar om. I domen motiveras beslutet att stoppa rivningen med att det saknas 15 parkeringsplatser till de bost\u00e4der som byggf\u00f6retaget ville bygga n\u00e4r Pumpprovningen rivits. Det var f\u00f6rvirrande, f\u00f6r det \u00e4r inte parkeringsplatser det handlar om.<\/p>\n<p>Parkeringsplatserna var det medel som anv\u00e4ndes f\u00f6r att stoppa f\u00f6rst\u00f6relsen av den fina gamla industribyggnaden, som bidrar till att g\u00f6ra J\u00e4rla sj\u00f6 s\u00e5 attraktivt.<\/p>\n<p>N\u00e4r det gamla industriomr\u00e5det i J\u00e4rla sj\u00f6 detaljplanerades p\u00e5 1990-talet, s\u00e5 var det sv\u00e5rt att f\u00f6rutse vilka starka ekonomiska drivkrafter som dagens bostadsbrist skulle skapa. Skyddet av industribyggnaderna blev d\u00e4rf\u00f6r i flera avseenden f\u00f6r svagt.<\/p>\n<p>Det ville byggbolaget utnyttja, de tyckte att de ekonomiska vinsterna var viktigare \u00e4n kulturmilj\u00f6n. Byggbolaget ville utnyttja sina byggr\u00e4tter till max, \u00e4ven om det skulle g\u00e5 ut \u00f6ver omr\u00e5dets \u201dsj\u00e4l\u201d.<\/p>\n<p><strong>Det var Nackas sj\u00e4l det handlade om n\u00e4r vi ifr\u00e5gasatte rivningen av Pumpprovningen<\/strong>. V\u00e5r ledamot stod f\u00f6rst helt ensam i milj\u00f6- och stadsbyggnadsn\u00e4mnden och blev starkt ifr\u00e5gasatt. Efter Mark- och milj\u00f6\u00f6verdomstolens beslut fick han r\u00e4tt. Fr\u00e5gan om att \u201dbevara Nackas sj\u00e4l\u201d fick r\u00e4tt i h\u00f6gsta instans.<\/p>\n<p><strong>Det \u00e4r ett exempel p\u00e5 vad vi Kristdemokrater menar med att bevara Nackas sj\u00e4l n\u00e4r det byggs stad p\u00e5 v\u00e4stra Sickla\u00f6n<\/strong>. Nacka har en l\u00e5ng historia som sitter i byggnader och natur, och som skapar kulturell identitet. Den identiteten vill vi vara r\u00e4dda om.<\/p>\n","protected":false},"excerpt":{"rendered":"<p>En av de politiska fr\u00e5gor som Kristdemokraterna under flera \u00e5r k\u00e4mpade f\u00f6r var att hindra rivningen av \u201dPumpprovningen\u201d, det vackra gamla huset i J\u00e4rla sj\u00f6. N\u00e4r domen fr\u00e5n Mark- och milj\u00f6\u00f6verdomstolen till slut kom, efter flera \u00e5r och flera \u00f6verklaganden, fick vi r\u00e4tt. Pumpprovningen r\u00e4ddades. Men det var inte l\u00e4tt att f\u00f6rst\u00e5 vad domslutet egentligen <a class=\"read-more-link\" href=\"https:\/\/wp.kristdemokraterna.se\/nacka\/de-gamla-industrimiljoerna-ar-en-del-av-nackas-sjal\/\">L\u00e4s mer<\/a><\/p>\n","protected":false},"author":1020,"featured_media":0,"comment_status":"closed","ping_status":"closed","sticky":false,"template":"","format":"standard","meta":{"_acf_changed":false,"footnotes":""},"categories":[11],"tags":[],"class_list":["post-767","post","type-post","status-publish","format-standard","hentry","category-inlagg"],"acf":[],"yoast_head":"<!-- This site is optimized with the Yoast SEO plugin v27.4 - https:\/\/yoast.com\/product\/yoast-seo-wordpress\/ -->\n<title>De gamla industrimilj\u00f6erna \u00e4r en del av Nackas sj\u00e4l - Kristdemokraterna i Nacka<\/title>\n<meta name=\"robots\" content=\"index, follow, max-snippet:-1, max-image-preview:large, max-video-preview:-1\" \/>\n<link rel=\"canonical\" href=\"https:\/\/wp.kristdemokraterna.se\/nacka\/de-gamla-industrimiljoerna-ar-en-del-av-nackas-sjal\/\" \/>\n<meta property=\"og:locale\" content=\"sv_SE\" \/>\n<meta property=\"og:type\" content=\"article\" \/>\n<meta property=\"og:title\" content=\"De gamla industrimilj\u00f6erna \u00e4r en del av Nackas sj\u00e4l - Kristdemokraterna i Nacka\" \/>\n<meta property=\"og:description\" content=\"En av de politiska fr\u00e5gor som Kristdemokraterna under flera \u00e5r k\u00e4mpade f\u00f6r var att hindra rivningen av \u201dPumpprovningen\u201d, det vackra gamla huset i J\u00e4rla sj\u00f6. N\u00e4r domen fr\u00e5n Mark- och milj\u00f6\u00f6verdomstolen till slut kom, efter flera \u00e5r och flera \u00f6verklaganden, fick vi r\u00e4tt. Pumpprovningen r\u00e4ddades. Men det var inte l\u00e4tt att f\u00f6rst\u00e5 vad domslutet egentligen L\u00e4s mer\" \/>\n<meta property=\"og:url\" content=\"https:\/\/wp.kristdemokraterna.se\/nacka\/de-gamla-industrimiljoerna-ar-en-del-av-nackas-sjal\/\" \/>\n<meta property=\"og:site_name\" content=\"Kristdemokraterna i Nacka\" \/>\n<meta property=\"article:published_time\" content=\"2022-06-08T07:33:00+00:00\" \/>\n<meta property=\"article:modified_time\" content=\"2022-06-08T07:36:43+00:00\" \/>\n<meta property=\"og:image\" content=\"https:\/\/wp.kristdemokraterna.se\/nacka\/files\/2022\/05\/pump.jpg\" \/>\n\t<meta property=\"og:image:width\" content=\"751\" \/>\n\t<meta property=\"og:image:height\" content=\"455\" \/>\n\t<meta property=\"og:image:type\" content=\"image\/jpeg\" \/>\n<meta name=\"author\" content=\"Henrik Lindberg\" \/>\n<meta name=\"twitter:card\" content=\"summary_large_image\" \/>\n<meta name=\"twitter:label1\" content=\"Skriven av\" \/>\n\t<meta name=\"twitter:data1\" content=\"Henrik Lindberg\" \/>\n\t<meta name=\"twitter:label2\" content=\"Ber\u00e4knad l\u00e4stid\" \/>\n\t<meta name=\"twitter:data2\" content=\"2 minuter\" \/>\n<script type=\"application\/ld+json\" class=\"yoast-schema-graph\">{\"@context\":\"https:\\\/\\\/schema.org\",\"@graph\":[{\"@type\":\"Article\",\"@id\":\"https:\\\/\\\/wp.kristdemokraterna.se\\\/nacka\\\/de-gamla-industrimiljoerna-ar-en-del-av-nackas-sjal\\\/#article\",\"isPartOf\":{\"@id\":\"https:\\\/\\\/wp.kristdemokraterna.se\\\/nacka\\\/de-gamla-industrimiljoerna-ar-en-del-av-nackas-sjal\\\/\"},\"author\":{\"name\":\"Henrik Lindberg\",\"@id\":\"https:\\\/\\\/wp.kristdemokraterna.se\\\/nacka\\\/#\\\/schema\\\/person\\\/b48b358cf9875c27c3acdf1c8d2fc8f1\"},\"headline\":\"De gamla industrimilj\u00f6erna \u00e4r en del av Nackas sj\u00e4l\",\"datePublished\":\"2022-06-08T07:33:00+00:00\",\"dateModified\":\"2022-06-08T07:36:43+00:00\",\"mainEntityOfPage\":{\"@id\":\"https:\\\/\\\/wp.kristdemokraterna.se\\\/nacka\\\/de-gamla-industrimiljoerna-ar-en-del-av-nackas-sjal\\\/\"},\"wordCount\":334,\"articleSection\":[\"Inl\u00e4gg\"],\"inLanguage\":\"sv-SE\"},{\"@type\":\"WebPage\",\"@id\":\"https:\\\/\\\/wp.kristdemokraterna.se\\\/nacka\\\/de-gamla-industrimiljoerna-ar-en-del-av-nackas-sjal\\\/\",\"url\":\"https:\\\/\\\/wp.kristdemokraterna.se\\\/nacka\\\/de-gamla-industrimiljoerna-ar-en-del-av-nackas-sjal\\\/\",\"name\":\"De gamla industrimilj\u00f6erna \u00e4r en del av Nackas sj\u00e4l - Kristdemokraterna i Nacka\",\"isPartOf\":{\"@id\":\"https:\\\/\\\/wp.kristdemokraterna.se\\\/nacka\\\/#website\"},\"datePublished\":\"2022-06-08T07:33:00+00:00\",\"dateModified\":\"2022-06-08T07:36:43+00:00\",\"author\":{\"@id\":\"https:\\\/\\\/wp.kristdemokraterna.se\\\/nacka\\\/#\\\/schema\\\/person\\\/b48b358cf9875c27c3acdf1c8d2fc8f1\"},\"breadcrumb\":{\"@id\":\"https:\\\/\\\/wp.kristdemokraterna.se\\\/nacka\\\/de-gamla-industrimiljoerna-ar-en-del-av-nackas-sjal\\\/#breadcrumb\"},\"inLanguage\":\"sv-SE\",\"potentialAction\":[{\"@type\":\"ReadAction\",\"target\":[\"https:\\\/\\\/wp.kristdemokraterna.se\\\/nacka\\\/de-gamla-industrimiljoerna-ar-en-del-av-nackas-sjal\\\/\"]}]},{\"@type\":\"BreadcrumbList\",\"@id\":\"https:\\\/\\\/wp.kristdemokraterna.se\\\/nacka\\\/de-gamla-industrimiljoerna-ar-en-del-av-nackas-sjal\\\/#breadcrumb\",\"itemListElement\":[{\"@type\":\"ListItem\",\"position\":1,\"name\":\"Hem\",\"item\":\"https:\\\/\\\/wp.kristdemokraterna.se\\\/nacka\\\/\"},{\"@type\":\"ListItem\",\"position\":2,\"name\":\"De gamla industrimilj\u00f6erna \u00e4r en del av Nackas sj\u00e4l\"}]},{\"@type\":\"WebSite\",\"@id\":\"https:\\\/\\\/wp.kristdemokraterna.se\\\/nacka\\\/#website\",\"url\":\"https:\\\/\\\/wp.kristdemokraterna.se\\\/nacka\\\/\",\"name\":\"Kristdemokraterna i Nacka\",\"description\":\"Vi \u00e4r hj\u00e4rtat till h\u00f6ger\",\"inLanguage\":\"sv-SE\"},{\"@type\":\"Person\",\"@id\":\"https:\\\/\\\/wp.kristdemokraterna.se\\\/nacka\\\/#\\\/schema\\\/person\\\/b48b358cf9875c27c3acdf1c8d2fc8f1\",\"name\":\"Henrik Lindberg\",\"image\":{\"@type\":\"ImageObject\",\"inLanguage\":\"sv-SE\",\"@id\":\"https:\\\/\\\/secure.gravatar.com\\\/avatar\\\/497ef276c180208a266e066d54f9bc20528edb9b95adda3de62b2fe05abf6405?s=96&d=mm&r=g\",\"url\":\"https:\\\/\\\/secure.gravatar.com\\\/avatar\\\/497ef276c180208a266e066d54f9bc20528edb9b95adda3de62b2fe05abf6405?s=96&d=mm&r=g\",\"contentUrl\":\"https:\\\/\\\/secure.gravatar.com\\\/avatar\\\/497ef276c180208a266e066d54f9bc20528edb9b95adda3de62b2fe05abf6405?s=96&d=mm&r=g\",\"caption\":\"Henrik Lindberg\"},\"url\":\"https:\\\/\\\/wp.kristdemokraterna.se\\\/nacka\\\/author\\\/henriknacka\\\/\"}]}<\/script>\n<!-- \/ Yoast SEO plugin. -->","yoast_head_json":{"title":"De gamla industrimilj\u00f6erna \u00e4r en del av Nackas sj\u00e4l - Kristdemokraterna i Nacka","robots":{"index":"index","follow":"follow","max-snippet":"max-snippet:-1","max-image-preview":"max-image-preview:large","max-video-preview":"max-video-preview:-1"},"canonical":"https:\/\/wp.kristdemokraterna.se\/nacka\/de-gamla-industrimiljoerna-ar-en-del-av-nackas-sjal\/","og_locale":"sv_SE","og_type":"article","og_title":"De gamla industrimilj\u00f6erna \u00e4r en del av Nackas sj\u00e4l - Kristdemokraterna i Nacka","og_description":"En av de politiska fr\u00e5gor som Kristdemokraterna under flera \u00e5r k\u00e4mpade f\u00f6r var att hindra rivningen av \u201dPumpprovningen\u201d, det vackra gamla huset i J\u00e4rla sj\u00f6. N\u00e4r domen fr\u00e5n Mark- och milj\u00f6\u00f6verdomstolen till slut kom, efter flera \u00e5r och flera \u00f6verklaganden, fick vi r\u00e4tt. Pumpprovningen r\u00e4ddades. Men det var inte l\u00e4tt att f\u00f6rst\u00e5 vad domslutet egentligen L\u00e4s mer","og_url":"https:\/\/wp.kristdemokraterna.se\/nacka\/de-gamla-industrimiljoerna-ar-en-del-av-nackas-sjal\/","og_site_name":"Kristdemokraterna i Nacka","article_published_time":"2022-06-08T07:33:00+00:00","article_modified_time":"2022-06-08T07:36:43+00:00","og_image":[{"width":751,"height":455,"url":"https:\/\/wp.kristdemokraterna.se\/nacka\/files\/2022\/05\/pump.jpg","type":"image\/jpeg"}],"author":"Henrik Lindberg","twitter_card":"summary_large_image","twitter_misc":{"Skriven av":"Henrik Lindberg","Ber\u00e4knad l\u00e4stid":"2 minuter"},"schema":{"@context":"https:\/\/schema.org","@graph":[{"@type":"Article","@id":"https:\/\/wp.kristdemokraterna.se\/nacka\/de-gamla-industrimiljoerna-ar-en-del-av-nackas-sjal\/#article","isPartOf":{"@id":"https:\/\/wp.kristdemokraterna.se\/nacka\/de-gamla-industrimiljoerna-ar-en-del-av-nackas-sjal\/"},"author":{"name":"Henrik Lindberg","@id":"https:\/\/wp.kristdemokraterna.se\/nacka\/#\/schema\/person\/b48b358cf9875c27c3acdf1c8d2fc8f1"},"headline":"De gamla industrimilj\u00f6erna \u00e4r en del av Nackas sj\u00e4l","datePublished":"2022-06-08T07:33:00+00:00","dateModified":"2022-06-08T07:36:43+00:00","mainEntityOfPage":{"@id":"https:\/\/wp.kristdemokraterna.se\/nacka\/de-gamla-industrimiljoerna-ar-en-del-av-nackas-sjal\/"},"wordCount":334,"articleSection":["Inl\u00e4gg"],"inLanguage":"sv-SE"},{"@type":"WebPage","@id":"https:\/\/wp.kristdemokraterna.se\/nacka\/de-gamla-industrimiljoerna-ar-en-del-av-nackas-sjal\/","url":"https:\/\/wp.kristdemokraterna.se\/nacka\/de-gamla-industrimiljoerna-ar-en-del-av-nackas-sjal\/","name":"De gamla industrimilj\u00f6erna \u00e4r en del av Nackas sj\u00e4l - Kristdemokraterna i Nacka","isPartOf":{"@id":"https:\/\/wp.kristdemokraterna.se\/nacka\/#website"},"datePublished":"2022-06-08T07:33:00+00:00","dateModified":"2022-06-08T07:36:43+00:00","author":{"@id":"https:\/\/wp.kristdemokraterna.se\/nacka\/#\/schema\/person\/b48b358cf9875c27c3acdf1c8d2fc8f1"},"breadcrumb":{"@id":"https:\/\/wp.kristdemokraterna.se\/nacka\/de-gamla-industrimiljoerna-ar-en-del-av-nackas-sjal\/#breadcrumb"},"inLanguage":"sv-SE","potentialAction":[{"@type":"ReadAction","target":["https:\/\/wp.kristdemokraterna.se\/nacka\/de-gamla-industrimiljoerna-ar-en-del-av-nackas-sjal\/"]}]},{"@type":"BreadcrumbList","@id":"https:\/\/wp.kristdemokraterna.se\/nacka\/de-gamla-industrimiljoerna-ar-en-del-av-nackas-sjal\/#breadcrumb","itemListElement":[{"@type":"ListItem","position":1,"name":"Hem","item":"https:\/\/wp.kristdemokraterna.se\/nacka\/"},{"@type":"ListItem","position":2,"name":"De gamla industrimilj\u00f6erna \u00e4r en del av Nackas sj\u00e4l"}]},{"@type":"WebSite","@id":"https:\/\/wp.kristdemokraterna.se\/nacka\/#website","url":"https:\/\/wp.kristdemokraterna.se\/nacka\/","name":"Kristdemokraterna i Nacka","description":"Vi \u00e4r hj\u00e4rtat till h\u00f6ger","inLanguage":"sv-SE"},{"@type":"Person","@id":"https:\/\/wp.kristdemokraterna.se\/nacka\/#\/schema\/person\/b48b358cf9875c27c3acdf1c8d2fc8f1","name":"Henrik Lindberg","image":{"@type":"ImageObject","inLanguage":"sv-SE","@id":"https:\/\/secure.gravatar.com\/avatar\/497ef276c180208a266e066d54f9bc20528edb9b95adda3de62b2fe05abf6405?s=96&d=mm&r=g","url":"https:\/\/secure.gravatar.com\/avatar\/497ef276c180208a266e066d54f9bc20528edb9b95adda3de62b2fe05abf6405?s=96&d=mm&r=g","contentUrl":"https:\/\/secure.gravatar.com\/avatar\/497ef276c180208a266e066d54f9bc20528edb9b95adda3de62b2fe05abf6405?s=96&d=mm&r=g","caption":"Henrik Lindberg"},"url":"https:\/\/wp.kristdemokraterna.se\/nacka\/author\/henriknacka\/"}]}},"_links":{"self":[{"href":"https:\/\/wp.kristdemokraterna.se\/nacka\/wp-json\/wp\/v2\/posts\/767","targetHints":{"allow":["GET"]}}],"collection":[{"href":"https:\/\/wp.kristdemokraterna.se\/nacka\/wp-json\/wp\/v2\/posts"}],"about":[{"href":"https:\/\/wp.kristdemokraterna.se\/nacka\/wp-json\/wp\/v2\/types\/post"}],"author":[{"embeddable":true,"href":"https:\/\/wp.kristdemokraterna.se\/nacka\/wp-json\/wp\/v2\/users\/1020"}],"replies":[{"embeddable":true,"href":"https:\/\/wp.kristdemokraterna.se\/nacka\/wp-json\/wp\/v2\/comments?post=767"}],"version-history":[{"count":3,"href":"https:\/\/wp.kristdemokraterna.se\/nacka\/wp-json\/wp\/v2\/posts\/767\/revisions"}],"predecessor-version":[{"id":840,"href":"https:\/\/wp.kristdemokraterna.se\/nacka\/wp-json\/wp\/v2\/posts\/767\/revisions\/840"}],"wp:attachment":[{"href":"https:\/\/wp.kristdemokraterna.se\/nacka\/wp-json\/wp\/v2\/media?parent=767"}],"wp:term":[{"taxonomy":"category","embeddable":true,"href":"https:\/\/wp.kristdemokraterna.se\/nacka\/wp-json\/wp\/v2\/categories?post=767"},{"taxonomy":"post_tag","embeddable":true,"href":"https:\/\/wp.kristdemokraterna.se\/nacka\/wp-json\/wp\/v2\/tags?post=767"}],"curies":[{"name":"wp","href":"https:\/\/api.w.org\/{rel}","templated":true}]}}