{"id":770,"date":"2022-06-30T12:19:01","date_gmt":"2022-06-30T10:19:01","guid":{"rendered":"https:\/\/wp.kristdemokraterna.se\/nacka\/?p=770"},"modified":"2022-06-30T14:13:21","modified_gmt":"2022-06-30T12:13:21","slug":"digitalisering-ger-tid-till-manskliga-moten","status":"publish","type":"post","link":"https:\/\/wp.kristdemokraterna.se\/nacka\/digitalisering-ger-tid-till-manskliga-moten\/","title":{"rendered":"Digitalisering ger tid till m\u00e4nskliga m\u00f6ten"},"content":{"rendered":"<p>M\u00e5nga kritiserar digitaliseringen i samh\u00e4llet. Man menar att samh\u00e4llet blir om\u00e4nskligt. Man beh\u00f6ver f\u00e5 tala med m\u00e4nniskor n\u00e4r man till exempel s\u00f6ker bidrag, inte m\u00f6ta datorer.<\/p>\n<p>Den \u00e5sikten delar vi Kristdemokrater. Men f\u00f6r att \u00e5stadkomma det s\u00e5 beh\u00f6ver handl\u00e4ggarna avlastas den on\u00f6diga delen av den byr\u00e5kratiska hanteringen.<\/p>\n<p>Det var Kristdemokraterna som ledde Arbets- och F\u00f6retagsn\u00e4mnden n\u00e4r den bildades. Vi ins\u00e5g d\u00e5 att hanteringen av ans\u00f6kningarna om ekonomiskt bist\u00e5nd tog orimligt mycket tid fr\u00e5n m\u00f6tet med m\u00e4nniskorna.<strong> En digitalisering skulle kunna ge handl\u00e4ggarna mer tid att<\/strong> <strong>m\u00f6ta dem som s\u00f6ker, prata med dem<\/strong> och \u00e4gna sig \u00e5t de komplicerade fallen.<\/p>\n<p>D\u00e4rf\u00f6r tog vi initiativ till att digitalisera hanteringen av ekonomiskt bist\u00e5nd. Nacka var en av de f\u00f6rsta kommunerna som gjorde det.<\/p>\n","protected":false},"excerpt":{"rendered":"<p>M\u00e5nga kritiserar digitaliseringen i samh\u00e4llet. Man menar att samh\u00e4llet blir om\u00e4nskligt. Man beh\u00f6ver f\u00e5 tala med m\u00e4nniskor n\u00e4r man till exempel s\u00f6ker bidrag, inte m\u00f6ta datorer. Den \u00e5sikten delar vi Kristdemokrater. Men f\u00f6r att \u00e5stadkomma det s\u00e5 beh\u00f6ver handl\u00e4ggarna avlastas den on\u00f6diga delen av den byr\u00e5kratiska hanteringen. Det var Kristdemokraterna som ledde Arbets- och F\u00f6retagsn\u00e4mnden <a class=\"read-more-link\" href=\"https:\/\/wp.kristdemokraterna.se\/nacka\/digitalisering-ger-tid-till-manskliga-moten\/\">L\u00e4s mer<\/a><\/p>\n","protected":false},"author":1020,"featured_media":0,"comment_status":"closed","ping_status":"closed","sticky":false,"template":"","format":"standard","meta":{"_acf_changed":false,"footnotes":""},"categories":[11],"tags":[],"class_list":["post-770","post","type-post","status-publish","format-standard","hentry","category-inlagg"],"acf":[],"yoast_head":"<!-- This site is optimized with the Yoast SEO plugin v27.4 - https:\/\/yoast.com\/product\/yoast-seo-wordpress\/ -->\n<title>Digitalisering ger tid till m\u00e4nskliga m\u00f6ten - Kristdemokraterna i Nacka<\/title>\n<meta name=\"robots\" content=\"index, follow, max-snippet:-1, max-image-preview:large, max-video-preview:-1\" \/>\n<link rel=\"canonical\" href=\"https:\/\/wp.kristdemokraterna.se\/nacka\/digitalisering-ger-tid-till-manskliga-moten\/\" \/>\n<meta property=\"og:locale\" content=\"sv_SE\" \/>\n<meta property=\"og:type\" content=\"article\" \/>\n<meta property=\"og:title\" content=\"Digitalisering ger tid till m\u00e4nskliga m\u00f6ten - Kristdemokraterna i Nacka\" \/>\n<meta property=\"og:description\" content=\"M\u00e5nga kritiserar digitaliseringen i samh\u00e4llet. Man menar att samh\u00e4llet blir om\u00e4nskligt. Man beh\u00f6ver f\u00e5 tala med m\u00e4nniskor n\u00e4r man till exempel s\u00f6ker bidrag, inte m\u00f6ta datorer. Den \u00e5sikten delar vi Kristdemokrater. Men f\u00f6r att \u00e5stadkomma det s\u00e5 beh\u00f6ver handl\u00e4ggarna avlastas den on\u00f6diga delen av den byr\u00e5kratiska hanteringen. Det var Kristdemokraterna som ledde Arbets- och F\u00f6retagsn\u00e4mnden L\u00e4s mer\" \/>\n<meta property=\"og:url\" content=\"https:\/\/wp.kristdemokraterna.se\/nacka\/digitalisering-ger-tid-till-manskliga-moten\/\" \/>\n<meta property=\"og:site_name\" content=\"Kristdemokraterna i Nacka\" \/>\n<meta property=\"article:published_time\" content=\"2022-06-30T10:19:01+00:00\" \/>\n<meta property=\"article:modified_time\" content=\"2022-06-30T12:13:21+00:00\" \/>\n<meta property=\"og:image\" content=\"https:\/\/wp.kristdemokraterna.se\/nacka\/files\/2022\/06\/1656590901103.png\" \/>\n\t<meta property=\"og:image:width\" content=\"2048\" \/>\n\t<meta property=\"og:image:height\" content=\"2048\" \/>\n\t<meta property=\"og:image:type\" content=\"image\/png\" \/>\n<meta name=\"author\" content=\"Henrik Lindberg\" \/>\n<meta name=\"twitter:card\" content=\"summary_large_image\" \/>\n<meta name=\"twitter:label1\" content=\"Skriven av\" \/>\n\t<meta name=\"twitter:data1\" content=\"Henrik Lindberg\" \/>\n\t<meta name=\"twitter:label2\" content=\"Ber\u00e4knad l\u00e4stid\" \/>\n\t<meta name=\"twitter:data2\" content=\"1 minut\" \/>\n<script type=\"application\/ld+json\" class=\"yoast-schema-graph\">{\"@context\":\"https:\\\/\\\/schema.org\",\"@graph\":[{\"@type\":\"Article\",\"@id\":\"https:\\\/\\\/wp.kristdemokraterna.se\\\/nacka\\\/digitalisering-ger-tid-till-manskliga-moten\\\/#article\",\"isPartOf\":{\"@id\":\"https:\\\/\\\/wp.kristdemokraterna.se\\\/nacka\\\/digitalisering-ger-tid-till-manskliga-moten\\\/\"},\"author\":{\"name\":\"Henrik Lindberg\",\"@id\":\"https:\\\/\\\/wp.kristdemokraterna.se\\\/nacka\\\/#\\\/schema\\\/person\\\/b48b358cf9875c27c3acdf1c8d2fc8f1\"},\"headline\":\"Digitalisering ger tid till m\u00e4nskliga m\u00f6ten\",\"datePublished\":\"2022-06-30T10:19:01+00:00\",\"dateModified\":\"2022-06-30T12:13:21+00:00\",\"mainEntityOfPage\":{\"@id\":\"https:\\\/\\\/wp.kristdemokraterna.se\\\/nacka\\\/digitalisering-ger-tid-till-manskliga-moten\\\/\"},\"wordCount\":158,\"articleSection\":[\"Inl\u00e4gg\"],\"inLanguage\":\"sv-SE\"},{\"@type\":\"WebPage\",\"@id\":\"https:\\\/\\\/wp.kristdemokraterna.se\\\/nacka\\\/digitalisering-ger-tid-till-manskliga-moten\\\/\",\"url\":\"https:\\\/\\\/wp.kristdemokraterna.se\\\/nacka\\\/digitalisering-ger-tid-till-manskliga-moten\\\/\",\"name\":\"Digitalisering ger tid till m\u00e4nskliga m\u00f6ten - Kristdemokraterna i Nacka\",\"isPartOf\":{\"@id\":\"https:\\\/\\\/wp.kristdemokraterna.se\\\/nacka\\\/#website\"},\"datePublished\":\"2022-06-30T10:19:01+00:00\",\"dateModified\":\"2022-06-30T12:13:21+00:00\",\"author\":{\"@id\":\"https:\\\/\\\/wp.kristdemokraterna.se\\\/nacka\\\/#\\\/schema\\\/person\\\/b48b358cf9875c27c3acdf1c8d2fc8f1\"},\"breadcrumb\":{\"@id\":\"https:\\\/\\\/wp.kristdemokraterna.se\\\/nacka\\\/digitalisering-ger-tid-till-manskliga-moten\\\/#breadcrumb\"},\"inLanguage\":\"sv-SE\",\"potentialAction\":[{\"@type\":\"ReadAction\",\"target\":[\"https:\\\/\\\/wp.kristdemokraterna.se\\\/nacka\\\/digitalisering-ger-tid-till-manskliga-moten\\\/\"]}]},{\"@type\":\"BreadcrumbList\",\"@id\":\"https:\\\/\\\/wp.kristdemokraterna.se\\\/nacka\\\/digitalisering-ger-tid-till-manskliga-moten\\\/#breadcrumb\",\"itemListElement\":[{\"@type\":\"ListItem\",\"position\":1,\"name\":\"Hem\",\"item\":\"https:\\\/\\\/wp.kristdemokraterna.se\\\/nacka\\\/\"},{\"@type\":\"ListItem\",\"position\":2,\"name\":\"Digitalisering ger tid till m\u00e4nskliga m\u00f6ten\"}]},{\"@type\":\"WebSite\",\"@id\":\"https:\\\/\\\/wp.kristdemokraterna.se\\\/nacka\\\/#website\",\"url\":\"https:\\\/\\\/wp.kristdemokraterna.se\\\/nacka\\\/\",\"name\":\"Kristdemokraterna i Nacka\",\"description\":\"Vi \u00e4r hj\u00e4rtat till h\u00f6ger\",\"inLanguage\":\"sv-SE\"},{\"@type\":\"Person\",\"@id\":\"https:\\\/\\\/wp.kristdemokraterna.se\\\/nacka\\\/#\\\/schema\\\/person\\\/b48b358cf9875c27c3acdf1c8d2fc8f1\",\"name\":\"Henrik Lindberg\",\"image\":{\"@type\":\"ImageObject\",\"inLanguage\":\"sv-SE\",\"@id\":\"https:\\\/\\\/secure.gravatar.com\\\/avatar\\\/497ef276c180208a266e066d54f9bc20528edb9b95adda3de62b2fe05abf6405?s=96&d=mm&r=g\",\"url\":\"https:\\\/\\\/secure.gravatar.com\\\/avatar\\\/497ef276c180208a266e066d54f9bc20528edb9b95adda3de62b2fe05abf6405?s=96&d=mm&r=g\",\"contentUrl\":\"https:\\\/\\\/secure.gravatar.com\\\/avatar\\\/497ef276c180208a266e066d54f9bc20528edb9b95adda3de62b2fe05abf6405?s=96&d=mm&r=g\",\"caption\":\"Henrik Lindberg\"},\"url\":\"https:\\\/\\\/wp.kristdemokraterna.se\\\/nacka\\\/author\\\/henriknacka\\\/\"}]}<\/script>\n<!-- \/ Yoast SEO plugin. -->","yoast_head_json":{"title":"Digitalisering ger tid till m\u00e4nskliga m\u00f6ten - Kristdemokraterna i Nacka","robots":{"index":"index","follow":"follow","max-snippet":"max-snippet:-1","max-image-preview":"max-image-preview:large","max-video-preview":"max-video-preview:-1"},"canonical":"https:\/\/wp.kristdemokraterna.se\/nacka\/digitalisering-ger-tid-till-manskliga-moten\/","og_locale":"sv_SE","og_type":"article","og_title":"Digitalisering ger tid till m\u00e4nskliga m\u00f6ten - Kristdemokraterna i Nacka","og_description":"M\u00e5nga kritiserar digitaliseringen i samh\u00e4llet. Man menar att samh\u00e4llet blir om\u00e4nskligt. Man beh\u00f6ver f\u00e5 tala med m\u00e4nniskor n\u00e4r man till exempel s\u00f6ker bidrag, inte m\u00f6ta datorer. Den \u00e5sikten delar vi Kristdemokrater. Men f\u00f6r att \u00e5stadkomma det s\u00e5 beh\u00f6ver handl\u00e4ggarna avlastas den on\u00f6diga delen av den byr\u00e5kratiska hanteringen. Det var Kristdemokraterna som ledde Arbets- och F\u00f6retagsn\u00e4mnden L\u00e4s mer","og_url":"https:\/\/wp.kristdemokraterna.se\/nacka\/digitalisering-ger-tid-till-manskliga-moten\/","og_site_name":"Kristdemokraterna i Nacka","article_published_time":"2022-06-30T10:19:01+00:00","article_modified_time":"2022-06-30T12:13:21+00:00","og_image":[{"width":2048,"height":2048,"url":"https:\/\/wp.kristdemokraterna.se\/nacka\/files\/2022\/06\/1656590901103.png","type":"image\/png"}],"author":"Henrik Lindberg","twitter_card":"summary_large_image","twitter_misc":{"Skriven av":"Henrik Lindberg","Ber\u00e4knad l\u00e4stid":"1 minut"},"schema":{"@context":"https:\/\/schema.org","@graph":[{"@type":"Article","@id":"https:\/\/wp.kristdemokraterna.se\/nacka\/digitalisering-ger-tid-till-manskliga-moten\/#article","isPartOf":{"@id":"https:\/\/wp.kristdemokraterna.se\/nacka\/digitalisering-ger-tid-till-manskliga-moten\/"},"author":{"name":"Henrik Lindberg","@id":"https:\/\/wp.kristdemokraterna.se\/nacka\/#\/schema\/person\/b48b358cf9875c27c3acdf1c8d2fc8f1"},"headline":"Digitalisering ger tid till m\u00e4nskliga m\u00f6ten","datePublished":"2022-06-30T10:19:01+00:00","dateModified":"2022-06-30T12:13:21+00:00","mainEntityOfPage":{"@id":"https:\/\/wp.kristdemokraterna.se\/nacka\/digitalisering-ger-tid-till-manskliga-moten\/"},"wordCount":158,"articleSection":["Inl\u00e4gg"],"inLanguage":"sv-SE"},{"@type":"WebPage","@id":"https:\/\/wp.kristdemokraterna.se\/nacka\/digitalisering-ger-tid-till-manskliga-moten\/","url":"https:\/\/wp.kristdemokraterna.se\/nacka\/digitalisering-ger-tid-till-manskliga-moten\/","name":"Digitalisering ger tid till m\u00e4nskliga m\u00f6ten - Kristdemokraterna i Nacka","isPartOf":{"@id":"https:\/\/wp.kristdemokraterna.se\/nacka\/#website"},"datePublished":"2022-06-30T10:19:01+00:00","dateModified":"2022-06-30T12:13:21+00:00","author":{"@id":"https:\/\/wp.kristdemokraterna.se\/nacka\/#\/schema\/person\/b48b358cf9875c27c3acdf1c8d2fc8f1"},"breadcrumb":{"@id":"https:\/\/wp.kristdemokraterna.se\/nacka\/digitalisering-ger-tid-till-manskliga-moten\/#breadcrumb"},"inLanguage":"sv-SE","potentialAction":[{"@type":"ReadAction","target":["https:\/\/wp.kristdemokraterna.se\/nacka\/digitalisering-ger-tid-till-manskliga-moten\/"]}]},{"@type":"BreadcrumbList","@id":"https:\/\/wp.kristdemokraterna.se\/nacka\/digitalisering-ger-tid-till-manskliga-moten\/#breadcrumb","itemListElement":[{"@type":"ListItem","position":1,"name":"Hem","item":"https:\/\/wp.kristdemokraterna.se\/nacka\/"},{"@type":"ListItem","position":2,"name":"Digitalisering ger tid till m\u00e4nskliga m\u00f6ten"}]},{"@type":"WebSite","@id":"https:\/\/wp.kristdemokraterna.se\/nacka\/#website","url":"https:\/\/wp.kristdemokraterna.se\/nacka\/","name":"Kristdemokraterna i Nacka","description":"Vi \u00e4r hj\u00e4rtat till h\u00f6ger","inLanguage":"sv-SE"},{"@type":"Person","@id":"https:\/\/wp.kristdemokraterna.se\/nacka\/#\/schema\/person\/b48b358cf9875c27c3acdf1c8d2fc8f1","name":"Henrik Lindberg","image":{"@type":"ImageObject","inLanguage":"sv-SE","@id":"https:\/\/secure.gravatar.com\/avatar\/497ef276c180208a266e066d54f9bc20528edb9b95adda3de62b2fe05abf6405?s=96&d=mm&r=g","url":"https:\/\/secure.gravatar.com\/avatar\/497ef276c180208a266e066d54f9bc20528edb9b95adda3de62b2fe05abf6405?s=96&d=mm&r=g","contentUrl":"https:\/\/secure.gravatar.com\/avatar\/497ef276c180208a266e066d54f9bc20528edb9b95adda3de62b2fe05abf6405?s=96&d=mm&r=g","caption":"Henrik Lindberg"},"url":"https:\/\/wp.kristdemokraterna.se\/nacka\/author\/henriknacka\/"}]}},"_links":{"self":[{"href":"https:\/\/wp.kristdemokraterna.se\/nacka\/wp-json\/wp\/v2\/posts\/770","targetHints":{"allow":["GET"]}}],"collection":[{"href":"https:\/\/wp.kristdemokraterna.se\/nacka\/wp-json\/wp\/v2\/posts"}],"about":[{"href":"https:\/\/wp.kristdemokraterna.se\/nacka\/wp-json\/wp\/v2\/types\/post"}],"author":[{"embeddable":true,"href":"https:\/\/wp.kristdemokraterna.se\/nacka\/wp-json\/wp\/v2\/users\/1020"}],"replies":[{"embeddable":true,"href":"https:\/\/wp.kristdemokraterna.se\/nacka\/wp-json\/wp\/v2\/comments?post=770"}],"version-history":[{"count":7,"href":"https:\/\/wp.kristdemokraterna.se\/nacka\/wp-json\/wp\/v2\/posts\/770\/revisions"}],"predecessor-version":[{"id":881,"href":"https:\/\/wp.kristdemokraterna.se\/nacka\/wp-json\/wp\/v2\/posts\/770\/revisions\/881"}],"wp:attachment":[{"href":"https:\/\/wp.kristdemokraterna.se\/nacka\/wp-json\/wp\/v2\/media?parent=770"}],"wp:term":[{"taxonomy":"category","embeddable":true,"href":"https:\/\/wp.kristdemokraterna.se\/nacka\/wp-json\/wp\/v2\/categories?post=770"},{"taxonomy":"post_tag","embeddable":true,"href":"https:\/\/wp.kristdemokraterna.se\/nacka\/wp-json\/wp\/v2\/tags?post=770"}],"curies":[{"name":"wp","href":"https:\/\/api.w.org\/{rel}","templated":true}]}}