{"id":778,"date":"2022-05-17T12:14:55","date_gmt":"2022-05-17T10:14:55","guid":{"rendered":"https:\/\/wp.kristdemokraterna.se\/nacka\/?p=778"},"modified":"2022-05-17T12:21:28","modified_gmt":"2022-05-17T10:21:28","slug":"kundvalet-ger-makten-till-folket","status":"publish","type":"post","link":"https:\/\/wp.kristdemokraterna.se\/nacka\/kundvalet-ger-makten-till-folket\/","title":{"rendered":"Kundvalet ger makten till folket"},"content":{"rendered":"<p>Redan p\u00e5 1980-talet initierade Erik Langby id\u00e9n om <em>kundval<\/em> i Nacka. Men det var den kristdemokratiska ministern p\u00e5 socialdepartementet, Maria Larsson, som s\u00e5g till att id\u00e9n fick lagst\u00f6d. Lagen om valfrihetssystem (LOV) tr\u00e4dde i kraft den 1 januari 2009, under den borgerliga regeringen.<\/p>\n<p><strong>Kundvalet \u00e4r ett mycket kraftfullt verktyg f\u00f6r att minska politikernas makt och i st\u00e4llet l\u00e4gga makten runt m\u00e4nniskors k\u00f6ksbord.<\/strong> N\u00e4r kommunen beviljat hemtj\u00e4nst \u00e5t en person, v\u00e4ljer den personen vilken anordnare som ska utf\u00f6ra tj\u00e4nsten. Den anordnaren f\u00e5r sedan betalt av kommunen n\u00e4r tj\u00e4nsten har utf\u00f6rts. Makten \u00f6ver vem som ska g\u00f6ra jobbet ligger hos den enskilde och dennes familj, varken hos politikerna eller i de kommunala tj\u00e4nstepersonernas h\u00e4nder.<\/p>\n<p>Det \u00e4r ett mycket kraftfullt verktyg f\u00f6r att v\u00e4ssa kvaliteten i en offentligt finansierad tj\u00e4nst. Den anordnare som inte g\u00f6r ett bra jobb blir helt enkelt inte vald, det stimulerar till kvalitet. Kundvalet \u00e4r en sp\u00e4nnande blandning av id\u00e9erna om \u201dmakten till folket\u201d, \u201dmoney talks\u201d, \u201dalla har chansen\u201d och \u201dm\u00e5 b\u00e4ste man vinna\u201d. Och man slipper de besv\u00e4rliga kast som uppst\u00e5r n\u00e4r man i st\u00e4llet till\u00e4mpar upphandling. N\u00e5gon f\u00f6rlorar en upphandling och m\u00e5ste l\u00e4gga ner och en ny anordnare ska etablera sig f\u00f6r n\u00e5gra \u00e5r.<\/p>\n<p>Lagen om LOV handlar om tj\u00e4nster inom \u00e4ldreomsorg.<strong> I Nacka d\u00e4remot finns systemet inom m\u00e5nga omr\u00e5den; skolan, barnomsorgen, barnkulturen, fritidsverksamheten och en l\u00e5ng rad av tj\u00e4nster som kommunen tillhandah\u00e5ller<\/strong>. De olika kundvalen v\u00e5rdas av majoriteten i Nacka d\u00e4r Kristdemokraterna ing\u00e5r, men \u00e4r under st\u00e4ndig beskjutning fr\u00e5n oppositionspartierna.<\/p>\n<p>Alla tj\u00e4nster passar dock inte till kundval. Nacka har ocks\u00e5 tagit bort vissa kundval som inte har fungerat. Kundvalet inf\u00f6rs inte av principiella sk\u00e4l utan av pragmatiska sk\u00e4l, det f\u00f6r medborgaren b\u00e4sta alternativet ska vinna.<\/p>\n","protected":false},"excerpt":{"rendered":"<p>Redan p\u00e5 1980-talet initierade Erik Langby id\u00e9n om kundval i Nacka. Men det var den kristdemokratiska ministern p\u00e5 socialdepartementet, Maria Larsson, som s\u00e5g till att id\u00e9n fick lagst\u00f6d. Lagen om valfrihetssystem (LOV) tr\u00e4dde i kraft den 1 januari 2009, under den borgerliga regeringen. Kundvalet \u00e4r ett mycket kraftfullt verktyg f\u00f6r att minska politikernas makt och <a class=\"read-more-link\" href=\"https:\/\/wp.kristdemokraterna.se\/nacka\/kundvalet-ger-makten-till-folket\/\">L\u00e4s mer<\/a><\/p>\n","protected":false},"author":1020,"featured_media":0,"comment_status":"closed","ping_status":"closed","sticky":false,"template":"","format":"standard","meta":{"_acf_changed":false,"footnotes":""},"categories":[11],"tags":[],"class_list":["post-778","post","type-post","status-publish","format-standard","hentry","category-inlagg"],"acf":[],"yoast_head":"<!-- This site is optimized with the Yoast SEO plugin v27.4 - https:\/\/yoast.com\/product\/yoast-seo-wordpress\/ -->\n<title>Kundvalet ger makten till folket - Kristdemokraterna i Nacka<\/title>\n<meta name=\"robots\" content=\"index, follow, max-snippet:-1, max-image-preview:large, max-video-preview:-1\" \/>\n<link rel=\"canonical\" href=\"https:\/\/wp.kristdemokraterna.se\/nacka\/kundvalet-ger-makten-till-folket\/\" \/>\n<meta property=\"og:locale\" content=\"sv_SE\" \/>\n<meta property=\"og:type\" content=\"article\" \/>\n<meta property=\"og:title\" content=\"Kundvalet ger makten till folket - Kristdemokraterna i Nacka\" \/>\n<meta property=\"og:description\" content=\"Redan p\u00e5 1980-talet initierade Erik Langby id\u00e9n om kundval i Nacka. Men det var den kristdemokratiska ministern p\u00e5 socialdepartementet, Maria Larsson, som s\u00e5g till att id\u00e9n fick lagst\u00f6d. Lagen om valfrihetssystem (LOV) tr\u00e4dde i kraft den 1 januari 2009, under den borgerliga regeringen. Kundvalet \u00e4r ett mycket kraftfullt verktyg f\u00f6r att minska politikernas makt och L\u00e4s mer\" \/>\n<meta property=\"og:url\" content=\"https:\/\/wp.kristdemokraterna.se\/nacka\/kundvalet-ger-makten-till-folket\/\" \/>\n<meta property=\"og:site_name\" content=\"Kristdemokraterna i Nacka\" \/>\n<meta property=\"article:published_time\" content=\"2022-05-17T10:14:55+00:00\" \/>\n<meta property=\"article:modified_time\" content=\"2022-05-17T10:21:28+00:00\" \/>\n<meta property=\"og:image\" content=\"https:\/\/wp.kristdemokraterna.se\/nacka\/files\/2022\/05\/delningsbild-kvadrat-1652782089885.jpg\" \/>\n\t<meta property=\"og:image:width\" content=\"1600\" \/>\n\t<meta property=\"og:image:height\" content=\"1600\" \/>\n\t<meta property=\"og:image:type\" content=\"image\/jpeg\" \/>\n<meta name=\"author\" content=\"Henrik Lindberg\" \/>\n<meta name=\"twitter:card\" content=\"summary_large_image\" \/>\n<meta name=\"twitter:label1\" content=\"Skriven av\" \/>\n\t<meta name=\"twitter:data1\" content=\"Henrik Lindberg\" \/>\n\t<meta name=\"twitter:label2\" content=\"Ber\u00e4knad l\u00e4stid\" \/>\n\t<meta name=\"twitter:data2\" content=\"2 minuter\" \/>\n<script type=\"application\/ld+json\" class=\"yoast-schema-graph\">{\"@context\":\"https:\\\/\\\/schema.org\",\"@graph\":[{\"@type\":\"Article\",\"@id\":\"https:\\\/\\\/wp.kristdemokraterna.se\\\/nacka\\\/kundvalet-ger-makten-till-folket\\\/#article\",\"isPartOf\":{\"@id\":\"https:\\\/\\\/wp.kristdemokraterna.se\\\/nacka\\\/kundvalet-ger-makten-till-folket\\\/\"},\"author\":{\"name\":\"Henrik Lindberg\",\"@id\":\"https:\\\/\\\/wp.kristdemokraterna.se\\\/nacka\\\/#\\\/schema\\\/person\\\/b48b358cf9875c27c3acdf1c8d2fc8f1\"},\"headline\":\"Kundvalet ger makten till folket\",\"datePublished\":\"2022-05-17T10:14:55+00:00\",\"dateModified\":\"2022-05-17T10:21:28+00:00\",\"mainEntityOfPage\":{\"@id\":\"https:\\\/\\\/wp.kristdemokraterna.se\\\/nacka\\\/kundvalet-ger-makten-till-folket\\\/\"},\"wordCount\":340,\"articleSection\":[\"Inl\u00e4gg\"],\"inLanguage\":\"sv-SE\"},{\"@type\":\"WebPage\",\"@id\":\"https:\\\/\\\/wp.kristdemokraterna.se\\\/nacka\\\/kundvalet-ger-makten-till-folket\\\/\",\"url\":\"https:\\\/\\\/wp.kristdemokraterna.se\\\/nacka\\\/kundvalet-ger-makten-till-folket\\\/\",\"name\":\"Kundvalet ger makten till folket - Kristdemokraterna i Nacka\",\"isPartOf\":{\"@id\":\"https:\\\/\\\/wp.kristdemokraterna.se\\\/nacka\\\/#website\"},\"datePublished\":\"2022-05-17T10:14:55+00:00\",\"dateModified\":\"2022-05-17T10:21:28+00:00\",\"author\":{\"@id\":\"https:\\\/\\\/wp.kristdemokraterna.se\\\/nacka\\\/#\\\/schema\\\/person\\\/b48b358cf9875c27c3acdf1c8d2fc8f1\"},\"breadcrumb\":{\"@id\":\"https:\\\/\\\/wp.kristdemokraterna.se\\\/nacka\\\/kundvalet-ger-makten-till-folket\\\/#breadcrumb\"},\"inLanguage\":\"sv-SE\",\"potentialAction\":[{\"@type\":\"ReadAction\",\"target\":[\"https:\\\/\\\/wp.kristdemokraterna.se\\\/nacka\\\/kundvalet-ger-makten-till-folket\\\/\"]}]},{\"@type\":\"BreadcrumbList\",\"@id\":\"https:\\\/\\\/wp.kristdemokraterna.se\\\/nacka\\\/kundvalet-ger-makten-till-folket\\\/#breadcrumb\",\"itemListElement\":[{\"@type\":\"ListItem\",\"position\":1,\"name\":\"Hem\",\"item\":\"https:\\\/\\\/wp.kristdemokraterna.se\\\/nacka\\\/\"},{\"@type\":\"ListItem\",\"position\":2,\"name\":\"Kundvalet ger makten till folket\"}]},{\"@type\":\"WebSite\",\"@id\":\"https:\\\/\\\/wp.kristdemokraterna.se\\\/nacka\\\/#website\",\"url\":\"https:\\\/\\\/wp.kristdemokraterna.se\\\/nacka\\\/\",\"name\":\"Kristdemokraterna i Nacka\",\"description\":\"Vi \u00e4r hj\u00e4rtat till h\u00f6ger\",\"inLanguage\":\"sv-SE\"},{\"@type\":\"Person\",\"@id\":\"https:\\\/\\\/wp.kristdemokraterna.se\\\/nacka\\\/#\\\/schema\\\/person\\\/b48b358cf9875c27c3acdf1c8d2fc8f1\",\"name\":\"Henrik Lindberg\",\"image\":{\"@type\":\"ImageObject\",\"inLanguage\":\"sv-SE\",\"@id\":\"https:\\\/\\\/secure.gravatar.com\\\/avatar\\\/497ef276c180208a266e066d54f9bc20528edb9b95adda3de62b2fe05abf6405?s=96&d=mm&r=g\",\"url\":\"https:\\\/\\\/secure.gravatar.com\\\/avatar\\\/497ef276c180208a266e066d54f9bc20528edb9b95adda3de62b2fe05abf6405?s=96&d=mm&r=g\",\"contentUrl\":\"https:\\\/\\\/secure.gravatar.com\\\/avatar\\\/497ef276c180208a266e066d54f9bc20528edb9b95adda3de62b2fe05abf6405?s=96&d=mm&r=g\",\"caption\":\"Henrik Lindberg\"},\"url\":\"https:\\\/\\\/wp.kristdemokraterna.se\\\/nacka\\\/author\\\/henriknacka\\\/\"}]}<\/script>\n<!-- \/ Yoast SEO plugin. -->","yoast_head_json":{"title":"Kundvalet ger makten till folket - Kristdemokraterna i Nacka","robots":{"index":"index","follow":"follow","max-snippet":"max-snippet:-1","max-image-preview":"max-image-preview:large","max-video-preview":"max-video-preview:-1"},"canonical":"https:\/\/wp.kristdemokraterna.se\/nacka\/kundvalet-ger-makten-till-folket\/","og_locale":"sv_SE","og_type":"article","og_title":"Kundvalet ger makten till folket - Kristdemokraterna i Nacka","og_description":"Redan p\u00e5 1980-talet initierade Erik Langby id\u00e9n om kundval i Nacka. Men det var den kristdemokratiska ministern p\u00e5 socialdepartementet, Maria Larsson, som s\u00e5g till att id\u00e9n fick lagst\u00f6d. Lagen om valfrihetssystem (LOV) tr\u00e4dde i kraft den 1 januari 2009, under den borgerliga regeringen. Kundvalet \u00e4r ett mycket kraftfullt verktyg f\u00f6r att minska politikernas makt och L\u00e4s mer","og_url":"https:\/\/wp.kristdemokraterna.se\/nacka\/kundvalet-ger-makten-till-folket\/","og_site_name":"Kristdemokraterna i Nacka","article_published_time":"2022-05-17T10:14:55+00:00","article_modified_time":"2022-05-17T10:21:28+00:00","og_image":[{"width":1600,"height":1600,"url":"https:\/\/wp.kristdemokraterna.se\/nacka\/files\/2022\/05\/delningsbild-kvadrat-1652782089885.jpg","type":"image\/jpeg"}],"author":"Henrik Lindberg","twitter_card":"summary_large_image","twitter_misc":{"Skriven av":"Henrik Lindberg","Ber\u00e4knad l\u00e4stid":"2 minuter"},"schema":{"@context":"https:\/\/schema.org","@graph":[{"@type":"Article","@id":"https:\/\/wp.kristdemokraterna.se\/nacka\/kundvalet-ger-makten-till-folket\/#article","isPartOf":{"@id":"https:\/\/wp.kristdemokraterna.se\/nacka\/kundvalet-ger-makten-till-folket\/"},"author":{"name":"Henrik Lindberg","@id":"https:\/\/wp.kristdemokraterna.se\/nacka\/#\/schema\/person\/b48b358cf9875c27c3acdf1c8d2fc8f1"},"headline":"Kundvalet ger makten till folket","datePublished":"2022-05-17T10:14:55+00:00","dateModified":"2022-05-17T10:21:28+00:00","mainEntityOfPage":{"@id":"https:\/\/wp.kristdemokraterna.se\/nacka\/kundvalet-ger-makten-till-folket\/"},"wordCount":340,"articleSection":["Inl\u00e4gg"],"inLanguage":"sv-SE"},{"@type":"WebPage","@id":"https:\/\/wp.kristdemokraterna.se\/nacka\/kundvalet-ger-makten-till-folket\/","url":"https:\/\/wp.kristdemokraterna.se\/nacka\/kundvalet-ger-makten-till-folket\/","name":"Kundvalet ger makten till folket - Kristdemokraterna i Nacka","isPartOf":{"@id":"https:\/\/wp.kristdemokraterna.se\/nacka\/#website"},"datePublished":"2022-05-17T10:14:55+00:00","dateModified":"2022-05-17T10:21:28+00:00","author":{"@id":"https:\/\/wp.kristdemokraterna.se\/nacka\/#\/schema\/person\/b48b358cf9875c27c3acdf1c8d2fc8f1"},"breadcrumb":{"@id":"https:\/\/wp.kristdemokraterna.se\/nacka\/kundvalet-ger-makten-till-folket\/#breadcrumb"},"inLanguage":"sv-SE","potentialAction":[{"@type":"ReadAction","target":["https:\/\/wp.kristdemokraterna.se\/nacka\/kundvalet-ger-makten-till-folket\/"]}]},{"@type":"BreadcrumbList","@id":"https:\/\/wp.kristdemokraterna.se\/nacka\/kundvalet-ger-makten-till-folket\/#breadcrumb","itemListElement":[{"@type":"ListItem","position":1,"name":"Hem","item":"https:\/\/wp.kristdemokraterna.se\/nacka\/"},{"@type":"ListItem","position":2,"name":"Kundvalet ger makten till folket"}]},{"@type":"WebSite","@id":"https:\/\/wp.kristdemokraterna.se\/nacka\/#website","url":"https:\/\/wp.kristdemokraterna.se\/nacka\/","name":"Kristdemokraterna i Nacka","description":"Vi \u00e4r hj\u00e4rtat till h\u00f6ger","inLanguage":"sv-SE"},{"@type":"Person","@id":"https:\/\/wp.kristdemokraterna.se\/nacka\/#\/schema\/person\/b48b358cf9875c27c3acdf1c8d2fc8f1","name":"Henrik Lindberg","image":{"@type":"ImageObject","inLanguage":"sv-SE","@id":"https:\/\/secure.gravatar.com\/avatar\/497ef276c180208a266e066d54f9bc20528edb9b95adda3de62b2fe05abf6405?s=96&d=mm&r=g","url":"https:\/\/secure.gravatar.com\/avatar\/497ef276c180208a266e066d54f9bc20528edb9b95adda3de62b2fe05abf6405?s=96&d=mm&r=g","contentUrl":"https:\/\/secure.gravatar.com\/avatar\/497ef276c180208a266e066d54f9bc20528edb9b95adda3de62b2fe05abf6405?s=96&d=mm&r=g","caption":"Henrik Lindberg"},"url":"https:\/\/wp.kristdemokraterna.se\/nacka\/author\/henriknacka\/"}]}},"_links":{"self":[{"href":"https:\/\/wp.kristdemokraterna.se\/nacka\/wp-json\/wp\/v2\/posts\/778","targetHints":{"allow":["GET"]}}],"collection":[{"href":"https:\/\/wp.kristdemokraterna.se\/nacka\/wp-json\/wp\/v2\/posts"}],"about":[{"href":"https:\/\/wp.kristdemokraterna.se\/nacka\/wp-json\/wp\/v2\/types\/post"}],"author":[{"embeddable":true,"href":"https:\/\/wp.kristdemokraterna.se\/nacka\/wp-json\/wp\/v2\/users\/1020"}],"replies":[{"embeddable":true,"href":"https:\/\/wp.kristdemokraterna.se\/nacka\/wp-json\/wp\/v2\/comments?post=778"}],"version-history":[{"count":6,"href":"https:\/\/wp.kristdemokraterna.se\/nacka\/wp-json\/wp\/v2\/posts\/778\/revisions"}],"predecessor-version":[{"id":799,"href":"https:\/\/wp.kristdemokraterna.se\/nacka\/wp-json\/wp\/v2\/posts\/778\/revisions\/799"}],"wp:attachment":[{"href":"https:\/\/wp.kristdemokraterna.se\/nacka\/wp-json\/wp\/v2\/media?parent=778"}],"wp:term":[{"taxonomy":"category","embeddable":true,"href":"https:\/\/wp.kristdemokraterna.se\/nacka\/wp-json\/wp\/v2\/categories?post=778"},{"taxonomy":"post_tag","embeddable":true,"href":"https:\/\/wp.kristdemokraterna.se\/nacka\/wp-json\/wp\/v2\/tags?post=778"}],"curies":[{"name":"wp","href":"https:\/\/api.w.org\/{rel}","templated":true}]}}