{"id":802,"date":"2022-05-20T10:09:28","date_gmt":"2022-05-20T08:09:28","guid":{"rendered":"https:\/\/wp.kristdemokraterna.se\/nacka\/?p=802"},"modified":"2022-05-20T10:16:54","modified_gmt":"2022-05-20T08:16:54","slug":"anders-tiger-gruppledare","status":"publish","type":"post","link":"https:\/\/wp.kristdemokraterna.se\/nacka\/anders-tiger-gruppledare\/","title":{"rendered":"Anders Tiger &#8211; Gruppledare"},"content":{"rendered":"<p><strong>Namn<\/strong>: Anders Tiger<br \/>\n<strong>\u00c5lder<\/strong>: 72 \u00e5r<br \/>\n<strong>Bostadsomr\u00e5de<\/strong>: Alphyddan<br \/>\n<strong>Politiskt uppdrag<\/strong>: Gruppledare, Ordf\u00f6rande i Val och demokratin\u00e4mnden, Ledamot i milj\u00f6- och stadsbyggnadsn\u00e4mnden<br \/>\n<strong>Civilt yrke<\/strong>: Journalist, men i min firma ing\u00e5r b\u00e5de journalistik och snickeri<\/p>\n<p><strong>Varf\u00f6r \u00e4r du Kristdemokrat<\/strong>:<br \/>\nI en komplex v\u00e4rd beh\u00f6vs enkla goda principer som riktningsgivare. Kristdemokraterna styrs av n\u00e5gra s\u00e5dana. Respekten f\u00f6r individen tillsammans med insikten att vi utvecklas tillsammans, f\u00f6rvaltarskap med ansvar, beslut s\u00e5 n\u00e4ra m\u00e4nniskorna som m\u00f6jligt och r\u00e4tten att alltid f\u00e5 en andra chans n\u00e4r man misslyckas.<\/p>\n<p><strong>Din viktigaste fr\u00e5ga p\u00e5 riksniv\u00e5<\/strong>: R\u00e4ttvisa, ekonomiskt, socialt och mellan k\u00f6nen<\/p>\n<p><strong>Din viktigaste fr\u00e5ga lokalt<\/strong>: De sm\u00e5 gemenskapernas r\u00e4tt att sj\u00e4lv forma sitt liv, t ex familjen<\/p>\n<p><strong>Din st\u00f6rsta hobby<\/strong>: Att f\u00f6rs\u00f6ka f\u00f6rst\u00e5<\/p>\n<p><strong>En kul sak om dig<\/strong>: Det finns inget kul med mig, fast jag \u00f6nskar att jag kunde vara ironisk<\/p>\n","protected":false},"excerpt":{"rendered":"<p>Namn: Anders Tiger \u00c5lder: 72 \u00e5r Bostadsomr\u00e5de: Alphyddan Politiskt uppdrag: Gruppledare, Ordf\u00f6rande i Val och demokratin\u00e4mnden, Ledamot i milj\u00f6- och stadsbyggnadsn\u00e4mnden Civilt yrke: Journalist, men i min firma ing\u00e5r b\u00e5de journalistik och snickeri Varf\u00f6r \u00e4r du Kristdemokrat: I en komplex v\u00e4rd beh\u00f6vs enkla goda principer som riktningsgivare. Kristdemokraterna styrs av n\u00e5gra s\u00e5dana. Respekten f\u00f6r individen <a class=\"read-more-link\" href=\"https:\/\/wp.kristdemokraterna.se\/nacka\/anders-tiger-gruppledare\/\">L\u00e4s mer<\/a><\/p>\n","protected":false},"author":1020,"featured_media":0,"comment_status":"closed","ping_status":"closed","sticky":false,"template":"","format":"standard","meta":{"_acf_changed":false,"footnotes":""},"categories":[11],"tags":[],"class_list":["post-802","post","type-post","status-publish","format-standard","hentry","category-inlagg"],"acf":[],"yoast_head":"<!-- This site is optimized with the Yoast SEO plugin v27.4 - https:\/\/yoast.com\/product\/yoast-seo-wordpress\/ -->\n<title>Anders Tiger - Gruppledare - Kristdemokraterna i Nacka<\/title>\n<meta name=\"robots\" content=\"index, follow, max-snippet:-1, max-image-preview:large, max-video-preview:-1\" \/>\n<link rel=\"canonical\" href=\"https:\/\/wp.kristdemokraterna.se\/nacka\/anders-tiger-gruppledare\/\" \/>\n<meta property=\"og:locale\" content=\"sv_SE\" \/>\n<meta property=\"og:type\" content=\"article\" \/>\n<meta property=\"og:title\" content=\"Anders Tiger - Gruppledare - Kristdemokraterna i Nacka\" \/>\n<meta property=\"og:description\" content=\"Namn: Anders Tiger \u00c5lder: 72 \u00e5r Bostadsomr\u00e5de: Alphyddan Politiskt uppdrag: Gruppledare, Ordf\u00f6rande i Val och demokratin\u00e4mnden, Ledamot i milj\u00f6- och stadsbyggnadsn\u00e4mnden Civilt yrke: Journalist, men i min firma ing\u00e5r b\u00e5de journalistik och snickeri Varf\u00f6r \u00e4r du Kristdemokrat: I en komplex v\u00e4rd beh\u00f6vs enkla goda principer som riktningsgivare. Kristdemokraterna styrs av n\u00e5gra s\u00e5dana. Respekten f\u00f6r individen L\u00e4s mer\" \/>\n<meta property=\"og:url\" content=\"https:\/\/wp.kristdemokraterna.se\/nacka\/anders-tiger-gruppledare\/\" \/>\n<meta property=\"og:site_name\" content=\"Kristdemokraterna i Nacka\" \/>\n<meta property=\"article:published_time\" content=\"2022-05-20T08:09:28+00:00\" \/>\n<meta property=\"article:modified_time\" content=\"2022-05-20T08:16:54+00:00\" \/>\n<meta property=\"og:image\" content=\"https:\/\/wp.kristdemokraterna.se\/nacka\/files\/2022\/02\/dsc4935-scaled-e1653033683836.jpg\" \/>\n\t<meta property=\"og:image:width\" content=\"374\" \/>\n\t<meta property=\"og:image:height\" content=\"562\" \/>\n\t<meta property=\"og:image:type\" content=\"image\/jpeg\" \/>\n<meta name=\"author\" content=\"Henrik Lindberg\" \/>\n<meta name=\"twitter:card\" content=\"summary_large_image\" \/>\n<meta name=\"twitter:label1\" content=\"Skriven av\" \/>\n\t<meta name=\"twitter:data1\" content=\"Henrik Lindberg\" \/>\n\t<meta name=\"twitter:label2\" content=\"Ber\u00e4knad l\u00e4stid\" \/>\n\t<meta name=\"twitter:data2\" content=\"1 minut\" \/>\n<script type=\"application\/ld+json\" class=\"yoast-schema-graph\">{\"@context\":\"https:\\\/\\\/schema.org\",\"@graph\":[{\"@type\":\"Article\",\"@id\":\"https:\\\/\\\/wp.kristdemokraterna.se\\\/nacka\\\/anders-tiger-gruppledare\\\/#article\",\"isPartOf\":{\"@id\":\"https:\\\/\\\/wp.kristdemokraterna.se\\\/nacka\\\/anders-tiger-gruppledare\\\/\"},\"author\":{\"name\":\"Henrik Lindberg\",\"@id\":\"https:\\\/\\\/wp.kristdemokraterna.se\\\/nacka\\\/#\\\/schema\\\/person\\\/b48b358cf9875c27c3acdf1c8d2fc8f1\"},\"headline\":\"Anders Tiger &#8211; Gruppledare\",\"datePublished\":\"2022-05-20T08:09:28+00:00\",\"dateModified\":\"2022-05-20T08:16:54+00:00\",\"mainEntityOfPage\":{\"@id\":\"https:\\\/\\\/wp.kristdemokraterna.se\\\/nacka\\\/anders-tiger-gruppledare\\\/\"},\"wordCount\":166,\"articleSection\":[\"Inl\u00e4gg\"],\"inLanguage\":\"sv-SE\"},{\"@type\":\"WebPage\",\"@id\":\"https:\\\/\\\/wp.kristdemokraterna.se\\\/nacka\\\/anders-tiger-gruppledare\\\/\",\"url\":\"https:\\\/\\\/wp.kristdemokraterna.se\\\/nacka\\\/anders-tiger-gruppledare\\\/\",\"name\":\"Anders Tiger - Gruppledare - Kristdemokraterna i Nacka\",\"isPartOf\":{\"@id\":\"https:\\\/\\\/wp.kristdemokraterna.se\\\/nacka\\\/#website\"},\"datePublished\":\"2022-05-20T08:09:28+00:00\",\"dateModified\":\"2022-05-20T08:16:54+00:00\",\"author\":{\"@id\":\"https:\\\/\\\/wp.kristdemokraterna.se\\\/nacka\\\/#\\\/schema\\\/person\\\/b48b358cf9875c27c3acdf1c8d2fc8f1\"},\"breadcrumb\":{\"@id\":\"https:\\\/\\\/wp.kristdemokraterna.se\\\/nacka\\\/anders-tiger-gruppledare\\\/#breadcrumb\"},\"inLanguage\":\"sv-SE\",\"potentialAction\":[{\"@type\":\"ReadAction\",\"target\":[\"https:\\\/\\\/wp.kristdemokraterna.se\\\/nacka\\\/anders-tiger-gruppledare\\\/\"]}]},{\"@type\":\"BreadcrumbList\",\"@id\":\"https:\\\/\\\/wp.kristdemokraterna.se\\\/nacka\\\/anders-tiger-gruppledare\\\/#breadcrumb\",\"itemListElement\":[{\"@type\":\"ListItem\",\"position\":1,\"name\":\"Hem\",\"item\":\"https:\\\/\\\/wp.kristdemokraterna.se\\\/nacka\\\/\"},{\"@type\":\"ListItem\",\"position\":2,\"name\":\"Anders Tiger &#8211; Gruppledare\"}]},{\"@type\":\"WebSite\",\"@id\":\"https:\\\/\\\/wp.kristdemokraterna.se\\\/nacka\\\/#website\",\"url\":\"https:\\\/\\\/wp.kristdemokraterna.se\\\/nacka\\\/\",\"name\":\"Kristdemokraterna i Nacka\",\"description\":\"Vi \u00e4r hj\u00e4rtat till h\u00f6ger\",\"inLanguage\":\"sv-SE\"},{\"@type\":\"Person\",\"@id\":\"https:\\\/\\\/wp.kristdemokraterna.se\\\/nacka\\\/#\\\/schema\\\/person\\\/b48b358cf9875c27c3acdf1c8d2fc8f1\",\"name\":\"Henrik Lindberg\",\"image\":{\"@type\":\"ImageObject\",\"inLanguage\":\"sv-SE\",\"@id\":\"https:\\\/\\\/secure.gravatar.com\\\/avatar\\\/497ef276c180208a266e066d54f9bc20528edb9b95adda3de62b2fe05abf6405?s=96&d=mm&r=g\",\"url\":\"https:\\\/\\\/secure.gravatar.com\\\/avatar\\\/497ef276c180208a266e066d54f9bc20528edb9b95adda3de62b2fe05abf6405?s=96&d=mm&r=g\",\"contentUrl\":\"https:\\\/\\\/secure.gravatar.com\\\/avatar\\\/497ef276c180208a266e066d54f9bc20528edb9b95adda3de62b2fe05abf6405?s=96&d=mm&r=g\",\"caption\":\"Henrik Lindberg\"},\"url\":\"https:\\\/\\\/wp.kristdemokraterna.se\\\/nacka\\\/author\\\/henriknacka\\\/\"}]}<\/script>\n<!-- \/ Yoast SEO plugin. -->","yoast_head_json":{"title":"Anders Tiger - Gruppledare - Kristdemokraterna i Nacka","robots":{"index":"index","follow":"follow","max-snippet":"max-snippet:-1","max-image-preview":"max-image-preview:large","max-video-preview":"max-video-preview:-1"},"canonical":"https:\/\/wp.kristdemokraterna.se\/nacka\/anders-tiger-gruppledare\/","og_locale":"sv_SE","og_type":"article","og_title":"Anders Tiger - Gruppledare - Kristdemokraterna i Nacka","og_description":"Namn: Anders Tiger \u00c5lder: 72 \u00e5r Bostadsomr\u00e5de: Alphyddan Politiskt uppdrag: Gruppledare, Ordf\u00f6rande i Val och demokratin\u00e4mnden, Ledamot i milj\u00f6- och stadsbyggnadsn\u00e4mnden Civilt yrke: Journalist, men i min firma ing\u00e5r b\u00e5de journalistik och snickeri Varf\u00f6r \u00e4r du Kristdemokrat: I en komplex v\u00e4rd beh\u00f6vs enkla goda principer som riktningsgivare. Kristdemokraterna styrs av n\u00e5gra s\u00e5dana. Respekten f\u00f6r individen L\u00e4s mer","og_url":"https:\/\/wp.kristdemokraterna.se\/nacka\/anders-tiger-gruppledare\/","og_site_name":"Kristdemokraterna i Nacka","article_published_time":"2022-05-20T08:09:28+00:00","article_modified_time":"2022-05-20T08:16:54+00:00","og_image":[{"width":374,"height":562,"url":"https:\/\/wp.kristdemokraterna.se\/nacka\/files\/2022\/02\/dsc4935-scaled-e1653033683836.jpg","type":"image\/jpeg"}],"author":"Henrik Lindberg","twitter_card":"summary_large_image","twitter_misc":{"Skriven av":"Henrik Lindberg","Ber\u00e4knad l\u00e4stid":"1 minut"},"schema":{"@context":"https:\/\/schema.org","@graph":[{"@type":"Article","@id":"https:\/\/wp.kristdemokraterna.se\/nacka\/anders-tiger-gruppledare\/#article","isPartOf":{"@id":"https:\/\/wp.kristdemokraterna.se\/nacka\/anders-tiger-gruppledare\/"},"author":{"name":"Henrik Lindberg","@id":"https:\/\/wp.kristdemokraterna.se\/nacka\/#\/schema\/person\/b48b358cf9875c27c3acdf1c8d2fc8f1"},"headline":"Anders Tiger &#8211; Gruppledare","datePublished":"2022-05-20T08:09:28+00:00","dateModified":"2022-05-20T08:16:54+00:00","mainEntityOfPage":{"@id":"https:\/\/wp.kristdemokraterna.se\/nacka\/anders-tiger-gruppledare\/"},"wordCount":166,"articleSection":["Inl\u00e4gg"],"inLanguage":"sv-SE"},{"@type":"WebPage","@id":"https:\/\/wp.kristdemokraterna.se\/nacka\/anders-tiger-gruppledare\/","url":"https:\/\/wp.kristdemokraterna.se\/nacka\/anders-tiger-gruppledare\/","name":"Anders Tiger - Gruppledare - Kristdemokraterna i Nacka","isPartOf":{"@id":"https:\/\/wp.kristdemokraterna.se\/nacka\/#website"},"datePublished":"2022-05-20T08:09:28+00:00","dateModified":"2022-05-20T08:16:54+00:00","author":{"@id":"https:\/\/wp.kristdemokraterna.se\/nacka\/#\/schema\/person\/b48b358cf9875c27c3acdf1c8d2fc8f1"},"breadcrumb":{"@id":"https:\/\/wp.kristdemokraterna.se\/nacka\/anders-tiger-gruppledare\/#breadcrumb"},"inLanguage":"sv-SE","potentialAction":[{"@type":"ReadAction","target":["https:\/\/wp.kristdemokraterna.se\/nacka\/anders-tiger-gruppledare\/"]}]},{"@type":"BreadcrumbList","@id":"https:\/\/wp.kristdemokraterna.se\/nacka\/anders-tiger-gruppledare\/#breadcrumb","itemListElement":[{"@type":"ListItem","position":1,"name":"Hem","item":"https:\/\/wp.kristdemokraterna.se\/nacka\/"},{"@type":"ListItem","position":2,"name":"Anders Tiger &#8211; Gruppledare"}]},{"@type":"WebSite","@id":"https:\/\/wp.kristdemokraterna.se\/nacka\/#website","url":"https:\/\/wp.kristdemokraterna.se\/nacka\/","name":"Kristdemokraterna i Nacka","description":"Vi \u00e4r hj\u00e4rtat till h\u00f6ger","inLanguage":"sv-SE"},{"@type":"Person","@id":"https:\/\/wp.kristdemokraterna.se\/nacka\/#\/schema\/person\/b48b358cf9875c27c3acdf1c8d2fc8f1","name":"Henrik Lindberg","image":{"@type":"ImageObject","inLanguage":"sv-SE","@id":"https:\/\/secure.gravatar.com\/avatar\/497ef276c180208a266e066d54f9bc20528edb9b95adda3de62b2fe05abf6405?s=96&d=mm&r=g","url":"https:\/\/secure.gravatar.com\/avatar\/497ef276c180208a266e066d54f9bc20528edb9b95adda3de62b2fe05abf6405?s=96&d=mm&r=g","contentUrl":"https:\/\/secure.gravatar.com\/avatar\/497ef276c180208a266e066d54f9bc20528edb9b95adda3de62b2fe05abf6405?s=96&d=mm&r=g","caption":"Henrik Lindberg"},"url":"https:\/\/wp.kristdemokraterna.se\/nacka\/author\/henriknacka\/"}]}},"_links":{"self":[{"href":"https:\/\/wp.kristdemokraterna.se\/nacka\/wp-json\/wp\/v2\/posts\/802","targetHints":{"allow":["GET"]}}],"collection":[{"href":"https:\/\/wp.kristdemokraterna.se\/nacka\/wp-json\/wp\/v2\/posts"}],"about":[{"href":"https:\/\/wp.kristdemokraterna.se\/nacka\/wp-json\/wp\/v2\/types\/post"}],"author":[{"embeddable":true,"href":"https:\/\/wp.kristdemokraterna.se\/nacka\/wp-json\/wp\/v2\/users\/1020"}],"replies":[{"embeddable":true,"href":"https:\/\/wp.kristdemokraterna.se\/nacka\/wp-json\/wp\/v2\/comments?post=802"}],"version-history":[{"count":7,"href":"https:\/\/wp.kristdemokraterna.se\/nacka\/wp-json\/wp\/v2\/posts\/802\/revisions"}],"predecessor-version":[{"id":813,"href":"https:\/\/wp.kristdemokraterna.se\/nacka\/wp-json\/wp\/v2\/posts\/802\/revisions\/813"}],"wp:attachment":[{"href":"https:\/\/wp.kristdemokraterna.se\/nacka\/wp-json\/wp\/v2\/media?parent=802"}],"wp:term":[{"taxonomy":"category","embeddable":true,"href":"https:\/\/wp.kristdemokraterna.se\/nacka\/wp-json\/wp\/v2\/categories?post=802"},{"taxonomy":"post_tag","embeddable":true,"href":"https:\/\/wp.kristdemokraterna.se\/nacka\/wp-json\/wp\/v2\/tags?post=802"}],"curies":[{"name":"wp","href":"https:\/\/api.w.org\/{rel}","templated":true}]}}