{"id":819,"date":"2022-06-01T10:04:20","date_gmt":"2022-06-01T08:04:20","guid":{"rendered":"https:\/\/wp.kristdemokraterna.se\/nacka\/?p=819"},"modified":"2022-06-01T15:30:48","modified_gmt":"2022-06-01T13:30:48","slug":"martin-gunnesson-ordforande","status":"publish","type":"post","link":"https:\/\/wp.kristdemokraterna.se\/nacka\/martin-gunnesson-ordforande\/","title":{"rendered":"Martin Gunnesson &#8211; Ordf\u00f6rande"},"content":{"rendered":"<p><strong>Namn<\/strong>: Martin Gunnesson<br \/>\n<strong>\u00c5lder<\/strong>: 46<br \/>\n<strong>Bostadsomr\u00e5de<\/strong>: Duvn\u00e4s utskog<br \/>\n<strong>Politiskt<\/strong> <strong>uppdrag<\/strong>: Ledamot Utbildningsn\u00e4mnden &amp; Fritidsn\u00e4mnden, Partiavdelningsordf\u00f6rande<br \/>\n<strong>Civilt<\/strong> <strong>yrke<\/strong>: Gymnasiel\u00e4rare<br \/>\n<strong>Varf\u00f6r \u00e4r du Kristdemokrat<\/strong>: Ideologisk \u00f6vertygelse.\u00a0 Kristdemokratin \u00e4r den enda ideologi som st\u00e5r f\u00f6r att b\u00e5de v\u00e5rda och utveckla det goda vi har, som omfamnar frihet &amp; ansvar, och aldrig gl\u00f6mmer att m\u00e4nniskan \u00e4r felbar.<\/p>\n<p><strong>Din viktigaste fr\u00e5ga p\u00e5 riksniv\u00e5<\/strong>: F\u00f6rsvarets och utbildningsv\u00e4sendets upprustning, p\u00e5 alla niv\u00e5er.<br \/>\n<strong>Din viktigaste fr\u00e5ga lokalt<\/strong>: Hur vi bygger ett robust, m\u00e4nniskov\u00e4nligt och vackert Nacka.<br \/>\n<strong>Din st\u00f6rsta hobby<\/strong>: L\u00e4sa &amp; skriva<br \/>\n<strong>En kul sak om dig<\/strong>: Det f\u00e5r n\u00e5gon g\u00e4rna ber\u00e4tta f\u00f6r mig.<\/p>\n","protected":false},"excerpt":{"rendered":"<p>Namn: Martin Gunnesson \u00c5lder: 46 Bostadsomr\u00e5de: Duvn\u00e4s utskog Politiskt uppdrag: Ledamot Utbildningsn\u00e4mnden &amp; Fritidsn\u00e4mnden, Partiavdelningsordf\u00f6rande Civilt yrke: Gymnasiel\u00e4rare Varf\u00f6r \u00e4r du Kristdemokrat: Ideologisk \u00f6vertygelse.\u00a0 Kristdemokratin \u00e4r den enda ideologi som st\u00e5r f\u00f6r att b\u00e5de v\u00e5rda och utveckla det goda vi har, som omfamnar frihet &amp; ansvar, och aldrig gl\u00f6mmer att m\u00e4nniskan \u00e4r felbar. Din viktigaste <a class=\"read-more-link\" href=\"https:\/\/wp.kristdemokraterna.se\/nacka\/martin-gunnesson-ordforande\/\">L\u00e4s mer<\/a><\/p>\n","protected":false},"author":1020,"featured_media":0,"comment_status":"closed","ping_status":"closed","sticky":false,"template":"","format":"standard","meta":{"_acf_changed":false,"footnotes":""},"categories":[11],"tags":[],"class_list":["post-819","post","type-post","status-publish","format-standard","hentry","category-inlagg"],"acf":[],"yoast_head":"<!-- This site is optimized with the Yoast SEO plugin v27.4 - https:\/\/yoast.com\/product\/yoast-seo-wordpress\/ -->\n<title>Martin Gunnesson - Ordf\u00f6rande - Kristdemokraterna i Nacka<\/title>\n<meta name=\"robots\" content=\"index, follow, max-snippet:-1, max-image-preview:large, max-video-preview:-1\" \/>\n<link rel=\"canonical\" href=\"https:\/\/wp.kristdemokraterna.se\/nacka\/martin-gunnesson-ordforande\/\" \/>\n<meta property=\"og:locale\" content=\"sv_SE\" \/>\n<meta property=\"og:type\" content=\"article\" \/>\n<meta property=\"og:title\" content=\"Martin Gunnesson - Ordf\u00f6rande - Kristdemokraterna i Nacka\" \/>\n<meta property=\"og:description\" content=\"Namn: Martin Gunnesson \u00c5lder: 46 Bostadsomr\u00e5de: Duvn\u00e4s utskog Politiskt uppdrag: Ledamot Utbildningsn\u00e4mnden &amp; Fritidsn\u00e4mnden, Partiavdelningsordf\u00f6rande Civilt yrke: Gymnasiel\u00e4rare Varf\u00f6r \u00e4r du Kristdemokrat: Ideologisk \u00f6vertygelse.\u00a0 Kristdemokratin \u00e4r den enda ideologi som st\u00e5r f\u00f6r att b\u00e5de v\u00e5rda och utveckla det goda vi har, som omfamnar frihet &amp; ansvar, och aldrig gl\u00f6mmer att m\u00e4nniskan \u00e4r felbar. Din viktigaste L\u00e4s mer\" \/>\n<meta property=\"og:url\" content=\"https:\/\/wp.kristdemokraterna.se\/nacka\/martin-gunnesson-ordforande\/\" \/>\n<meta property=\"og:site_name\" content=\"Kristdemokraterna i Nacka\" \/>\n<meta property=\"article:published_time\" content=\"2022-06-01T08:04:20+00:00\" \/>\n<meta property=\"article:modified_time\" content=\"2022-06-01T13:30:48+00:00\" \/>\n<meta property=\"og:image\" content=\"https:\/\/wp.kristdemokraterna.se\/nacka\/files\/2022\/06\/marting-scaled-e1654071394830-1013x1024.jpg\" \/>\n\t<meta property=\"og:image:width\" content=\"1013\" \/>\n\t<meta property=\"og:image:height\" content=\"1024\" \/>\n\t<meta property=\"og:image:type\" content=\"image\/jpeg\" \/>\n<meta name=\"author\" content=\"Henrik Lindberg\" \/>\n<meta name=\"twitter:card\" content=\"summary_large_image\" \/>\n<meta name=\"twitter:label1\" content=\"Skriven av\" \/>\n\t<meta name=\"twitter:data1\" content=\"Henrik Lindberg\" \/>\n\t<meta name=\"twitter:label2\" content=\"Ber\u00e4knad l\u00e4stid\" \/>\n\t<meta name=\"twitter:data2\" content=\"1 minut\" \/>\n<script type=\"application\/ld+json\" class=\"yoast-schema-graph\">{\"@context\":\"https:\\\/\\\/schema.org\",\"@graph\":[{\"@type\":\"Article\",\"@id\":\"https:\\\/\\\/wp.kristdemokraterna.se\\\/nacka\\\/martin-gunnesson-ordforande\\\/#article\",\"isPartOf\":{\"@id\":\"https:\\\/\\\/wp.kristdemokraterna.se\\\/nacka\\\/martin-gunnesson-ordforande\\\/\"},\"author\":{\"name\":\"Henrik Lindberg\",\"@id\":\"https:\\\/\\\/wp.kristdemokraterna.se\\\/nacka\\\/#\\\/schema\\\/person\\\/b48b358cf9875c27c3acdf1c8d2fc8f1\"},\"headline\":\"Martin Gunnesson &#8211; Ordf\u00f6rande\",\"datePublished\":\"2022-06-01T08:04:20+00:00\",\"dateModified\":\"2022-06-01T13:30:48+00:00\",\"mainEntityOfPage\":{\"@id\":\"https:\\\/\\\/wp.kristdemokraterna.se\\\/nacka\\\/martin-gunnesson-ordforande\\\/\"},\"wordCount\":127,\"articleSection\":[\"Inl\u00e4gg\"],\"inLanguage\":\"sv-SE\"},{\"@type\":\"WebPage\",\"@id\":\"https:\\\/\\\/wp.kristdemokraterna.se\\\/nacka\\\/martin-gunnesson-ordforande\\\/\",\"url\":\"https:\\\/\\\/wp.kristdemokraterna.se\\\/nacka\\\/martin-gunnesson-ordforande\\\/\",\"name\":\"Martin Gunnesson - Ordf\u00f6rande - Kristdemokraterna i Nacka\",\"isPartOf\":{\"@id\":\"https:\\\/\\\/wp.kristdemokraterna.se\\\/nacka\\\/#website\"},\"datePublished\":\"2022-06-01T08:04:20+00:00\",\"dateModified\":\"2022-06-01T13:30:48+00:00\",\"author\":{\"@id\":\"https:\\\/\\\/wp.kristdemokraterna.se\\\/nacka\\\/#\\\/schema\\\/person\\\/b48b358cf9875c27c3acdf1c8d2fc8f1\"},\"breadcrumb\":{\"@id\":\"https:\\\/\\\/wp.kristdemokraterna.se\\\/nacka\\\/martin-gunnesson-ordforande\\\/#breadcrumb\"},\"inLanguage\":\"sv-SE\",\"potentialAction\":[{\"@type\":\"ReadAction\",\"target\":[\"https:\\\/\\\/wp.kristdemokraterna.se\\\/nacka\\\/martin-gunnesson-ordforande\\\/\"]}]},{\"@type\":\"BreadcrumbList\",\"@id\":\"https:\\\/\\\/wp.kristdemokraterna.se\\\/nacka\\\/martin-gunnesson-ordforande\\\/#breadcrumb\",\"itemListElement\":[{\"@type\":\"ListItem\",\"position\":1,\"name\":\"Hem\",\"item\":\"https:\\\/\\\/wp.kristdemokraterna.se\\\/nacka\\\/\"},{\"@type\":\"ListItem\",\"position\":2,\"name\":\"Martin Gunnesson &#8211; Ordf\u00f6rande\"}]},{\"@type\":\"WebSite\",\"@id\":\"https:\\\/\\\/wp.kristdemokraterna.se\\\/nacka\\\/#website\",\"url\":\"https:\\\/\\\/wp.kristdemokraterna.se\\\/nacka\\\/\",\"name\":\"Kristdemokraterna i Nacka\",\"description\":\"Vi \u00e4r hj\u00e4rtat till h\u00f6ger\",\"inLanguage\":\"sv-SE\"},{\"@type\":\"Person\",\"@id\":\"https:\\\/\\\/wp.kristdemokraterna.se\\\/nacka\\\/#\\\/schema\\\/person\\\/b48b358cf9875c27c3acdf1c8d2fc8f1\",\"name\":\"Henrik Lindberg\",\"image\":{\"@type\":\"ImageObject\",\"inLanguage\":\"sv-SE\",\"@id\":\"https:\\\/\\\/secure.gravatar.com\\\/avatar\\\/497ef276c180208a266e066d54f9bc20528edb9b95adda3de62b2fe05abf6405?s=96&d=mm&r=g\",\"url\":\"https:\\\/\\\/secure.gravatar.com\\\/avatar\\\/497ef276c180208a266e066d54f9bc20528edb9b95adda3de62b2fe05abf6405?s=96&d=mm&r=g\",\"contentUrl\":\"https:\\\/\\\/secure.gravatar.com\\\/avatar\\\/497ef276c180208a266e066d54f9bc20528edb9b95adda3de62b2fe05abf6405?s=96&d=mm&r=g\",\"caption\":\"Henrik Lindberg\"},\"url\":\"https:\\\/\\\/wp.kristdemokraterna.se\\\/nacka\\\/author\\\/henriknacka\\\/\"}]}<\/script>\n<!-- \/ Yoast SEO plugin. -->","yoast_head_json":{"title":"Martin Gunnesson - Ordf\u00f6rande - Kristdemokraterna i Nacka","robots":{"index":"index","follow":"follow","max-snippet":"max-snippet:-1","max-image-preview":"max-image-preview:large","max-video-preview":"max-video-preview:-1"},"canonical":"https:\/\/wp.kristdemokraterna.se\/nacka\/martin-gunnesson-ordforande\/","og_locale":"sv_SE","og_type":"article","og_title":"Martin Gunnesson - Ordf\u00f6rande - Kristdemokraterna i Nacka","og_description":"Namn: Martin Gunnesson \u00c5lder: 46 Bostadsomr\u00e5de: Duvn\u00e4s utskog Politiskt uppdrag: Ledamot Utbildningsn\u00e4mnden &amp; Fritidsn\u00e4mnden, Partiavdelningsordf\u00f6rande Civilt yrke: Gymnasiel\u00e4rare Varf\u00f6r \u00e4r du Kristdemokrat: Ideologisk \u00f6vertygelse.\u00a0 Kristdemokratin \u00e4r den enda ideologi som st\u00e5r f\u00f6r att b\u00e5de v\u00e5rda och utveckla det goda vi har, som omfamnar frihet &amp; ansvar, och aldrig gl\u00f6mmer att m\u00e4nniskan \u00e4r felbar. Din viktigaste L\u00e4s mer","og_url":"https:\/\/wp.kristdemokraterna.se\/nacka\/martin-gunnesson-ordforande\/","og_site_name":"Kristdemokraterna i Nacka","article_published_time":"2022-06-01T08:04:20+00:00","article_modified_time":"2022-06-01T13:30:48+00:00","og_image":[{"width":1013,"height":1024,"url":"https:\/\/wp.kristdemokraterna.se\/nacka\/files\/2022\/06\/marting-scaled-e1654071394830-1013x1024.jpg","type":"image\/jpeg"}],"author":"Henrik Lindberg","twitter_card":"summary_large_image","twitter_misc":{"Skriven av":"Henrik Lindberg","Ber\u00e4knad l\u00e4stid":"1 minut"},"schema":{"@context":"https:\/\/schema.org","@graph":[{"@type":"Article","@id":"https:\/\/wp.kristdemokraterna.se\/nacka\/martin-gunnesson-ordforande\/#article","isPartOf":{"@id":"https:\/\/wp.kristdemokraterna.se\/nacka\/martin-gunnesson-ordforande\/"},"author":{"name":"Henrik Lindberg","@id":"https:\/\/wp.kristdemokraterna.se\/nacka\/#\/schema\/person\/b48b358cf9875c27c3acdf1c8d2fc8f1"},"headline":"Martin Gunnesson &#8211; Ordf\u00f6rande","datePublished":"2022-06-01T08:04:20+00:00","dateModified":"2022-06-01T13:30:48+00:00","mainEntityOfPage":{"@id":"https:\/\/wp.kristdemokraterna.se\/nacka\/martin-gunnesson-ordforande\/"},"wordCount":127,"articleSection":["Inl\u00e4gg"],"inLanguage":"sv-SE"},{"@type":"WebPage","@id":"https:\/\/wp.kristdemokraterna.se\/nacka\/martin-gunnesson-ordforande\/","url":"https:\/\/wp.kristdemokraterna.se\/nacka\/martin-gunnesson-ordforande\/","name":"Martin Gunnesson - Ordf\u00f6rande - Kristdemokraterna i Nacka","isPartOf":{"@id":"https:\/\/wp.kristdemokraterna.se\/nacka\/#website"},"datePublished":"2022-06-01T08:04:20+00:00","dateModified":"2022-06-01T13:30:48+00:00","author":{"@id":"https:\/\/wp.kristdemokraterna.se\/nacka\/#\/schema\/person\/b48b358cf9875c27c3acdf1c8d2fc8f1"},"breadcrumb":{"@id":"https:\/\/wp.kristdemokraterna.se\/nacka\/martin-gunnesson-ordforande\/#breadcrumb"},"inLanguage":"sv-SE","potentialAction":[{"@type":"ReadAction","target":["https:\/\/wp.kristdemokraterna.se\/nacka\/martin-gunnesson-ordforande\/"]}]},{"@type":"BreadcrumbList","@id":"https:\/\/wp.kristdemokraterna.se\/nacka\/martin-gunnesson-ordforande\/#breadcrumb","itemListElement":[{"@type":"ListItem","position":1,"name":"Hem","item":"https:\/\/wp.kristdemokraterna.se\/nacka\/"},{"@type":"ListItem","position":2,"name":"Martin Gunnesson &#8211; Ordf\u00f6rande"}]},{"@type":"WebSite","@id":"https:\/\/wp.kristdemokraterna.se\/nacka\/#website","url":"https:\/\/wp.kristdemokraterna.se\/nacka\/","name":"Kristdemokraterna i Nacka","description":"Vi \u00e4r hj\u00e4rtat till h\u00f6ger","inLanguage":"sv-SE"},{"@type":"Person","@id":"https:\/\/wp.kristdemokraterna.se\/nacka\/#\/schema\/person\/b48b358cf9875c27c3acdf1c8d2fc8f1","name":"Henrik Lindberg","image":{"@type":"ImageObject","inLanguage":"sv-SE","@id":"https:\/\/secure.gravatar.com\/avatar\/497ef276c180208a266e066d54f9bc20528edb9b95adda3de62b2fe05abf6405?s=96&d=mm&r=g","url":"https:\/\/secure.gravatar.com\/avatar\/497ef276c180208a266e066d54f9bc20528edb9b95adda3de62b2fe05abf6405?s=96&d=mm&r=g","contentUrl":"https:\/\/secure.gravatar.com\/avatar\/497ef276c180208a266e066d54f9bc20528edb9b95adda3de62b2fe05abf6405?s=96&d=mm&r=g","caption":"Henrik Lindberg"},"url":"https:\/\/wp.kristdemokraterna.se\/nacka\/author\/henriknacka\/"}]}},"_links":{"self":[{"href":"https:\/\/wp.kristdemokraterna.se\/nacka\/wp-json\/wp\/v2\/posts\/819","targetHints":{"allow":["GET"]}}],"collection":[{"href":"https:\/\/wp.kristdemokraterna.se\/nacka\/wp-json\/wp\/v2\/posts"}],"about":[{"href":"https:\/\/wp.kristdemokraterna.se\/nacka\/wp-json\/wp\/v2\/types\/post"}],"author":[{"embeddable":true,"href":"https:\/\/wp.kristdemokraterna.se\/nacka\/wp-json\/wp\/v2\/users\/1020"}],"replies":[{"embeddable":true,"href":"https:\/\/wp.kristdemokraterna.se\/nacka\/wp-json\/wp\/v2\/comments?post=819"}],"version-history":[{"count":7,"href":"https:\/\/wp.kristdemokraterna.se\/nacka\/wp-json\/wp\/v2\/posts\/819\/revisions"}],"predecessor-version":[{"id":829,"href":"https:\/\/wp.kristdemokraterna.se\/nacka\/wp-json\/wp\/v2\/posts\/819\/revisions\/829"}],"wp:attachment":[{"href":"https:\/\/wp.kristdemokraterna.se\/nacka\/wp-json\/wp\/v2\/media?parent=819"}],"wp:term":[{"taxonomy":"category","embeddable":true,"href":"https:\/\/wp.kristdemokraterna.se\/nacka\/wp-json\/wp\/v2\/categories?post=819"},{"taxonomy":"post_tag","embeddable":true,"href":"https:\/\/wp.kristdemokraterna.se\/nacka\/wp-json\/wp\/v2\/tags?post=819"}],"curies":[{"name":"wp","href":"https:\/\/api.w.org\/{rel}","templated":true}]}}