{"id":874,"date":"2022-07-05T12:59:31","date_gmt":"2022-07-05T10:59:31","guid":{"rendered":"https:\/\/wp.kristdemokraterna.se\/nacka\/?p=874"},"modified":"2022-07-05T13:03:42","modified_gmt":"2022-07-05T11:03:42","slug":"rebecka-hellstrom-ersattare-i-kulturnamnden","status":"publish","type":"post","link":"https:\/\/wp.kristdemokraterna.se\/nacka\/rebecka-hellstrom-ersattare-i-kulturnamnden\/","title":{"rendered":"Rebecka Hellstr\u00f6m &#8211; Ers\u00e4ttare i Kulturn\u00e4mnden"},"content":{"rendered":"<p><strong>Namn<\/strong>: Rebecka Hellstr\u00f6m<br \/>\n<strong>\u00c5lder<\/strong>: 18<br \/>\n<strong>Bostadsomr\u00e5de<\/strong>: Ekn\u00e4s<br \/>\n<strong>Politiskt<\/strong> <strong>uppdrag<\/strong>: Ers\u00e4ttare i Kulturn\u00e4mnden<br \/>\n<strong>Civilt<\/strong> <strong>yrke<\/strong>: Bitr\u00e4dande borgarr\u00e5dssekreterare i Stockholms Stad, jobbar framf\u00f6r allt med kampanj<\/p>\n<p><strong>Varf\u00f6r \u00e4r du Kristdemokrat<\/strong>: F\u00f6r att Kristdemokraterna \u00e4r det enda parti som ser m\u00e4nniskan framf\u00f6r systemet, p\u00e5 riktigt. F\u00f6r att vi lyckas oms\u00e4tta mjuka v\u00e4rderingar i kraftfulla reformer.<\/p>\n<p><strong>Din viktigaste fr\u00e5ga p\u00e5 riksniv\u00e5<\/strong>: Att alla barn ska kunna f\u00e5 en trygg uppv\u00e4xt, genom att st\u00e4rka LSS, f\u00f6rb\u00e4ttra situationen f\u00f6r tv\u00e5ngsplacerade barn, f\u00e5 ordning p\u00e5 skolan och trygghetsproblemen.<\/p>\n<p><strong>Din viktigaste fr\u00e5ga lokalt<\/strong>: Att vi skall bygga snyggt och funktionellt, samt att alla barn skall f\u00e5 k\u00e4nna sig trygga i sina bostadsomr\u00e5den, i sin skola och under sin fritid.<\/p>\n<p><strong>Din st\u00f6rsta hobby<\/strong>:\u00a0Tr\u00e4ning!<\/p>\n<p><strong>En kul sak om dig<\/strong>: Jag har en stor k\u00e4rlek f\u00f6r att l\u00e4sa b\u00f6cker! L\u00e4ser ett femtiotal om \u00e5ret!<\/p>\n","protected":false},"excerpt":{"rendered":"<p>Namn: Rebecka Hellstr\u00f6m \u00c5lder: 18 Bostadsomr\u00e5de: Ekn\u00e4s Politiskt uppdrag: Ers\u00e4ttare i Kulturn\u00e4mnden Civilt yrke: Bitr\u00e4dande borgarr\u00e5dssekreterare i Stockholms Stad, jobbar framf\u00f6r allt med kampanj Varf\u00f6r \u00e4r du Kristdemokrat: F\u00f6r att Kristdemokraterna \u00e4r det enda parti som ser m\u00e4nniskan framf\u00f6r systemet, p\u00e5 riktigt. F\u00f6r att vi lyckas oms\u00e4tta mjuka v\u00e4rderingar i kraftfulla reformer. Din viktigaste fr\u00e5ga <a class=\"read-more-link\" href=\"https:\/\/wp.kristdemokraterna.se\/nacka\/rebecka-hellstrom-ersattare-i-kulturnamnden\/\">L\u00e4s mer<\/a><\/p>\n","protected":false},"author":1020,"featured_media":0,"comment_status":"closed","ping_status":"closed","sticky":false,"template":"","format":"standard","meta":{"_acf_changed":false,"footnotes":""},"categories":[11],"tags":[],"class_list":["post-874","post","type-post","status-publish","format-standard","hentry","category-inlagg"],"acf":[],"yoast_head":"<!-- This site is optimized with the Yoast SEO plugin v27.4 - https:\/\/yoast.com\/product\/yoast-seo-wordpress\/ -->\n<title>Rebecka Hellstr\u00f6m - Ers\u00e4ttare i Kulturn\u00e4mnden - Kristdemokraterna i Nacka<\/title>\n<meta name=\"robots\" content=\"index, follow, max-snippet:-1, max-image-preview:large, max-video-preview:-1\" \/>\n<link rel=\"canonical\" href=\"https:\/\/wp.kristdemokraterna.se\/nacka\/rebecka-hellstrom-ersattare-i-kulturnamnden\/\" \/>\n<meta property=\"og:locale\" content=\"sv_SE\" \/>\n<meta property=\"og:type\" content=\"article\" \/>\n<meta property=\"og:title\" content=\"Rebecka Hellstr\u00f6m - Ers\u00e4ttare i Kulturn\u00e4mnden - Kristdemokraterna i Nacka\" \/>\n<meta property=\"og:description\" content=\"Namn: Rebecka Hellstr\u00f6m \u00c5lder: 18 Bostadsomr\u00e5de: Ekn\u00e4s Politiskt uppdrag: Ers\u00e4ttare i Kulturn\u00e4mnden Civilt yrke: Bitr\u00e4dande borgarr\u00e5dssekreterare i Stockholms Stad, jobbar framf\u00f6r allt med kampanj Varf\u00f6r \u00e4r du Kristdemokrat: F\u00f6r att Kristdemokraterna \u00e4r det enda parti som ser m\u00e4nniskan framf\u00f6r systemet, p\u00e5 riktigt. F\u00f6r att vi lyckas oms\u00e4tta mjuka v\u00e4rderingar i kraftfulla reformer. Din viktigaste fr\u00e5ga L\u00e4s mer\" \/>\n<meta property=\"og:url\" content=\"https:\/\/wp.kristdemokraterna.se\/nacka\/rebecka-hellstrom-ersattare-i-kulturnamnden\/\" \/>\n<meta property=\"og:site_name\" content=\"Kristdemokraterna i Nacka\" \/>\n<meta property=\"article:published_time\" content=\"2022-07-05T10:59:31+00:00\" \/>\n<meta property=\"article:modified_time\" content=\"2022-07-05T11:03:42+00:00\" \/>\n<meta property=\"og:image\" content=\"https:\/\/wp.kristdemokraterna.se\/nacka\/files\/2022\/06\/hfa4937-e1657018890250.jpg\" \/>\n\t<meta property=\"og:image:width\" content=\"683\" \/>\n\t<meta property=\"og:image:height\" content=\"683\" \/>\n\t<meta property=\"og:image:type\" content=\"image\/jpeg\" \/>\n<meta name=\"author\" content=\"Henrik Lindberg\" \/>\n<meta name=\"twitter:card\" content=\"summary_large_image\" \/>\n<meta name=\"twitter:label1\" content=\"Skriven av\" \/>\n\t<meta name=\"twitter:data1\" content=\"Henrik Lindberg\" \/>\n\t<meta name=\"twitter:label2\" content=\"Ber\u00e4knad l\u00e4stid\" \/>\n\t<meta name=\"twitter:data2\" content=\"1 minut\" \/>\n<script type=\"application\/ld+json\" class=\"yoast-schema-graph\">{\"@context\":\"https:\\\/\\\/schema.org\",\"@graph\":[{\"@type\":\"Article\",\"@id\":\"https:\\\/\\\/wp.kristdemokraterna.se\\\/nacka\\\/rebecka-hellstrom-ersattare-i-kulturnamnden\\\/#article\",\"isPartOf\":{\"@id\":\"https:\\\/\\\/wp.kristdemokraterna.se\\\/nacka\\\/rebecka-hellstrom-ersattare-i-kulturnamnden\\\/\"},\"author\":{\"name\":\"Henrik Lindberg\",\"@id\":\"https:\\\/\\\/wp.kristdemokraterna.se\\\/nacka\\\/#\\\/schema\\\/person\\\/b48b358cf9875c27c3acdf1c8d2fc8f1\"},\"headline\":\"Rebecka Hellstr\u00f6m &#8211; Ers\u00e4ttare i Kulturn\u00e4mnden\",\"datePublished\":\"2022-07-05T10:59:31+00:00\",\"dateModified\":\"2022-07-05T11:03:42+00:00\",\"mainEntityOfPage\":{\"@id\":\"https:\\\/\\\/wp.kristdemokraterna.se\\\/nacka\\\/rebecka-hellstrom-ersattare-i-kulturnamnden\\\/\"},\"wordCount\":174,\"articleSection\":[\"Inl\u00e4gg\"],\"inLanguage\":\"sv-SE\"},{\"@type\":\"WebPage\",\"@id\":\"https:\\\/\\\/wp.kristdemokraterna.se\\\/nacka\\\/rebecka-hellstrom-ersattare-i-kulturnamnden\\\/\",\"url\":\"https:\\\/\\\/wp.kristdemokraterna.se\\\/nacka\\\/rebecka-hellstrom-ersattare-i-kulturnamnden\\\/\",\"name\":\"Rebecka Hellstr\u00f6m - Ers\u00e4ttare i Kulturn\u00e4mnden - Kristdemokraterna i Nacka\",\"isPartOf\":{\"@id\":\"https:\\\/\\\/wp.kristdemokraterna.se\\\/nacka\\\/#website\"},\"datePublished\":\"2022-07-05T10:59:31+00:00\",\"dateModified\":\"2022-07-05T11:03:42+00:00\",\"author\":{\"@id\":\"https:\\\/\\\/wp.kristdemokraterna.se\\\/nacka\\\/#\\\/schema\\\/person\\\/b48b358cf9875c27c3acdf1c8d2fc8f1\"},\"breadcrumb\":{\"@id\":\"https:\\\/\\\/wp.kristdemokraterna.se\\\/nacka\\\/rebecka-hellstrom-ersattare-i-kulturnamnden\\\/#breadcrumb\"},\"inLanguage\":\"sv-SE\",\"potentialAction\":[{\"@type\":\"ReadAction\",\"target\":[\"https:\\\/\\\/wp.kristdemokraterna.se\\\/nacka\\\/rebecka-hellstrom-ersattare-i-kulturnamnden\\\/\"]}]},{\"@type\":\"BreadcrumbList\",\"@id\":\"https:\\\/\\\/wp.kristdemokraterna.se\\\/nacka\\\/rebecka-hellstrom-ersattare-i-kulturnamnden\\\/#breadcrumb\",\"itemListElement\":[{\"@type\":\"ListItem\",\"position\":1,\"name\":\"Hem\",\"item\":\"https:\\\/\\\/wp.kristdemokraterna.se\\\/nacka\\\/\"},{\"@type\":\"ListItem\",\"position\":2,\"name\":\"Rebecka Hellstr\u00f6m &#8211; Ers\u00e4ttare i Kulturn\u00e4mnden\"}]},{\"@type\":\"WebSite\",\"@id\":\"https:\\\/\\\/wp.kristdemokraterna.se\\\/nacka\\\/#website\",\"url\":\"https:\\\/\\\/wp.kristdemokraterna.se\\\/nacka\\\/\",\"name\":\"Kristdemokraterna i Nacka\",\"description\":\"Vi \u00e4r hj\u00e4rtat till h\u00f6ger\",\"inLanguage\":\"sv-SE\"},{\"@type\":\"Person\",\"@id\":\"https:\\\/\\\/wp.kristdemokraterna.se\\\/nacka\\\/#\\\/schema\\\/person\\\/b48b358cf9875c27c3acdf1c8d2fc8f1\",\"name\":\"Henrik Lindberg\",\"image\":{\"@type\":\"ImageObject\",\"inLanguage\":\"sv-SE\",\"@id\":\"https:\\\/\\\/secure.gravatar.com\\\/avatar\\\/497ef276c180208a266e066d54f9bc20528edb9b95adda3de62b2fe05abf6405?s=96&d=mm&r=g\",\"url\":\"https:\\\/\\\/secure.gravatar.com\\\/avatar\\\/497ef276c180208a266e066d54f9bc20528edb9b95adda3de62b2fe05abf6405?s=96&d=mm&r=g\",\"contentUrl\":\"https:\\\/\\\/secure.gravatar.com\\\/avatar\\\/497ef276c180208a266e066d54f9bc20528edb9b95adda3de62b2fe05abf6405?s=96&d=mm&r=g\",\"caption\":\"Henrik Lindberg\"},\"url\":\"https:\\\/\\\/wp.kristdemokraterna.se\\\/nacka\\\/author\\\/henriknacka\\\/\"}]}<\/script>\n<!-- \/ Yoast SEO plugin. -->","yoast_head_json":{"title":"Rebecka Hellstr\u00f6m - Ers\u00e4ttare i Kulturn\u00e4mnden - Kristdemokraterna i Nacka","robots":{"index":"index","follow":"follow","max-snippet":"max-snippet:-1","max-image-preview":"max-image-preview:large","max-video-preview":"max-video-preview:-1"},"canonical":"https:\/\/wp.kristdemokraterna.se\/nacka\/rebecka-hellstrom-ersattare-i-kulturnamnden\/","og_locale":"sv_SE","og_type":"article","og_title":"Rebecka Hellstr\u00f6m - Ers\u00e4ttare i Kulturn\u00e4mnden - Kristdemokraterna i Nacka","og_description":"Namn: Rebecka Hellstr\u00f6m \u00c5lder: 18 Bostadsomr\u00e5de: Ekn\u00e4s Politiskt uppdrag: Ers\u00e4ttare i Kulturn\u00e4mnden Civilt yrke: Bitr\u00e4dande borgarr\u00e5dssekreterare i Stockholms Stad, jobbar framf\u00f6r allt med kampanj Varf\u00f6r \u00e4r du Kristdemokrat: F\u00f6r att Kristdemokraterna \u00e4r det enda parti som ser m\u00e4nniskan framf\u00f6r systemet, p\u00e5 riktigt. F\u00f6r att vi lyckas oms\u00e4tta mjuka v\u00e4rderingar i kraftfulla reformer. Din viktigaste fr\u00e5ga L\u00e4s mer","og_url":"https:\/\/wp.kristdemokraterna.se\/nacka\/rebecka-hellstrom-ersattare-i-kulturnamnden\/","og_site_name":"Kristdemokraterna i Nacka","article_published_time":"2022-07-05T10:59:31+00:00","article_modified_time":"2022-07-05T11:03:42+00:00","og_image":[{"width":683,"height":683,"url":"https:\/\/wp.kristdemokraterna.se\/nacka\/files\/2022\/06\/hfa4937-e1657018890250.jpg","type":"image\/jpeg"}],"author":"Henrik Lindberg","twitter_card":"summary_large_image","twitter_misc":{"Skriven av":"Henrik Lindberg","Ber\u00e4knad l\u00e4stid":"1 minut"},"schema":{"@context":"https:\/\/schema.org","@graph":[{"@type":"Article","@id":"https:\/\/wp.kristdemokraterna.se\/nacka\/rebecka-hellstrom-ersattare-i-kulturnamnden\/#article","isPartOf":{"@id":"https:\/\/wp.kristdemokraterna.se\/nacka\/rebecka-hellstrom-ersattare-i-kulturnamnden\/"},"author":{"name":"Henrik Lindberg","@id":"https:\/\/wp.kristdemokraterna.se\/nacka\/#\/schema\/person\/b48b358cf9875c27c3acdf1c8d2fc8f1"},"headline":"Rebecka Hellstr\u00f6m &#8211; Ers\u00e4ttare i Kulturn\u00e4mnden","datePublished":"2022-07-05T10:59:31+00:00","dateModified":"2022-07-05T11:03:42+00:00","mainEntityOfPage":{"@id":"https:\/\/wp.kristdemokraterna.se\/nacka\/rebecka-hellstrom-ersattare-i-kulturnamnden\/"},"wordCount":174,"articleSection":["Inl\u00e4gg"],"inLanguage":"sv-SE"},{"@type":"WebPage","@id":"https:\/\/wp.kristdemokraterna.se\/nacka\/rebecka-hellstrom-ersattare-i-kulturnamnden\/","url":"https:\/\/wp.kristdemokraterna.se\/nacka\/rebecka-hellstrom-ersattare-i-kulturnamnden\/","name":"Rebecka Hellstr\u00f6m - Ers\u00e4ttare i Kulturn\u00e4mnden - Kristdemokraterna i Nacka","isPartOf":{"@id":"https:\/\/wp.kristdemokraterna.se\/nacka\/#website"},"datePublished":"2022-07-05T10:59:31+00:00","dateModified":"2022-07-05T11:03:42+00:00","author":{"@id":"https:\/\/wp.kristdemokraterna.se\/nacka\/#\/schema\/person\/b48b358cf9875c27c3acdf1c8d2fc8f1"},"breadcrumb":{"@id":"https:\/\/wp.kristdemokraterna.se\/nacka\/rebecka-hellstrom-ersattare-i-kulturnamnden\/#breadcrumb"},"inLanguage":"sv-SE","potentialAction":[{"@type":"ReadAction","target":["https:\/\/wp.kristdemokraterna.se\/nacka\/rebecka-hellstrom-ersattare-i-kulturnamnden\/"]}]},{"@type":"BreadcrumbList","@id":"https:\/\/wp.kristdemokraterna.se\/nacka\/rebecka-hellstrom-ersattare-i-kulturnamnden\/#breadcrumb","itemListElement":[{"@type":"ListItem","position":1,"name":"Hem","item":"https:\/\/wp.kristdemokraterna.se\/nacka\/"},{"@type":"ListItem","position":2,"name":"Rebecka Hellstr\u00f6m &#8211; Ers\u00e4ttare i Kulturn\u00e4mnden"}]},{"@type":"WebSite","@id":"https:\/\/wp.kristdemokraterna.se\/nacka\/#website","url":"https:\/\/wp.kristdemokraterna.se\/nacka\/","name":"Kristdemokraterna i Nacka","description":"Vi \u00e4r hj\u00e4rtat till h\u00f6ger","inLanguage":"sv-SE"},{"@type":"Person","@id":"https:\/\/wp.kristdemokraterna.se\/nacka\/#\/schema\/person\/b48b358cf9875c27c3acdf1c8d2fc8f1","name":"Henrik Lindberg","image":{"@type":"ImageObject","inLanguage":"sv-SE","@id":"https:\/\/secure.gravatar.com\/avatar\/497ef276c180208a266e066d54f9bc20528edb9b95adda3de62b2fe05abf6405?s=96&d=mm&r=g","url":"https:\/\/secure.gravatar.com\/avatar\/497ef276c180208a266e066d54f9bc20528edb9b95adda3de62b2fe05abf6405?s=96&d=mm&r=g","contentUrl":"https:\/\/secure.gravatar.com\/avatar\/497ef276c180208a266e066d54f9bc20528edb9b95adda3de62b2fe05abf6405?s=96&d=mm&r=g","caption":"Henrik Lindberg"},"url":"https:\/\/wp.kristdemokraterna.se\/nacka\/author\/henriknacka\/"}]}},"_links":{"self":[{"href":"https:\/\/wp.kristdemokraterna.se\/nacka\/wp-json\/wp\/v2\/posts\/874","targetHints":{"allow":["GET"]}}],"collection":[{"href":"https:\/\/wp.kristdemokraterna.se\/nacka\/wp-json\/wp\/v2\/posts"}],"about":[{"href":"https:\/\/wp.kristdemokraterna.se\/nacka\/wp-json\/wp\/v2\/types\/post"}],"author":[{"embeddable":true,"href":"https:\/\/wp.kristdemokraterna.se\/nacka\/wp-json\/wp\/v2\/users\/1020"}],"replies":[{"embeddable":true,"href":"https:\/\/wp.kristdemokraterna.se\/nacka\/wp-json\/wp\/v2\/comments?post=874"}],"version-history":[{"count":5,"href":"https:\/\/wp.kristdemokraterna.se\/nacka\/wp-json\/wp\/v2\/posts\/874\/revisions"}],"predecessor-version":[{"id":887,"href":"https:\/\/wp.kristdemokraterna.se\/nacka\/wp-json\/wp\/v2\/posts\/874\/revisions\/887"}],"wp:attachment":[{"href":"https:\/\/wp.kristdemokraterna.se\/nacka\/wp-json\/wp\/v2\/media?parent=874"}],"wp:term":[{"taxonomy":"category","embeddable":true,"href":"https:\/\/wp.kristdemokraterna.se\/nacka\/wp-json\/wp\/v2\/categories?post=874"},{"taxonomy":"post_tag","embeddable":true,"href":"https:\/\/wp.kristdemokraterna.se\/nacka\/wp-json\/wp\/v2\/tags?post=874"}],"curies":[{"name":"wp","href":"https:\/\/api.w.org\/{rel}","templated":true}]}}