{"id":969,"date":"2022-09-06T09:44:39","date_gmt":"2022-09-06T07:44:39","guid":{"rendered":"https:\/\/wp.kristdemokraterna.se\/nacka\/?p=969"},"modified":"2022-09-06T10:08:18","modified_gmt":"2022-09-06T08:08:18","slug":"redo-att-starka-det-civila-forsvaret","status":"publish","type":"post","link":"https:\/\/wp.kristdemokraterna.se\/nacka\/redo-att-starka-det-civila-forsvaret\/","title":{"rendered":"Redo att st\u00e4rka det civila f\u00f6rsvaret"},"content":{"rendered":"<p><a href=\"https:\/\/wp.kristdemokraterna.se\/nacka\/files\/2022\/09\/civilt-forsvar-bild.png\"><img loading=\"lazy\" decoding=\"async\" class=\"wp-image-971 size-medium aligncenter\" src=\"https:\/\/wp.kristdemokraterna.se\/nacka\/files\/2022\/09\/civilt-forsvar-bild-215x300.png\" alt=\"\" width=\"215\" height=\"300\" srcset=\"https:\/\/wp.kristdemokraterna.se\/nacka\/files\/2022\/09\/civilt-forsvar-bild-215x300.png 215w, https:\/\/wp.kristdemokraterna.se\/nacka\/files\/2022\/09\/civilt-forsvar-bild-143x200.png 143w, https:\/\/wp.kristdemokraterna.se\/nacka\/files\/2022\/09\/civilt-forsvar-bild-370x516.png 370w, https:\/\/wp.kristdemokraterna.se\/nacka\/files\/2022\/09\/civilt-forsvar-bild-450x627.png 450w, https:\/\/wp.kristdemokraterna.se\/nacka\/files\/2022\/09\/civilt-forsvar-bild-280x390.png 280w, https:\/\/wp.kristdemokraterna.se\/nacka\/files\/2022\/09\/civilt-forsvar-bild-340x474.png 340w, https:\/\/wp.kristdemokraterna.se\/nacka\/files\/2022\/09\/civilt-forsvar-bild-40x56.png 40w, https:\/\/wp.kristdemokraterna.se\/nacka\/files\/2022\/09\/civilt-forsvar-bild.png 513w\" sizes=\"auto, (max-width: 215px) 100vw, 215px\" \/><\/a><\/p>\n<p>Vi f\u00e5r en hel del fr\u00e5gor om v\u00e5r kampanj kring behovet av ett f\u00f6rst\u00e4rkt civilt f\u00f6rsvar. H\u00e4r ska vi f\u00f6rs\u00f6ka besvara dem.<\/p>\n<h3>Vad \u00e4r det civila f\u00f6rsvaret?<\/h3>\n<p>Civilt f\u00f6rsvar handlar om <em>hela samh\u00e4llets<\/em> motst\u00e5ndskraft, fr\u00e4mst mot ett v\u00e4pnat angrepp. I fredstid handlar det om planering och f\u00f6rberedelser, f\u00f6r att i h\u00e4ndelse av of\u00e4rd samh\u00e4llet ska kunna fungera och f\u00f6rsvaras. \u00a0F\u00f6r oss \u00e4r det extremt viktigt att vi b\u00f6rjar bygga upp den civila f\u00f6rsvarsf\u00f6rm\u00e5gan igen, anpassat f\u00f6r v\u00e5r tid.<\/p>\n<h3>Varf\u00f6r beh\u00f6ver det st\u00e4rkas?<\/h3>\n<p>KD Nacka har under v\u00e5ren arrangerat upplysande, om \u00e4n inte upplyftande, seminarier i \u00e4mnet beredskap och civilt f\u00f6rsvar. Sverige har sedan 1990-talet aktivt avvecklat det svenska f\u00f6rsvaret, b\u00e5de det milit\u00e4ra och det civila. Det har skett under regeringar av olika f\u00e4rg, som alla tycks ha trott p\u00e5 historiens slut och den eviga freden. D\u00e4rf\u00f6r st\u00e5r vi i Sverige nu h\u00e4r yrvakna, med en enorm skuld att betala f\u00f6r v\u00e5r underl\u00e5tenhet.<\/p>\n<h3>Hur st\u00e5r det till i Nacka, d\u00e5?<\/h3>\n<p>V\u00e5r kommun \u00e4r i m\u00e5nga avseenden b\u00e4ttre rustad \u00e4n de flesta andra, men att vi skulle vara tillr\u00e4ckligt f\u00f6rberedda i h\u00e4ndelse av krig, \u00e4r naivt att tro.\u00a0 \u00c4ven i Nacka kommer ett entr\u00e4get och l\u00e5ngsiktigt arbete kr\u00e4vas. Det kommer att str\u00e4cka sig mycket l\u00e4nge \u00e4n en mandatperiod. Det kommer att kr\u00e4vas tuffa prioriteringar och sv\u00e5ra avv\u00e4ganden, och vi \u00e4r \u00f6vertygande om att vi Kristdemokrater, med v\u00e5rt l\u00e5ngsiktiga perspektiv, kommer beh\u00f6vas.<\/p>\n<h3>Vad beh\u00f6ver vi g\u00f6ra?<\/h3>\n<p>Beredskap p\u00e5 pappret inneb\u00e4r ofta att vi kan peka ut vem som har ansvaret f\u00f6r en funktion, men inte att vi kan veta att jobbet faktiskt blir gjort. Det kan g\u00e4lla skyddsrum, sjukhusmateriel, n\u00f6dvatten etcetera. Vi m\u00e5ste veta att det kan levereras, inte bara att det ska levereras. Att s\u00e4kerst\u00e4lla kommunens och v\u00e5ra medborgares f\u00f6rm\u00e5ga att klara en kris eller ett krig kommer att kosta pengar och tid. Men det m\u00e5ste g\u00f6ras.<\/p>\n<ul>\n<li><strong>Planering<\/strong> &#8211; F\u00f6rsta steget \u00e4r att skaffa kunskap och att planera, det \u00e4r det minst kostsamma. Vi beh\u00f6ver l\u00e4ra oss skillnaden mellan kris och krig. Vid krig eller h\u00f6jd beredskap tr\u00e4der specifika delar av svensk lag i kraft, inklusive grundlagen, vilket radikalt \u00e4ndrar f\u00f6ruts\u00e4ttningarna. Vi m\u00e5ste planera f\u00f6r b\u00e5da, p\u00e5 riktigt.<\/li>\n<li><strong>Prioritering<\/strong> &#8211; D\u00e4refter m\u00e5ste vi, utifr\u00e5n realistiska scenarier, prioritera bland m\u00e5len och v\u00e5ra \u00e5taganden. Vad \u00e4r absolut viktigast, och vad kommer l\u00e4ngre ner? Vilka funktioner kan vi inte avvara utan att samh\u00e4llet faller ihop inf\u00f6r ett fientligt angrepp?<\/li>\n<li><strong>Kommunikation<\/strong> &#8211; Vi beh\u00f6ver aktivt inkludera medborgare och civilsamh\u00e4lle, och s\u00e4kerst\u00e4lla att alla k\u00e4nner till v\u00e5ra beredskapsplaner i l\u00e4mplig utstr\u00e4ckning. Alla kan och ska inte veta alla detaljer d\u00e5 det skulle g\u00f6ra oss s\u00e5rbara. Men det hj\u00e4lper inte att etablera trygghetspunkter och informationsv\u00e4gar, om medborgarna inte f\u00f6rst\u00e5r eller k\u00e4nner till dem.<\/li>\n<li><strong>Lagerh\u00e5llning trots kostnaderna<\/strong> &#8211; Att uppr\u00e4tth\u00e5lla beredskap f\u00f6r kris och krig \u00e4r inte gratis. Att exempelvis h\u00e5lla lager av f\u00f6rn\u00f6denheter, mat, medicin och vatten \u00e4r kostsamt. I\u00a0b\u00e4sta fall\u00a0\u00e4r en investering i beredskap on\u00f6dig, i\u00a0v\u00e4rsta fall\u00a0kan den visa sig vara de absolut b\u00e4st investerade skattekronorna n\u00e5gonsin.<\/li>\n<li><strong>L\u00f6sa m\u00e5lkonflikter<\/strong> \u2013 I kris beh\u00f6vs fossila br\u00e4nslen, men det st\u00e5r i konflikt med kommunens m\u00e5l att vara fossilfri. Att krigsplacera m\u00e4nniskor inskr\u00e4nker den enskildes handlingsfrihet. Att avs\u00e4tta mark och materiel p\u00e5 strategiska platser \u00e4r inte optimalt i fredstid.\u00a0Vi anser att vissa inskr\u00e4nkningar m\u00e5ste accepteras, utan att vi f\u00f6r den skull kastar andra m\u00e5l \u00f6verbord. Vi beh\u00f6ver hitta en kombination som fungerar.<\/li>\n<li><strong>Samarbete med region och stat<\/strong> \u2013 Vi m\u00e5ste t\u00e4nka p\u00e5 att v\u00e5r kommun har delansvar f\u00f6r hela v\u00e5r region och hela v\u00e5rt land. Vi m\u00e5ste ha hela landets f\u00f6rsvarbarhet i tankarna n\u00e4r vi fattar lokala beslut. Nackas lokala effektivitet \u00e4r inget v\u00e4rd om v\u00e5rt lands frihet och sj\u00e4lvbest\u00e4mmande inte kan f\u00f6rsvaras. Men det \u00e4r ocks\u00e5 s\u00e5 att v\u00e5ra lokala f\u00f6rberedelser har begr\u00e4nsat v\u00e4rde om inte regeringen och den statliga niv\u00e5n ocks\u00e5 drar \u00e5t samma h\u00e5ll.<\/li>\n<\/ul>\n<p>&nbsp;<\/p>\n<p><strong><em>Vi kristdemokrater \u00e4r redo att arbeta f\u00f6r ett st\u00e4rkt civilt f\u00f6rsvar av Nacka och Sverige.<\/em><\/strong><\/p>\n","protected":false},"excerpt":{"rendered":"<p>Vi f\u00e5r en hel del fr\u00e5gor om v\u00e5r kampanj kring behovet av ett f\u00f6rst\u00e4rkt civilt f\u00f6rsvar. H\u00e4r ska vi f\u00f6rs\u00f6ka besvara dem. Vad \u00e4r det civila f\u00f6rsvaret? Civilt f\u00f6rsvar handlar om hela samh\u00e4llets motst\u00e5ndskraft, fr\u00e4mst mot ett v\u00e4pnat angrepp. I fredstid handlar det om planering och f\u00f6rberedelser, f\u00f6r att i h\u00e4ndelse av of\u00e4rd samh\u00e4llet ska <a class=\"read-more-link\" href=\"https:\/\/wp.kristdemokraterna.se\/nacka\/redo-att-starka-det-civila-forsvaret\/\">L\u00e4s mer<\/a><\/p>\n","protected":false},"author":789,"featured_media":0,"comment_status":"closed","ping_status":"closed","sticky":false,"template":"","format":"standard","meta":{"_acf_changed":false,"footnotes":""},"categories":[4,11],"tags":[],"class_list":["post-969","post","type-post","status-publish","format-standard","hentry","category-i-kommunen","category-inlagg"],"acf":[],"yoast_head":"<!-- This site is optimized with the Yoast SEO plugin v27.4 - https:\/\/yoast.com\/product\/yoast-seo-wordpress\/ -->\n<title>Redo att st\u00e4rka det civila f\u00f6rsvaret - Kristdemokraterna i Nacka<\/title>\n<meta name=\"robots\" content=\"index, follow, max-snippet:-1, max-image-preview:large, max-video-preview:-1\" \/>\n<link rel=\"canonical\" href=\"https:\/\/wp.kristdemokraterna.se\/nacka\/redo-att-starka-det-civila-forsvaret\/\" \/>\n<meta property=\"og:locale\" content=\"sv_SE\" \/>\n<meta property=\"og:type\" content=\"article\" \/>\n<meta property=\"og:title\" content=\"Redo att st\u00e4rka det civila f\u00f6rsvaret - Kristdemokraterna i Nacka\" \/>\n<meta property=\"og:description\" content=\"Vi f\u00e5r en hel del fr\u00e5gor om v\u00e5r kampanj kring behovet av ett f\u00f6rst\u00e4rkt civilt f\u00f6rsvar. H\u00e4r ska vi f\u00f6rs\u00f6ka besvara dem. Vad \u00e4r det civila f\u00f6rsvaret? Civilt f\u00f6rsvar handlar om hela samh\u00e4llets motst\u00e5ndskraft, fr\u00e4mst mot ett v\u00e4pnat angrepp. I fredstid handlar det om planering och f\u00f6rberedelser, f\u00f6r att i h\u00e4ndelse av of\u00e4rd samh\u00e4llet ska L\u00e4s mer\" \/>\n<meta property=\"og:url\" content=\"https:\/\/wp.kristdemokraterna.se\/nacka\/redo-att-starka-det-civila-forsvaret\/\" \/>\n<meta property=\"og:site_name\" content=\"Kristdemokraterna i Nacka\" \/>\n<meta property=\"article:published_time\" content=\"2022-09-06T07:44:39+00:00\" \/>\n<meta property=\"article:modified_time\" content=\"2022-09-06T08:08:18+00:00\" \/>\n<meta property=\"og:image\" content=\"http:\/\/wp.kristdemokraterna.se\/nacka\/files\/2022\/09\/civilt-forsvar-bild-215x300.png\" \/>\n<meta name=\"author\" content=\"Martin Gunnesson\" \/>\n<meta name=\"twitter:card\" content=\"summary_large_image\" \/>\n<meta name=\"twitter:label1\" content=\"Skriven av\" \/>\n\t<meta name=\"twitter:data1\" content=\"Martin Gunnesson\" \/>\n\t<meta name=\"twitter:label2\" content=\"Ber\u00e4knad l\u00e4stid\" \/>\n\t<meta name=\"twitter:data2\" content=\"4 minuter\" \/>\n<script type=\"application\/ld+json\" class=\"yoast-schema-graph\">{\"@context\":\"https:\\\/\\\/schema.org\",\"@graph\":[{\"@type\":\"Article\",\"@id\":\"https:\\\/\\\/wp.kristdemokraterna.se\\\/nacka\\\/redo-att-starka-det-civila-forsvaret\\\/#article\",\"isPartOf\":{\"@id\":\"https:\\\/\\\/wp.kristdemokraterna.se\\\/nacka\\\/redo-att-starka-det-civila-forsvaret\\\/\"},\"author\":{\"name\":\"Martin Gunnesson\",\"@id\":\"https:\\\/\\\/wp.kristdemokraterna.se\\\/nacka\\\/#\\\/schema\\\/person\\\/1fe29fc42c2877f685d953476e2c9df3\"},\"headline\":\"Redo att st\u00e4rka det civila f\u00f6rsvaret\",\"datePublished\":\"2022-09-06T07:44:39+00:00\",\"dateModified\":\"2022-09-06T08:08:18+00:00\",\"mainEntityOfPage\":{\"@id\":\"https:\\\/\\\/wp.kristdemokraterna.se\\\/nacka\\\/redo-att-starka-det-civila-forsvaret\\\/\"},\"wordCount\":812,\"image\":{\"@id\":\"https:\\\/\\\/wp.kristdemokraterna.se\\\/nacka\\\/redo-att-starka-det-civila-forsvaret\\\/#primaryimage\"},\"thumbnailUrl\":\"http:\\\/\\\/wp.kristdemokraterna.se\\\/nacka\\\/files\\\/2022\\\/09\\\/civilt-forsvar-bild-215x300.png\",\"articleSection\":[\"I Kommunen\",\"Inl\u00e4gg\"],\"inLanguage\":\"sv-SE\"},{\"@type\":\"WebPage\",\"@id\":\"https:\\\/\\\/wp.kristdemokraterna.se\\\/nacka\\\/redo-att-starka-det-civila-forsvaret\\\/\",\"url\":\"https:\\\/\\\/wp.kristdemokraterna.se\\\/nacka\\\/redo-att-starka-det-civila-forsvaret\\\/\",\"name\":\"Redo att st\u00e4rka det civila f\u00f6rsvaret - Kristdemokraterna i Nacka\",\"isPartOf\":{\"@id\":\"https:\\\/\\\/wp.kristdemokraterna.se\\\/nacka\\\/#website\"},\"primaryImageOfPage\":{\"@id\":\"https:\\\/\\\/wp.kristdemokraterna.se\\\/nacka\\\/redo-att-starka-det-civila-forsvaret\\\/#primaryimage\"},\"image\":{\"@id\":\"https:\\\/\\\/wp.kristdemokraterna.se\\\/nacka\\\/redo-att-starka-det-civila-forsvaret\\\/#primaryimage\"},\"thumbnailUrl\":\"http:\\\/\\\/wp.kristdemokraterna.se\\\/nacka\\\/files\\\/2022\\\/09\\\/civilt-forsvar-bild-215x300.png\",\"datePublished\":\"2022-09-06T07:44:39+00:00\",\"dateModified\":\"2022-09-06T08:08:18+00:00\",\"author\":{\"@id\":\"https:\\\/\\\/wp.kristdemokraterna.se\\\/nacka\\\/#\\\/schema\\\/person\\\/1fe29fc42c2877f685d953476e2c9df3\"},\"breadcrumb\":{\"@id\":\"https:\\\/\\\/wp.kristdemokraterna.se\\\/nacka\\\/redo-att-starka-det-civila-forsvaret\\\/#breadcrumb\"},\"inLanguage\":\"sv-SE\",\"potentialAction\":[{\"@type\":\"ReadAction\",\"target\":[\"https:\\\/\\\/wp.kristdemokraterna.se\\\/nacka\\\/redo-att-starka-det-civila-forsvaret\\\/\"]}]},{\"@type\":\"ImageObject\",\"inLanguage\":\"sv-SE\",\"@id\":\"https:\\\/\\\/wp.kristdemokraterna.se\\\/nacka\\\/redo-att-starka-det-civila-forsvaret\\\/#primaryimage\",\"url\":\"http:\\\/\\\/wp.kristdemokraterna.se\\\/nacka\\\/files\\\/2022\\\/09\\\/civilt-forsvar-bild-215x300.png\",\"contentUrl\":\"http:\\\/\\\/wp.kristdemokraterna.se\\\/nacka\\\/files\\\/2022\\\/09\\\/civilt-forsvar-bild-215x300.png\"},{\"@type\":\"BreadcrumbList\",\"@id\":\"https:\\\/\\\/wp.kristdemokraterna.se\\\/nacka\\\/redo-att-starka-det-civila-forsvaret\\\/#breadcrumb\",\"itemListElement\":[{\"@type\":\"ListItem\",\"position\":1,\"name\":\"Hem\",\"item\":\"https:\\\/\\\/wp.kristdemokraterna.se\\\/nacka\\\/\"},{\"@type\":\"ListItem\",\"position\":2,\"name\":\"Redo att st\u00e4rka det civila f\u00f6rsvaret\"}]},{\"@type\":\"WebSite\",\"@id\":\"https:\\\/\\\/wp.kristdemokraterna.se\\\/nacka\\\/#website\",\"url\":\"https:\\\/\\\/wp.kristdemokraterna.se\\\/nacka\\\/\",\"name\":\"Kristdemokraterna i Nacka\",\"description\":\"Vi \u00e4r hj\u00e4rtat till h\u00f6ger\",\"inLanguage\":\"sv-SE\"},{\"@type\":\"Person\",\"@id\":\"https:\\\/\\\/wp.kristdemokraterna.se\\\/nacka\\\/#\\\/schema\\\/person\\\/1fe29fc42c2877f685d953476e2c9df3\",\"name\":\"Martin Gunnesson\",\"image\":{\"@type\":\"ImageObject\",\"inLanguage\":\"sv-SE\",\"@id\":\"https:\\\/\\\/secure.gravatar.com\\\/avatar\\\/4a1c8981eae86754728f44bfabd3a53691f3916980281974fe783d97d2fbb7b7?s=96&d=mm&r=g\",\"url\":\"https:\\\/\\\/secure.gravatar.com\\\/avatar\\\/4a1c8981eae86754728f44bfabd3a53691f3916980281974fe783d97d2fbb7b7?s=96&d=mm&r=g\",\"contentUrl\":\"https:\\\/\\\/secure.gravatar.com\\\/avatar\\\/4a1c8981eae86754728f44bfabd3a53691f3916980281974fe783d97d2fbb7b7?s=96&d=mm&r=g\",\"caption\":\"Martin Gunnesson\"},\"description\":\"Ordf\u00f6rande f\u00f6r Kristdemokraterna Nacka.\",\"url\":\"https:\\\/\\\/wp.kristdemokraterna.se\\\/nacka\\\/author\\\/nacka1\\\/\"}]}<\/script>\n<!-- \/ Yoast SEO plugin. -->","yoast_head_json":{"title":"Redo att st\u00e4rka det civila f\u00f6rsvaret - Kristdemokraterna i Nacka","robots":{"index":"index","follow":"follow","max-snippet":"max-snippet:-1","max-image-preview":"max-image-preview:large","max-video-preview":"max-video-preview:-1"},"canonical":"https:\/\/wp.kristdemokraterna.se\/nacka\/redo-att-starka-det-civila-forsvaret\/","og_locale":"sv_SE","og_type":"article","og_title":"Redo att st\u00e4rka det civila f\u00f6rsvaret - Kristdemokraterna i Nacka","og_description":"Vi f\u00e5r en hel del fr\u00e5gor om v\u00e5r kampanj kring behovet av ett f\u00f6rst\u00e4rkt civilt f\u00f6rsvar. H\u00e4r ska vi f\u00f6rs\u00f6ka besvara dem. Vad \u00e4r det civila f\u00f6rsvaret? Civilt f\u00f6rsvar handlar om hela samh\u00e4llets motst\u00e5ndskraft, fr\u00e4mst mot ett v\u00e4pnat angrepp. I fredstid handlar det om planering och f\u00f6rberedelser, f\u00f6r att i h\u00e4ndelse av of\u00e4rd samh\u00e4llet ska L\u00e4s mer","og_url":"https:\/\/wp.kristdemokraterna.se\/nacka\/redo-att-starka-det-civila-forsvaret\/","og_site_name":"Kristdemokraterna i Nacka","article_published_time":"2022-09-06T07:44:39+00:00","article_modified_time":"2022-09-06T08:08:18+00:00","og_image":[{"url":"http:\/\/wp.kristdemokraterna.se\/nacka\/files\/2022\/09\/civilt-forsvar-bild-215x300.png","type":"","width":"","height":""}],"author":"Martin Gunnesson","twitter_card":"summary_large_image","twitter_misc":{"Skriven av":"Martin Gunnesson","Ber\u00e4knad l\u00e4stid":"4 minuter"},"schema":{"@context":"https:\/\/schema.org","@graph":[{"@type":"Article","@id":"https:\/\/wp.kristdemokraterna.se\/nacka\/redo-att-starka-det-civila-forsvaret\/#article","isPartOf":{"@id":"https:\/\/wp.kristdemokraterna.se\/nacka\/redo-att-starka-det-civila-forsvaret\/"},"author":{"name":"Martin Gunnesson","@id":"https:\/\/wp.kristdemokraterna.se\/nacka\/#\/schema\/person\/1fe29fc42c2877f685d953476e2c9df3"},"headline":"Redo att st\u00e4rka det civila f\u00f6rsvaret","datePublished":"2022-09-06T07:44:39+00:00","dateModified":"2022-09-06T08:08:18+00:00","mainEntityOfPage":{"@id":"https:\/\/wp.kristdemokraterna.se\/nacka\/redo-att-starka-det-civila-forsvaret\/"},"wordCount":812,"image":{"@id":"https:\/\/wp.kristdemokraterna.se\/nacka\/redo-att-starka-det-civila-forsvaret\/#primaryimage"},"thumbnailUrl":"http:\/\/wp.kristdemokraterna.se\/nacka\/files\/2022\/09\/civilt-forsvar-bild-215x300.png","articleSection":["I Kommunen","Inl\u00e4gg"],"inLanguage":"sv-SE"},{"@type":"WebPage","@id":"https:\/\/wp.kristdemokraterna.se\/nacka\/redo-att-starka-det-civila-forsvaret\/","url":"https:\/\/wp.kristdemokraterna.se\/nacka\/redo-att-starka-det-civila-forsvaret\/","name":"Redo att st\u00e4rka det civila f\u00f6rsvaret - Kristdemokraterna i Nacka","isPartOf":{"@id":"https:\/\/wp.kristdemokraterna.se\/nacka\/#website"},"primaryImageOfPage":{"@id":"https:\/\/wp.kristdemokraterna.se\/nacka\/redo-att-starka-det-civila-forsvaret\/#primaryimage"},"image":{"@id":"https:\/\/wp.kristdemokraterna.se\/nacka\/redo-att-starka-det-civila-forsvaret\/#primaryimage"},"thumbnailUrl":"http:\/\/wp.kristdemokraterna.se\/nacka\/files\/2022\/09\/civilt-forsvar-bild-215x300.png","datePublished":"2022-09-06T07:44:39+00:00","dateModified":"2022-09-06T08:08:18+00:00","author":{"@id":"https:\/\/wp.kristdemokraterna.se\/nacka\/#\/schema\/person\/1fe29fc42c2877f685d953476e2c9df3"},"breadcrumb":{"@id":"https:\/\/wp.kristdemokraterna.se\/nacka\/redo-att-starka-det-civila-forsvaret\/#breadcrumb"},"inLanguage":"sv-SE","potentialAction":[{"@type":"ReadAction","target":["https:\/\/wp.kristdemokraterna.se\/nacka\/redo-att-starka-det-civila-forsvaret\/"]}]},{"@type":"ImageObject","inLanguage":"sv-SE","@id":"https:\/\/wp.kristdemokraterna.se\/nacka\/redo-att-starka-det-civila-forsvaret\/#primaryimage","url":"http:\/\/wp.kristdemokraterna.se\/nacka\/files\/2022\/09\/civilt-forsvar-bild-215x300.png","contentUrl":"http:\/\/wp.kristdemokraterna.se\/nacka\/files\/2022\/09\/civilt-forsvar-bild-215x300.png"},{"@type":"BreadcrumbList","@id":"https:\/\/wp.kristdemokraterna.se\/nacka\/redo-att-starka-det-civila-forsvaret\/#breadcrumb","itemListElement":[{"@type":"ListItem","position":1,"name":"Hem","item":"https:\/\/wp.kristdemokraterna.se\/nacka\/"},{"@type":"ListItem","position":2,"name":"Redo att st\u00e4rka det civila f\u00f6rsvaret"}]},{"@type":"WebSite","@id":"https:\/\/wp.kristdemokraterna.se\/nacka\/#website","url":"https:\/\/wp.kristdemokraterna.se\/nacka\/","name":"Kristdemokraterna i Nacka","description":"Vi \u00e4r hj\u00e4rtat till h\u00f6ger","inLanguage":"sv-SE"},{"@type":"Person","@id":"https:\/\/wp.kristdemokraterna.se\/nacka\/#\/schema\/person\/1fe29fc42c2877f685d953476e2c9df3","name":"Martin Gunnesson","image":{"@type":"ImageObject","inLanguage":"sv-SE","@id":"https:\/\/secure.gravatar.com\/avatar\/4a1c8981eae86754728f44bfabd3a53691f3916980281974fe783d97d2fbb7b7?s=96&d=mm&r=g","url":"https:\/\/secure.gravatar.com\/avatar\/4a1c8981eae86754728f44bfabd3a53691f3916980281974fe783d97d2fbb7b7?s=96&d=mm&r=g","contentUrl":"https:\/\/secure.gravatar.com\/avatar\/4a1c8981eae86754728f44bfabd3a53691f3916980281974fe783d97d2fbb7b7?s=96&d=mm&r=g","caption":"Martin Gunnesson"},"description":"Ordf\u00f6rande f\u00f6r Kristdemokraterna Nacka.","url":"https:\/\/wp.kristdemokraterna.se\/nacka\/author\/nacka1\/"}]}},"_links":{"self":[{"href":"https:\/\/wp.kristdemokraterna.se\/nacka\/wp-json\/wp\/v2\/posts\/969","targetHints":{"allow":["GET"]}}],"collection":[{"href":"https:\/\/wp.kristdemokraterna.se\/nacka\/wp-json\/wp\/v2\/posts"}],"about":[{"href":"https:\/\/wp.kristdemokraterna.se\/nacka\/wp-json\/wp\/v2\/types\/post"}],"author":[{"embeddable":true,"href":"https:\/\/wp.kristdemokraterna.se\/nacka\/wp-json\/wp\/v2\/users\/789"}],"replies":[{"embeddable":true,"href":"https:\/\/wp.kristdemokraterna.se\/nacka\/wp-json\/wp\/v2\/comments?post=969"}],"version-history":[{"count":5,"href":"https:\/\/wp.kristdemokraterna.se\/nacka\/wp-json\/wp\/v2\/posts\/969\/revisions"}],"predecessor-version":[{"id":990,"href":"https:\/\/wp.kristdemokraterna.se\/nacka\/wp-json\/wp\/v2\/posts\/969\/revisions\/990"}],"wp:attachment":[{"href":"https:\/\/wp.kristdemokraterna.se\/nacka\/wp-json\/wp\/v2\/media?parent=969"}],"wp:term":[{"taxonomy":"category","embeddable":true,"href":"https:\/\/wp.kristdemokraterna.se\/nacka\/wp-json\/wp\/v2\/categories?post=969"},{"taxonomy":"post_tag","embeddable":true,"href":"https:\/\/wp.kristdemokraterna.se\/nacka\/wp-json\/wp\/v2\/tags?post=969"}],"curies":[{"name":"wp","href":"https:\/\/api.w.org\/{rel}","templated":true}]}}