{"id":975,"date":"2022-09-06T09:47:40","date_gmt":"2022-09-06T07:47:40","guid":{"rendered":"https:\/\/wp.kristdemokraterna.se\/nacka\/?p=975"},"modified":"2022-09-06T10:07:14","modified_gmt":"2022-09-06T08:07:14","slug":"redo-att-ta-otryggheten-pa-allvar","status":"publish","type":"post","link":"https:\/\/wp.kristdemokraterna.se\/nacka\/redo-att-ta-otryggheten-pa-allvar\/","title":{"rendered":"Redo att ta otryggheten p\u00e5 allvar"},"content":{"rendered":"<p><strong><a href=\"https:\/\/wp.kristdemokraterna.se\/nacka\/files\/2022\/09\/otrygghet-bil.png\"><img loading=\"lazy\" decoding=\"async\" class=\"wp-image-976 size-medium aligncenter\" src=\"https:\/\/wp.kristdemokraterna.se\/nacka\/files\/2022\/09\/otrygghet-bil-215x300.png\" alt=\"\" width=\"215\" height=\"300\" srcset=\"https:\/\/wp.kristdemokraterna.se\/nacka\/files\/2022\/09\/otrygghet-bil-215x300.png 215w, https:\/\/wp.kristdemokraterna.se\/nacka\/files\/2022\/09\/otrygghet-bil-143x200.png 143w, https:\/\/wp.kristdemokraterna.se\/nacka\/files\/2022\/09\/otrygghet-bil-370x516.png 370w, https:\/\/wp.kristdemokraterna.se\/nacka\/files\/2022\/09\/otrygghet-bil-450x628.png 450w, https:\/\/wp.kristdemokraterna.se\/nacka\/files\/2022\/09\/otrygghet-bil-280x390.png 280w, https:\/\/wp.kristdemokraterna.se\/nacka\/files\/2022\/09\/otrygghet-bil-340x474.png 340w, https:\/\/wp.kristdemokraterna.se\/nacka\/files\/2022\/09\/otrygghet-bil-40x56.png 40w, https:\/\/wp.kristdemokraterna.se\/nacka\/files\/2022\/09\/otrygghet-bil.png 512w\" sizes=\"auto, (max-width: 215px) 100vw, 215px\" \/><\/a>\u00a0<\/strong><\/p>\n<p><em>Nuf\u00f6rtiden pratar vi politiker mycket om trygghet. Det skulle vi g\u00e4rna slippa. <\/em><\/p>\n<p><strong>\u00a0<\/strong><\/p>\n<p>Det kan inte undg\u00e5tt n\u00e5gon att utvecklingen vad g\u00e4ller kriminalitet och s\u00e4rskilt v\u00e5ldsbrott g\u00e5tt \u00e5t fel h\u00e5ll i Sverige p\u00e5 senare \u00e5r. Skjutningar, spr\u00e4ngningar och mord som f\u00f6rr var f\u00f6rstasidesstoff i veckor n\u00e4r de v\u00e4l h\u00e4nde, \u00e4r nu vardagsmat och genererar f\u00f6ga mer \u00e4n notiser. Detta \u00e4r ett problem vi m\u00e5ste komma till r\u00e4tta med, och det kommer att kr\u00e4va resurser, h\u00e5rt arbete och att vi g\u00f6r upp med gamla \u201dsanningar\u201d. Det kommer ocks\u00e5 att kr\u00e4va b\u00e5de repressiva insatser, genom polis och r\u00e4ttsv\u00e4sende, liksom f\u00f6rebyggande \u00e5tg\u00e4rder som st\u00e4rker familjer, skolor och samh\u00e4llelig gemenskap.<\/p>\n<p>&nbsp;<\/p>\n<p>Egentligen \u00e4r det inte trygghet vi borde tala om, utan s\u00e4kerhet. S\u00e4kerheten \u00e4r den faktiska risken att r\u00e5ka ut f\u00f6r brott eller olyckor. Trygghet \u00e4r vad du k\u00e4nner \u2013 du kan absolut k\u00e4nna dig otrygg i en milj\u00f6 d\u00e4r faror knappt inte finns. Det kan politiken aldrig till fullo avhj\u00e4lpa. Politiken kan heller inte garantera eller ta fullt ansvar f\u00f6r din s\u00e4kerhet \u2013 ansvaret f\u00f6r v\u00e5ldsbrott vilar alltid ytterst p\u00e5 f\u00f6r\u00f6varen. Men vi i politiken kan och m\u00e5ste g\u00f6ra vad vi kan, och detta \u00e4r n\u00e5gra av v\u00e5ra tankar kring kommunpolitiken i Nacka.<\/p>\n<p><strong>\u00a0<\/strong><\/p>\n<p><strong>Bygg tryggt och snyggt<\/strong><\/p>\n<p>Den fysiska milj\u00f6n vi lever och bor i p\u00e5verkar oss och den kultur i \u00e5terskapar. Den sj\u00e4lsd\u00f6dande fula arkitektur som pr\u00e4glar exempelvis mycket av Sveriges miljonprogram har bidragit till att cementera otryggheten d\u00e4r.\u00a0 Nu bygger vi Nacka Stad, f\u00f6r fler bost\u00e4der beh\u00f6vs. Men n\u00e4r vi bygger ska det byggas tryggt och snyggt! Vi ska aldrig upprepa miljonprogrammens misstag. Trygg stadsplanering, god estetik och samarbete med externa akt\u00f6rer \u00e4r a och o f\u00f6r ett socialt h\u00e5llbart Nacka.<\/p>\n<p>&nbsp;<\/p>\n<p><strong>Poliser och trygghetsinsatser i kombination<\/strong><\/p>\n<p>Ordningsmakten ska arbeta med och f\u00f6r medborgarna, och f\u00e5r aldrig bli osynlig. F\u00f6rtroende mellan polis och allm\u00e4nhet tar tid att bygga upp, men \u00e4r en n\u00f6dv\u00e4ndighet. Det ska vara en sj\u00e4lvklarhet att man kan och vill v\u00e4nda sig till polisen om n\u00e5got h\u00e4nder, var man \u00e4n bor i Nacka.\u00a0 Sedan 2015 har Nackapolisen minskat med en femtedel. D\u00e4rf\u00f6r beh\u00f6ver vi fler och synligare poliser NU! F\u00f6r att komplettera har vi drivit igenom beslut om s\u00e5v\u00e4l \u00f6kad kamerabevakning som kommunvakter.<\/p>\n<p>&nbsp;<\/p>\n<p><strong>St\u00e4rk det f\u00f6rebyggande arbetet<\/strong><\/p>\n<p>Brottlighet och droganv\u00e4ndande \u00e4r t\u00e4tt sammanfl\u00e4tat, och g\u00e5r allt l\u00e4ngre ned i \u00e5ldrarna. Kommunens f\u00f6rebyggande arbete beh\u00f6ver st\u00e4rkas f\u00f6r att m\u00f6ta en ny verklighet. Det m\u00e5ste vara ett fokus p\u00e5 sm\u00e5 och tidiga st\u00f6dinsatser f\u00f6r unga i riskzon. \u00d6kad samverkan mellan skola-socialtj\u00e4nst-polis-fritid, och ett n\u00e4ra samarbete med civilsamh\u00e4llets organisationer.<\/p>\n<p>&nbsp;<\/p>\n<p><strong>Familjerna \u00e4r trygghetens grund<\/strong><\/p>\n<p>Familjen \u00e4r samh\u00e4llets allra viktigaste gemenskap, D\u00e4r har den uppv\u00e4xande generationen har sin grundtrygghet, och d\u00e4r formas kulturen. Vi driver p\u00e5 f\u00f6r v\u00e4l fungerande familjest\u00f6dsprogram och ett aktivt arbete med avhopparverksamhet, v\u00e5ld i n\u00e4ra relation och hedersf\u00f6rtryck. Det m\u00e5ste vara l\u00e4tt att f\u00e5 hj\u00e4lp n\u00e4r man beh\u00f6ver det, och stigmatiseringen av att ta emot hj\u00e4lp fr\u00e5n det sociala m\u00e5ste minska.<\/p>\n<p>&nbsp;<\/p>\n<p><strong>St\u00e4ll krav p\u00e5 skolan<\/strong><\/p>\n<p>Efter familjen \u00e4r skolan den institution som mest formar barn och unga. Det fria skolvalet g\u00f6r att alla unga kan s\u00f6ka sig dit de vill, f\u00f6lja sina intressen eller pr\u00f6va p\u00e5 n\u00e5got nytt. Alla g\u00f6r idag ett aktivt skolval, vilket \u00e4r utm\u00e4rkt. Vi vill se till att alla v\u00e4ljer skolor dit de vill; inte f\u00f6r att de bara v\u00e4ljer bort n\u00e5got annat. Nacka ska helt enkelt ha bra skolor \u00f6verallt. I Nacka ska det vara attraktivt att driva skola \u2013 och kr\u00e4vande. Kompetenta och engagerade l\u00e4rare, f\u00f6rst\u00e4rkt spr\u00e5kst\u00f6d i skola &amp; f\u00f6rskola och en fungerade elevh\u00e4lsa \u2013 allt beh\u00f6vs!<\/p>\n<p>&nbsp;<\/p>\n<p><strong>Egen h\u00e4rd \u00e4r guld v\u00e4rd<\/strong><\/p>\n<p>\u00d6ka f\u00f6ruts\u00e4ttningarna f\u00f6r egen f\u00f6rs\u00f6rjning och att alla ska ha en realistisk chans att \u00e4ga sitt eget boende. Vi beh\u00f6ver v\u00e4l fungerande jobbinsatser och en f\u00f6rst\u00e4rkt vuxenutbildning. Fler lokala jobb och en politik som alltid g\u00f6r det mer l\u00f6nsamt att arbeta \u00e4n att g\u00e5 p\u00e5 bidrag. Vi beh\u00f6ver dessutom ett stort och varierat utbud av bost\u00e4der, s\u00e5 att det finns m\u00e5nga v\u00e4gar till bostadskarri\u00e4ren.<\/p>\n","protected":false},"excerpt":{"rendered":"<p>\u00a0 Nuf\u00f6rtiden pratar vi politiker mycket om trygghet. Det skulle vi g\u00e4rna slippa. \u00a0 Det kan inte undg\u00e5tt n\u00e5gon att utvecklingen vad g\u00e4ller kriminalitet och s\u00e4rskilt v\u00e5ldsbrott g\u00e5tt \u00e5t fel h\u00e5ll i Sverige p\u00e5 senare \u00e5r. Skjutningar, spr\u00e4ngningar och mord som f\u00f6rr var f\u00f6rstasidesstoff i veckor n\u00e4r de v\u00e4l h\u00e4nde, \u00e4r nu vardagsmat och genererar <a class=\"read-more-link\" href=\"https:\/\/wp.kristdemokraterna.se\/nacka\/redo-att-ta-otryggheten-pa-allvar\/\">L\u00e4s mer<\/a><\/p>\n","protected":false},"author":789,"featured_media":0,"comment_status":"closed","ping_status":"closed","sticky":false,"template":"","format":"standard","meta":{"_acf_changed":false,"footnotes":""},"categories":[4,11],"tags":[],"class_list":["post-975","post","type-post","status-publish","format-standard","hentry","category-i-kommunen","category-inlagg"],"acf":[],"yoast_head":"<!-- This site is optimized with the Yoast SEO plugin v27.4 - https:\/\/yoast.com\/product\/yoast-seo-wordpress\/ -->\n<title>Redo att ta otryggheten p\u00e5 allvar - Kristdemokraterna i Nacka<\/title>\n<meta name=\"robots\" content=\"index, follow, max-snippet:-1, max-image-preview:large, max-video-preview:-1\" \/>\n<link rel=\"canonical\" href=\"https:\/\/wp.kristdemokraterna.se\/nacka\/redo-att-ta-otryggheten-pa-allvar\/\" \/>\n<meta property=\"og:locale\" content=\"sv_SE\" \/>\n<meta property=\"og:type\" content=\"article\" \/>\n<meta property=\"og:title\" content=\"Redo att ta otryggheten p\u00e5 allvar - Kristdemokraterna i Nacka\" \/>\n<meta property=\"og:description\" content=\"\u00a0 Nuf\u00f6rtiden pratar vi politiker mycket om trygghet. Det skulle vi g\u00e4rna slippa. \u00a0 Det kan inte undg\u00e5tt n\u00e5gon att utvecklingen vad g\u00e4ller kriminalitet och s\u00e4rskilt v\u00e5ldsbrott g\u00e5tt \u00e5t fel h\u00e5ll i Sverige p\u00e5 senare \u00e5r. Skjutningar, spr\u00e4ngningar och mord som f\u00f6rr var f\u00f6rstasidesstoff i veckor n\u00e4r de v\u00e4l h\u00e4nde, \u00e4r nu vardagsmat och genererar L\u00e4s mer\" \/>\n<meta property=\"og:url\" content=\"https:\/\/wp.kristdemokraterna.se\/nacka\/redo-att-ta-otryggheten-pa-allvar\/\" \/>\n<meta property=\"og:site_name\" content=\"Kristdemokraterna i Nacka\" \/>\n<meta property=\"article:published_time\" content=\"2022-09-06T07:47:40+00:00\" \/>\n<meta property=\"article:modified_time\" content=\"2022-09-06T08:07:14+00:00\" \/>\n<meta property=\"og:image\" content=\"http:\/\/wp.kristdemokraterna.se\/nacka\/files\/2022\/09\/otrygghet-bil-215x300.png\" \/>\n<meta name=\"author\" content=\"Martin Gunnesson\" \/>\n<meta name=\"twitter:card\" content=\"summary_large_image\" \/>\n<meta name=\"twitter:label1\" content=\"Skriven av\" \/>\n\t<meta name=\"twitter:data1\" content=\"Martin Gunnesson\" \/>\n\t<meta name=\"twitter:label2\" content=\"Ber\u00e4knad l\u00e4stid\" \/>\n\t<meta name=\"twitter:data2\" content=\"4 minuter\" \/>\n<script type=\"application\/ld+json\" class=\"yoast-schema-graph\">{\"@context\":\"https:\\\/\\\/schema.org\",\"@graph\":[{\"@type\":\"Article\",\"@id\":\"https:\\\/\\\/wp.kristdemokraterna.se\\\/nacka\\\/redo-att-ta-otryggheten-pa-allvar\\\/#article\",\"isPartOf\":{\"@id\":\"https:\\\/\\\/wp.kristdemokraterna.se\\\/nacka\\\/redo-att-ta-otryggheten-pa-allvar\\\/\"},\"author\":{\"name\":\"Martin Gunnesson\",\"@id\":\"https:\\\/\\\/wp.kristdemokraterna.se\\\/nacka\\\/#\\\/schema\\\/person\\\/1fe29fc42c2877f685d953476e2c9df3\"},\"headline\":\"Redo att ta otryggheten p\u00e5 allvar\",\"datePublished\":\"2022-09-06T07:47:40+00:00\",\"dateModified\":\"2022-09-06T08:07:14+00:00\",\"mainEntityOfPage\":{\"@id\":\"https:\\\/\\\/wp.kristdemokraterna.se\\\/nacka\\\/redo-att-ta-otryggheten-pa-allvar\\\/\"},\"wordCount\":809,\"image\":{\"@id\":\"https:\\\/\\\/wp.kristdemokraterna.se\\\/nacka\\\/redo-att-ta-otryggheten-pa-allvar\\\/#primaryimage\"},\"thumbnailUrl\":\"http:\\\/\\\/wp.kristdemokraterna.se\\\/nacka\\\/files\\\/2022\\\/09\\\/otrygghet-bil-215x300.png\",\"articleSection\":[\"I Kommunen\",\"Inl\u00e4gg\"],\"inLanguage\":\"sv-SE\"},{\"@type\":\"WebPage\",\"@id\":\"https:\\\/\\\/wp.kristdemokraterna.se\\\/nacka\\\/redo-att-ta-otryggheten-pa-allvar\\\/\",\"url\":\"https:\\\/\\\/wp.kristdemokraterna.se\\\/nacka\\\/redo-att-ta-otryggheten-pa-allvar\\\/\",\"name\":\"Redo att ta otryggheten p\u00e5 allvar - Kristdemokraterna i Nacka\",\"isPartOf\":{\"@id\":\"https:\\\/\\\/wp.kristdemokraterna.se\\\/nacka\\\/#website\"},\"primaryImageOfPage\":{\"@id\":\"https:\\\/\\\/wp.kristdemokraterna.se\\\/nacka\\\/redo-att-ta-otryggheten-pa-allvar\\\/#primaryimage\"},\"image\":{\"@id\":\"https:\\\/\\\/wp.kristdemokraterna.se\\\/nacka\\\/redo-att-ta-otryggheten-pa-allvar\\\/#primaryimage\"},\"thumbnailUrl\":\"http:\\\/\\\/wp.kristdemokraterna.se\\\/nacka\\\/files\\\/2022\\\/09\\\/otrygghet-bil-215x300.png\",\"datePublished\":\"2022-09-06T07:47:40+00:00\",\"dateModified\":\"2022-09-06T08:07:14+00:00\",\"author\":{\"@id\":\"https:\\\/\\\/wp.kristdemokraterna.se\\\/nacka\\\/#\\\/schema\\\/person\\\/1fe29fc42c2877f685d953476e2c9df3\"},\"breadcrumb\":{\"@id\":\"https:\\\/\\\/wp.kristdemokraterna.se\\\/nacka\\\/redo-att-ta-otryggheten-pa-allvar\\\/#breadcrumb\"},\"inLanguage\":\"sv-SE\",\"potentialAction\":[{\"@type\":\"ReadAction\",\"target\":[\"https:\\\/\\\/wp.kristdemokraterna.se\\\/nacka\\\/redo-att-ta-otryggheten-pa-allvar\\\/\"]}]},{\"@type\":\"ImageObject\",\"inLanguage\":\"sv-SE\",\"@id\":\"https:\\\/\\\/wp.kristdemokraterna.se\\\/nacka\\\/redo-att-ta-otryggheten-pa-allvar\\\/#primaryimage\",\"url\":\"http:\\\/\\\/wp.kristdemokraterna.se\\\/nacka\\\/files\\\/2022\\\/09\\\/otrygghet-bil-215x300.png\",\"contentUrl\":\"http:\\\/\\\/wp.kristdemokraterna.se\\\/nacka\\\/files\\\/2022\\\/09\\\/otrygghet-bil-215x300.png\"},{\"@type\":\"BreadcrumbList\",\"@id\":\"https:\\\/\\\/wp.kristdemokraterna.se\\\/nacka\\\/redo-att-ta-otryggheten-pa-allvar\\\/#breadcrumb\",\"itemListElement\":[{\"@type\":\"ListItem\",\"position\":1,\"name\":\"Hem\",\"item\":\"https:\\\/\\\/wp.kristdemokraterna.se\\\/nacka\\\/\"},{\"@type\":\"ListItem\",\"position\":2,\"name\":\"Redo att ta otryggheten p\u00e5 allvar\"}]},{\"@type\":\"WebSite\",\"@id\":\"https:\\\/\\\/wp.kristdemokraterna.se\\\/nacka\\\/#website\",\"url\":\"https:\\\/\\\/wp.kristdemokraterna.se\\\/nacka\\\/\",\"name\":\"Kristdemokraterna i Nacka\",\"description\":\"Vi \u00e4r hj\u00e4rtat till h\u00f6ger\",\"inLanguage\":\"sv-SE\"},{\"@type\":\"Person\",\"@id\":\"https:\\\/\\\/wp.kristdemokraterna.se\\\/nacka\\\/#\\\/schema\\\/person\\\/1fe29fc42c2877f685d953476e2c9df3\",\"name\":\"Martin Gunnesson\",\"image\":{\"@type\":\"ImageObject\",\"inLanguage\":\"sv-SE\",\"@id\":\"https:\\\/\\\/secure.gravatar.com\\\/avatar\\\/4a1c8981eae86754728f44bfabd3a53691f3916980281974fe783d97d2fbb7b7?s=96&d=mm&r=g\",\"url\":\"https:\\\/\\\/secure.gravatar.com\\\/avatar\\\/4a1c8981eae86754728f44bfabd3a53691f3916980281974fe783d97d2fbb7b7?s=96&d=mm&r=g\",\"contentUrl\":\"https:\\\/\\\/secure.gravatar.com\\\/avatar\\\/4a1c8981eae86754728f44bfabd3a53691f3916980281974fe783d97d2fbb7b7?s=96&d=mm&r=g\",\"caption\":\"Martin Gunnesson\"},\"description\":\"Ordf\u00f6rande f\u00f6r Kristdemokraterna Nacka.\",\"url\":\"https:\\\/\\\/wp.kristdemokraterna.se\\\/nacka\\\/author\\\/nacka1\\\/\"}]}<\/script>\n<!-- \/ Yoast SEO plugin. -->","yoast_head_json":{"title":"Redo att ta otryggheten p\u00e5 allvar - Kristdemokraterna i Nacka","robots":{"index":"index","follow":"follow","max-snippet":"max-snippet:-1","max-image-preview":"max-image-preview:large","max-video-preview":"max-video-preview:-1"},"canonical":"https:\/\/wp.kristdemokraterna.se\/nacka\/redo-att-ta-otryggheten-pa-allvar\/","og_locale":"sv_SE","og_type":"article","og_title":"Redo att ta otryggheten p\u00e5 allvar - Kristdemokraterna i Nacka","og_description":"\u00a0 Nuf\u00f6rtiden pratar vi politiker mycket om trygghet. Det skulle vi g\u00e4rna slippa. \u00a0 Det kan inte undg\u00e5tt n\u00e5gon att utvecklingen vad g\u00e4ller kriminalitet och s\u00e4rskilt v\u00e5ldsbrott g\u00e5tt \u00e5t fel h\u00e5ll i Sverige p\u00e5 senare \u00e5r. Skjutningar, spr\u00e4ngningar och mord som f\u00f6rr var f\u00f6rstasidesstoff i veckor n\u00e4r de v\u00e4l h\u00e4nde, \u00e4r nu vardagsmat och genererar L\u00e4s mer","og_url":"https:\/\/wp.kristdemokraterna.se\/nacka\/redo-att-ta-otryggheten-pa-allvar\/","og_site_name":"Kristdemokraterna i Nacka","article_published_time":"2022-09-06T07:47:40+00:00","article_modified_time":"2022-09-06T08:07:14+00:00","og_image":[{"url":"http:\/\/wp.kristdemokraterna.se\/nacka\/files\/2022\/09\/otrygghet-bil-215x300.png","type":"","width":"","height":""}],"author":"Martin Gunnesson","twitter_card":"summary_large_image","twitter_misc":{"Skriven av":"Martin Gunnesson","Ber\u00e4knad l\u00e4stid":"4 minuter"},"schema":{"@context":"https:\/\/schema.org","@graph":[{"@type":"Article","@id":"https:\/\/wp.kristdemokraterna.se\/nacka\/redo-att-ta-otryggheten-pa-allvar\/#article","isPartOf":{"@id":"https:\/\/wp.kristdemokraterna.se\/nacka\/redo-att-ta-otryggheten-pa-allvar\/"},"author":{"name":"Martin Gunnesson","@id":"https:\/\/wp.kristdemokraterna.se\/nacka\/#\/schema\/person\/1fe29fc42c2877f685d953476e2c9df3"},"headline":"Redo att ta otryggheten p\u00e5 allvar","datePublished":"2022-09-06T07:47:40+00:00","dateModified":"2022-09-06T08:07:14+00:00","mainEntityOfPage":{"@id":"https:\/\/wp.kristdemokraterna.se\/nacka\/redo-att-ta-otryggheten-pa-allvar\/"},"wordCount":809,"image":{"@id":"https:\/\/wp.kristdemokraterna.se\/nacka\/redo-att-ta-otryggheten-pa-allvar\/#primaryimage"},"thumbnailUrl":"http:\/\/wp.kristdemokraterna.se\/nacka\/files\/2022\/09\/otrygghet-bil-215x300.png","articleSection":["I Kommunen","Inl\u00e4gg"],"inLanguage":"sv-SE"},{"@type":"WebPage","@id":"https:\/\/wp.kristdemokraterna.se\/nacka\/redo-att-ta-otryggheten-pa-allvar\/","url":"https:\/\/wp.kristdemokraterna.se\/nacka\/redo-att-ta-otryggheten-pa-allvar\/","name":"Redo att ta otryggheten p\u00e5 allvar - Kristdemokraterna i Nacka","isPartOf":{"@id":"https:\/\/wp.kristdemokraterna.se\/nacka\/#website"},"primaryImageOfPage":{"@id":"https:\/\/wp.kristdemokraterna.se\/nacka\/redo-att-ta-otryggheten-pa-allvar\/#primaryimage"},"image":{"@id":"https:\/\/wp.kristdemokraterna.se\/nacka\/redo-att-ta-otryggheten-pa-allvar\/#primaryimage"},"thumbnailUrl":"http:\/\/wp.kristdemokraterna.se\/nacka\/files\/2022\/09\/otrygghet-bil-215x300.png","datePublished":"2022-09-06T07:47:40+00:00","dateModified":"2022-09-06T08:07:14+00:00","author":{"@id":"https:\/\/wp.kristdemokraterna.se\/nacka\/#\/schema\/person\/1fe29fc42c2877f685d953476e2c9df3"},"breadcrumb":{"@id":"https:\/\/wp.kristdemokraterna.se\/nacka\/redo-att-ta-otryggheten-pa-allvar\/#breadcrumb"},"inLanguage":"sv-SE","potentialAction":[{"@type":"ReadAction","target":["https:\/\/wp.kristdemokraterna.se\/nacka\/redo-att-ta-otryggheten-pa-allvar\/"]}]},{"@type":"ImageObject","inLanguage":"sv-SE","@id":"https:\/\/wp.kristdemokraterna.se\/nacka\/redo-att-ta-otryggheten-pa-allvar\/#primaryimage","url":"http:\/\/wp.kristdemokraterna.se\/nacka\/files\/2022\/09\/otrygghet-bil-215x300.png","contentUrl":"http:\/\/wp.kristdemokraterna.se\/nacka\/files\/2022\/09\/otrygghet-bil-215x300.png"},{"@type":"BreadcrumbList","@id":"https:\/\/wp.kristdemokraterna.se\/nacka\/redo-att-ta-otryggheten-pa-allvar\/#breadcrumb","itemListElement":[{"@type":"ListItem","position":1,"name":"Hem","item":"https:\/\/wp.kristdemokraterna.se\/nacka\/"},{"@type":"ListItem","position":2,"name":"Redo att ta otryggheten p\u00e5 allvar"}]},{"@type":"WebSite","@id":"https:\/\/wp.kristdemokraterna.se\/nacka\/#website","url":"https:\/\/wp.kristdemokraterna.se\/nacka\/","name":"Kristdemokraterna i Nacka","description":"Vi \u00e4r hj\u00e4rtat till h\u00f6ger","inLanguage":"sv-SE"},{"@type":"Person","@id":"https:\/\/wp.kristdemokraterna.se\/nacka\/#\/schema\/person\/1fe29fc42c2877f685d953476e2c9df3","name":"Martin Gunnesson","image":{"@type":"ImageObject","inLanguage":"sv-SE","@id":"https:\/\/secure.gravatar.com\/avatar\/4a1c8981eae86754728f44bfabd3a53691f3916980281974fe783d97d2fbb7b7?s=96&d=mm&r=g","url":"https:\/\/secure.gravatar.com\/avatar\/4a1c8981eae86754728f44bfabd3a53691f3916980281974fe783d97d2fbb7b7?s=96&d=mm&r=g","contentUrl":"https:\/\/secure.gravatar.com\/avatar\/4a1c8981eae86754728f44bfabd3a53691f3916980281974fe783d97d2fbb7b7?s=96&d=mm&r=g","caption":"Martin Gunnesson"},"description":"Ordf\u00f6rande f\u00f6r Kristdemokraterna Nacka.","url":"https:\/\/wp.kristdemokraterna.se\/nacka\/author\/nacka1\/"}]}},"_links":{"self":[{"href":"https:\/\/wp.kristdemokraterna.se\/nacka\/wp-json\/wp\/v2\/posts\/975","targetHints":{"allow":["GET"]}}],"collection":[{"href":"https:\/\/wp.kristdemokraterna.se\/nacka\/wp-json\/wp\/v2\/posts"}],"about":[{"href":"https:\/\/wp.kristdemokraterna.se\/nacka\/wp-json\/wp\/v2\/types\/post"}],"author":[{"embeddable":true,"href":"https:\/\/wp.kristdemokraterna.se\/nacka\/wp-json\/wp\/v2\/users\/789"}],"replies":[{"embeddable":true,"href":"https:\/\/wp.kristdemokraterna.se\/nacka\/wp-json\/wp\/v2\/comments?post=975"}],"version-history":[{"count":2,"href":"https:\/\/wp.kristdemokraterna.se\/nacka\/wp-json\/wp\/v2\/posts\/975\/revisions"}],"predecessor-version":[{"id":989,"href":"https:\/\/wp.kristdemokraterna.se\/nacka\/wp-json\/wp\/v2\/posts\/975\/revisions\/989"}],"wp:attachment":[{"href":"https:\/\/wp.kristdemokraterna.se\/nacka\/wp-json\/wp\/v2\/media?parent=975"}],"wp:term":[{"taxonomy":"category","embeddable":true,"href":"https:\/\/wp.kristdemokraterna.se\/nacka\/wp-json\/wp\/v2\/categories?post=975"},{"taxonomy":"post_tag","embeddable":true,"href":"https:\/\/wp.kristdemokraterna.se\/nacka\/wp-json\/wp\/v2\/tags?post=975"}],"curies":[{"name":"wp","href":"https:\/\/api.w.org\/{rel}","templated":true}]}}